{"id":9105,"date":"2022-11-03T14:26:30","date_gmt":"2022-11-03T14:26:30","guid":{"rendered":"https:\/\/simonschoenhoff.de\/?p=9105"},"modified":"2022-12-30T22:35:48","modified_gmt":"2022-12-30T22:35:48","slug":"sardinien-landschaftsfotografie-in-flip-flops-4","status":"publish","type":"post","link":"https:\/\/simonschoenhoff.de\/en\/sardinien-landschaftsfotografie-in-flip-flops-4\/","title":{"rendered":"Sardi\u00adnien \u2013 Land\u00adschafts\u00adfo\u00adto\u00adgrafie in Flip-Flops 4"},"content":{"rendered":"<div data-elementor-type=\"wp-post\" data-elementor-id=\"9105\" class=\"elementor elementor-9105\" data-elementor-post-type=\"post\">\n\t\t\t\t<div class=\"elementor-element elementor-element-d9c2cf2 e-flex e-con-boxed e-con e-parent\" data-id=\"d9c2cf2\" data-element_type=\"container\" data-e-type=\"container\">\n\t\t\t\t\t<div class=\"e-con-inner\">\n\t\t\t\t<div class=\"elementor-element elementor-element-415fc6e elementor-widget elementor-widget-menu-anchor\" data-id=\"415fc6e\" data-element_type=\"widget\" data-e-type=\"widget\" data-widget_type=\"menu-anchor.default\">\n\t\t\t\t<div class=\"elementor-widget-container\">\n\t\t\t\t\t\t\t<div class=\"elementor-menu-anchor\" id=\"seite\"><\/div>\n\t\t\t\t\t\t<\/div>\n\t\t\t\t<\/div>\n\t\t\t\t<div class=\"elementor-element elementor-element-9c47c06 elementor-widget elementor-widget-heading\" data-id=\"9c47c06\" data-element_type=\"widget\" data-e-type=\"widget\" data-widget_type=\"heading.default\">\n\t\t\t\t<div class=\"elementor-widget-container\">\n\t\t\t\t\t<h2 class=\"elementor-heading-title elementor-size-default\">Sardi\u00adnien \u2013 Land\u00adschafts\u00adfo\u00adto\u00adgrafie in Flip-Flops 4<\/h2>\t\t\t\t<\/div>\n\t\t\t\t<\/div>\n\t\t\t\t<div class=\"elementor-element elementor-element-5c581b0 elementor-widget elementor-widget-text-editor\" data-id=\"5c581b0\" data-element_type=\"widget\" data-e-type=\"widget\" data-widget_type=\"text-editor.default\">\n\t\t\t\t<div class=\"elementor-widget-container\">\n\t\t\t\t\t\t\t\t\tUnseren dies\u00adj\u00e4h\u00adrigen Sommer\u00adur\u00adlaub verbrachten wir auf der gro\u00dfen und wunder\u00adsch\u00f6nen Insel Sardi\u00adnien. Das Spagat zwischen meiner Leiden\u00adschaft der Land\u00adschafts\u00adfo\u00adto\u00adgrafie und einem tollen Fami\u00adli\u00aden\u00adur\u00adlaub war f\u00fcr mich noch nie so einfach zu meis\u00adtern. Und dank herr\u00adli\u00adchen Tempe\u00adra\u00adturen schon zu Sonnen\u00adauf\u00adgang genoss ich einige Tage lang Land\u00adschafts\u00adfo\u00adto\u00adgrafie in Flip-Flops.&nbsp;<\/div>\n\t\t\t\t<\/div>\n\t\t\t\t<div class=\"elementor-element elementor-element-fb9e6e7 elementor-widget elementor-widget-text-editor\" data-id=\"fb9e6e7\" data-element_type=\"widget\" data-e-type=\"widget\" data-widget_type=\"text-editor.default\">\n\t\t\t\t<div class=\"elementor-widget-container\">\n\t\t\t\t\t\t\t\t\t<p>Nach dem wir im <a href=\"https:\/\/simonschoenhoff.de\/en\/sardinien-landschaftsfotografie-in-flip-flops-1\/\">ersten Teil unserer Reise<\/a> in Stin\u00adtino waren, ging im <a href=\"https:\/\/simonschoenhoff.de\/en\/sardinien-landschaftsfotografie-in-flip-flops-2\/\">zweiten Teil nach Alghero<\/a> und von dort in die kleine Ortschaft <a href=\"https:\/\/simonschoenhoff.de\/en\/sardinien-landschaftsfotografie-in-flip-flops-3\/\">Grande Torre im dritten Teil<\/a>. Abschlie\u00ad\u00dfend sind wir nun im touris\u00adti\u00adschen Osten zu Gast in San Teodoro.<\/p>\t\t\t\t\t\t\t\t<\/div>\n\t\t\t\t<\/div>\n\t\t\t\t<div class=\"elementor-element elementor-element-0477160 elementor-widget elementor-widget-text-editor\" data-id=\"0477160\" data-element_type=\"widget\" data-e-type=\"widget\" data-widget_type=\"text-editor.default\">\n\t\t\t\t<div class=\"elementor-widget-container\">\n\t\t\t\t\t\t\t\t\t<p>Soviel vorweg: Dies ist der k\u00fcrzeste Blog-Beitrag aus der Sardi\u00adnien-Reihe. Nicht, dass es an Ost-K\u00fcste an Motiven geman\u00adgelt h\u00e4tte. Nein, ganz sicher nicht. Ich hatte nur Lust auch ein paar Tage l\u00e4nger zu schlafen. Nur eine Loca\u00adtion wollte ich unbe\u00addingt besu\u00adchen gehen. Bereits vor der Reise nach Sardi\u00adnien hatte ich diesen Spot auf der Karte ausfindig gemacht. Ich wollte an die Punta Molara und Fotos mit den Felsen im Vorder\u00adgrund und der Isola Tavo\u00adlara im Hinter\u00adgrund machen, einem beein\u00addru\u00adckenden Insel\u00adberg vor der K\u00fcste Sardiniens.<\/p>\t\t\t\t\t\t\t\t<\/div>\n\t\t\t\t<\/div>\n\t\t\t\t\t<\/div>\n\t\t\t\t<\/div>\n\t\t<div class=\"elementor-element elementor-element-f2eca80 e-flex e-con-boxed e-con e-parent\" data-id=\"f2eca80\" data-element_type=\"container\" data-e-type=\"container\">\n\t\t\t\t\t<div class=\"e-con-inner\">\n\t\t\t\t<div class=\"elementor-element elementor-element-cc3d8a6 elementor-widget elementor-widget-heading\" data-id=\"cc3d8a6\" data-element_type=\"widget\" data-e-type=\"widget\" data-widget_type=\"heading.default\">\n\t\t\t\t<div class=\"elementor-widget-container\">\n\t\t\t\t\t<h3 class=\"elementor-heading-title elementor-size-default\">San Teodoro<\/h3>\t\t\t\t<\/div>\n\t\t\t\t<\/div>\n\t\t\t\t<div class=\"elementor-element elementor-element-d796a1d elementor-widget elementor-widget-text-editor\" data-id=\"d796a1d\" data-element_type=\"widget\" data-e-type=\"widget\" data-widget_type=\"text-editor.default\">\n\t\t\t\t<div class=\"elementor-widget-container\">\n\t\t\t\t\t\t\t\t\t<p>Von Grande Torre fuhren wir einmal quer durch das Landes\u00adin\u00adnere, an der weitaus touris\u00adti\u00adschere Ost-K\u00fcste. Und dies sp\u00fcrte man. Nicht am Verkehr oder das beson\u00adders viel mehr an den Str\u00e4nden los gewesen w\u00e4re. Nein, eher am Verhalten der \u201cEinhei\u00admi\u00adschen\u201d gegen\u00ad\u00fcber uns als Tourist. Man war nicht ganz so zuvor\u00adkom\u00admend. Klei\u00adnig\u00adkeiten extra (z.B. Kinder\u00adstuhl) lie\u00df man sich bezahlen, usw.<\/p>\t\t\t\t\t\t\t\t<\/div>\n\t\t\t\t<\/div>\n\t\t\t\t<div class=\"elementor-element elementor-element-ac0c5ec elementor-invisible elementor-widget elementor-widget-image\" data-id=\"ac0c5ec\" data-element_type=\"widget\" data-e-type=\"widget\" data-settings=\"{&quot;_animation&quot;:&quot;zoomIn&quot;}\" data-widget_type=\"image.default\">\n\t\t\t\t<div class=\"elementor-widget-container\">\n\t\t\t\t\t\t\t\t\t\t\t\t<figure class=\"wp-caption\">\n\t\t\t\t\t\t\t\t\t\t<img fetchpriority=\"high\" decoding=\"async\" width=\"2560\" height=\"1440\" src=\"https:\/\/simonschoenhoff.de\/wp-content\/uploads\/2022\/11\/DJI_0152-Bearbeitet_Sandstrand-von-San-Teodoro-scaled.jpg\" class=\"attachment-full size-full wp-image-9149\" alt srcset=\"https:\/\/simonschoenhoff.de\/wp-content\/uploads\/2022\/11\/DJI_0152-Bearbeitet_Sandstrand-von-San-Teodoro-scaled.jpg 2560w, https:\/\/simonschoenhoff.de\/wp-content\/uploads\/2022\/11\/DJI_0152-Bearbeitet_Sandstrand-von-San-Teodoro-scaled-1200x675.jpg 1200w, https:\/\/simonschoenhoff.de\/wp-content\/uploads\/2022\/11\/DJI_0152-Bearbeitet_Sandstrand-von-San-Teodoro-2048x1152.jpg 2048w, https:\/\/simonschoenhoff.de\/wp-content\/uploads\/2022\/11\/DJI_0152-Bearbeitet_Sandstrand-von-San-Teodoro-300x169.jpg 300w, https:\/\/simonschoenhoff.de\/wp-content\/uploads\/2022\/11\/DJI_0152-Bearbeitet_Sandstrand-von-San-Teodoro-768x432.jpg 768w, https:\/\/simonschoenhoff.de\/wp-content\/uploads\/2022\/11\/DJI_0152-Bearbeitet_Sandstrand-von-San-Teodoro-1536x864.jpg 1536w, https:\/\/simonschoenhoff.de\/wp-content\/uploads\/2022\/11\/DJI_0152-Bearbeitet_Sandstrand-von-San-Teodoro-18x10.jpg 18w\" sizes=\"(max-width: 2560px) 100vw, 2560px\">\t\t\t\t\t\t\t\t\t\t\t<figcaption class=\"widget-image-caption wp-caption-text\">Sand\u00adstrand von San Teodoro | DJI Mini 3 Pro @ 24 mm, f\/1.7, 1\/25 Sek., ISO&nbsp;110<\/figcaption>\n\t\t\t\t\t\t\t\t\t\t<\/figure>\n\t\t\t\t\t\t\t\t\t<\/div>\n\t\t\t\t<\/div>\n\t\t<div class=\"elementor-element elementor-element-22ebf3d e-flex e-con-boxed elementor-invisible e-con e-parent\" data-id=\"22ebf3d\" data-element_type=\"container\" data-e-type=\"container\" data-settings=\"{&quot;background_background&quot;:&quot;classic&quot;,&quot;animation&quot;:&quot;zoomIn&quot;}\">\n\t\t\t\t\t<div class=\"e-con-inner\">\n\t\t\t\t<div class=\"elementor-element elementor-element-71f11b9 elementor-widget__width-initial elementor-widget elementor-widget-text-editor\" data-id=\"71f11b9\" data-element_type=\"widget\" data-e-type=\"widget\" data-widget_type=\"text-editor.default\">\n\t\t\t\t<div class=\"elementor-widget-container\">\n\t\t\t\t\t\t\t\t\t<p style=\"text-align: center;\">Diese und andere Aufnahmen als als Kunst\u00addruck f\u00fcr dein Zuhause kannst du jeder\u00adzeit unter \u201ePrints\u201c direkt bei mir anfragen. Herge\u00adstellt von einem der welt\u00adweit f\u00fchrenden Foto\u00adla\u00adbore in h\u00f6chster Qualit\u00e4t.&nbsp;<\/p>\t\t\t\t\t\t\t\t<\/div>\n\t\t\t\t<\/div>\n\t\t\t\t<div class=\"elementor-element elementor-element-467f482 elementor-widget elementor-widget-button\" data-id=\"467f482\" data-element_type=\"widget\" data-e-type=\"widget\" data-settings=\"{&quot;_animation_mobile&quot;:&quot;fadeIn&quot;}\" data-widget_type=\"button.default\">\n\t\t\t\t<div class=\"elementor-widget-container\">\n\t\t\t\t\t\t\t\t\t<div class=\"elementor-button-wrapper\">\n\t\t\t\t\t<a class=\"elementor-button elementor-button-link elementor-size-sm elementor-animation-grow\" href=\"https:\/\/simonschoenhoff.de\/en\/prints\/\">\n\t\t\t\t\t\t<span class=\"elementor-button-content-wrapper\">\n\t\t\t\t\t\t<span class=\"elementor-button-icon\">\n\t\t\t\t<i aria-hidden=\"true\" class=\"fas fa-shopping-cart\"><\/i>\t\t\t<\/span>\n\t\t\t\t\t\t\t\t\t<span class=\"elementor-button-text\">Prints<\/span>\n\t\t\t\t\t<\/span>\n\t\t\t\t\t<\/a>\n\t\t\t\t<\/div>\n\t\t\t\t\t\t\t\t<\/div>\n\t\t\t\t<\/div>\n\t\t\t\t\t<\/div>\n\t\t\t\t<\/div>\n\t\t\t\t<div class=\"elementor-element elementor-element-45e7063 elementor-widget elementor-widget-text-editor\" data-id=\"45e7063\" data-element_type=\"widget\" data-e-type=\"widget\" data-widget_type=\"text-editor.default\">\n\t\t\t\t<div class=\"elementor-widget-container\">\n\t\t\t\t\t\t\t\t\t<p>Irgendwie sp\u00fcrte man einfach, dass sie hier, auf uns indi\u00advi\u00adduell nicht speziell ange\u00adwiesen sind. Nach dem Motto: kommen wir nicht, kommen andere G\u00e4ste. Im Westen sind weniger Touristen und irgendwie f\u00fchlte man sich dort will\u00adkom\u00admener. Viel\u00adleicht, weil sie sich einfach \u00fcber jeden weiteren Gast freuten, weil es eben nicht so viele sind. Aber nicht falsch verstehen, egal ob im Osten oder Westen, gene\u00adrell waren die Sarden sehr freund\u00adlich und man f\u00fchlte sich wirk\u00adlich&nbsp;wohl.<\/p>\t\t\t\t\t\t\t\t<\/div>\n\t\t\t\t<\/div>\n\t\t\t\t<div class=\"elementor-element elementor-element-8c6fc12 elementor-invisible elementor-widget elementor-widget-image\" data-id=\"8c6fc12\" data-element_type=\"widget\" data-e-type=\"widget\" data-settings=\"{&quot;_animation&quot;:&quot;zoomIn&quot;}\" data-widget_type=\"image.default\">\n\t\t\t\t<div class=\"elementor-widget-container\">\n\t\t\t\t\t\t\t\t\t\t\t\t<figure class=\"wp-caption\">\n\t\t\t\t\t\t\t\t\t\t<img decoding=\"async\" width=\"1333\" height=\"2000\" src=\"https:\/\/simonschoenhoff.de\/wp-content\/uploads\/2022\/11\/2022-06-18-Ponte-Morala-San-Teodoro_23.jpg\" class=\"attachment-full size-full wp-image-9071\" alt srcset=\"https:\/\/simonschoenhoff.de\/wp-content\/uploads\/2022\/11\/2022-06-18-Ponte-Morala-San-Teodoro_23.jpg 1333w, https:\/\/simonschoenhoff.de\/wp-content\/uploads\/2022\/11\/2022-06-18-Ponte-Morala-San-Teodoro_23-1200x1800.jpg 1200w, https:\/\/simonschoenhoff.de\/wp-content\/uploads\/2022\/11\/2022-06-18-Ponte-Morala-San-Teodoro_23-200x300.jpg 200w, https:\/\/simonschoenhoff.de\/wp-content\/uploads\/2022\/11\/2022-06-18-Ponte-Morala-San-Teodoro_23-768x1152.jpg 768w, https:\/\/simonschoenhoff.de\/wp-content\/uploads\/2022\/11\/2022-06-18-Ponte-Morala-San-Teodoro_23-1024x1536.jpg 1024w, https:\/\/simonschoenhoff.de\/wp-content\/uploads\/2022\/11\/2022-06-18-Ponte-Morala-San-Teodoro_23-8x12.jpg 8w\" sizes=\"(max-width: 1333px) 100vw, 1333px\">\t\t\t\t\t\t\t\t\t\t\t<figcaption class=\"widget-image-caption wp-caption-text\">Abend\u00adstim\u00admung in San Teodoro | Sony a7 III @ 100 mm, f\/8, 1\/160 Sek., ISO&nbsp;640<\/figcaption>\n\t\t\t\t\t\t\t\t\t\t<\/figure>\n\t\t\t\t\t\t\t\t\t<\/div>\n\t\t\t\t<\/div>\n\t\t\t\t<div class=\"elementor-element elementor-element-2c0f9b8 elementor-widget elementor-widget-text-editor\" data-id=\"2c0f9b8\" data-element_type=\"widget\" data-e-type=\"widget\" data-widget_type=\"text-editor.default\">\n\t\t\t\t<div class=\"elementor-widget-container\">\n\t\t\t\t\t\t\t\t\t<p>San Teodoro ist ein wirk\u00adlich sch\u00f6ner Ort, der deut\u00adlich auf die Touris ausge\u00adlegt ist. Diese kommen an dem langen Sand\u00adstrand \u201cLa Cinta\u201d aber auch voll auf ihre Kosten. Dieser male\u00adrisch wei\u00dfe Sand\u00adstrand zieht einen langen Bogen und ist dabei l\u00e4nger als 1 km. Hinter dem Sand\u00adstrand liegt eine natur\u00adbe\u00adlas\u00adsene Lagune, die leider komplett umz\u00e4unt ist. Ich konnte jeden\u00adfalls beim Umfahren keinen Eingang entde\u00adcken, was schade war, denn es h\u00e4tte sicher\u00adlich einiges zu foto\u00adgra\u00adfieren gegeben.<\/p>\t\t\t\t\t\t\t\t<\/div>\n\t\t\t\t<\/div>\n\t\t\t\t<div class=\"elementor-element elementor-element-3b63ed7 elementor-widget elementor-widget-text-editor\" data-id=\"3b63ed7\" data-element_type=\"widget\" data-e-type=\"widget\" data-widget_type=\"text-editor.default\">\n\t\t\t\t<div class=\"elementor-widget-container\">\n\t\t\t\t\t\t\t\t\t<p>Aber auch weitere tolle Str\u00e4nde, wie bspw. der \u201cCala Bran\u00addinchi\u201d sind schnell zu errei\u00adchen. Dieser ist vor allen Dingen Fami\u00adlien mit kleinen Kindern sehr zu empfehlen. Durch seine Bucht-\u00e4hnliche Lage ist der Wellen\u00adgang \u00fcber\u00adschaubar und es geht super lange flach ins Meer hinein. Witzi\u00adger\u00adweise gibt es dort auch fried\u00adliche Wild\u00adschweine, die immer wieder von ihren Schat\u00adten\u00adpl\u00e4tzen im Wald zum Strand spazieren. Anschei\u00adnend werden sie dort immer wieder gut verk\u00f6stigt.<\/p>\t\t\t\t\t\t\t\t<\/div>\n\t\t\t\t<\/div>\n\t\t\t\t<div class=\"elementor-element elementor-element-2471486 elementor-widget elementor-widget-gallery\" data-id=\"2471486\" data-element_type=\"widget\" data-e-type=\"widget\" data-settings=\"{&quot;gallery_layout&quot;:&quot;masonry&quot;,&quot;columns&quot;:2,&quot;lazyload&quot;:&quot;yes&quot;,&quot;columns_tablet&quot;:2,&quot;columns_mobile&quot;:1,&quot;gap&quot;:{&quot;unit&quot;:&quot;px&quot;,&quot;size&quot;:10,&quot;sizes&quot;:[]},&quot;gap_tablet&quot;:{&quot;unit&quot;:&quot;px&quot;,&quot;size&quot;:10,&quot;sizes&quot;:[]},&quot;gap_mobile&quot;:{&quot;unit&quot;:&quot;px&quot;,&quot;size&quot;:10,&quot;sizes&quot;:[]},&quot;link_to&quot;:&quot;file&quot;,&quot;overlay_background&quot;:&quot;yes&quot;,&quot;content_hover_animation&quot;:&quot;fade-in&quot;}\" data-widget_type=\"gallery.default\">\n\t\t\t\t<div class=\"elementor-widget-container\">\n\t\t\t\t\t\t\t<div class=\"elementor-gallery__container\">\n\t\t\t\t\t\t\t<a class=\"e-gallery-item elementor-gallery-item elementor-animated-content\" href=\"https:\/\/simonschoenhoff.de\/wp-content\/uploads\/2022\/11\/2022-06-18-Ponte-Morala-San-Teodoro_20.jpg\" data-elementor-open-lightbox=\"yes\" data-elementor-lightbox-slideshow=\"2471486\" data-e-action-hash=\"#elementor-action%3Aaction%3Dlightbox%26settings%3DeyJpZCI6OTA2OCwidXJsIjoiaHR0cHM6XC9cL3NpbW9uc2Nob2VuaG9mZi5kZVwvd3AtY29udGVudFwvdXBsb2Fkc1wvMjAyMlwvMTFcLzIwMjItMDYtMTgtUG9udGUtTW9yYWxhLVNhbi1UZW9kb3JvXzIwLmpwZyIsInNsaWRlc2hvdyI6IjI0NzE0ODYifQ%3D%3D\">\n\t\t\t\t\t<div class=\"e-gallery-image elementor-gallery-item__image\" data-thumbnail=\"https:\/\/simonschoenhoff.de\/wp-content\/uploads\/2022\/11\/2022-06-18-Ponte-Morala-San-Teodoro_20.jpg\" data-width=\"2000\" data-height=\"1334\" aria-label role=\"img\"><\/div>\n\t\t\t\t\t\t\t\t\t\t\t<div class=\"elementor-gallery-item__overlay\"><\/div>\n\t\t\t\t\t\t\t\t\t\t\t\t\t\t<\/a>\n\t\t\t\t\t\t\t<a class=\"e-gallery-item elementor-gallery-item elementor-animated-content\" href=\"https:\/\/simonschoenhoff.de\/wp-content\/uploads\/2022\/11\/2022-06-18-Ponte-Morala-San-Teodoro_19.jpg\" data-elementor-open-lightbox=\"yes\" data-elementor-lightbox-slideshow=\"2471486\" data-e-action-hash=\"#elementor-action%3Aaction%3Dlightbox%26settings%3DeyJpZCI6OTA2NywidXJsIjoiaHR0cHM6XC9cL3NpbW9uc2Nob2VuaG9mZi5kZVwvd3AtY29udGVudFwvdXBsb2Fkc1wvMjAyMlwvMTFcLzIwMjItMDYtMTgtUG9udGUtTW9yYWxhLVNhbi1UZW9kb3JvXzE5LmpwZyIsInNsaWRlc2hvdyI6IjI0NzE0ODYifQ%3D%3D\">\n\t\t\t\t\t<div class=\"e-gallery-image elementor-gallery-item__image\" data-thumbnail=\"https:\/\/simonschoenhoff.de\/wp-content\/uploads\/2022\/11\/2022-06-18-Ponte-Morala-San-Teodoro_19.jpg\" data-width=\"1333\" data-height=\"2000\" aria-label role=\"img\"><\/div>\n\t\t\t\t\t\t\t\t\t\t\t<div class=\"elementor-gallery-item__overlay\"><\/div>\n\t\t\t\t\t\t\t\t\t\t\t\t\t\t<\/a>\n\t\t\t\t\t\t\t<a class=\"e-gallery-item elementor-gallery-item elementor-animated-content\" href=\"https:\/\/simonschoenhoff.de\/wp-content\/uploads\/2022\/11\/2022-06-18-Ponte-Morala-San-Teodoro_18.jpg\" data-elementor-open-lightbox=\"yes\" data-elementor-lightbox-slideshow=\"2471486\" data-e-action-hash=\"#elementor-action%3Aaction%3Dlightbox%26settings%3DeyJpZCI6OTA2NiwidXJsIjoiaHR0cHM6XC9cL3NpbW9uc2Nob2VuaG9mZi5kZVwvd3AtY29udGVudFwvdXBsb2Fkc1wvMjAyMlwvMTFcLzIwMjItMDYtMTgtUG9udGUtTW9yYWxhLVNhbi1UZW9kb3JvXzE4LmpwZyIsInNsaWRlc2hvdyI6IjI0NzE0ODYifQ%3D%3D\">\n\t\t\t\t\t<div class=\"e-gallery-image elementor-gallery-item__image\" data-thumbnail=\"https:\/\/simonschoenhoff.de\/wp-content\/uploads\/2022\/11\/2022-06-18-Ponte-Morala-San-Teodoro_18.jpg\" data-width=\"2000\" data-height=\"1333\" aria-label role=\"img\"><\/div>\n\t\t\t\t\t\t\t\t\t\t\t<div class=\"elementor-gallery-item__overlay\"><\/div>\n\t\t\t\t\t\t\t\t\t\t\t\t\t\t<\/a>\n\t\t\t\t\t\t\t<a class=\"e-gallery-item elementor-gallery-item elementor-animated-content\" href=\"https:\/\/simonschoenhoff.de\/wp-content\/uploads\/2022\/11\/2022-06-18-Ponte-Morala-San-Teodoro_22.jpg\" data-elementor-open-lightbox=\"yes\" data-elementor-lightbox-slideshow=\"2471486\" data-e-action-hash=\"#elementor-action%3Aaction%3Dlightbox%26settings%3DeyJpZCI6OTA3MCwidXJsIjoiaHR0cHM6XC9cL3NpbW9uc2Nob2VuaG9mZi5kZVwvd3AtY29udGVudFwvdXBsb2Fkc1wvMjAyMlwvMTFcLzIwMjItMDYtMTgtUG9udGUtTW9yYWxhLVNhbi1UZW9kb3JvXzIyLmpwZyIsInNsaWRlc2hvdyI6IjI0NzE0ODYifQ%3D%3D\">\n\t\t\t\t\t<div class=\"e-gallery-image elementor-gallery-item__image\" data-thumbnail=\"https:\/\/simonschoenhoff.de\/wp-content\/uploads\/2022\/11\/2022-06-18-Ponte-Morala-San-Teodoro_22.jpg\" data-width=\"1333\" data-height=\"2000\" aria-label role=\"img\"><\/div>\n\t\t\t\t\t\t\t\t\t\t\t<div class=\"elementor-gallery-item__overlay\"><\/div>\n\t\t\t\t\t\t\t\t\t\t\t\t\t\t<\/a>\n\t\t\t\t\t\t\t<a class=\"e-gallery-item elementor-gallery-item elementor-animated-content\" href=\"https:\/\/simonschoenhoff.de\/wp-content\/uploads\/2022\/11\/2022-06-18-Ponte-Morala-San-Teodoro_21.jpg\" data-elementor-open-lightbox=\"yes\" data-elementor-lightbox-slideshow=\"2471486\" data-e-action-hash=\"#elementor-action%3Aaction%3Dlightbox%26settings%3DeyJpZCI6OTA2OSwidXJsIjoiaHR0cHM6XC9cL3NpbW9uc2Nob2VuaG9mZi5kZVwvd3AtY29udGVudFwvdXBsb2Fkc1wvMjAyMlwvMTFcLzIwMjItMDYtMTgtUG9udGUtTW9yYWxhLVNhbi1UZW9kb3JvXzIxLmpwZyIsInNsaWRlc2hvdyI6IjI0NzE0ODYifQ%3D%3D\">\n\t\t\t\t\t<div class=\"e-gallery-image elementor-gallery-item__image\" data-thumbnail=\"https:\/\/simonschoenhoff.de\/wp-content\/uploads\/2022\/11\/2022-06-18-Ponte-Morala-San-Teodoro_21.jpg\" data-width=\"2000\" data-height=\"1333\" aria-label role=\"img\"><\/div>\n\t\t\t\t\t\t\t\t\t\t\t<div class=\"elementor-gallery-item__overlay\"><\/div>\n\t\t\t\t\t\t\t\t\t\t\t\t\t\t<\/a>\n\t\t\t\t\t<\/div>\n\t\t\t\t\t<\/div>\n\t\t\t\t<\/div>\n\t\t\t\t<div class=\"elementor-element elementor-element-46916ab elementor-widget elementor-widget-text-editor\" data-id=\"46916ab\" data-element_type=\"widget\" data-e-type=\"widget\" data-widget_type=\"text-editor.default\">\n\t\t\t\t<div class=\"elementor-widget-container\">\n\t\t\t\t\t\t\t\t\t<p>Foto\u00adgra\u00adfisch konnte ich mit meiner Drohne eine wunder\u00adsch\u00f6ne Abend\u00adstim\u00admung \u00fcber San Teodoro, der Lagune und dem ewig langen Sand\u00adstrand aufnehmen. Auch die Isola Tavo\u00adlara ist darauf zu erkennen.<\/p>\t\t\t\t\t\t\t\t<\/div>\n\t\t\t\t<\/div>\n\t\t\t\t<div class=\"elementor-element elementor-element-e9c8dec elementor-invisible elementor-widget elementor-widget-image\" data-id=\"e9c8dec\" data-element_type=\"widget\" data-e-type=\"widget\" data-settings=\"{&quot;_animation&quot;:&quot;zoomIn&quot;}\" data-widget_type=\"image.default\">\n\t\t\t\t<div class=\"elementor-widget-container\">\n\t\t\t\t\t\t\t\t\t\t\t\t<figure class=\"wp-caption\">\n\t\t\t\t\t\t\t\t\t\t<img decoding=\"async\" width=\"2000\" height=\"667\" src=\"https:\/\/simonschoenhoff.de\/wp-content\/uploads\/2022\/11\/DJI-Mini-3-Pro_2.jpg\" class=\"attachment-full size-full wp-image-9077\" alt srcset=\"https:\/\/simonschoenhoff.de\/wp-content\/uploads\/2022\/11\/DJI-Mini-3-Pro_2.jpg 2000w, https:\/\/simonschoenhoff.de\/wp-content\/uploads\/2022\/11\/DJI-Mini-3-Pro_2-1200x400.jpg 1200w, https:\/\/simonschoenhoff.de\/wp-content\/uploads\/2022\/11\/DJI-Mini-3-Pro_2-300x100.jpg 300w, https:\/\/simonschoenhoff.de\/wp-content\/uploads\/2022\/11\/DJI-Mini-3-Pro_2-768x256.jpg 768w, https:\/\/simonschoenhoff.de\/wp-content\/uploads\/2022\/11\/DJI-Mini-3-Pro_2-1536x512.jpg 1536w, https:\/\/simonschoenhoff.de\/wp-content\/uploads\/2022\/11\/DJI-Mini-3-Pro_2-18x6.jpg 18w\" sizes=\"(max-width: 2000px) 100vw, 2000px\">\t\t\t\t\t\t\t\t\t\t\t<figcaption class=\"widget-image-caption wp-caption-text\">Lagune bei San Teodoro (Panorama) | DJI Mini 3 Pro @ 24 mm, f\/1.7, 1\/30 Sek., ISO&nbsp;100<\/figcaption>\n\t\t\t\t\t\t\t\t\t\t<\/figure>\n\t\t\t\t\t\t\t\t\t<\/div>\n\t\t\t\t<\/div>\n\t\t\t\t<div class=\"elementor-element elementor-element-e5a3761 elementor-widget elementor-widget-text-editor\" data-id=\"e5a3761\" data-element_type=\"widget\" data-e-type=\"widget\" data-widget_type=\"text-editor.default\">\n\t\t\t\t<div class=\"elementor-widget-container\">\n\t\t\t\t\t\t\t\t\t<p>F\u00fcr mehr hat es in San Teodoro aus Land\u00adschafts\u00adfo\u00adto\u00adgra\u00adfi\u00adscher-Sicht nicht gereicht. Daf\u00fcr setzte ich an einem Morgen mein Vorhaben um und fuhr kurz vor 5 Uhr los zur Punta Molara.<\/p>\t\t\t\t\t\t\t\t<\/div>\n\t\t\t\t<\/div>\n\t\t\t\t\t<\/div>\n\t\t\t\t<\/div>\n\t\t<div class=\"elementor-element elementor-element-20db733 e-flex e-con-boxed e-con e-parent\" data-id=\"20db733\" data-element_type=\"container\" data-e-type=\"container\">\n\t\t\t\t\t<div class=\"e-con-inner\">\n\t\t\t\t<div class=\"elementor-element elementor-element-a3590db elementor-widget elementor-widget-heading\" data-id=\"a3590db\" data-element_type=\"widget\" data-e-type=\"widget\" data-widget_type=\"heading.default\">\n\t\t\t\t<div class=\"elementor-widget-container\">\n\t\t\t\t\t<h3 class=\"elementor-heading-title elementor-size-default\">Punta Molara<\/h3>\t\t\t\t<\/div>\n\t\t\t\t<\/div>\n\t\t\t\t<div class=\"elementor-element elementor-element-e99c9ed elementor-widget elementor-widget-text-editor\" data-id=\"e99c9ed\" data-element_type=\"widget\" data-e-type=\"widget\" data-widget_type=\"text-editor.default\">\n\t\t\t\t<div class=\"elementor-widget-container\">\n\t\t\t\t\t\t\t\t\t<p>\u00dcber einige Handy\u00adfotos und Google Earth konnte ich die Punta Molara als eine Loca\u00adtion ausfindig machen, die sich f\u00fcr eine Foto-Trip eignet. Ich wusste, dass ich im Hinter\u00adgrund die Isola Tavo\u00adlara durch Elemente der gro\u00dfen Felsen im Vorder\u00adgrund auf einem Bild zusam\u00admen\u00adbringen m\u00fcsste, so dass sie kompo\u00adsi\u00adto\u00adrisch ein sch\u00f6nes Bild ergeben. Die Elemente werden aber unwei\u00adger\u00adlich durch das Meer getrennt, dass es nicht erlauben wird eine direkte Verbin\u00addung herzu\u00adstellen. Also musste vor allem auf eine sch\u00f6ne Balance zwischen der Insel und den Felsen geachtet werden. Das zu meis\u00adtern war meine Aufgabe.<\/p>\t\t\t\t\t\t\t\t<\/div>\n\t\t\t\t<\/div>\n\t\t\t\t<div class=\"elementor-element elementor-element-a58f9c7 elementor-widget elementor-widget-text-editor\" data-id=\"a58f9c7\" data-element_type=\"widget\" data-e-type=\"widget\" data-widget_type=\"text-editor.default\">\n\t\t\t\t<div class=\"elementor-widget-container\">\n\t\t\t\t\t\t\t\t\t<p>Der Tag begann um 04:30 Uhr f\u00fcr mich. Alles war gerichtet. Ich zog mich an, nahm meine Foto-Ausr\u00fcs\u00adtung, setzte mich ins Auto und fuhr los, durch die Dunkel\u00adheit auf Sardi\u00adniens Land\u00adstra\u00dfen. Etwa 30 Minuten fahrt musste ich durch die h\u00fcge\u00adlige Land\u00adschaft mit vielen Kurven rechnen. Da der Verkehr beinahe bei Null lag, kam ich fr\u00fch\u00adzeitig in Punta Molara an. Ich parkte zentral am Park\u00adplatz und orien\u00adtierte mich kurz. Den Einstieg h\u00e4tte ich ohne Handy-Navi\u00adga\u00adtion wahr\u00adschein\u00adlich nicht so schnell gefunden. Eine geschlos\u00adsene Schranke h\u00e4tte mich wahr\u00adschein\u00adlich direkt verwirrt, aber das Navi sagte, dass der Fu\u00dfweg zum Aussichts\u00adpunkt frei sei. Also seit\u00adlich vorbei schl\u00e4n\u00adgeln und schnellen Fu\u00dfmar\u00adsches weiter. 15 Minuten sollte der Fu\u00dfweg dauern und das passte ziem\u00adlich&nbsp;gut.<\/p>\t\t\t\t\t\t\t\t<\/div>\n\t\t\t\t<\/div>\n\t\t\t\t<div class=\"elementor-element elementor-element-e0b113f elementor-widget elementor-widget-text-editor\" data-id=\"e0b113f\" data-element_type=\"widget\" data-e-type=\"widget\" data-widget_type=\"text-editor.default\">\n\t\t\t\t<div class=\"elementor-widget-container\">\n\t\t\t\t\t\t\t\t\t<p>Mitt\u00adler\u00adweile war die D\u00e4mme\u00adrung so weit fort\u00adge\u00adschritten, dass man gut sehen konnte. Vor allem, als ich an den offenen Bereich direkt am Meer war, konnte man sich sehr gut orien\u00adtieren. Eine Minute lang genoss ich die Szenerie, dann hielte ich bereits Ausschau nach m\u00f6gli\u00adchen Kompositionen.<\/p>\t\t\t\t\t\t\t\t<\/div>\n\t\t\t\t<\/div>\n\t\t\t\t<div class=\"elementor-element elementor-element-73c9e07 elementor-invisible elementor-widget elementor-widget-image\" data-id=\"73c9e07\" data-element_type=\"widget\" data-e-type=\"widget\" data-settings=\"{&quot;_animation&quot;:&quot;zoomIn&quot;}\" data-widget_type=\"image.default\">\n\t\t\t\t<div class=\"elementor-widget-container\">\n\t\t\t\t\t\t\t\t\t\t\t\t<figure class=\"wp-caption\">\n\t\t\t\t\t\t\t\t\t\t<img loading=\"lazy\" decoding=\"async\" width=\"1500\" height=\"2000\" src=\"https:\/\/simonschoenhoff.de\/wp-content\/uploads\/2022\/11\/DJI-Mini-3-Pro_17.jpg\" class=\"attachment-full size-full wp-image-9078\" alt srcset=\"https:\/\/simonschoenhoff.de\/wp-content\/uploads\/2022\/11\/DJI-Mini-3-Pro_17.jpg 1500w, https:\/\/simonschoenhoff.de\/wp-content\/uploads\/2022\/11\/DJI-Mini-3-Pro_17-1200x1600.jpg 1200w, https:\/\/simonschoenhoff.de\/wp-content\/uploads\/2022\/11\/DJI-Mini-3-Pro_17-225x300.jpg 225w, https:\/\/simonschoenhoff.de\/wp-content\/uploads\/2022\/11\/DJI-Mini-3-Pro_17-768x1024.jpg 768w, https:\/\/simonschoenhoff.de\/wp-content\/uploads\/2022\/11\/DJI-Mini-3-Pro_17-1152x1536.jpg 1152w, https:\/\/simonschoenhoff.de\/wp-content\/uploads\/2022\/11\/DJI-Mini-3-Pro_17-9x12.jpg 9w\" sizes=\"(max-width: 1500px) 100vw, 1500px\">\t\t\t\t\t\t\t\t\t\t\t<figcaption class=\"widget-image-caption wp-caption-text\">Land\u00adschafts\u00adfo\u00adto\u00adgrafie in Flip-Flops | DJI Mini 3 Pro @ 24 mm, f\/1.7, 1\/640 Sek., ISO&nbsp;100<\/figcaption>\n\t\t\t\t\t\t\t\t\t\t<\/figure>\n\t\t\t\t\t\t\t\t\t<\/div>\n\t\t\t\t<\/div>\n\t\t\t\t<div class=\"elementor-element elementor-element-4c6c062 elementor-widget elementor-widget-text-editor\" data-id=\"4c6c062\" data-element_type=\"widget\" data-e-type=\"widget\" data-widget_type=\"text-editor.default\">\n\t\t\t\t<div class=\"elementor-widget-container\">\n\t\t\t\t\t\t\t\t\t<p>Die gro\u00dfen Felsen, auf denen man problemlos umher\u00adlaufen konnte, waren voller Risse, Spalten und L\u00f6cher. Scheinbar unend\u00adlich viele M\u00f6glich\u00adkeiten, um sich foto\u00adgra\u00adfisch auszu\u00adtoben. Auch f\u00fcr Details h\u00e4tte sich durchaus vieles finden k\u00f6nnen. Aber manchmal ist es schwierig f\u00fcr mich durchaus schwierig den Modus \u201cVista\u201d auf \u201cDetails\u201d in meinem Kopf umzu\u00adschalten. F\u00fcr diesen Morgen blieb ich also bei der sch\u00f6nen Aussicht und meinem urspr\u00fcng\u00adli\u00adchen&nbsp;Plan.<\/p>\t\t\t\t\t\t\t\t<\/div>\n\t\t\t\t<\/div>\n\t\t\t\t<div class=\"elementor-element elementor-element-55e5d58 elementor-invisible elementor-widget elementor-widget-image\" data-id=\"55e5d58\" data-element_type=\"widget\" data-e-type=\"widget\" data-settings=\"{&quot;_animation&quot;:&quot;zoomIn&quot;}\" data-widget_type=\"image.default\">\n\t\t\t\t<div class=\"elementor-widget-container\">\n\t\t\t\t\t\t\t\t\t\t\t\t<figure class=\"wp-caption\">\n\t\t\t\t\t\t\t\t\t\t<img loading=\"lazy\" decoding=\"async\" width=\"1334\" height=\"2000\" src=\"https:\/\/simonschoenhoff.de\/wp-content\/uploads\/2022\/11\/2022-06-18-Ponte-Morala-San-Teodoro_3.jpg\" class=\"attachment-full size-full wp-image-9052\" alt srcset=\"https:\/\/simonschoenhoff.de\/wp-content\/uploads\/2022\/11\/2022-06-18-Ponte-Morala-San-Teodoro_3.jpg 1334w, https:\/\/simonschoenhoff.de\/wp-content\/uploads\/2022\/11\/2022-06-18-Ponte-Morala-San-Teodoro_3-1200x1799.jpg 1200w, https:\/\/simonschoenhoff.de\/wp-content\/uploads\/2022\/11\/2022-06-18-Ponte-Morala-San-Teodoro_3-200x300.jpg 200w, https:\/\/simonschoenhoff.de\/wp-content\/uploads\/2022\/11\/2022-06-18-Ponte-Morala-San-Teodoro_3-768x1151.jpg 768w, https:\/\/simonschoenhoff.de\/wp-content\/uploads\/2022\/11\/2022-06-18-Ponte-Morala-San-Teodoro_3-1025x1536.jpg 1025w, https:\/\/simonschoenhoff.de\/wp-content\/uploads\/2022\/11\/2022-06-18-Ponte-Morala-San-Teodoro_3-8x12.jpg 8w\" sizes=\"(max-width: 1334px) 100vw, 1334px\">\t\t\t\t\t\t\t\t\t\t\t<figcaption class=\"widget-image-caption wp-caption-text\">Blaue Stunde an der Isola Tavo\u00adlara | Sony a7 III @ 25 mm, f\/11, 8 Sek., ISO&nbsp;100<\/figcaption>\n\t\t\t\t\t\t\t\t\t\t<\/figure>\n\t\t\t\t\t\t\t\t\t<\/div>\n\t\t\t\t<\/div>\n\t\t\t\t<div class=\"elementor-element elementor-element-bd71502 elementor-widget elementor-widget-text-editor\" data-id=\"bd71502\" data-element_type=\"widget\" data-e-type=\"widget\" data-widget_type=\"text-editor.default\">\n\t\t\t\t<div class=\"elementor-widget-container\">\n\t\t\t\t\t\t\t\t\t<p>Auf dem Kame\u00adra\u00addis\u00adplay konnte ich vor Ort schwer einsch\u00e4tzen, ob es besser ist, das Stativ etwas h\u00f6her oder sehr tief einzu\u00adstellen. Durch die tiefe Posi\u00adtio\u00adnie\u00adrung konnte man die Gr\u00f6\u00dfe des Mittel\u00adgrundes, in diesem Fall das Meer verrin\u00adgern. Ein hoher Standort hie\u00df viel Meer, ein nied\u00adriger Stand\u00adpunkt wenig Meer. Ich nutzte die Zeit die ich hatte daf\u00fcr beides zu machen. Wech\u00adselte also immer wieder die H\u00f6he und nahm andere Vorder\u00adgrund\u00adele\u00admente ins&nbsp;Bild.<\/p>\t\t\t\t\t\t\t\t<\/div>\n\t\t\t\t<\/div>\n\t\t\t\t<div class=\"elementor-element elementor-element-b2f8988 elementor-widget elementor-widget-text-editor\" data-id=\"b2f8988\" data-element_type=\"widget\" data-e-type=\"widget\" data-widget_type=\"text-editor.default\">\n\t\t\t\t<div class=\"elementor-widget-container\">\n\t\t\t\t\t\t\t\t\t<p>Als ich nur knapp \u00fcber dem Wasser war und mich seit\u00adlich von einem gro\u00dfen Felsen posi\u00adtio\u00adnierte, bemerkte ich wie Nebel vom Lande \u00fcber das Meer vor der Isola Tavo\u00adlara vorbeizog. Ansonsten blieb der Morgen sehr stabil und ohne gro\u00dfe \u00dcberraschungen.<\/p>\t\t\t\t\t\t\t\t<\/div>\n\t\t\t\t<\/div>\n\t\t\t\t<div class=\"elementor-element elementor-element-bc075cd elementor-invisible elementor-widget elementor-widget-image\" data-id=\"bc075cd\" data-element_type=\"widget\" data-e-type=\"widget\" data-settings=\"{&quot;_animation&quot;:&quot;zoomIn&quot;}\" data-widget_type=\"image.default\">\n\t\t\t\t<div class=\"elementor-widget-container\">\n\t\t\t\t\t\t\t\t\t\t\t\t<figure class=\"wp-caption\">\n\t\t\t\t\t\t\t\t\t\t<img loading=\"lazy\" decoding=\"async\" width=\"2000\" height=\"1333\" src=\"https:\/\/simonschoenhoff.de\/wp-content\/uploads\/2022\/11\/2022-06-18-Ponte-Morala-San-Teodoro_6.jpg\" class=\"attachment-full size-full wp-image-9055\" alt srcset=\"https:\/\/simonschoenhoff.de\/wp-content\/uploads\/2022\/11\/2022-06-18-Ponte-Morala-San-Teodoro_6.jpg 2000w, https:\/\/simonschoenhoff.de\/wp-content\/uploads\/2022\/11\/2022-06-18-Ponte-Morala-San-Teodoro_6-1200x800.jpg 1200w, https:\/\/simonschoenhoff.de\/wp-content\/uploads\/2022\/11\/2022-06-18-Ponte-Morala-San-Teodoro_6-300x200.jpg 300w, https:\/\/simonschoenhoff.de\/wp-content\/uploads\/2022\/11\/2022-06-18-Ponte-Morala-San-Teodoro_6-768x512.jpg 768w, https:\/\/simonschoenhoff.de\/wp-content\/uploads\/2022\/11\/2022-06-18-Ponte-Morala-San-Teodoro_6-1536x1024.jpg 1536w, https:\/\/simonschoenhoff.de\/wp-content\/uploads\/2022\/11\/2022-06-18-Ponte-Morala-San-Teodoro_6-18x12.jpg 18w\" sizes=\"(max-width: 2000px) 100vw, 2000px\">\t\t\t\t\t\t\t\t\t\t\t<figcaption class=\"widget-image-caption wp-caption-text\">Nebel vor der Isola Tavo\u00adlara | Sony a7 III @ 27 mm, f\/16, 5 Sek., ISO&nbsp;100<\/figcaption>\n\t\t\t\t\t\t\t\t\t\t<\/figure>\n\t\t\t\t\t\t\t\t\t<\/div>\n\t\t\t\t<\/div>\n\t\t\t\t<div class=\"elementor-element elementor-element-1d4d7f8 elementor-widget elementor-widget-text-editor\" data-id=\"1d4d7f8\" data-element_type=\"widget\" data-e-type=\"widget\" data-widget_type=\"text-editor.default\">\n\t\t\t\t<div class=\"elementor-widget-container\">\n\t\t\t\t\t\t\t\t\t<p>Ein wenig versch\u00e4tzt hatte ich in Google Earth die H\u00f6he der Insel, hinter der die Sonne aufgehen sollte. So hatte ich nach Sonnen\u00adauf\u00adgang noch einige Minuten l\u00e4nger nur reflek\u00adtiertes Sonnen\u00adlicht und kein direktes. Den Unter\u00adschied kann man in den Bildern sch\u00f6n erkennen.<\/p>\t\t\t\t\t\t\t\t<\/div>\n\t\t\t\t<\/div>\n\t\t\t\t<div class=\"elementor-element elementor-element-3ac7c4f elementor-widget elementor-widget-gallery\" data-id=\"3ac7c4f\" data-element_type=\"widget\" data-e-type=\"widget\" data-settings=\"{&quot;gallery_layout&quot;:&quot;masonry&quot;,&quot;columns&quot;:2,&quot;lazyload&quot;:&quot;yes&quot;,&quot;columns_tablet&quot;:2,&quot;columns_mobile&quot;:1,&quot;gap&quot;:{&quot;unit&quot;:&quot;px&quot;,&quot;size&quot;:10,&quot;sizes&quot;:[]},&quot;gap_tablet&quot;:{&quot;unit&quot;:&quot;px&quot;,&quot;size&quot;:10,&quot;sizes&quot;:[]},&quot;gap_mobile&quot;:{&quot;unit&quot;:&quot;px&quot;,&quot;size&quot;:10,&quot;sizes&quot;:[]},&quot;link_to&quot;:&quot;file&quot;,&quot;overlay_background&quot;:&quot;yes&quot;,&quot;content_hover_animation&quot;:&quot;fade-in&quot;}\" data-widget_type=\"gallery.default\">\n\t\t\t\t<div class=\"elementor-widget-container\">\n\t\t\t\t\t\t\t<div class=\"elementor-gallery__container\">\n\t\t\t\t\t\t\t<a class=\"e-gallery-item elementor-gallery-item elementor-animated-content\" href=\"https:\/\/simonschoenhoff.de\/wp-content\/uploads\/2022\/11\/2022-06-18-Ponte-Morala-San-Teodoro_5.jpg\" data-elementor-open-lightbox=\"yes\" data-elementor-lightbox-slideshow=\"3ac7c4f\" data-e-action-hash=\"#elementor-action%3Aaction%3Dlightbox%26settings%3DeyJpZCI6OTA1NCwidXJsIjoiaHR0cHM6XC9cL3NpbW9uc2Nob2VuaG9mZi5kZVwvd3AtY29udGVudFwvdXBsb2Fkc1wvMjAyMlwvMTFcLzIwMjItMDYtMTgtUG9udGUtTW9yYWxhLVNhbi1UZW9kb3JvXzUuanBnIiwic2xpZGVzaG93IjoiM2FjN2M0ZiJ9\">\n\t\t\t\t\t<div class=\"e-gallery-image elementor-gallery-item__image\" data-thumbnail=\"https:\/\/simonschoenhoff.de\/wp-content\/uploads\/2022\/11\/2022-06-18-Ponte-Morala-San-Teodoro_5.jpg\" data-width=\"2000\" data-height=\"1333\" aria-label role=\"img\"><\/div>\n\t\t\t\t\t\t\t\t\t\t\t<div class=\"elementor-gallery-item__overlay\"><\/div>\n\t\t\t\t\t\t\t\t\t\t\t\t\t\t<\/a>\n\t\t\t\t\t\t\t<a class=\"e-gallery-item elementor-gallery-item elementor-animated-content\" href=\"https:\/\/simonschoenhoff.de\/wp-content\/uploads\/2022\/11\/2022-06-18-Ponte-Morala-San-Teodoro_7.jpg\" data-elementor-open-lightbox=\"yes\" data-elementor-lightbox-slideshow=\"3ac7c4f\" data-e-action-hash=\"#elementor-action%3Aaction%3Dlightbox%26settings%3DeyJpZCI6OTA1NiwidXJsIjoiaHR0cHM6XC9cL3NpbW9uc2Nob2VuaG9mZi5kZVwvd3AtY29udGVudFwvdXBsb2Fkc1wvMjAyMlwvMTFcLzIwMjItMDYtMTgtUG9udGUtTW9yYWxhLVNhbi1UZW9kb3JvXzcuanBnIiwic2xpZGVzaG93IjoiM2FjN2M0ZiJ9\">\n\t\t\t\t\t<div class=\"e-gallery-image elementor-gallery-item__image\" data-thumbnail=\"https:\/\/simonschoenhoff.de\/wp-content\/uploads\/2022\/11\/2022-06-18-Ponte-Morala-San-Teodoro_7.jpg\" data-width=\"2000\" data-height=\"1333\" aria-label role=\"img\"><\/div>\n\t\t\t\t\t\t\t\t\t\t\t<div class=\"elementor-gallery-item__overlay\"><\/div>\n\t\t\t\t\t\t\t\t\t\t\t\t\t\t<\/a>\n\t\t\t\t\t\t\t<a class=\"e-gallery-item elementor-gallery-item elementor-animated-content\" href=\"https:\/\/simonschoenhoff.de\/wp-content\/uploads\/2022\/11\/2022-06-18-Ponte-Morala-San-Teodoro_4.jpg\" data-elementor-open-lightbox=\"yes\" data-elementor-lightbox-slideshow=\"3ac7c4f\" data-e-action-hash=\"#elementor-action%3Aaction%3Dlightbox%26settings%3DeyJpZCI6OTA1MywidXJsIjoiaHR0cHM6XC9cL3NpbW9uc2Nob2VuaG9mZi5kZVwvd3AtY29udGVudFwvdXBsb2Fkc1wvMjAyMlwvMTFcLzIwMjItMDYtMTgtUG9udGUtTW9yYWxhLVNhbi1UZW9kb3JvXzQuanBnIiwic2xpZGVzaG93IjoiM2FjN2M0ZiJ9\">\n\t\t\t\t\t<div class=\"e-gallery-image elementor-gallery-item__image\" data-thumbnail=\"https:\/\/simonschoenhoff.de\/wp-content\/uploads\/2022\/11\/2022-06-18-Ponte-Morala-San-Teodoro_4.jpg\" data-width=\"1333\" data-height=\"2000\" aria-label role=\"img\"><\/div>\n\t\t\t\t\t\t\t\t\t\t\t<div class=\"elementor-gallery-item__overlay\"><\/div>\n\t\t\t\t\t\t\t\t\t\t\t\t\t\t<\/a>\n\t\t\t\t\t\t\t<a class=\"e-gallery-item elementor-gallery-item elementor-animated-content\" href=\"https:\/\/simonschoenhoff.de\/wp-content\/uploads\/2022\/11\/2022-06-18-Ponte-Morala-San-Teodoro_8.jpg\" data-elementor-open-lightbox=\"yes\" data-elementor-lightbox-slideshow=\"3ac7c4f\" data-e-action-hash=\"#elementor-action%3Aaction%3Dlightbox%26settings%3DeyJpZCI6OTA1NywidXJsIjoiaHR0cHM6XC9cL3NpbW9uc2Nob2VuaG9mZi5kZVwvd3AtY29udGVudFwvdXBsb2Fkc1wvMjAyMlwvMTFcLzIwMjItMDYtMTgtUG9udGUtTW9yYWxhLVNhbi1UZW9kb3JvXzguanBnIiwic2xpZGVzaG93IjoiM2FjN2M0ZiJ9\">\n\t\t\t\t\t<div class=\"e-gallery-image elementor-gallery-item__image\" data-thumbnail=\"https:\/\/simonschoenhoff.de\/wp-content\/uploads\/2022\/11\/2022-06-18-Ponte-Morala-San-Teodoro_8.jpg\" data-width=\"1333\" data-height=\"2000\" aria-label role=\"img\"><\/div>\n\t\t\t\t\t\t\t\t\t\t\t<div class=\"elementor-gallery-item__overlay\"><\/div>\n\t\t\t\t\t\t\t\t\t\t\t\t\t\t<\/a>\n\t\t\t\t\t\t\t<a class=\"e-gallery-item elementor-gallery-item elementor-animated-content\" href=\"https:\/\/simonschoenhoff.de\/wp-content\/uploads\/2022\/11\/2022-06-18-Ponte-Morala-San-Teodoro_9.jpg\" data-elementor-open-lightbox=\"yes\" data-elementor-lightbox-slideshow=\"3ac7c4f\" data-e-action-hash=\"#elementor-action%3Aaction%3Dlightbox%26settings%3DeyJpZCI6OTA1OCwidXJsIjoiaHR0cHM6XC9cL3NpbW9uc2Nob2VuaG9mZi5kZVwvd3AtY29udGVudFwvdXBsb2Fkc1wvMjAyMlwvMTFcLzIwMjItMDYtMTgtUG9udGUtTW9yYWxhLVNhbi1UZW9kb3JvXzkuanBnIiwic2xpZGVzaG93IjoiM2FjN2M0ZiJ9\">\n\t\t\t\t\t<div class=\"e-gallery-image elementor-gallery-item__image\" data-thumbnail=\"https:\/\/simonschoenhoff.de\/wp-content\/uploads\/2022\/11\/2022-06-18-Ponte-Morala-San-Teodoro_9.jpg\" data-width=\"1333\" data-height=\"2000\" aria-label role=\"img\"><\/div>\n\t\t\t\t\t\t\t\t\t\t\t<div class=\"elementor-gallery-item__overlay\"><\/div>\n\t\t\t\t\t\t\t\t\t\t\t\t\t\t<\/a>\n\t\t\t\t\t\t\t<a class=\"e-gallery-item elementor-gallery-item elementor-animated-content\" href=\"https:\/\/simonschoenhoff.de\/wp-content\/uploads\/2022\/11\/2022-06-18-Ponte-Morala-San-Teodoro_10.jpg\" data-elementor-open-lightbox=\"yes\" data-elementor-lightbox-slideshow=\"3ac7c4f\" data-e-action-hash=\"#elementor-action%3Aaction%3Dlightbox%26settings%3DeyJpZCI6OTA1OSwidXJsIjoiaHR0cHM6XC9cL3NpbW9uc2Nob2VuaG9mZi5kZVwvd3AtY29udGVudFwvdXBsb2Fkc1wvMjAyMlwvMTFcLzIwMjItMDYtMTgtUG9udGUtTW9yYWxhLVNhbi1UZW9kb3JvXzEwLmpwZyIsInNsaWRlc2hvdyI6IjNhYzdjNGYifQ%3D%3D\">\n\t\t\t\t\t<div class=\"e-gallery-image elementor-gallery-item__image\" data-thumbnail=\"https:\/\/simonschoenhoff.de\/wp-content\/uploads\/2022\/11\/2022-06-18-Ponte-Morala-San-Teodoro_10.jpg\" data-width=\"1333\" data-height=\"2000\" aria-label role=\"img\"><\/div>\n\t\t\t\t\t\t\t\t\t\t\t<div class=\"elementor-gallery-item__overlay\"><\/div>\n\t\t\t\t\t\t\t\t\t\t\t\t\t\t<\/a>\n\t\t\t\t\t<\/div>\n\t\t\t\t\t<\/div>\n\t\t\t\t<\/div>\n\t\t\t\t<div class=\"elementor-element elementor-element-f4f273d elementor-widget elementor-widget-text-editor\" data-id=\"f4f273d\" data-element_type=\"widget\" data-e-type=\"widget\" data-widget_type=\"text-editor.default\">\n\t\t\t\t<div class=\"elementor-widget-container\">\n\t\t\t\t\t\t\t\t\t<p>Als die Sonne bereits einige Zeit aufge\u00adgangen war, setzte ich mich noch ein wenig mit dem Tele-Objektiv auf den Felsen, genoss die Aussicht und foto\u00adgra\u00adfierte noch ein wenig aus der Hand. Dann machte ich mich auf den Weg zur\u00fcck in die Wohnung.<\/p>\t\t\t\t\t\t\t\t<\/div>\n\t\t\t\t<\/div>\n\t\t\t\t<div class=\"elementor-element elementor-element-75a36d6 elementor-widget elementor-widget-gallery\" data-id=\"75a36d6\" data-element_type=\"widget\" data-e-type=\"widget\" data-settings=\"{&quot;gallery_layout&quot;:&quot;masonry&quot;,&quot;columns&quot;:2,&quot;lazyload&quot;:&quot;yes&quot;,&quot;columns_tablet&quot;:2,&quot;columns_mobile&quot;:1,&quot;gap&quot;:{&quot;unit&quot;:&quot;px&quot;,&quot;size&quot;:10,&quot;sizes&quot;:[]},&quot;gap_tablet&quot;:{&quot;unit&quot;:&quot;px&quot;,&quot;size&quot;:10,&quot;sizes&quot;:[]},&quot;gap_mobile&quot;:{&quot;unit&quot;:&quot;px&quot;,&quot;size&quot;:10,&quot;sizes&quot;:[]},&quot;link_to&quot;:&quot;file&quot;,&quot;overlay_background&quot;:&quot;yes&quot;,&quot;content_hover_animation&quot;:&quot;fade-in&quot;}\" data-widget_type=\"gallery.default\">\n\t\t\t\t<div class=\"elementor-widget-container\">\n\t\t\t\t\t\t\t<div class=\"elementor-gallery__container\">\n\t\t\t\t\t\t\t<a class=\"e-gallery-item elementor-gallery-item elementor-animated-content\" href=\"https:\/\/simonschoenhoff.de\/wp-content\/uploads\/2022\/11\/2022-06-18-Ponte-Morala-San-Teodoro_11.jpg\" data-elementor-open-lightbox=\"yes\" data-elementor-lightbox-slideshow=\"75a36d6\" data-e-action-hash=\"#elementor-action%3Aaction%3Dlightbox%26settings%3DeyJpZCI6OTA2MCwidXJsIjoiaHR0cHM6XC9cL3NpbW9uc2Nob2VuaG9mZi5kZVwvd3AtY29udGVudFwvdXBsb2Fkc1wvMjAyMlwvMTFcLzIwMjItMDYtMTgtUG9udGUtTW9yYWxhLVNhbi1UZW9kb3JvXzExLmpwZyIsInNsaWRlc2hvdyI6Ijc1YTM2ZDYifQ%3D%3D\">\n\t\t\t\t\t<div class=\"e-gallery-image elementor-gallery-item__image\" data-thumbnail=\"https:\/\/simonschoenhoff.de\/wp-content\/uploads\/2022\/11\/2022-06-18-Ponte-Morala-San-Teodoro_11.jpg\" data-width=\"2000\" data-height=\"1333\" aria-label role=\"img\"><\/div>\n\t\t\t\t\t\t\t\t\t\t\t<div class=\"elementor-gallery-item__overlay\"><\/div>\n\t\t\t\t\t\t\t\t\t\t\t\t\t\t<\/a>\n\t\t\t\t\t\t\t<a class=\"e-gallery-item elementor-gallery-item elementor-animated-content\" href=\"https:\/\/simonschoenhoff.de\/wp-content\/uploads\/2022\/11\/2022-06-18-Ponte-Morala-San-Teodoro_12.jpg\" data-elementor-open-lightbox=\"yes\" data-elementor-lightbox-slideshow=\"75a36d6\" data-e-action-hash=\"#elementor-action%3Aaction%3Dlightbox%26settings%3DeyJpZCI6OTA2MSwidXJsIjoiaHR0cHM6XC9cL3NpbW9uc2Nob2VuaG9mZi5kZVwvd3AtY29udGVudFwvdXBsb2Fkc1wvMjAyMlwvMTFcLzIwMjItMDYtMTgtUG9udGUtTW9yYWxhLVNhbi1UZW9kb3JvXzEyLmpwZyIsInNsaWRlc2hvdyI6Ijc1YTM2ZDYifQ%3D%3D\">\n\t\t\t\t\t<div class=\"e-gallery-image elementor-gallery-item__image\" data-thumbnail=\"https:\/\/simonschoenhoff.de\/wp-content\/uploads\/2022\/11\/2022-06-18-Ponte-Morala-San-Teodoro_12.jpg\" data-width=\"2000\" data-height=\"1333\" aria-label role=\"img\"><\/div>\n\t\t\t\t\t\t\t\t\t\t\t<div class=\"elementor-gallery-item__overlay\"><\/div>\n\t\t\t\t\t\t\t\t\t\t\t\t\t\t<\/a>\n\t\t\t\t\t<\/div>\n\t\t\t\t\t<\/div>\n\t\t\t\t<\/div>\n\t\t\t\t<div class=\"elementor-element elementor-element-caca44b elementor-widget elementor-widget-text-editor\" data-id=\"caca44b\" data-element_type=\"widget\" data-e-type=\"widget\" data-widget_type=\"text-editor.default\">\n\t\t\t\t<div class=\"elementor-widget-container\">\n\t\t\t\t\t\t\t\t\t<p>Erst jetzt sah ich, welch einen wunder\u00adsch\u00f6nen Weg ich gegangen war. Das Licht war so wunder\u00adsch\u00f6n, dass ich in diesem Moment mein Zuhause in Deutsch\u00adland verkauft h\u00e4tte und hier direkt in ein neue Wohnung einge\u00adzogen w\u00e4re. Ein wunder\u00adsch\u00f6ner Ort.<\/p>\t\t\t\t\t\t\t\t<\/div>\n\t\t\t\t<\/div>\n\t\t\t\t<div class=\"elementor-element elementor-element-d08d21b elementor-widget elementor-widget-gallery\" data-id=\"d08d21b\" data-element_type=\"widget\" data-e-type=\"widget\" data-settings=\"{&quot;gallery_layout&quot;:&quot;masonry&quot;,&quot;columns&quot;:2,&quot;lazyload&quot;:&quot;yes&quot;,&quot;columns_tablet&quot;:2,&quot;columns_mobile&quot;:1,&quot;gap&quot;:{&quot;unit&quot;:&quot;px&quot;,&quot;size&quot;:10,&quot;sizes&quot;:[]},&quot;gap_tablet&quot;:{&quot;unit&quot;:&quot;px&quot;,&quot;size&quot;:10,&quot;sizes&quot;:[]},&quot;gap_mobile&quot;:{&quot;unit&quot;:&quot;px&quot;,&quot;size&quot;:10,&quot;sizes&quot;:[]},&quot;link_to&quot;:&quot;file&quot;,&quot;overlay_background&quot;:&quot;yes&quot;,&quot;content_hover_animation&quot;:&quot;fade-in&quot;}\" data-widget_type=\"gallery.default\">\n\t\t\t\t<div class=\"elementor-widget-container\">\n\t\t\t\t\t\t\t<div class=\"elementor-gallery__container\">\n\t\t\t\t\t\t\t<a class=\"e-gallery-item elementor-gallery-item elementor-animated-content\" href=\"https:\/\/simonschoenhoff.de\/wp-content\/uploads\/2022\/11\/2022-06-18-Ponte-Morala-San-Teodoro_13.jpg\" data-elementor-open-lightbox=\"yes\" data-elementor-lightbox-slideshow=\"d08d21b\" data-e-action-hash=\"#elementor-action%3Aaction%3Dlightbox%26settings%3DeyJpZCI6OTA2MiwidXJsIjoiaHR0cHM6XC9cL3NpbW9uc2Nob2VuaG9mZi5kZVwvd3AtY29udGVudFwvdXBsb2Fkc1wvMjAyMlwvMTFcLzIwMjItMDYtMTgtUG9udGUtTW9yYWxhLVNhbi1UZW9kb3JvXzEzLmpwZyIsInNsaWRlc2hvdyI6ImQwOGQyMWIifQ%3D%3D\">\n\t\t\t\t\t<div class=\"e-gallery-image elementor-gallery-item__image\" data-thumbnail=\"https:\/\/simonschoenhoff.de\/wp-content\/uploads\/2022\/11\/2022-06-18-Ponte-Morala-San-Teodoro_13.jpg\" data-width=\"2000\" data-height=\"1333\" aria-label role=\"img\"><\/div>\n\t\t\t\t\t\t\t\t\t\t\t<div class=\"elementor-gallery-item__overlay\"><\/div>\n\t\t\t\t\t\t\t\t\t\t\t\t\t\t<\/a>\n\t\t\t\t\t\t\t<a class=\"e-gallery-item elementor-gallery-item elementor-animated-content\" href=\"https:\/\/simonschoenhoff.de\/wp-content\/uploads\/2022\/11\/2022-06-18-Ponte-Morala-San-Teodoro_14.jpg\" data-elementor-open-lightbox=\"yes\" data-elementor-lightbox-slideshow=\"d08d21b\" data-e-action-hash=\"#elementor-action%3Aaction%3Dlightbox%26settings%3DeyJpZCI6OTA2MywidXJsIjoiaHR0cHM6XC9cL3NpbW9uc2Nob2VuaG9mZi5kZVwvd3AtY29udGVudFwvdXBsb2Fkc1wvMjAyMlwvMTFcLzIwMjItMDYtMTgtUG9udGUtTW9yYWxhLVNhbi1UZW9kb3JvXzE0LmpwZyIsInNsaWRlc2hvdyI6ImQwOGQyMWIifQ%3D%3D\">\n\t\t\t\t\t<div class=\"e-gallery-image elementor-gallery-item__image\" data-thumbnail=\"https:\/\/simonschoenhoff.de\/wp-content\/uploads\/2022\/11\/2022-06-18-Ponte-Morala-San-Teodoro_14.jpg\" data-width=\"2000\" data-height=\"1333\" aria-label role=\"img\"><\/div>\n\t\t\t\t\t\t\t\t\t\t\t<div class=\"elementor-gallery-item__overlay\"><\/div>\n\t\t\t\t\t\t\t\t\t\t\t\t\t\t<\/a>\n\t\t\t\t\t\t\t<a class=\"e-gallery-item elementor-gallery-item elementor-animated-content\" href=\"https:\/\/simonschoenhoff.de\/wp-content\/uploads\/2022\/11\/2022-06-18-Ponte-Morala-San-Teodoro_15.jpg\" data-elementor-open-lightbox=\"yes\" data-elementor-lightbox-slideshow=\"d08d21b\" data-e-action-hash=\"#elementor-action%3Aaction%3Dlightbox%26settings%3DeyJpZCI6OTA2NCwidXJsIjoiaHR0cHM6XC9cL3NpbW9uc2Nob2VuaG9mZi5kZVwvd3AtY29udGVudFwvdXBsb2Fkc1wvMjAyMlwvMTFcLzIwMjItMDYtMTgtUG9udGUtTW9yYWxhLVNhbi1UZW9kb3JvXzE1LmpwZyIsInNsaWRlc2hvdyI6ImQwOGQyMWIifQ%3D%3D\">\n\t\t\t\t\t<div class=\"e-gallery-image elementor-gallery-item__image\" data-thumbnail=\"https:\/\/simonschoenhoff.de\/wp-content\/uploads\/2022\/11\/2022-06-18-Ponte-Morala-San-Teodoro_15.jpg\" data-width=\"2000\" data-height=\"1333\" aria-label role=\"img\"><\/div>\n\t\t\t\t\t\t\t\t\t\t\t<div class=\"elementor-gallery-item__overlay\"><\/div>\n\t\t\t\t\t\t\t\t\t\t\t\t\t\t<\/a>\n\t\t\t\t\t\t\t<a class=\"e-gallery-item elementor-gallery-item elementor-animated-content\" href=\"https:\/\/simonschoenhoff.de\/wp-content\/uploads\/2022\/11\/2022-06-18-Ponte-Morala-San-Teodoro_16.jpg\" data-elementor-open-lightbox=\"yes\" data-elementor-lightbox-slideshow=\"d08d21b\" data-e-action-hash=\"#elementor-action%3Aaction%3Dlightbox%26settings%3DeyJpZCI6OTA2NSwidXJsIjoiaHR0cHM6XC9cL3NpbW9uc2Nob2VuaG9mZi5kZVwvd3AtY29udGVudFwvdXBsb2Fkc1wvMjAyMlwvMTFcLzIwMjItMDYtMTgtUG9udGUtTW9yYWxhLVNhbi1UZW9kb3JvXzE2LmpwZyIsInNsaWRlc2hvdyI6ImQwOGQyMWIifQ%3D%3D\">\n\t\t\t\t\t<div class=\"e-gallery-image elementor-gallery-item__image\" data-thumbnail=\"https:\/\/simonschoenhoff.de\/wp-content\/uploads\/2022\/11\/2022-06-18-Ponte-Morala-San-Teodoro_16.jpg\" data-width=\"1600\" data-height=\"2000\" aria-label role=\"img\"><\/div>\n\t\t\t\t\t\t\t\t\t\t\t<div class=\"elementor-gallery-item__overlay\"><\/div>\n\t\t\t\t\t\t\t\t\t\t\t\t\t\t<\/a>\n\t\t\t\t\t<\/div>\n\t\t\t\t\t<\/div>\n\t\t\t\t<\/div>\n\t\t\t\t\t<\/div>\n\t\t\t\t<\/div>\n\t\t<div class=\"elementor-element elementor-element-887c10f e-flex e-con-boxed e-con e-parent\" data-id=\"887c10f\" data-element_type=\"container\" data-e-type=\"container\" data-settings=\"{&quot;background_background&quot;:&quot;classic&quot;}\">\n\t\t\t\t\t<div class=\"e-con-inner\">\n\t\t<div class=\"elementor-element elementor-element-1c2fc4c4 e-con-full e-flex e-con e-parent\" data-id=\"1c2fc4c4\" data-element_type=\"container\" data-e-type=\"container\">\n\t\t\t\t<div class=\"elementor-element elementor-element-2f702298 elementor-widget elementor-widget-google_maps\" data-id=\"2f702298\" data-element_type=\"widget\" data-e-type=\"widget\" data-widget_type=\"google_maps.default\">\n\t\t\t\t<div class=\"elementor-widget-container\">\n\t\t\t\t\t\t\t<div class=\"elementor-custom-embed\">\n\t\t\t<iframe loading=\"lazy\" src=\"https:\/\/maps.google.com\/maps?q=Parcheggio%20di%20Punta%20Molara&amp;t=m&amp;z=15&amp;output=embed&amp;iwloc=near\" title=\"Parcheggio di Punta Molara\" aria-label=\"Parcheggio di Punta Molara\"><\/iframe>\n\t\t<\/div>\n\t\t\t\t\t\t<\/div>\n\t\t\t\t<\/div>\n\t\t\t\t<\/div>\n\t\t<div class=\"elementor-element elementor-element-29310481 e-con-full e-flex e-con e-parent\" data-id=\"29310481\" data-element_type=\"container\" data-e-type=\"container\">\n\t\t\t\t<div class=\"elementor-element elementor-element-7d635942 elementor-widget elementor-widget-heading\" data-id=\"7d635942\" data-element_type=\"widget\" data-e-type=\"widget\" data-widget_type=\"heading.default\">\n\t\t\t\t<div class=\"elementor-widget-container\">\n\t\t\t\t\t<h2 class=\"elementor-heading-title elementor-size-default\">Wie komme ich zur Punta Molara<\/h2>\t\t\t\t<\/div>\n\t\t\t\t<\/div>\n\t\t\t\t<div class=\"elementor-element elementor-element-6fd1997d elementor-widget elementor-widget-text-editor\" data-id=\"6fd1997d\" data-element_type=\"widget\" data-e-type=\"widget\" data-widget_type=\"text-editor.default\">\n\t\t\t\t<div class=\"elementor-widget-container\">\n\t\t\t\t\t\t\t\t\t<p>Gebt in Google Maps einfach \u201eParcheggio di Punta Molara\u201c ein. Von diesen Park\u00adpl\u00e4tzen aus, m\u00fcsst ihr links oder rechts um den Block laufen. Ein Fu\u00dfweg f\u00fchrt an einer Schranke vorbei den Berg&nbsp;hinab.<\/p><p>Lauft diesen Weg nach Norden entlang der K\u00fcsten\u00adlinie zwischen Str\u00e4u\u00adchern und Oleander und nach 10\u201315 Minuten Fu\u00dfmarsch werdet ihr den Aussichts\u00adpunkt auto\u00adma\u00adtisch erreichen.&nbsp;<\/p>\t\t\t\t\t\t\t\t<\/div>\n\t\t\t\t<\/div>\n\t\t\t\t<\/div>\n\t\t\t\t\t<\/div>\n\t\t\t\t<\/div>\n\t\t<div class=\"elementor-element elementor-element-fcf087d e-flex e-con-boxed e-con e-parent\" data-id=\"fcf087d\" data-element_type=\"container\" data-e-type=\"container\">\n\t\t\t\t\t<div class=\"e-con-inner\">\n\t\t\t\t<div class=\"elementor-element elementor-element-2b96de1 elementor-widget elementor-widget-heading\" data-id=\"2b96de1\" data-element_type=\"widget\" data-e-type=\"widget\" data-widget_type=\"heading.default\">\n\t\t\t\t<div class=\"elementor-widget-container\">\n\t\t\t\t\t<h3 class=\"elementor-heading-title elementor-size-default\">Heim\u00adreise &amp;&nbsp;Fazit<\/h3>\t\t\t\t<\/div>\n\t\t\t\t<\/div>\n\t\t\t\t<div class=\"elementor-element elementor-element-b93b76d elementor-widget elementor-widget-text-editor\" data-id=\"b93b76d\" data-element_type=\"widget\" data-e-type=\"widget\" data-widget_type=\"text-editor.default\">\n\t\t\t\t<div class=\"elementor-widget-container\">\n\t\t\t\t\t\t\t\t\t<p>Am n\u00e4chsten Tag hie\u00df es Abschied nehmen von Sardi\u00adnien. Wir fuhren nach Olbia und nahmen dort wieder die F\u00e4hre \u00fcber Nacht. So konnten wir am n\u00e4chsten Morgen gut ausge\u00adschlafen von Genua starten.<\/p>\t\t\t\t\t\t\t\t<\/div>\n\t\t\t\t<\/div>\n\t\t\t\t<div class=\"elementor-element elementor-element-06e003c elementor-invisible elementor-widget elementor-widget-image\" data-id=\"06e003c\" data-element_type=\"widget\" data-e-type=\"widget\" data-settings=\"{&quot;_animation&quot;:&quot;zoomIn&quot;}\" data-widget_type=\"image.default\">\n\t\t\t\t<div class=\"elementor-widget-container\">\n\t\t\t\t\t\t\t\t\t\t\t\t<figure class=\"wp-caption\">\n\t\t\t\t\t\t\t\t\t\t<img loading=\"lazy\" decoding=\"async\" width=\"2000\" height=\"1250\" src=\"https:\/\/simonschoenhoff.de\/wp-content\/uploads\/2022\/11\/2022-06-19-20-Heimfahrt-Mailand_25.jpg\" class=\"attachment-full size-full wp-image-9073\" alt srcset=\"https:\/\/simonschoenhoff.de\/wp-content\/uploads\/2022\/11\/2022-06-19-20-Heimfahrt-Mailand_25.jpg 2000w, https:\/\/simonschoenhoff.de\/wp-content\/uploads\/2022\/11\/2022-06-19-20-Heimfahrt-Mailand_25-1200x750.jpg 1200w, https:\/\/simonschoenhoff.de\/wp-content\/uploads\/2022\/11\/2022-06-19-20-Heimfahrt-Mailand_25-300x188.jpg 300w, https:\/\/simonschoenhoff.de\/wp-content\/uploads\/2022\/11\/2022-06-19-20-Heimfahrt-Mailand_25-768x480.jpg 768w, https:\/\/simonschoenhoff.de\/wp-content\/uploads\/2022\/11\/2022-06-19-20-Heimfahrt-Mailand_25-1536x960.jpg 1536w, https:\/\/simonschoenhoff.de\/wp-content\/uploads\/2022\/11\/2022-06-19-20-Heimfahrt-Mailand_25-18x12.jpg 18w\" sizes=\"(max-width: 2000px) 100vw, 2000px\">\t\t\t\t\t\t\t\t\t\t\t<figcaption class=\"widget-image-caption wp-caption-text\">Genua im Morgen\u00adlicht | Sony a7 III @ 150 mm, f\/5, 1\/400 Sek., ISO&nbsp;100<\/figcaption>\n\t\t\t\t\t\t\t\t\t\t<\/figure>\n\t\t\t\t\t\t\t\t\t<\/div>\n\t\t\t\t<\/div>\n\t\t\t\t<div class=\"elementor-element elementor-element-68574bd elementor-invisible elementor-widget elementor-widget-image\" data-id=\"68574bd\" data-element_type=\"widget\" data-e-type=\"widget\" data-settings=\"{&quot;_animation&quot;:&quot;zoomIn&quot;}\" data-widget_type=\"image.default\">\n\t\t\t\t<div class=\"elementor-widget-container\">\n\t\t\t\t\t\t\t\t\t\t\t\t<figure class=\"wp-caption\">\n\t\t\t\t\t\t\t\t\t\t<img loading=\"lazy\" decoding=\"async\" width=\"2000\" height=\"1333\" src=\"https:\/\/simonschoenhoff.de\/wp-content\/uploads\/2022\/11\/2022-06-19-20-Heimfahrt-Mailand_24.jpg\" class=\"attachment-full size-full wp-image-9072\" alt srcset=\"https:\/\/simonschoenhoff.de\/wp-content\/uploads\/2022\/11\/2022-06-19-20-Heimfahrt-Mailand_24.jpg 2000w, https:\/\/simonschoenhoff.de\/wp-content\/uploads\/2022\/11\/2022-06-19-20-Heimfahrt-Mailand_24-1200x800.jpg 1200w, https:\/\/simonschoenhoff.de\/wp-content\/uploads\/2022\/11\/2022-06-19-20-Heimfahrt-Mailand_24-300x200.jpg 300w, https:\/\/simonschoenhoff.de\/wp-content\/uploads\/2022\/11\/2022-06-19-20-Heimfahrt-Mailand_24-768x512.jpg 768w, https:\/\/simonschoenhoff.de\/wp-content\/uploads\/2022\/11\/2022-06-19-20-Heimfahrt-Mailand_24-1536x1024.jpg 1536w, https:\/\/simonschoenhoff.de\/wp-content\/uploads\/2022\/11\/2022-06-19-20-Heimfahrt-Mailand_24-18x12.jpg 18w\" sizes=\"(max-width: 2000px) 100vw, 2000px\">\t\t\t\t\t\t\t\t\t\t\t<figcaption class=\"widget-image-caption wp-caption-text\">Swirls and Turbu\u00adlences | Sony a7 III @ 94 mm, f\/6.3, 1\/500 Sek., ISO&nbsp;100<\/figcaption>\n\t\t\t\t\t\t\t\t\t\t<\/figure>\n\t\t\t\t\t\t\t\t\t<\/div>\n\t\t\t\t<\/div>\n\t\t\t\t<div class=\"elementor-element elementor-element-7f8666b elementor-widget elementor-widget-text-editor\" data-id=\"7f8666b\" data-element_type=\"widget\" data-e-type=\"widget\" data-widget_type=\"text-editor.default\">\n\t\t\t\t<div class=\"elementor-widget-container\">\n\t\t\t\t\t\t\t\t\t<p>Mit einem Zwischen\u00adstopp in Mailand, been\u00addeten wir einen wunder\u00adsch\u00f6nen Urlaub, in dem sogar ich als \u201cLand\u00adschafts\u00adfo\u00adto\u00adgraf\u201d voll auf meine Kosten gekommen bin, ohne all zu viel Zeit mit Frau und Tochter zu verlieren.<\/p>\t\t\t\t\t\t\t\t<\/div>\n\t\t\t\t<\/div>\n\t\t\t\t<div class=\"elementor-element elementor-element-8e95571 elementor-widget elementor-widget-gallery\" data-id=\"8e95571\" data-element_type=\"widget\" data-e-type=\"widget\" data-settings=\"{&quot;gallery_layout&quot;:&quot;justified&quot;,&quot;ideal_row_height&quot;:{&quot;unit&quot;:&quot;px&quot;,&quot;size&quot;:500,&quot;sizes&quot;:[]},&quot;ideal_row_height_tablet&quot;:{&quot;unit&quot;:&quot;px&quot;,&quot;size&quot;:500,&quot;sizes&quot;:[]},&quot;ideal_row_height_mobile&quot;:{&quot;unit&quot;:&quot;px&quot;,&quot;size&quot;:500,&quot;sizes&quot;:[]},&quot;lazyload&quot;:&quot;yes&quot;,&quot;gap&quot;:{&quot;unit&quot;:&quot;px&quot;,&quot;size&quot;:10,&quot;sizes&quot;:[]},&quot;gap_tablet&quot;:{&quot;unit&quot;:&quot;px&quot;,&quot;size&quot;:10,&quot;sizes&quot;:[]},&quot;gap_mobile&quot;:{&quot;unit&quot;:&quot;px&quot;,&quot;size&quot;:10,&quot;sizes&quot;:[]},&quot;link_to&quot;:&quot;file&quot;,&quot;overlay_background&quot;:&quot;yes&quot;,&quot;content_hover_animation&quot;:&quot;fade-in&quot;}\" data-widget_type=\"gallery.default\">\n\t\t\t\t<div class=\"elementor-widget-container\">\n\t\t\t\t\t\t\t<div class=\"elementor-gallery__container\">\n\t\t\t\t\t\t\t<a class=\"e-gallery-item elementor-gallery-item elementor-animated-content\" href=\"https:\/\/simonschoenhoff.de\/wp-content\/uploads\/2022\/11\/2022-06-19-20-Heimfahrt-Mailand_27.jpg\" data-elementor-open-lightbox=\"yes\" data-elementor-lightbox-slideshow=\"8e95571\" data-e-action-hash=\"#elementor-action%3Aaction%3Dlightbox%26settings%3DeyJpZCI6OTA3NSwidXJsIjoiaHR0cHM6XC9cL3NpbW9uc2Nob2VuaG9mZi5kZVwvd3AtY29udGVudFwvdXBsb2Fkc1wvMjAyMlwvMTFcLzIwMjItMDYtMTktMjAtSGVpbWZhaHJ0LU1haWxhbmRfMjcuanBnIiwic2xpZGVzaG93IjoiOGU5NTU3MSJ9\">\n\t\t\t\t\t<div class=\"e-gallery-image elementor-gallery-item__image\" data-thumbnail=\"https:\/\/simonschoenhoff.de\/wp-content\/uploads\/2022\/11\/2022-06-19-20-Heimfahrt-Mailand_27.jpg\" data-width=\"1333\" data-height=\"2000\" aria-label role=\"img\"><\/div>\n\t\t\t\t\t\t\t\t\t\t\t<div class=\"elementor-gallery-item__overlay\"><\/div>\n\t\t\t\t\t\t\t\t\t\t\t\t\t\t<\/a>\n\t\t\t\t\t\t\t<a class=\"e-gallery-item elementor-gallery-item elementor-animated-content\" href=\"https:\/\/simonschoenhoff.de\/wp-content\/uploads\/2022\/11\/2022-06-19-20-Heimfahrt-Mailand_26.jpg\" data-elementor-open-lightbox=\"yes\" data-elementor-lightbox-slideshow=\"8e95571\" data-e-action-hash=\"#elementor-action%3Aaction%3Dlightbox%26settings%3DeyJpZCI6OTA3NCwidXJsIjoiaHR0cHM6XC9cL3NpbW9uc2Nob2VuaG9mZi5kZVwvd3AtY29udGVudFwvdXBsb2Fkc1wvMjAyMlwvMTFcLzIwMjItMDYtMTktMjAtSGVpbWZhaHJ0LU1haWxhbmRfMjYuanBnIiwic2xpZGVzaG93IjoiOGU5NTU3MSJ9\">\n\t\t\t\t\t<div class=\"e-gallery-image elementor-gallery-item__image\" data-thumbnail=\"https:\/\/simonschoenhoff.de\/wp-content\/uploads\/2022\/11\/2022-06-19-20-Heimfahrt-Mailand_26.jpg\" data-width=\"2000\" data-height=\"1333\" aria-label role=\"img\"><\/div>\n\t\t\t\t\t\t\t\t\t\t\t<div class=\"elementor-gallery-item__overlay\"><\/div>\n\t\t\t\t\t\t\t\t\t\t\t\t\t\t<\/a>\n\t\t\t\t\t<\/div>\n\t\t\t\t\t<\/div>\n\t\t\t\t<\/div>\n\t\t\t\t<div class=\"elementor-element elementor-element-39747c8 elementor-widget elementor-widget-text-editor\" data-id=\"39747c8\" data-element_type=\"widget\" data-e-type=\"widget\" data-widget_type=\"text-editor.default\">\n\t\t\t\t<div class=\"elementor-widget-container\">\n\t\t\t\t\t\t\t\t\t<p>Ganz ehrlich? Sardi\u00adnien hat mich nach\u00adhaltig beein\u00addruckt. Eine so sch\u00f6ne Insel. Klar leidet sie auch unter dem Klima\u00adwandel und einer enormen Trocken\u00adheit. Aber hier hat man sich schon seit vielen Jahren gut damit arran\u00adgiert. An den K\u00fcsten ist es mit einer leichten Brise auch gut ertr\u00e4glich.<\/p>\t\t\t\t\t\t\t\t<\/div>\n\t\t\t\t<\/div>\n\t\t\t\t<div class=\"elementor-element elementor-element-99f3974 elementor-widget elementor-widget-text-editor\" data-id=\"99f3974\" data-element_type=\"widget\" data-e-type=\"widget\" data-widget_type=\"text-editor.default\">\n\t\t\t\t<div class=\"elementor-widget-container\">\n\t\t\t\t\t\t\t\t\t<p>Jeder\u00adzeit w\u00fcrde ich wieder hier her kommen. Die Sand\u00adstr\u00e4nde sind einfach wunderbar und die vielen Buchten, Felsen und verschie\u00addene Land\u00adstriche sind auch f\u00fcr Land\u00adschafts\u00adfo\u00adto\u00adgrafen wunderbar. F\u00fcr mich war es das erste mal f\u00fcr l\u00e4ngere Zeit am Meer und ich konnte viel Erfah\u00adrung sammeln im Foto\u00adgra\u00adfieren am Meer, auch wenn in diesem Fall der richtig starke Wellen\u00adgang nicht vorhanden war. Viel\u00adleicht gehen wir daf\u00fcr mal an Englands oder Frank\u00adreichs K\u00fcste, Portugal oder Spanien. Mal schauen<\/p>\t\t\t\t\t\t\t\t<\/div>\n\t\t\t\t<\/div>\n\t\t\t\t\t<\/div>\n\t\t\t\t<\/div>\n\t\t\t\t<\/div>","protected":false},"excerpt":{"rendered":"<p>Unseren dies\u00adj\u00e4h\u00adrigen Sommer\u00adur\u00adlaub verbrachten wir auf der gro\u00dfen und wunder\u00adsch\u00f6nen Insel Sardi\u00adnien. Das Spagat zwischen meiner Leiden\u00adschaft der Land\u00adschafts\u00adfo\u00adto\u00adgrafie und einem tollen Fami\u00adli\u00aden\u00adur\u00adlaub war f\u00fcr mich noch nie so einfach zu meis\u00adtern. Und dank herr\u00adli\u00adchen Tempe\u00adra\u00adturen schon zu Sonnen\u00adauf\u00adgang genoss ich einige Tage lang Land\u00adschafts\u00adfo\u00adto\u00adgrafie in Flip-Flops.<\/p>","protected":false},"author":1,"featured_media":9149,"comment_status":"open","ping_status":"open","sticky":false,"template":"","format":"standard","meta":{"wp_typography_post_enhancements_disabled":false,"footnotes":""},"categories":[4,7,55],"tags":[144,90,236],"class_list":["post-9105","post","type-post","status-publish","format-standard","has-post-thumbnail","hentry","category-blog","category-foto-locations","category-italien","tag-foto-spots","tag-italien","tag-sardinien"],"_links":{"self":[{"href":"https:\/\/simonschoenhoff.de\/en\/wp-json\/wp\/v2\/posts\/9105","targetHints":{"allow":["GET"]}}],"collection":[{"href":"https:\/\/simonschoenhoff.de\/en\/wp-json\/wp\/v2\/posts"}],"about":[{"href":"https:\/\/simonschoenhoff.de\/en\/wp-json\/wp\/v2\/types\/post"}],"author":[{"embeddable":true,"href":"https:\/\/simonschoenhoff.de\/en\/wp-json\/wp\/v2\/users\/1"}],"replies":[{"embeddable":true,"href":"https:\/\/simonschoenhoff.de\/en\/wp-json\/wp\/v2\/comments?post=9105"}],"version-history":[{"count":25,"href":"https:\/\/simonschoenhoff.de\/en\/wp-json\/wp\/v2\/posts\/9105\/revisions"}],"predecessor-version":[{"id":10011,"href":"https:\/\/simonschoenhoff.de\/en\/wp-json\/wp\/v2\/posts\/9105\/revisions\/10011"}],"wp:featuredmedia":[{"embeddable":true,"href":"https:\/\/simonschoenhoff.de\/en\/wp-json\/wp\/v2\/media\/9149"}],"wp:attachment":[{"href":"https:\/\/simonschoenhoff.de\/en\/wp-json\/wp\/v2\/media?parent=9105"}],"wp:term":[{"taxonomy":"category","embeddable":true,"href":"https:\/\/simonschoenhoff.de\/en\/wp-json\/wp\/v2\/categories?post=9105"},{"taxonomy":"post_tag","embeddable":true,"href":"https:\/\/simonschoenhoff.de\/en\/wp-json\/wp\/v2\/tags?post=9105"}],"curies":[{"name":"wp","href":"https:\/\/api.w.org\/{rel}","templated":true}]}}