{"id":8896,"date":"2022-10-21T13:46:20","date_gmt":"2022-10-21T13:46:20","guid":{"rendered":"https:\/\/simonschoenhoff.de\/?p=8896"},"modified":"2022-12-30T22:37:19","modified_gmt":"2022-12-30T22:37:19","slug":"sardinien-landschaftsfotografie-in-flip-flops-3","status":"publish","type":"post","link":"https:\/\/simonschoenhoff.de\/en\/sardinien-landschaftsfotografie-in-flip-flops-3\/","title":{"rendered":"Sardi\u00adnien \u2013 Land\u00adschafts\u00adfo\u00adto\u00adgrafie in Flip-Flops 3"},"content":{"rendered":"<div data-elementor-type=\"wp-post\" data-elementor-id=\"8896\" class=\"elementor elementor-8896\" data-elementor-post-type=\"post\">\n\t\t\t\t<div class=\"elementor-element elementor-element-ab0de07 e-flex e-con-boxed e-con e-parent\" data-id=\"ab0de07\" data-element_type=\"container\" data-e-type=\"container\">\n\t\t\t\t\t<div class=\"e-con-inner\">\n\t\t\t\t<div class=\"elementor-element elementor-element-90009e5 elementor-widget elementor-widget-menu-anchor\" data-id=\"90009e5\" data-element_type=\"widget\" data-e-type=\"widget\" data-widget_type=\"menu-anchor.default\">\n\t\t\t\t<div class=\"elementor-widget-container\">\n\t\t\t\t\t\t\t<div class=\"elementor-menu-anchor\" id=\"seite\"><\/div>\n\t\t\t\t\t\t<\/div>\n\t\t\t\t<\/div>\n\t\t\t\t<div class=\"elementor-element elementor-element-db4b4ab elementor-widget elementor-widget-heading\" data-id=\"db4b4ab\" data-element_type=\"widget\" data-e-type=\"widget\" data-widget_type=\"heading.default\">\n\t\t\t\t<div class=\"elementor-widget-container\">\n\t\t\t\t\t<h2 class=\"elementor-heading-title elementor-size-default\">Sardi\u00adnien \u2013 Land\u00adschafts\u00adfo\u00adto\u00adgrafie in Flip-Flops 3<\/h2>\t\t\t\t<\/div>\n\t\t\t\t<\/div>\n\t\t\t\t<div class=\"elementor-element elementor-element-9ef4b3a elementor-widget elementor-widget-text-editor\" data-id=\"9ef4b3a\" data-element_type=\"widget\" data-e-type=\"widget\" data-widget_type=\"text-editor.default\">\n\t\t\t\t<div class=\"elementor-widget-container\">\n\t\t\t\t\t\t\t\t\tUnseren dies\u00adj\u00e4h\u00adrigen Sommer\u00adur\u00adlaub verbrachten wir auf der gro\u00dfen und wunder\u00adsch\u00f6nen Insel Sardi\u00adnien. Das Spagat zwischen meiner Leiden\u00adschaft der Land\u00adschafts\u00adfo\u00adto\u00adgrafie und einem tollen Fami\u00adli\u00aden\u00adur\u00adlaub war f\u00fcr mich noch nie so einfach zu meis\u00adtern. Und dank herr\u00adli\u00adchen Tempe\u00adra\u00adturen schon zu Sonnen\u00adauf\u00adgang genoss ich einige Tage lang Land\u00adschafts\u00adfo\u00adto\u00adgrafie in Flip-Flops.&nbsp;<\/div>\n\t\t\t\t<\/div>\n\t\t\t\t<div class=\"elementor-element elementor-element-c790c30 elementor-widget elementor-widget-text-editor\" data-id=\"c790c30\" data-element_type=\"widget\" data-e-type=\"widget\" data-widget_type=\"text-editor.default\">\n\t\t\t\t<div class=\"elementor-widget-container\">\n\t\t\t\t\t\t\t\t\t<p>Nach dem wir im <a href=\"https:\/\/simonschoenhoff.de\/en\/sardinien-landschaftsfotografie-in-flip-flops-1\/\">ersten Teil unserer Reise<\/a> in Stin\u00adtino waren, geht es nach dem <a href=\"https:\/\/simonschoenhoff.de\/en\/sardinien-landschaftsfotografie-in-flip-flops-2\/\">zweiten Teil in Alghero<\/a> nun in die kleine Ortschaft Grande Torre.<\/p>\t\t\t\t\t\t\t\t<\/div>\n\t\t\t\t<\/div>\n\t\t\t\t\t<\/div>\n\t\t\t\t<\/div>\n\t\t<div class=\"elementor-element elementor-element-967cdf6 e-flex e-con-boxed e-con e-parent\" data-id=\"967cdf6\" data-element_type=\"container\" data-e-type=\"container\">\n\t\t\t\t\t<div class=\"e-con-inner\">\n\t\t\t\t<div class=\"elementor-element elementor-element-ade6039 elementor-widget elementor-widget-heading\" data-id=\"ade6039\" data-element_type=\"widget\" data-e-type=\"widget\" data-widget_type=\"heading.default\">\n\t\t\t\t<div class=\"elementor-widget-container\">\n\t\t\t\t\t<h3 class=\"elementor-heading-title elementor-size-default\">Grande Torre<\/h3>\t\t\t\t<\/div>\n\t\t\t\t<\/div>\n\t\t\t\t<div class=\"elementor-element elementor-element-fb178ba elementor-widget elementor-widget-text-editor\" data-id=\"fb178ba\" data-element_type=\"widget\" data-e-type=\"widget\" data-widget_type=\"text-editor.default\">\n\t\t\t\t<div class=\"elementor-widget-container\">\n\t\t\t\t\t\t\t\t\t<p>Ange\u00adkommen in dem kleinen Ort Grande Torre stellten wir fest, dass wir es mit unserer Wohnung richtig gut erwischt hatte. Von der Stra\u00ad\u00dfen\u00adseite aus, konnten wir direkt vor dem Eingang parken. Die lange schmale Wohnung f\u00fchrte aber auf der R\u00fcck\u00adseite direkt zum Strand hinaus. Ich lie\u00df meinen Blick direkt schweifen. Zum Urlaub machen, richtig toll, aber ich glaube f\u00fcr Land\u00adschafts\u00adauf\u00adnahmen finde ich hier nichts, dachte ich. Einzig und allein ein Baum, direkt auf der Strand\u00adseite vor unserer Wohnung entdeckte ich, als ich mit unserer Tochter die Prome\u00adnade ab lief. Diesen m\u00f6chte ich unbe\u00addingt fotografieren.<\/p>\t\t\t\t\t\t\t\t<\/div>\n\t\t\t\t<\/div>\n\t\t\t\t<div class=\"elementor-element elementor-element-a911bc6 elementor-invisible elementor-widget elementor-widget-image\" data-id=\"a911bc6\" data-element_type=\"widget\" data-e-type=\"widget\" data-settings=\"{&quot;_animation&quot;:&quot;zoomIn&quot;}\" data-widget_type=\"image.default\">\n\t\t\t\t<div class=\"elementor-widget-container\">\n\t\t\t\t\t\t\t\t\t\t\t\t<figure class=\"wp-caption\">\n\t\t\t\t\t\t\t\t\t\t<img fetchpriority=\"high\" decoding=\"async\" width=\"1333\" height=\"2000\" src=\"https:\/\/simonschoenhoff.de\/wp-content\/uploads\/2022\/10\/2022-06-13-Bosa-Grande-Torre_2.jpg\" class=\"attachment-full size-full wp-image-8869\" alt srcset=\"https:\/\/simonschoenhoff.de\/wp-content\/uploads\/2022\/10\/2022-06-13-Bosa-Grande-Torre_2.jpg 1333w, https:\/\/simonschoenhoff.de\/wp-content\/uploads\/2022\/10\/2022-06-13-Bosa-Grande-Torre_2-1200x1800.jpg 1200w, https:\/\/simonschoenhoff.de\/wp-content\/uploads\/2022\/10\/2022-06-13-Bosa-Grande-Torre_2-200x300.jpg 200w, https:\/\/simonschoenhoff.de\/wp-content\/uploads\/2022\/10\/2022-06-13-Bosa-Grande-Torre_2-768x1152.jpg 768w, https:\/\/simonschoenhoff.de\/wp-content\/uploads\/2022\/10\/2022-06-13-Bosa-Grande-Torre_2-1024x1536.jpg 1024w, https:\/\/simonschoenhoff.de\/wp-content\/uploads\/2022\/10\/2022-06-13-Bosa-Grande-Torre_2-8x12.jpg 8w\" sizes=\"(max-width: 1333px) 100vw, 1333px\">\t\t\t\t\t\t\t\t\t\t\t<figcaption class=\"widget-image-caption wp-caption-text\">Am Strand von Grande Torre | Sony a7 III @ 100 mm, f\/8, 1\/500 Sek., ISO&nbsp;100<\/figcaption>\n\t\t\t\t\t\t\t\t\t\t<\/figure>\n\t\t\t\t\t\t\t\t\t<\/div>\n\t\t\t\t<\/div>\n\t\t\t\t<div class=\"elementor-element elementor-element-97fb2a2 elementor-widget elementor-widget-text-editor\" data-id=\"97fb2a2\" data-element_type=\"widget\" data-e-type=\"widget\" data-widget_type=\"text-editor.default\">\n\t\t\t\t<div class=\"elementor-widget-container\">\n\t\t\t\t\t\t\t\t\t<p>Grande Torre ist ziem\u00adlich in die l\u00e4nge gezogen, entlang des Strandes der Bucht. Etwa in der Mitte steht ein gro\u00dfer Turm, von dem sich wohl der Orts\u00adname ablei\u00adtete. Umgeben von einigen kleinen Pini\u00aden\u00adw\u00e4l\u00addern und vielen Feucht\u00adwiesen, liegt der Ort in einer recht lang\u00adwei\u00adligen, flachen Umge\u00adbung. Mit Nebel \u00fcber den Feucht\u00adwiesen war aufgrund der Trocken\u00adheit nicht zu rechnen und ob die Pini\u00aden\u00adw\u00e4lder fotogen sind, m\u00fcsste ich mir mal genauer anschauen.<\/p>\t\t\t\t\t\t\t\t<\/div>\n\t\t\t\t<\/div>\n\t\t\t\t<div class=\"elementor-element elementor-element-ec044c3 elementor-invisible elementor-widget elementor-widget-image\" data-id=\"ec044c3\" data-element_type=\"widget\" data-e-type=\"widget\" data-settings=\"{&quot;_animation&quot;:&quot;zoomIn&quot;}\" data-widget_type=\"image.default\">\n\t\t\t\t<div class=\"elementor-widget-container\">\n\t\t\t\t\t\t\t\t\t\t\t\t<figure class=\"wp-caption\">\n\t\t\t\t\t\t\t\t\t\t<img decoding=\"async\" width=\"2000\" height=\"1333\" src=\"https:\/\/simonschoenhoff.de\/wp-content\/uploads\/2022\/10\/DJI-Mini-3-Pro_1.jpg\" class=\"attachment-full size-full wp-image-8893\" alt srcset=\"https:\/\/simonschoenhoff.de\/wp-content\/uploads\/2022\/10\/DJI-Mini-3-Pro_1.jpg 2000w, https:\/\/simonschoenhoff.de\/wp-content\/uploads\/2022\/10\/DJI-Mini-3-Pro_1-1200x800.jpg 1200w, https:\/\/simonschoenhoff.de\/wp-content\/uploads\/2022\/10\/DJI-Mini-3-Pro_1-300x200.jpg 300w, https:\/\/simonschoenhoff.de\/wp-content\/uploads\/2022\/10\/DJI-Mini-3-Pro_1-768x512.jpg 768w, https:\/\/simonschoenhoff.de\/wp-content\/uploads\/2022\/10\/DJI-Mini-3-Pro_1-1536x1024.jpg 1536w, https:\/\/simonschoenhoff.de\/wp-content\/uploads\/2022\/10\/DJI-Mini-3-Pro_1-18x12.jpg 18w\" sizes=\"(max-width: 2000px) 100vw, 2000px\">\t\t\t\t\t\t\t\t\t\t\t<figcaption class=\"widget-image-caption wp-caption-text\">Grande Torre | DJI Mini 3 Pro @ 24 mm, f\/1.7, 1\/1600 Sek., ISO&nbsp;100<\/figcaption>\n\t\t\t\t\t\t\t\t\t\t<\/figure>\n\t\t\t\t\t\t\t\t\t<\/div>\n\t\t\t\t<\/div>\n\t\t\t\t<div class=\"elementor-element elementor-element-bb9bc71 elementor-widget elementor-widget-text-editor\" data-id=\"bb9bc71\" data-element_type=\"widget\" data-e-type=\"widget\" data-widget_type=\"text-editor.default\">\n\t\t\t\t<div class=\"elementor-widget-container\">\n\t\t\t\t\t\t\t\t\t<p>In einigen Kilo\u00adme\u00adtern Entfer\u00adnung liegt die gr\u00f6\u00dfere Stadt Oristano. Nachdem wir Land\u00adeier aber gen\u00fc\u00adgend Stadt in Alghero gesehen hatten, lie\u00dfen wir den Ort f\u00fcr die n\u00e4chsten Tage aus unserem Programm drau\u00dfen. Mehr inter\u00ades\u00adsierten wir uns f\u00fcr die Sinis-Halb\u00adinsel. Sch\u00f6ne Sand\u00adstr\u00e4nde f\u00fcr den Tag und einen wunder\u00adsch\u00f6n foto\u00adgenen Ort mit einem Turm auf der Halb\u00adinsel San Giovanni di Sinis konnte ich schon im Vorfeld ausfindig machen.<\/p>\t\t\t\t\t\t\t\t<\/div>\n\t\t\t\t<\/div>\n\t\t\t\t\t<\/div>\n\t\t\t\t<\/div>\n\t\t<div class=\"elementor-element elementor-element-73338ed e-flex e-con-boxed e-con e-parent\" data-id=\"73338ed\" data-element_type=\"container\" data-e-type=\"container\">\n\t\t\t\t\t<div class=\"e-con-inner\">\n\t\t\t\t<div class=\"elementor-element elementor-element-a91cbc7 elementor-widget elementor-widget-heading\" data-id=\"a91cbc7\" data-element_type=\"widget\" data-e-type=\"widget\" data-widget_type=\"heading.default\">\n\t\t\t\t<div class=\"elementor-widget-container\">\n\t\t\t\t\t<h3 class=\"elementor-heading-title elementor-size-default\">Sinis-Halb\u00adinsel<\/h3>\t\t\t\t<\/div>\n\t\t\t\t<\/div>\n\t\t\t\t<div class=\"elementor-element elementor-element-b229b15 elementor-widget elementor-widget-text-editor\" data-id=\"b229b15\" data-element_type=\"widget\" data-e-type=\"widget\" data-widget_type=\"text-editor.default\">\n\t\t\t\t<div class=\"elementor-widget-container\">\n\t\t\t\t\t\t\t\t\t<p>Die Halb\u00adinsel San Giovanni die Sinis h\u00e4lt in der Tat einige wunder\u00adsch\u00f6ne Orte bereit. Einer der bekann\u00adtesten und auch wirk\u00adlich sehens\u00adwerten Strand auf der Halb\u00adinsel ist \u201cIs Arutas\u201d. Seine Sand\u00adk\u00f6rner sind wesent\u00adlich gr\u00f6\u00dfer, als es bei normalem Sand der Fall ist und ganz wei\u00df. Man sinkt bei jedem Schritt deut\u00adlich st\u00e4rker ein, aber man hat nicht so viel Sand an sich kleben, da er viel schneller abf\u00e4llt. Also unbe\u00addingt besu\u00adchen gehen, wenn ihr in der N\u00e4he&nbsp;seid!<\/p>\t\t\t\t\t\t\t\t<\/div>\n\t\t\t\t<\/div>\n\t\t\t\t<div class=\"elementor-element elementor-element-c54f6b9 elementor-invisible elementor-widget elementor-widget-image\" data-id=\"c54f6b9\" data-element_type=\"widget\" data-e-type=\"widget\" data-settings=\"{&quot;_animation&quot;:&quot;zoomIn&quot;}\" data-widget_type=\"image.default\">\n\t\t\t\t<div class=\"elementor-widget-container\">\n\t\t\t\t\t\t\t\t\t\t\t\t<figure class=\"wp-caption\">\n\t\t\t\t\t\t\t\t\t\t<img decoding=\"async\" width=\"2000\" height=\"1333\" src=\"https:\/\/simonschoenhoff.de\/wp-content\/uploads\/2022\/10\/2022-06-15-Sinis-Grande-Torre_20.jpg\" class=\"attachment-full size-full wp-image-8884\" alt srcset=\"https:\/\/simonschoenhoff.de\/wp-content\/uploads\/2022\/10\/2022-06-15-Sinis-Grande-Torre_20.jpg 2000w, https:\/\/simonschoenhoff.de\/wp-content\/uploads\/2022\/10\/2022-06-15-Sinis-Grande-Torre_20-1200x800.jpg 1200w, https:\/\/simonschoenhoff.de\/wp-content\/uploads\/2022\/10\/2022-06-15-Sinis-Grande-Torre_20-300x200.jpg 300w, https:\/\/simonschoenhoff.de\/wp-content\/uploads\/2022\/10\/2022-06-15-Sinis-Grande-Torre_20-768x512.jpg 768w, https:\/\/simonschoenhoff.de\/wp-content\/uploads\/2022\/10\/2022-06-15-Sinis-Grande-Torre_20-1536x1024.jpg 1536w, https:\/\/simonschoenhoff.de\/wp-content\/uploads\/2022\/10\/2022-06-15-Sinis-Grande-Torre_20-18x12.jpg 18w\" sizes=\"(max-width: 2000px) 100vw, 2000px\">\t\t\t\t\t\t\t\t\t\t\t<figcaption class=\"widget-image-caption wp-caption-text\">Am Is Arutas Strand | Sony a7 III @ 16 mm, f\/11, 1\/50 Sek., ISO&nbsp;100<\/figcaption>\n\t\t\t\t\t\t\t\t\t\t<\/figure>\n\t\t\t\t\t\t\t\t\t<\/div>\n\t\t\t\t<\/div>\n\t\t\t\t<div class=\"elementor-element elementor-element-91a57e0 elementor-widget elementor-widget-text-editor\" data-id=\"91a57e0\" data-element_type=\"widget\" data-e-type=\"widget\" data-widget_type=\"text-editor.default\">\n\t\t\t\t<div class=\"elementor-widget-container\">\n\t\t\t\t\t\t\t\t\t<p>An einem sch\u00f6nen Abend machte ich mich auf die Socken, um den Turm im Abend\u00adlicht zu foto\u00adgra\u00adfieren. Es bestand eine 50:50 Chance, dass es einen Sonnen\u00adun\u00adter\u00adgang gibt, also hoffte ich auf das&nbsp;beste.<\/p>\t\t\t\t\t\t\t\t<\/div>\n\t\t\t\t<\/div>\n\t\t\t\t<div class=\"elementor-element elementor-element-989282d elementor-widget elementor-widget-text-editor\" data-id=\"989282d\" data-element_type=\"widget\" data-e-type=\"widget\" data-widget_type=\"text-editor.default\">\n\t\t\t\t<div class=\"elementor-widget-container\">\n\t\t\t\t\t\t\t\t\t<p>Die Fahrt von Grande Torre dauert ca. 20 min. Am Park\u00adplatz ange\u00adkommen schnappte ich meine Foto\u00adaus\u00adr\u00fcs\u00adtung und schlappte am Turm vorbei, um eine s\u00fcdliche Posi\u00adtion zu suchen. Auf dem Weg kommt man an einer gro\u00dfen arch\u00e4o\u00adlo\u00adgi\u00adschen Ausgra\u00adbungs\u00adst\u00e4tte vorbei. Ich hatte einige Minuten, also lie\u00df ich die Drohne etwas dr\u00fcber fliegen. Dann ging ich weiter.<\/p>\t\t\t\t\t\t\t\t<\/div>\n\t\t\t\t<\/div>\n\t\t\t\t<div class=\"elementor-element elementor-element-866a184 elementor-invisible elementor-widget elementor-widget-image\" data-id=\"866a184\" data-element_type=\"widget\" data-e-type=\"widget\" data-settings=\"{&quot;_animation&quot;:&quot;zoomIn&quot;}\" data-widget_type=\"image.default\">\n\t\t\t\t<div class=\"elementor-widget-container\">\n\t\t\t\t\t\t\t\t\t\t\t\t<figure class=\"wp-caption\">\n\t\t\t\t\t\t\t\t\t\t<img loading=\"lazy\" decoding=\"async\" width=\"2000\" height=\"1500\" src=\"https:\/\/simonschoenhoff.de\/wp-content\/uploads\/2022\/10\/DJI-Mini-3-Pro_2.jpg\" class=\"attachment-full size-full wp-image-8894\" alt srcset=\"https:\/\/simonschoenhoff.de\/wp-content\/uploads\/2022\/10\/DJI-Mini-3-Pro_2.jpg 2000w, https:\/\/simonschoenhoff.de\/wp-content\/uploads\/2022\/10\/DJI-Mini-3-Pro_2-1200x900.jpg 1200w, https:\/\/simonschoenhoff.de\/wp-content\/uploads\/2022\/10\/DJI-Mini-3-Pro_2-300x225.jpg 300w, https:\/\/simonschoenhoff.de\/wp-content\/uploads\/2022\/10\/DJI-Mini-3-Pro_2-768x576.jpg 768w, https:\/\/simonschoenhoff.de\/wp-content\/uploads\/2022\/10\/DJI-Mini-3-Pro_2-1536x1152.jpg 1536w, https:\/\/simonschoenhoff.de\/wp-content\/uploads\/2022\/10\/DJI-Mini-3-Pro_2-16x12.jpg 16w\" sizes=\"(max-width: 2000px) 100vw, 2000px\">\t\t\t\t\t\t\t\t\t\t\t<figcaption class=\"widget-image-caption wp-caption-text\">Arch\u00e4o\u00adlo\u00adgi\u00adsche Ausgra\u00adbungs\u00adst\u00e4tte | DJI Mini 3 Pro @ 24 mm, f\/1.7, 1\/125 Sek., ISO&nbsp;100<\/figcaption>\n\t\t\t\t\t\t\t\t\t\t<\/figure>\n\t\t\t\t\t\t\t\t\t<\/div>\n\t\t\t\t<\/div>\n\t\t\t\t<div class=\"elementor-element elementor-element-9bcb24d elementor-widget elementor-widget-text-editor\" data-id=\"9bcb24d\" data-element_type=\"widget\" data-e-type=\"widget\" data-widget_type=\"text-editor.default\">\n\t\t\t\t<div class=\"elementor-widget-container\">\n\t\t\t\t\t\t\t\t\t<p>Bereits im Voraus machte ich mir Gedanken, wie ich den Turm foto\u00adgra\u00adfieren wollte und ich wusste, dass es sein kann, dass er einige Zeit vor dem Sonn\u00adun\u00adter\u00adgang beson\u00adders fotogen sein k\u00f6nnte. Ich suchte einige Minuten nach einer sch\u00f6nen Posi\u00adtion f\u00fcr den Bild\u00adaufbau und machte auch einige Schnapp\u00adsch\u00fcsse eines zweiten Turms, den ich so gar nicht auf der Karte gesehen hatte (obwohl er nat\u00fcr\u00adlich ersicht\u00adlich&nbsp;war).<\/p>\t\t\t\t\t\t\t\t<\/div>\n\t\t\t\t<\/div>\n\t\t\t\t<div class=\"elementor-element elementor-element-2dd4adc elementor-widget elementor-widget-gallery\" data-id=\"2dd4adc\" data-element_type=\"widget\" data-e-type=\"widget\" data-settings=\"{&quot;gallery_layout&quot;:&quot;masonry&quot;,&quot;columns&quot;:2,&quot;lazyload&quot;:&quot;yes&quot;,&quot;columns_tablet&quot;:2,&quot;columns_mobile&quot;:1,&quot;gap&quot;:{&quot;unit&quot;:&quot;px&quot;,&quot;size&quot;:10,&quot;sizes&quot;:[]},&quot;gap_tablet&quot;:{&quot;unit&quot;:&quot;px&quot;,&quot;size&quot;:10,&quot;sizes&quot;:[]},&quot;gap_mobile&quot;:{&quot;unit&quot;:&quot;px&quot;,&quot;size&quot;:10,&quot;sizes&quot;:[]},&quot;link_to&quot;:&quot;file&quot;,&quot;overlay_background&quot;:&quot;yes&quot;,&quot;content_hover_animation&quot;:&quot;fade-in&quot;}\" data-widget_type=\"gallery.default\">\n\t\t\t\t<div class=\"elementor-widget-container\">\n\t\t\t\t\t\t\t<div class=\"elementor-gallery__container\">\n\t\t\t\t\t\t\t<a class=\"e-gallery-item elementor-gallery-item elementor-animated-content\" href=\"https:\/\/simonschoenhoff.de\/wp-content\/uploads\/2022\/10\/DJI-Mini-3-Pro_22.jpg\" data-elementor-open-lightbox=\"yes\" data-elementor-lightbox-slideshow=\"2dd4adc\" data-e-action-hash=\"#elementor-action%3Aaction%3Dlightbox%26settings%3DeyJpZCI6ODg5NSwidXJsIjoiaHR0cHM6XC9cL3NpbW9uc2Nob2VuaG9mZi5kZVwvd3AtY29udGVudFwvdXBsb2Fkc1wvMjAyMlwvMTBcL0RKSS1NaW5pLTMtUHJvXzIyLmpwZyIsInNsaWRlc2hvdyI6IjJkZDRhZGMifQ%3D%3D\">\n\t\t\t\t\t<div class=\"e-gallery-image elementor-gallery-item__image\" data-thumbnail=\"https:\/\/simonschoenhoff.de\/wp-content\/uploads\/2022\/10\/DJI-Mini-3-Pro_22.jpg\" data-width=\"1500\" data-height=\"2000\" aria-label role=\"img\"><\/div>\n\t\t\t\t\t\t\t\t\t\t\t<div class=\"elementor-gallery-item__overlay\"><\/div>\n\t\t\t\t\t\t\t\t\t\t\t\t\t\t<\/a>\n\t\t\t\t\t\t\t<a class=\"e-gallery-item elementor-gallery-item elementor-animated-content\" href=\"https:\/\/simonschoenhoff.de\/wp-content\/uploads\/2022\/10\/2022-06-15-Sinis-Grande-Torre_21.jpg\" data-elementor-open-lightbox=\"yes\" data-elementor-lightbox-slideshow=\"2dd4adc\" data-e-action-hash=\"#elementor-action%3Aaction%3Dlightbox%26settings%3DeyJpZCI6ODg4NSwidXJsIjoiaHR0cHM6XC9cL3NpbW9uc2Nob2VuaG9mZi5kZVwvd3AtY29udGVudFwvdXBsb2Fkc1wvMjAyMlwvMTBcLzIwMjItMDYtMTUtU2luaXMtR3JhbmRlLVRvcnJlXzIxLmpwZyIsInNsaWRlc2hvdyI6IjJkZDRhZGMifQ%3D%3D\">\n\t\t\t\t\t<div class=\"e-gallery-image elementor-gallery-item__image\" data-thumbnail=\"https:\/\/simonschoenhoff.de\/wp-content\/uploads\/2022\/10\/2022-06-15-Sinis-Grande-Torre_21.jpg\" data-width=\"1500\" data-height=\"2000\" aria-label role=\"img\"><\/div>\n\t\t\t\t\t\t\t\t\t\t\t<div class=\"elementor-gallery-item__overlay\"><\/div>\n\t\t\t\t\t\t\t\t\t\t\t\t\t\t<\/a>\n\t\t\t\t\t<\/div>\n\t\t\t\t\t<\/div>\n\t\t\t\t<\/div>\n\t\t\t\t<div class=\"elementor-element elementor-element-3142bc1 elementor-widget elementor-widget-gallery\" data-id=\"3142bc1\" data-element_type=\"widget\" data-e-type=\"widget\" data-settings=\"{&quot;gallery_layout&quot;:&quot;justified&quot;,&quot;ideal_row_height&quot;:{&quot;unit&quot;:&quot;px&quot;,&quot;size&quot;:500,&quot;sizes&quot;:[]},&quot;ideal_row_height_tablet&quot;:{&quot;unit&quot;:&quot;px&quot;,&quot;size&quot;:500,&quot;sizes&quot;:[]},&quot;ideal_row_height_mobile&quot;:{&quot;unit&quot;:&quot;px&quot;,&quot;size&quot;:500,&quot;sizes&quot;:[]},&quot;lazyload&quot;:&quot;yes&quot;,&quot;gap&quot;:{&quot;unit&quot;:&quot;px&quot;,&quot;size&quot;:10,&quot;sizes&quot;:[]},&quot;gap_tablet&quot;:{&quot;unit&quot;:&quot;px&quot;,&quot;size&quot;:10,&quot;sizes&quot;:[]},&quot;gap_mobile&quot;:{&quot;unit&quot;:&quot;px&quot;,&quot;size&quot;:10,&quot;sizes&quot;:[]},&quot;overlay_background&quot;:&quot;yes&quot;,&quot;content_hover_animation&quot;:&quot;fade-in&quot;}\" data-widget_type=\"gallery.default\">\n\t\t\t\t<div class=\"elementor-widget-container\">\n\t\t\t\t\t\t\t<div class=\"elementor-gallery__container\">\n\t\t\t\t\t\t\t<div class=\"e-gallery-item elementor-gallery-item elementor-animated-content\">\n\t\t\t\t\t<div class=\"e-gallery-image elementor-gallery-item__image\" data-thumbnail=\"https:\/\/simonschoenhoff.de\/wp-content\/uploads\/2022\/10\/2022-06-14-Sinis-Halbinsel_3.jpg\" data-width=\"1333\" data-height=\"2000\" aria-label role=\"img\"><\/div>\n\t\t\t\t\t\t\t\t\t\t\t<div class=\"elementor-gallery-item__overlay\"><\/div>\n\t\t\t\t\t\t\t\t\t\t\t\t\t\t<\/div>\n\t\t\t\t\t\t\t<div class=\"e-gallery-item elementor-gallery-item elementor-animated-content\">\n\t\t\t\t\t<div class=\"e-gallery-image elementor-gallery-item__image\" data-thumbnail=\"https:\/\/simonschoenhoff.de\/wp-content\/uploads\/2022\/10\/2022-06-14-Sinis-Halbinsel_4.jpg\" data-width=\"2000\" data-height=\"1333\" aria-label role=\"img\"><\/div>\n\t\t\t\t\t\t\t\t\t\t\t<div class=\"elementor-gallery-item__overlay\"><\/div>\n\t\t\t\t\t\t\t\t\t\t\t\t\t\t<\/div>\n\t\t\t\t\t<\/div>\n\t\t\t\t\t<\/div>\n\t\t\t\t<\/div>\n\t\t\t\t<div class=\"elementor-element elementor-element-41fc6bd elementor-widget elementor-widget-text-editor\" data-id=\"41fc6bd\" data-element_type=\"widget\" data-e-type=\"widget\" data-widget_type=\"text-editor.default\">\n\t\t\t\t<div class=\"elementor-widget-container\">\n\t\t\t\t\t\t\t\t\t<p>Als ich mich posi\u00adtio\u00adniert hatte machte ich einige Test\u00adauf\u00adnahmen. Eigent\u00adlich bereits sehr zufrie\u00adden\u00adstel\u00adlend, wollte ich aber noch einige Minuten warten und dann viel\u00adleicht auch noch mit anderen Belich\u00adtungs\u00adzeiten f\u00fcr das Meer spielen.<\/p>\t\t\t\t\t\t\t\t<\/div>\n\t\t\t\t<\/div>\n\t\t\t\t<div class=\"elementor-element elementor-element-44ce1c8 elementor-invisible elementor-widget elementor-widget-image\" data-id=\"44ce1c8\" data-element_type=\"widget\" data-e-type=\"widget\" data-settings=\"{&quot;_animation&quot;:&quot;zoomIn&quot;}\" data-widget_type=\"image.default\">\n\t\t\t\t<div class=\"elementor-widget-container\">\n\t\t\t\t\t\t\t\t\t\t\t\t<figure class=\"wp-caption\">\n\t\t\t\t\t\t\t\t\t\t<img loading=\"lazy\" decoding=\"async\" width=\"1500\" height=\"2000\" src=\"https:\/\/simonschoenhoff.de\/wp-content\/uploads\/2022\/10\/2022-06-14-Sinis-Halbinsel_5.jpg\" class=\"attachment-full size-full wp-image-8872\" alt srcset=\"https:\/\/simonschoenhoff.de\/wp-content\/uploads\/2022\/10\/2022-06-14-Sinis-Halbinsel_5.jpg 1500w, https:\/\/simonschoenhoff.de\/wp-content\/uploads\/2022\/10\/2022-06-14-Sinis-Halbinsel_5-1200x1600.jpg 1200w, https:\/\/simonschoenhoff.de\/wp-content\/uploads\/2022\/10\/2022-06-14-Sinis-Halbinsel_5-225x300.jpg 225w, https:\/\/simonschoenhoff.de\/wp-content\/uploads\/2022\/10\/2022-06-14-Sinis-Halbinsel_5-768x1024.jpg 768w, https:\/\/simonschoenhoff.de\/wp-content\/uploads\/2022\/10\/2022-06-14-Sinis-Halbinsel_5-1152x1536.jpg 1152w, https:\/\/simonschoenhoff.de\/wp-content\/uploads\/2022\/10\/2022-06-14-Sinis-Halbinsel_5-9x12.jpg 9w\" sizes=\"(max-width: 1500px) 100vw, 1500px\">\t\t\t\t\t\t\t\t\t\t\t<figcaption class=\"widget-image-caption wp-caption-text\">San Giovanni di Sinis | Sony a7 III @ 20 mm, f\/11, 1\/50 Sek., ISO&nbsp;100<\/figcaption>\n\t\t\t\t\t\t\t\t\t\t<\/figure>\n\t\t\t\t\t\t\t\t\t<\/div>\n\t\t\t\t<\/div>\n\t\t\t\t<div class=\"elementor-element elementor-element-337d8b3 elementor-widget elementor-widget-text-editor\" data-id=\"337d8b3\" data-element_type=\"widget\" data-e-type=\"widget\" data-widget_type=\"text-editor.default\">\n\t\t\t\t<div class=\"elementor-widget-container\">\n\t\t\t\t\t\t\t\t\t<p>Was soll ich sagen. Tja. Pech gehabt. Es schob sich eine Wolke vor die Sonne und das sch\u00f6ne Licht- und Schat\u00adten\u00adspiel der Vege\u00adta\u00adtion und des Weges war dahin. Nun habe ich selbst das Gef\u00fchl, man h\u00e4tte noch etwas heraus\u00adholen k\u00f6nnen. Aber even\u00adtuell w\u00e4ren die Bilder dennoch meine Favo\u00adriten geworden. Wer wei\u00df. Nicht selten, dass bereits die \u201cTest-Aufnahme\u201d am Ende an meiner Wand&nbsp;h\u00e4ngt.<\/p>\t\t\t\t\t\t\t\t<\/div>\n\t\t\t\t<\/div>\n\t\t\t\t<div class=\"elementor-element elementor-element-958d1f9 elementor-invisible elementor-widget elementor-widget-image\" data-id=\"958d1f9\" data-element_type=\"widget\" data-e-type=\"widget\" data-settings=\"{&quot;_animation&quot;:&quot;zoomIn&quot;}\" data-widget_type=\"image.default\">\n\t\t\t\t<div class=\"elementor-widget-container\">\n\t\t\t\t\t\t\t\t\t\t\t\t<figure class=\"wp-caption\">\n\t\t\t\t\t\t\t\t\t\t<img loading=\"lazy\" decoding=\"async\" width=\"2000\" height=\"1333\" src=\"https:\/\/simonschoenhoff.de\/wp-content\/uploads\/2022\/10\/2022-06-14-Sinis-Halbinsel_7.jpg\" class=\"attachment-full size-full wp-image-8873\" alt srcset=\"https:\/\/simonschoenhoff.de\/wp-content\/uploads\/2022\/10\/2022-06-14-Sinis-Halbinsel_7.jpg 2000w, https:\/\/simonschoenhoff.de\/wp-content\/uploads\/2022\/10\/2022-06-14-Sinis-Halbinsel_7-1200x800.jpg 1200w, https:\/\/simonschoenhoff.de\/wp-content\/uploads\/2022\/10\/2022-06-14-Sinis-Halbinsel_7-300x200.jpg 300w, https:\/\/simonschoenhoff.de\/wp-content\/uploads\/2022\/10\/2022-06-14-Sinis-Halbinsel_7-768x512.jpg 768w, https:\/\/simonschoenhoff.de\/wp-content\/uploads\/2022\/10\/2022-06-14-Sinis-Halbinsel_7-1536x1024.jpg 1536w, https:\/\/simonschoenhoff.de\/wp-content\/uploads\/2022\/10\/2022-06-14-Sinis-Halbinsel_7-18x12.jpg 18w\" sizes=\"(max-width: 2000px) 100vw, 2000px\">\t\t\t\t\t\t\t\t\t\t\t<figcaption class=\"widget-image-caption wp-caption-text\">San Giovanni di Sinis | Sony a7 III @ 20 mm, f\/11, 1\/40 Sek., ISO&nbsp;100<\/figcaption>\n\t\t\t\t\t\t\t\t\t\t<\/figure>\n\t\t\t\t\t\t\t\t\t<\/div>\n\t\t\t\t<\/div>\n\t\t<div class=\"elementor-element elementor-element-bce8f32 e-flex e-con-boxed elementor-invisible e-con e-parent\" data-id=\"bce8f32\" data-element_type=\"container\" data-e-type=\"container\" data-settings=\"{&quot;background_background&quot;:&quot;classic&quot;,&quot;animation&quot;:&quot;zoomIn&quot;}\">\n\t\t\t\t\t<div class=\"e-con-inner\">\n\t\t\t\t<div class=\"elementor-element elementor-element-7ef2237 elementor-widget__width-initial elementor-widget elementor-widget-text-editor\" data-id=\"7ef2237\" data-element_type=\"widget\" data-e-type=\"widget\" data-widget_type=\"text-editor.default\">\n\t\t\t\t<div class=\"elementor-widget-container\">\n\t\t\t\t\t\t\t\t\t<p style=\"text-align: center;\">Diese und andere Aufnahmen als als Kunst\u00addruck f\u00fcr dein Zuhause kannst du jeder\u00adzeit unter \u201ePrints\u201c direkt bei mir anfragen. Herge\u00adstellt von einem der welt\u00adweit f\u00fchrenden Foto\u00adla\u00adbore in h\u00f6chster Qualit\u00e4t.&nbsp;<\/p>\t\t\t\t\t\t\t\t<\/div>\n\t\t\t\t<\/div>\n\t\t\t\t<div class=\"elementor-element elementor-element-8824589 elementor-widget elementor-widget-button\" data-id=\"8824589\" data-element_type=\"widget\" data-e-type=\"widget\" data-settings=\"{&quot;_animation_mobile&quot;:&quot;fadeIn&quot;}\" data-widget_type=\"button.default\">\n\t\t\t\t<div class=\"elementor-widget-container\">\n\t\t\t\t\t\t\t\t\t<div class=\"elementor-button-wrapper\">\n\t\t\t\t\t<a class=\"elementor-button elementor-button-link elementor-size-sm elementor-animation-grow\" href=\"https:\/\/simonschoenhoff.de\/en\/prints\/\">\n\t\t\t\t\t\t<span class=\"elementor-button-content-wrapper\">\n\t\t\t\t\t\t<span class=\"elementor-button-icon\">\n\t\t\t\t<i aria-hidden=\"true\" class=\"fas fa-shopping-cart\"><\/i>\t\t\t<\/span>\n\t\t\t\t\t\t\t\t\t<span class=\"elementor-button-text\">Prints<\/span>\n\t\t\t\t\t<\/span>\n\t\t\t\t\t<\/a>\n\t\t\t\t<\/div>\n\t\t\t\t\t\t\t\t<\/div>\n\t\t\t\t<\/div>\n\t\t\t\t\t<\/div>\n\t\t\t\t<\/div>\n\t\t\t\t<div class=\"elementor-element elementor-element-d554ebb elementor-widget elementor-widget-text-editor\" data-id=\"d554ebb\" data-element_type=\"widget\" data-e-type=\"widget\" data-widget_type=\"text-editor.default\">\n\t\t\t\t<div class=\"elementor-widget-container\">\n\t\t\t\t\t\t\t\t\t<p>Da noch gen\u00fc\u00adgend Licht vorhanden war und durch die Wolke wunderbar weich erschien, ging ich runter zum Strand. Von dort aus, wollte ich mit verschie\u00addenen Vorder\u00adgrund\u00adele\u00admenten arbeiten und die K\u00fcsten\u00adlinie ein wenig mit ins Bild bringen.<\/p>\t\t\t\t\t\t\t\t<\/div>\n\t\t\t\t<\/div>\n\t\t\t\t<div class=\"elementor-element elementor-element-db4ed10 elementor-invisible elementor-widget elementor-widget-image\" data-id=\"db4ed10\" data-element_type=\"widget\" data-e-type=\"widget\" data-settings=\"{&quot;_animation&quot;:&quot;zoomIn&quot;}\" data-widget_type=\"image.default\">\n\t\t\t\t<div class=\"elementor-widget-container\">\n\t\t\t\t\t\t\t\t\t\t\t\t<figure class=\"wp-caption\">\n\t\t\t\t\t\t\t\t\t\t<img loading=\"lazy\" decoding=\"async\" width=\"2000\" height=\"1334\" src=\"https:\/\/simonschoenhoff.de\/wp-content\/uploads\/2022\/10\/2022-06-14-Sinis-Halbinsel_10.jpg\" class=\"attachment-full size-full wp-image-8875\" alt srcset=\"https:\/\/simonschoenhoff.de\/wp-content\/uploads\/2022\/10\/2022-06-14-Sinis-Halbinsel_10.jpg 2000w, https:\/\/simonschoenhoff.de\/wp-content\/uploads\/2022\/10\/2022-06-14-Sinis-Halbinsel_10-1200x800.jpg 1200w, https:\/\/simonschoenhoff.de\/wp-content\/uploads\/2022\/10\/2022-06-14-Sinis-Halbinsel_10-300x200.jpg 300w, https:\/\/simonschoenhoff.de\/wp-content\/uploads\/2022\/10\/2022-06-14-Sinis-Halbinsel_10-768x512.jpg 768w, https:\/\/simonschoenhoff.de\/wp-content\/uploads\/2022\/10\/2022-06-14-Sinis-Halbinsel_10-1536x1025.jpg 1536w, https:\/\/simonschoenhoff.de\/wp-content\/uploads\/2022\/10\/2022-06-14-Sinis-Halbinsel_10-18x12.jpg 18w\" sizes=\"(max-width: 2000px) 100vw, 2000px\">\t\t\t\t\t\t\t\t\t\t\t<figcaption class=\"widget-image-caption wp-caption-text\">Am Strand von San Giovanni di Sinis | Sony a7 III @ 16 mm, f\/11, 1\/13 Sek., ISO&nbsp;100<\/figcaption>\n\t\t\t\t\t\t\t\t\t\t<\/figure>\n\t\t\t\t\t\t\t\t\t<\/div>\n\t\t\t\t<\/div>\n\t\t\t\t<div class=\"elementor-element elementor-element-b4d4c4f elementor-widget elementor-widget-text-editor\" data-id=\"b4d4c4f\" data-element_type=\"widget\" data-e-type=\"widget\" data-widget_type=\"text-editor.default\">\n\t\t\t\t<div class=\"elementor-widget-container\">\n\t\t\t\t\t\t\t\t\t<p>Obwohl ich keine einzige der Kompo\u00adsi\u00adtionen im Voraus plante oder im Kopf hatte, ergaben sich gef\u00fchlt unend\u00adliche M\u00f6glich\u00adkeiten. Die Schwie\u00adrig\u00adkeit bestand nun, die wenige Sekunden zu nutzen in denen die Sonne immer wieder st\u00e4rker durch die Wolken kam. Auf die Welle warten. Ausl\u00f6ser dr\u00fccken. Ausl\u00f6ser dr\u00fccken. Ausl\u00f6ser dr\u00fccken. Schnell der Blick auf das Display. War etwas dabei? Nein? Nochmal! Welle. Ausl\u00f6ser. Ausl\u00f6ser\u2026<\/p>\t\t\t\t\t\t\t\t<\/div>\n\t\t\t\t<\/div>\n\t\t\t\t<div class=\"elementor-element elementor-element-5e674ca elementor-widget elementor-widget-gallery\" data-id=\"5e674ca\" data-element_type=\"widget\" data-e-type=\"widget\" data-settings=\"{&quot;gallery_layout&quot;:&quot;justified&quot;,&quot;ideal_row_height&quot;:{&quot;unit&quot;:&quot;px&quot;,&quot;size&quot;:500,&quot;sizes&quot;:[]},&quot;ideal_row_height_tablet&quot;:{&quot;unit&quot;:&quot;px&quot;,&quot;size&quot;:355,&quot;sizes&quot;:[]},&quot;ideal_row_height_mobile&quot;:{&quot;unit&quot;:&quot;px&quot;,&quot;size&quot;:500,&quot;sizes&quot;:[]},&quot;lazyload&quot;:&quot;yes&quot;,&quot;gap&quot;:{&quot;unit&quot;:&quot;px&quot;,&quot;size&quot;:10,&quot;sizes&quot;:[]},&quot;gap_tablet&quot;:{&quot;unit&quot;:&quot;px&quot;,&quot;size&quot;:10,&quot;sizes&quot;:[]},&quot;gap_mobile&quot;:{&quot;unit&quot;:&quot;px&quot;,&quot;size&quot;:10,&quot;sizes&quot;:[]},&quot;overlay_background&quot;:&quot;yes&quot;,&quot;content_hover_animation&quot;:&quot;fade-in&quot;}\" data-widget_type=\"gallery.default\">\n\t\t\t\t<div class=\"elementor-widget-container\">\n\t\t\t\t\t\t\t<div class=\"elementor-gallery__container\">\n\t\t\t\t\t\t\t<div class=\"e-gallery-item elementor-gallery-item elementor-animated-content\">\n\t\t\t\t\t<div class=\"e-gallery-image elementor-gallery-item__image\" data-thumbnail=\"https:\/\/simonschoenhoff.de\/wp-content\/uploads\/2022\/10\/2022-06-14-Sinis-Halbinsel_12.jpg\" data-width=\"1500\" data-height=\"2000\" aria-label role=\"img\"><\/div>\n\t\t\t\t\t\t\t\t\t\t\t<div class=\"elementor-gallery-item__overlay\"><\/div>\n\t\t\t\t\t\t\t\t\t\t\t\t\t\t<\/div>\n\t\t\t\t\t\t\t<div class=\"e-gallery-item elementor-gallery-item elementor-animated-content\">\n\t\t\t\t\t<div class=\"e-gallery-image elementor-gallery-item__image\" data-thumbnail=\"https:\/\/simonschoenhoff.de\/wp-content\/uploads\/2022\/10\/2022-06-14-Sinis-Halbinsel_13.jpg\" data-width=\"2000\" data-height=\"1333\" aria-label role=\"img\"><\/div>\n\t\t\t\t\t\t\t\t\t\t\t<div class=\"elementor-gallery-item__overlay\"><\/div>\n\t\t\t\t\t\t\t\t\t\t\t\t\t\t<\/div>\n\t\t\t\t\t<\/div>\n\t\t\t\t\t<\/div>\n\t\t\t\t<\/div>\n\t\t\t\t<div class=\"elementor-element elementor-element-f56f842 elementor-widget elementor-widget-text-editor\" data-id=\"f56f842\" data-element_type=\"widget\" data-e-type=\"widget\" data-widget_type=\"text-editor.default\">\n\t\t\t\t<div class=\"elementor-widget-container\">\n\t\t\t\t\t\t\t\t\t<p>Dann viel\u00adleicht doch nochmal mit Filter eine l\u00e4ngere Belich\u00adtungs\u00adzeit. Zu lang? ISO hoch. Eine Minute sp\u00e4ter. Sonne weg. Filter runter. ISO anpassen\u2026<\/p>\t\t\t\t\t\t\t\t<\/div>\n\t\t\t\t<\/div>\n\t\t\t\t<div class=\"elementor-element elementor-element-e97bb0b elementor-invisible elementor-widget elementor-widget-image\" data-id=\"e97bb0b\" data-element_type=\"widget\" data-e-type=\"widget\" data-settings=\"{&quot;_animation&quot;:&quot;zoomIn&quot;}\" data-widget_type=\"image.default\">\n\t\t\t\t<div class=\"elementor-widget-container\">\n\t\t\t\t\t\t\t\t\t\t\t\t<figure class=\"wp-caption\">\n\t\t\t\t\t\t\t\t\t\t<img loading=\"lazy\" decoding=\"async\" width=\"1500\" height=\"2000\" src=\"https:\/\/simonschoenhoff.de\/wp-content\/uploads\/2022\/10\/2022-06-14-Sinis-Halbinsel_14.jpg\" class=\"attachment-full size-full wp-image-8878\" alt srcset=\"https:\/\/simonschoenhoff.de\/wp-content\/uploads\/2022\/10\/2022-06-14-Sinis-Halbinsel_14.jpg 1500w, https:\/\/simonschoenhoff.de\/wp-content\/uploads\/2022\/10\/2022-06-14-Sinis-Halbinsel_14-1200x1600.jpg 1200w, https:\/\/simonschoenhoff.de\/wp-content\/uploads\/2022\/10\/2022-06-14-Sinis-Halbinsel_14-225x300.jpg 225w, https:\/\/simonschoenhoff.de\/wp-content\/uploads\/2022\/10\/2022-06-14-Sinis-Halbinsel_14-768x1024.jpg 768w, https:\/\/simonschoenhoff.de\/wp-content\/uploads\/2022\/10\/2022-06-14-Sinis-Halbinsel_14-1152x1536.jpg 1152w, https:\/\/simonschoenhoff.de\/wp-content\/uploads\/2022\/10\/2022-06-14-Sinis-Halbinsel_14-9x12.jpg 9w\" sizes=\"(max-width: 1500px) 100vw, 1500px\">\t\t\t\t\t\t\t\t\t\t\t<figcaption class=\"widget-image-caption wp-caption-text\">Linien am Strand von San Giovanni di Sinis | Sony a7 III @ 17 mm, f\/11, 1\/4 Sek., ISO&nbsp;100<\/figcaption>\n\t\t\t\t\t\t\t\t\t\t<\/figure>\n\t\t\t\t\t\t\t\t\t<\/div>\n\t\t\t\t<\/div>\n\t\t\t\t<div class=\"elementor-element elementor-element-a05e605 elementor-widget elementor-widget-text-editor\" data-id=\"a05e605\" data-element_type=\"widget\" data-e-type=\"widget\" data-widget_type=\"text-editor.default\">\n\t\t\t\t<div class=\"elementor-widget-container\">\n\t\t\t\t\t\t\t\t\t<p>Jede Welle ist anders, man kann sie nicht planen. Vieles geschah durch try-and-error. Aber als die perfekte Welle und die Aufnahme passte war ich zufrieden. Also zur n\u00e4chsten Kompo\u00adsi\u00adtion. So fern noch Licht vorhanden ist.<\/p>\t\t\t\t\t\t\t\t<\/div>\n\t\t\t\t<\/div>\n\t\t\t\t<div class=\"elementor-element elementor-element-eb60d5b elementor-widget elementor-widget-gallery\" data-id=\"eb60d5b\" data-element_type=\"widget\" data-e-type=\"widget\" data-settings=\"{&quot;gallery_layout&quot;:&quot;masonry&quot;,&quot;columns&quot;:2,&quot;lazyload&quot;:&quot;yes&quot;,&quot;columns_tablet&quot;:2,&quot;columns_mobile&quot;:1,&quot;gap&quot;:{&quot;unit&quot;:&quot;px&quot;,&quot;size&quot;:10,&quot;sizes&quot;:[]},&quot;gap_tablet&quot;:{&quot;unit&quot;:&quot;px&quot;,&quot;size&quot;:10,&quot;sizes&quot;:[]},&quot;gap_mobile&quot;:{&quot;unit&quot;:&quot;px&quot;,&quot;size&quot;:10,&quot;sizes&quot;:[]},&quot;overlay_background&quot;:&quot;yes&quot;,&quot;content_hover_animation&quot;:&quot;fade-in&quot;}\" data-widget_type=\"gallery.default\">\n\t\t\t\t<div class=\"elementor-widget-container\">\n\t\t\t\t\t\t\t<div class=\"elementor-gallery__container\">\n\t\t\t\t\t\t\t<div class=\"e-gallery-item elementor-gallery-item elementor-animated-content\">\n\t\t\t\t\t<div class=\"e-gallery-image elementor-gallery-item__image\" data-thumbnail=\"https:\/\/simonschoenhoff.de\/wp-content\/uploads\/2022\/10\/2022-06-14-Sinis-Halbinsel_18.jpg\" data-width=\"1333\" data-height=\"2000\" aria-label role=\"img\"><\/div>\n\t\t\t\t\t\t\t\t\t\t\t<div class=\"elementor-gallery-item__overlay\"><\/div>\n\t\t\t\t\t\t\t\t\t\t\t\t\t\t<\/div>\n\t\t\t\t\t\t\t<div class=\"e-gallery-item elementor-gallery-item elementor-animated-content\">\n\t\t\t\t\t<div class=\"e-gallery-image elementor-gallery-item__image\" data-thumbnail=\"https:\/\/simonschoenhoff.de\/wp-content\/uploads\/2022\/10\/2022-06-14-Sinis-Halbinsel_15.jpg\" data-width=\"1333\" data-height=\"2000\" aria-label role=\"img\"><\/div>\n\t\t\t\t\t\t\t\t\t\t\t<div class=\"elementor-gallery-item__overlay\"><\/div>\n\t\t\t\t\t\t\t\t\t\t\t\t\t\t<\/div>\n\t\t\t\t\t<\/div>\n\t\t\t\t\t<\/div>\n\t\t\t\t<\/div>\n\t\t\t\t<div class=\"elementor-element elementor-element-be76f45 elementor-widget elementor-widget-text-editor\" data-id=\"be76f45\" data-element_type=\"widget\" data-e-type=\"widget\" data-widget_type=\"text-editor.default\">\n\t\t\t\t<div class=\"elementor-widget-container\">\n\t\t\t\t\t\t\t\t\t<p>Ich h\u00e4tte mir zwar gerade beim Wetter einiges anders erhofft, aber es machte richtig Spa\u00df einfach auszu\u00adpro\u00adbieren. Anf\u00e4ng\u00adlich aller\u00addings \u00fcberwog ein wenig die Entt\u00e4u\u00adschung, nicht ganz die Verh\u00e4lt\u00adnisse gehabt zu haben, die ich mir vorstellte. Wochen\u00adlang lie\u00df ich den Ordner mit den Aufnahmen unbe\u00adar\u00adbeitet. Als ich dann jedoch die letzten Aufnahmen bear\u00adbeitet hatte, dachte ich mir, Wahn\u00adsinn, der Abend war doch gar nicht so schlecht.<\/p>\t\t\t\t\t\t\t\t<\/div>\n\t\t\t\t<\/div>\n\t\t\t\t<div class=\"elementor-element elementor-element-33967dc elementor-invisible elementor-widget elementor-widget-image\" data-id=\"33967dc\" data-element_type=\"widget\" data-e-type=\"widget\" data-settings=\"{&quot;_animation&quot;:&quot;zoomIn&quot;}\" data-widget_type=\"image.default\">\n\t\t\t\t<div class=\"elementor-widget-container\">\n\t\t\t\t\t\t\t\t\t\t\t\t<figure class=\"wp-caption\">\n\t\t\t\t\t\t\t\t\t\t<img loading=\"lazy\" decoding=\"async\" width=\"1333\" height=\"2000\" src=\"https:\/\/simonschoenhoff.de\/wp-content\/uploads\/2022\/10\/2022-06-14-Sinis-Halbinsel_17.jpg\" class=\"attachment-full size-full wp-image-8881\" alt srcset=\"https:\/\/simonschoenhoff.de\/wp-content\/uploads\/2022\/10\/2022-06-14-Sinis-Halbinsel_17.jpg 1333w, https:\/\/simonschoenhoff.de\/wp-content\/uploads\/2022\/10\/2022-06-14-Sinis-Halbinsel_17-1200x1800.jpg 1200w, https:\/\/simonschoenhoff.de\/wp-content\/uploads\/2022\/10\/2022-06-14-Sinis-Halbinsel_17-200x300.jpg 200w, https:\/\/simonschoenhoff.de\/wp-content\/uploads\/2022\/10\/2022-06-14-Sinis-Halbinsel_17-768x1152.jpg 768w, https:\/\/simonschoenhoff.de\/wp-content\/uploads\/2022\/10\/2022-06-14-Sinis-Halbinsel_17-1024x1536.jpg 1024w, https:\/\/simonschoenhoff.de\/wp-content\/uploads\/2022\/10\/2022-06-14-Sinis-Halbinsel_17-8x12.jpg 8w\" sizes=\"(max-width: 1333px) 100vw, 1333px\">\t\t\t\t\t\t\t\t\t\t\t<figcaption class=\"widget-image-caption wp-caption-text\">Am Strand von San Giovanni di Sinis | Sony a7 III @ 16 mm, f\/16, 3\/10 Sek., ISO&nbsp;100<\/figcaption>\n\t\t\t\t\t\t\t\t\t\t<\/figure>\n\t\t\t\t\t\t\t\t\t<\/div>\n\t\t\t\t<\/div>\n\t\t\t\t<div class=\"elementor-element elementor-element-9a957ac elementor-widget elementor-widget-text-editor\" data-id=\"9a957ac\" data-element_type=\"widget\" data-e-type=\"widget\" data-widget_type=\"text-editor.default\">\n\t\t\t\t<div class=\"elementor-widget-container\">\n\t\t\t\t\t\t\t\t\t<p>Als die Blaue Stunde voll\u00adends eintraf, war ich bereits auf dem Weg zum Auto. Von der n\u00f6rd\u00adli\u00adchen Seite aus war der Turm beleuchtet. Daher bot es sich an, von hier aus noch eine Aufnahme zu machen. Ich entdeckte die Pfade zum Strand und nutzte diese als Vorder\u00adgrund\u00adele\u00admente, die in das Bild hinein\u00adf\u00fchren sollten. Eben\u00adfalls noch eine gelun\u00adgene Aufnahme zum Abschluss des&nbsp;Tages.<\/p>\t\t\t\t\t\t\t\t<\/div>\n\t\t\t\t<\/div>\n\t\t\t\t<div class=\"elementor-element elementor-element-9db6f4f elementor-invisible elementor-widget elementor-widget-image\" data-id=\"9db6f4f\" data-element_type=\"widget\" data-e-type=\"widget\" data-settings=\"{&quot;_animation&quot;:&quot;zoomIn&quot;}\" data-widget_type=\"image.default\">\n\t\t\t\t<div class=\"elementor-widget-container\">\n\t\t\t\t\t\t\t\t\t\t\t\t<figure class=\"wp-caption\">\n\t\t\t\t\t\t\t\t\t\t<img loading=\"lazy\" decoding=\"async\" width=\"2000\" height=\"1333\" src=\"https:\/\/simonschoenhoff.de\/wp-content\/uploads\/2022\/10\/2022-06-14-Sinis-Halbinsel_19.jpg\" class=\"attachment-full size-full wp-image-8883\" alt srcset=\"https:\/\/simonschoenhoff.de\/wp-content\/uploads\/2022\/10\/2022-06-14-Sinis-Halbinsel_19.jpg 2000w, https:\/\/simonschoenhoff.de\/wp-content\/uploads\/2022\/10\/2022-06-14-Sinis-Halbinsel_19-1200x800.jpg 1200w, https:\/\/simonschoenhoff.de\/wp-content\/uploads\/2022\/10\/2022-06-14-Sinis-Halbinsel_19-300x200.jpg 300w, https:\/\/simonschoenhoff.de\/wp-content\/uploads\/2022\/10\/2022-06-14-Sinis-Halbinsel_19-768x512.jpg 768w, https:\/\/simonschoenhoff.de\/wp-content\/uploads\/2022\/10\/2022-06-14-Sinis-Halbinsel_19-1536x1024.jpg 1536w, https:\/\/simonschoenhoff.de\/wp-content\/uploads\/2022\/10\/2022-06-14-Sinis-Halbinsel_19-18x12.jpg 18w\" sizes=\"(max-width: 2000px) 100vw, 2000px\">\t\t\t\t\t\t\t\t\t\t\t<figcaption class=\"widget-image-caption wp-caption-text\">Blaue Stunde am Torre San Giovanni di Sinis | Sony a7 III @ 16 mm, f\/11, 13 Sek., ISO&nbsp;100<\/figcaption>\n\t\t\t\t\t\t\t\t\t\t<\/figure>\n\t\t\t\t\t\t\t\t\t<\/div>\n\t\t\t\t<\/div>\n\t\t\t\t\t<\/div>\n\t\t\t\t<\/div>\n\t\t<div class=\"elementor-element elementor-element-fde4224 e-flex e-con-boxed e-con e-parent\" data-id=\"fde4224\" data-element_type=\"container\" data-e-type=\"container\">\n\t\t\t\t\t<div class=\"e-con-inner\">\n\t\t\t\t<div class=\"elementor-element elementor-element-e1dcfdb elementor-widget elementor-widget-heading\" data-id=\"e1dcfdb\" data-element_type=\"widget\" data-e-type=\"widget\" data-widget_type=\"heading.default\">\n\t\t\t\t<div class=\"elementor-widget-container\">\n\t\t\t\t\t<h3 class=\"elementor-heading-title elementor-size-default\">Pini\u00aden\u00adwald in Grande Torre&nbsp;<\/h3>\t\t\t\t<\/div>\n\t\t\t\t<\/div>\n\t\t\t\t<div class=\"elementor-element elementor-element-5a733f9 elementor-widget elementor-widget-text-editor\" data-id=\"5a733f9\" data-element_type=\"widget\" data-e-type=\"widget\" data-widget_type=\"text-editor.default\">\n\t\t\t\t<div class=\"elementor-widget-container\">\n\t\t\t\t\t\t\t\t\t<p>Am n\u00e4chsten Tag hie\u00df es Strandtag. Wir wollten noch einen anderen Strand auf der Sinis-Halb\u00adinsel besu\u00adchen. Mit dem Auto fuhr ich diesmal aber bewusst eine Stra\u00dfe ab, die durch ein kleines Pini\u00aden\u00adw\u00e4ld\u00adchen f\u00fchrte. Die Sonne stand jetzt schon etwas zu hoch, aber an f\u00fcr sich, machte mir der Wald abschnitt Hoff\u00adnung. Obwohl der n\u00e4chste Morgen unser Abrei\u00adse\u00admorgen aus Grande Torre sein sollte, stimmte ich mit meiner Frau ab, dass ich fr\u00fch morgens zum foto\u00adgra\u00adfieren in das Wald\u00adst\u00fcck gehen&nbsp;werde.<\/p>\t\t\t\t\t\t\t\t<\/div>\n\t\t\t\t<\/div>\n\t\t\t\t<div class=\"elementor-element elementor-element-7282db4 elementor-invisible elementor-widget elementor-widget-image\" data-id=\"7282db4\" data-element_type=\"widget\" data-e-type=\"widget\" data-settings=\"{&quot;_animation&quot;:&quot;zoomIn&quot;}\" data-widget_type=\"image.default\">\n\t\t\t\t<div class=\"elementor-widget-container\">\n\t\t\t\t\t\t\t\t\t\t\t\t<figure class=\"wp-caption\">\n\t\t\t\t\t\t\t\t\t\t<img loading=\"lazy\" decoding=\"async\" width=\"2000\" height=\"1032\" src=\"https:\/\/simonschoenhoff.de\/wp-content\/uploads\/2022\/10\/2022-06-16-Grande-Torre-Wald_24.jpg\" class=\"attachment-full size-full wp-image-8888\" alt srcset=\"https:\/\/simonschoenhoff.de\/wp-content\/uploads\/2022\/10\/2022-06-16-Grande-Torre-Wald_24.jpg 2000w, https:\/\/simonschoenhoff.de\/wp-content\/uploads\/2022\/10\/2022-06-16-Grande-Torre-Wald_24-1200x619.jpg 1200w, https:\/\/simonschoenhoff.de\/wp-content\/uploads\/2022\/10\/2022-06-16-Grande-Torre-Wald_24-300x155.jpg 300w, https:\/\/simonschoenhoff.de\/wp-content\/uploads\/2022\/10\/2022-06-16-Grande-Torre-Wald_24-768x396.jpg 768w, https:\/\/simonschoenhoff.de\/wp-content\/uploads\/2022\/10\/2022-06-16-Grande-Torre-Wald_24-1536x793.jpg 1536w, https:\/\/simonschoenhoff.de\/wp-content\/uploads\/2022\/10\/2022-06-16-Grande-Torre-Wald_24-18x9.jpg 18w\" sizes=\"(max-width: 2000px) 100vw, 2000px\">\t\t\t\t\t\t\t\t\t\t\t<figcaption class=\"widget-image-caption wp-caption-text\">Pini\u00aden\u00adwald I | Sony a7 III @ 57 mm, f\/8, 2\/5 Sek., ISO&nbsp;100<\/figcaption>\n\t\t\t\t\t\t\t\t\t\t<\/figure>\n\t\t\t\t\t\t\t\t\t<\/div>\n\t\t\t\t<\/div>\n\t\t\t\t<div class=\"elementor-element elementor-element-051c257 elementor-widget elementor-widget-text-editor\" data-id=\"051c257\" data-element_type=\"widget\" data-e-type=\"widget\" data-widget_type=\"text-editor.default\">\n\t\t\t\t<div class=\"elementor-widget-container\">\n\t\t\t\t\t\t\t\t\t<p>Gesagt getan. Ich dachte, dass ich bestimmt alleine um 5:30h im Pini\u00aden\u00adwald sein werde. Doch da habe ich mich get\u00e4uscht. Viele kleine Gr\u00fcpp\u00adchen italie\u00adni\u00adscher Frauen walkten gem\u00fct\u00adlich auf und ab, um die Pasta des Vorabends abzu\u00adtrai\u00adnieren. Am\u00fcsiert \u00fcber die Unter\u00adhal\u00adtung \u2013 man konnte das rhyth\u00admi\u00adsche italie\u00adni\u00adsche Geplapper immer wieder lauter und leiser werden h\u00f6ren \u2013 machte ich mich auf die Suche nach sch\u00f6ne Bilder.<\/p>\t\t\t\t\t\t\t\t<\/div>\n\t\t\t\t<\/div>\n\t\t\t\t<div class=\"elementor-element elementor-element-d0e71ea elementor-invisible elementor-widget elementor-widget-image\" data-id=\"d0e71ea\" data-element_type=\"widget\" data-e-type=\"widget\" data-settings=\"{&quot;_animation&quot;:&quot;zoomIn&quot;}\" data-widget_type=\"image.default\">\n\t\t\t\t<div class=\"elementor-widget-container\">\n\t\t\t\t\t\t\t\t\t\t\t\t<figure class=\"wp-caption\">\n\t\t\t\t\t\t\t\t\t\t<img loading=\"lazy\" decoding=\"async\" width=\"2000\" height=\"1378\" src=\"https:\/\/simonschoenhoff.de\/wp-content\/uploads\/2022\/10\/2022-06-16-Grande-Torre-Wald_23.jpg\" class=\"attachment-full size-full wp-image-8887\" alt srcset=\"https:\/\/simonschoenhoff.de\/wp-content\/uploads\/2022\/10\/2022-06-16-Grande-Torre-Wald_23.jpg 2000w, https:\/\/simonschoenhoff.de\/wp-content\/uploads\/2022\/10\/2022-06-16-Grande-Torre-Wald_23-1200x827.jpg 1200w, https:\/\/simonschoenhoff.de\/wp-content\/uploads\/2022\/10\/2022-06-16-Grande-Torre-Wald_23-300x207.jpg 300w, https:\/\/simonschoenhoff.de\/wp-content\/uploads\/2022\/10\/2022-06-16-Grande-Torre-Wald_23-768x529.jpg 768w, https:\/\/simonschoenhoff.de\/wp-content\/uploads\/2022\/10\/2022-06-16-Grande-Torre-Wald_23-1536x1058.jpg 1536w, https:\/\/simonschoenhoff.de\/wp-content\/uploads\/2022\/10\/2022-06-16-Grande-Torre-Wald_23-18x12.jpg 18w\" sizes=\"(max-width: 2000px) 100vw, 2000px\">\t\t\t\t\t\t\t\t\t\t\t<figcaption class=\"widget-image-caption wp-caption-text\">Pini\u00aden\u00adwald II | Sony a7 III @ 100 mm, f\/8, 1\/2 Sek., ISO&nbsp;100<\/figcaption>\n\t\t\t\t\t\t\t\t\t\t<\/figure>\n\t\t\t\t\t\t\t\t\t<\/div>\n\t\t\t\t<\/div>\n\t\t\t\t<div class=\"elementor-element elementor-element-ec3bbd9 elementor-widget elementor-widget-text-editor\" data-id=\"ec3bbd9\" data-element_type=\"widget\" data-e-type=\"widget\" data-widget_type=\"text-editor.default\">\n\t\t\t\t<div class=\"elementor-widget-container\">\n\t\t\t\t\t\t\t\t\t<p>Der Wald lag, wie bereits beschrieben an einer Land\u00adstra\u00dfe. Hinter der Land\u00adstra\u00dfe sollte \u00fcber den B\u00fcschen der Feucht\u00adwiesen die Sonne aufgehen. Ich nutzte das diffuse Licht vor Sonnen\u00adauf\u00adgang schon f\u00fcr einige sch\u00f6ne Aufnahmen des trockenen Waldes.<\/p>\t\t\t\t\t\t\t\t<\/div>\n\t\t\t\t<\/div>\n\t\t\t\t<div class=\"elementor-element elementor-element-13186d5 elementor-invisible elementor-widget elementor-widget-image\" data-id=\"13186d5\" data-element_type=\"widget\" data-e-type=\"widget\" data-settings=\"{&quot;_animation&quot;:&quot;zoomIn&quot;}\" data-widget_type=\"image.default\">\n\t\t\t\t<div class=\"elementor-widget-container\">\n\t\t\t\t\t\t\t\t\t\t\t\t<figure class=\"wp-caption\">\n\t\t\t\t\t\t\t\t\t\t<img loading=\"lazy\" decoding=\"async\" width=\"2000\" height=\"1000\" src=\"https:\/\/simonschoenhoff.de\/wp-content\/uploads\/2022\/10\/2022-06-16-Grande-Torre-Wald_1.jpg\" class=\"attachment-full size-full wp-image-8886\" alt srcset=\"https:\/\/simonschoenhoff.de\/wp-content\/uploads\/2022\/10\/2022-06-16-Grande-Torre-Wald_1.jpg 2000w, https:\/\/simonschoenhoff.de\/wp-content\/uploads\/2022\/10\/2022-06-16-Grande-Torre-Wald_1-1200x600.jpg 1200w, https:\/\/simonschoenhoff.de\/wp-content\/uploads\/2022\/10\/2022-06-16-Grande-Torre-Wald_1-300x150.jpg 300w, https:\/\/simonschoenhoff.de\/wp-content\/uploads\/2022\/10\/2022-06-16-Grande-Torre-Wald_1-768x384.jpg 768w, https:\/\/simonschoenhoff.de\/wp-content\/uploads\/2022\/10\/2022-06-16-Grande-Torre-Wald_1-1536x768.jpg 1536w, https:\/\/simonschoenhoff.de\/wp-content\/uploads\/2022\/10\/2022-06-16-Grande-Torre-Wald_1-18x9.jpg 18w\" sizes=\"(max-width: 2000px) 100vw, 2000px\">\t\t\t\t\t\t\t\t\t\t\t<figcaption class=\"widget-image-caption wp-caption-text\">Pini\u00aden\u00adwald III | Sony a7 III @ 66 mm, f\/8, 1 Sek., ISO&nbsp;100<\/figcaption>\n\t\t\t\t\t\t\t\t\t\t<\/figure>\n\t\t\t\t\t\t\t\t\t<\/div>\n\t\t\t\t<\/div>\n\t\t\t\t<div class=\"elementor-element elementor-element-b0c7c9d elementor-widget elementor-widget-text-editor\" data-id=\"b0c7c9d\" data-element_type=\"widget\" data-e-type=\"widget\" data-widget_type=\"text-editor.default\">\n\t\t\t\t<div class=\"elementor-widget-container\">\n\t\t\t\t\t\t\t\t\t<p>Richtig magisch wurde es dann, als die Sonne hinter dem W\u00e4ld\u00adchen aufging. Mein Plan war es direkt in Rich\u00adtung der Sonne zu foto\u00adgra\u00adfieren. Um die Details in den Baum\u00adst\u00e4mmen nicht komplett zu verlieren machte ich jeweils zwei Aufnahmen, eine etwas \u00fcber\u00adbe\u00adlich\u00adtete und eine etwas dunk\u00adlere. Das funk\u00adtio\u00adnierte hervorragend.<\/p>\t\t\t\t\t\t\t\t<\/div>\n\t\t\t\t<\/div>\n\t\t\t\t<div class=\"elementor-element elementor-element-cc50711 elementor-invisible elementor-widget elementor-widget-image\" data-id=\"cc50711\" data-element_type=\"widget\" data-e-type=\"widget\" data-settings=\"{&quot;_animation&quot;:&quot;zoomIn&quot;}\" data-widget_type=\"image.default\">\n\t\t\t\t<div class=\"elementor-widget-container\">\n\t\t\t\t\t\t\t\t\t\t\t\t<figure class=\"wp-caption\">\n\t\t\t\t\t\t\t\t\t\t<img loading=\"lazy\" decoding=\"async\" width=\"2000\" height=\"1250\" src=\"https:\/\/simonschoenhoff.de\/wp-content\/uploads\/2022\/10\/2022-06-16-Grande-Torre-Wald_25.jpg\" class=\"attachment-full size-full wp-image-8889\" alt srcset=\"https:\/\/simonschoenhoff.de\/wp-content\/uploads\/2022\/10\/2022-06-16-Grande-Torre-Wald_25.jpg 2000w, https:\/\/simonschoenhoff.de\/wp-content\/uploads\/2022\/10\/2022-06-16-Grande-Torre-Wald_25-1200x750.jpg 1200w, https:\/\/simonschoenhoff.de\/wp-content\/uploads\/2022\/10\/2022-06-16-Grande-Torre-Wald_25-300x188.jpg 300w, https:\/\/simonschoenhoff.de\/wp-content\/uploads\/2022\/10\/2022-06-16-Grande-Torre-Wald_25-768x480.jpg 768w, https:\/\/simonschoenhoff.de\/wp-content\/uploads\/2022\/10\/2022-06-16-Grande-Torre-Wald_25-1536x960.jpg 1536w, https:\/\/simonschoenhoff.de\/wp-content\/uploads\/2022\/10\/2022-06-16-Grande-Torre-Wald_25-18x12.jpg 18w\" sizes=\"(max-width: 2000px) 100vw, 2000px\">\t\t\t\t\t\t\t\t\t\t\t<figcaption class=\"widget-image-caption wp-caption-text\">Sonnen\u00addurch\u00adflutet | Sony a7 III @ 104 mm, f\/16, 1\/4 Sek., ISO&nbsp;100<\/figcaption>\n\t\t\t\t\t\t\t\t\t\t<\/figure>\n\t\t\t\t\t\t\t\t\t<\/div>\n\t\t\t\t<\/div>\n\t\t\t\t<div class=\"elementor-element elementor-element-c8b2d2c elementor-widget elementor-widget-text-editor\" data-id=\"c8b2d2c\" data-element_type=\"widget\" data-e-type=\"widget\" data-widget_type=\"text-editor.default\">\n\t\t\t\t<div class=\"elementor-widget-container\">\n\t\t\t\t\t\t\t\t\t<p>Etwas aufpassen musste ich auf die befah\u00adrene Stra\u00dfe. Immer wieder fuhr mir ein Fahr\u00adzeug in die Aufnahme. Aber am Ende hatte ich die gew\u00fcnschten Ergeb\u00adnisse im Kasten.<\/p>\t\t\t\t\t\t\t\t<\/div>\n\t\t\t\t<\/div>\n\t\t\t\t<div class=\"elementor-element elementor-element-cd53120 elementor-invisible elementor-widget elementor-widget-image\" data-id=\"cd53120\" data-element_type=\"widget\" data-e-type=\"widget\" data-settings=\"{&quot;_animation&quot;:&quot;zoomIn&quot;}\" data-widget_type=\"image.default\">\n\t\t\t\t<div class=\"elementor-widget-container\">\n\t\t\t\t\t\t\t\t\t\t\t\t<figure class=\"wp-caption\">\n\t\t\t\t\t\t\t\t\t\t<img loading=\"lazy\" decoding=\"async\" width=\"2000\" height=\"1360\" src=\"https:\/\/simonschoenhoff.de\/wp-content\/uploads\/2022\/10\/2022-06-16-Grande-Torre-Wald_26.jpg\" class=\"attachment-full size-full wp-image-8890\" alt srcset=\"https:\/\/simonschoenhoff.de\/wp-content\/uploads\/2022\/10\/2022-06-16-Grande-Torre-Wald_26.jpg 2000w, https:\/\/simonschoenhoff.de\/wp-content\/uploads\/2022\/10\/2022-06-16-Grande-Torre-Wald_26-1200x816.jpg 1200w, https:\/\/simonschoenhoff.de\/wp-content\/uploads\/2022\/10\/2022-06-16-Grande-Torre-Wald_26-300x204.jpg 300w, https:\/\/simonschoenhoff.de\/wp-content\/uploads\/2022\/10\/2022-06-16-Grande-Torre-Wald_26-768x522.jpg 768w, https:\/\/simonschoenhoff.de\/wp-content\/uploads\/2022\/10\/2022-06-16-Grande-Torre-Wald_26-1536x1044.jpg 1536w, https:\/\/simonschoenhoff.de\/wp-content\/uploads\/2022\/10\/2022-06-16-Grande-Torre-Wald_26-18x12.jpg 18w\" sizes=\"(max-width: 2000px) 100vw, 2000px\">\t\t\t\t\t\t\t\t\t\t\t<figcaption class=\"widget-image-caption wp-caption-text\">Sonnen\u00adstern im Pini\u00aden\u00adwald | Sony a7 III @ 37 mm, f\/16, 3\/10 Sek., ISO&nbsp;100<\/figcaption>\n\t\t\t\t\t\t\t\t\t\t<\/figure>\n\t\t\t\t\t\t\t\t\t<\/div>\n\t\t\t\t<\/div>\n\t\t\t\t<div class=\"elementor-element elementor-element-3a1a865 elementor-widget elementor-widget-text-editor\" data-id=\"3a1a865\" data-element_type=\"widget\" data-e-type=\"widget\" data-widget_type=\"text-editor.default\">\n\t\t\t\t<div class=\"elementor-widget-container\">\n\t\t\t\t\t\t\t\t\t<p>Auf dem Weg zur\u00fcck in unsere Wohnung bemerkte ich, dass der Mond noch recht niedrig \u00fcber dem Wasser stand. Sofort kam mir eine Idee f\u00fcr eine weitere Aufnahme. Ich ging z\u00fcgig ans Wasser und posi\u00adtio\u00adnierte mich so, dass ein dahin\u00adtrei\u00adbendes Segel\u00adboot, der Mond und ich auf einer Achse standen und dr\u00fcckte den Ausl\u00f6ser. Ein sch\u00f6nes Bild, das den Morgen am Meer herr\u00adlich dokumentierte.<\/p>\t\t\t\t\t\t\t\t<\/div>\n\t\t\t\t<\/div>\n\t\t\t\t<div class=\"elementor-element elementor-element-77929dc elementor-invisible elementor-widget elementor-widget-image\" data-id=\"77929dc\" data-element_type=\"widget\" data-e-type=\"widget\" data-settings=\"{&quot;_animation&quot;:&quot;zoomIn&quot;}\" data-widget_type=\"image.default\">\n\t\t\t\t<div class=\"elementor-widget-container\">\n\t\t\t\t\t\t\t\t\t\t\t\t<figure class=\"wp-caption\">\n\t\t\t\t\t\t\t\t\t\t<img loading=\"lazy\" decoding=\"async\" width=\"1333\" height=\"2000\" src=\"https:\/\/simonschoenhoff.de\/wp-content\/uploads\/2022\/10\/2022-06-16-Grande-Torre-Wald_27.jpg\" class=\"attachment-full size-full wp-image-8891\" alt srcset=\"https:\/\/simonschoenhoff.de\/wp-content\/uploads\/2022\/10\/2022-06-16-Grande-Torre-Wald_27.jpg 1333w, https:\/\/simonschoenhoff.de\/wp-content\/uploads\/2022\/10\/2022-06-16-Grande-Torre-Wald_27-1200x1800.jpg 1200w, https:\/\/simonschoenhoff.de\/wp-content\/uploads\/2022\/10\/2022-06-16-Grande-Torre-Wald_27-200x300.jpg 200w, https:\/\/simonschoenhoff.de\/wp-content\/uploads\/2022\/10\/2022-06-16-Grande-Torre-Wald_27-768x1152.jpg 768w, https:\/\/simonschoenhoff.de\/wp-content\/uploads\/2022\/10\/2022-06-16-Grande-Torre-Wald_27-1024x1536.jpg 1024w, https:\/\/simonschoenhoff.de\/wp-content\/uploads\/2022\/10\/2022-06-16-Grande-Torre-Wald_27-8x12.jpg 8w\" sizes=\"(max-width: 1333px) 100vw, 1333px\">\t\t\t\t\t\t\t\t\t\t\t<figcaption class=\"widget-image-caption wp-caption-text\">Morgens vor Grande Torre | Sony a7 III @ 105 mm, f\/8, 1\/32 Sek., ISO&nbsp;100<\/figcaption>\n\t\t\t\t\t\t\t\t\t\t<\/figure>\n\t\t\t\t\t\t\t\t\t<\/div>\n\t\t\t\t<\/div>\n\t\t\t\t<div class=\"elementor-element elementor-element-d959e2c elementor-widget elementor-widget-text-editor\" data-id=\"d959e2c\" data-element_type=\"widget\" data-e-type=\"widget\" data-widget_type=\"text-editor.default\">\n\t\t\t\t<div class=\"elementor-widget-container\">\n\t\t\t\t\t\t\t\t\t<p>Vor der Abfahrt nach San Teodoro hatte ich noch eine offene Rech\u00adnung zu beglei\u00adchen. Ich wollte noch den Baum vor unserem Haus foto\u00adgra\u00adfieren. Eine wirk\u00adlich inter\u00ades\u00adsante Kompo\u00adsi\u00adtion zu finden war alles andere als einfach. Die Morgen\u00adsonne war nach meinem Plan die ideale Zeit f\u00fcr ein Foto, aber an der Kompo\u00adsi\u00adtion versuchte ich mich mehrere Minuten. Das Endergebnis \u00fcber\u00adzeugt mich jedenfalls.<\/p>\t\t\t\t\t\t\t\t<\/div>\n\t\t\t\t<\/div>\n\t\t\t\t<div class=\"elementor-element elementor-element-2bc33c9 elementor-invisible elementor-widget elementor-widget-image\" data-id=\"2bc33c9\" data-element_type=\"widget\" data-e-type=\"widget\" data-settings=\"{&quot;_animation&quot;:&quot;zoomIn&quot;}\" data-widget_type=\"image.default\">\n\t\t\t\t<div class=\"elementor-widget-container\">\n\t\t\t\t\t\t\t\t\t\t\t\t<figure class=\"wp-caption\">\n\t\t\t\t\t\t\t\t\t\t<img loading=\"lazy\" decoding=\"async\" width=\"1500\" height=\"2000\" src=\"https:\/\/simonschoenhoff.de\/wp-content\/uploads\/2022\/10\/2022-06-16-Grande-Torre-Wald_28.jpg\" class=\"attachment-full size-full wp-image-8892\" alt srcset=\"https:\/\/simonschoenhoff.de\/wp-content\/uploads\/2022\/10\/2022-06-16-Grande-Torre-Wald_28.jpg 1500w, https:\/\/simonschoenhoff.de\/wp-content\/uploads\/2022\/10\/2022-06-16-Grande-Torre-Wald_28-1200x1600.jpg 1200w, https:\/\/simonschoenhoff.de\/wp-content\/uploads\/2022\/10\/2022-06-16-Grande-Torre-Wald_28-225x300.jpg 225w, https:\/\/simonschoenhoff.de\/wp-content\/uploads\/2022\/10\/2022-06-16-Grande-Torre-Wald_28-768x1024.jpg 768w, https:\/\/simonschoenhoff.de\/wp-content\/uploads\/2022\/10\/2022-06-16-Grande-Torre-Wald_28-1152x1536.jpg 1152w, https:\/\/simonschoenhoff.de\/wp-content\/uploads\/2022\/10\/2022-06-16-Grande-Torre-Wald_28-9x12.jpg 9w\" sizes=\"(max-width: 1500px) 100vw, 1500px\">\t\t\t\t\t\t\t\t\t\t\t<figcaption class=\"widget-image-caption wp-caption-text\">Pinie am Strand von Grande Torre | Sony a7 III @ 17 mm, f\/11, 1\/400 Sek., ISO&nbsp;100<\/figcaption>\n\t\t\t\t\t\t\t\t\t\t<\/figure>\n\t\t\t\t\t\t\t\t\t<\/div>\n\t\t\t\t<\/div>\n\t\t\t\t<div class=\"elementor-element elementor-element-d2a965b elementor-widget elementor-widget-text-editor\" data-id=\"d2a965b\" data-element_type=\"widget\" data-e-type=\"widget\" data-widget_type=\"text-editor.default\">\n\t\t\t\t<div class=\"elementor-widget-container\">\n\t\t\t\t\t\t\t\t\t<p>Nun konnte ich ruhigen Gewis\u00adsens weiter auf den letzten Teil unserer Reise gehen. In San Teodoro an der Ostk\u00fcste gab es viele Touristen, aber ich konnte einen wunder\u00adsch\u00f6nen Sonn\u00adun\u00adter\u00adgang mit der Drohne doku\u00admen\u00adtieren und einen wirk\u00adlich inter\u00ades\u00adsanten Ort f\u00fcr Sonnen\u00adauf\u00adgangs\u00adfo\u00adto\u00adgrafie erkunden. Mehr dazu im vierten Teil.<\/p>\t\t\t\t\t\t\t\t<\/div>\n\t\t\t\t<\/div>\n\t\t<div class=\"elementor-element elementor-element-133133b e-flex e-con-boxed e-con e-parent\" data-id=\"133133b\" data-element_type=\"container\" data-e-type=\"container\">\n\t\t\t\t\t<div class=\"e-con-inner\">\n\t\t\t\t\t<\/div>\n\t\t\t\t<\/div>\n\t\t\t\t\t<\/div>\n\t\t\t\t<\/div>\n\t\t\t\t<\/div>","protected":false},"excerpt":{"rendered":"<p>Unseren dies\u00adj\u00e4h\u00adrigen Sommer\u00adur\u00adlaub verbrachten wir auf der gro\u00dfen und wunder\u00adsch\u00f6nen Insel Sardi\u00adnien. Das Spagat zwischen meiner Leiden\u00adschaft der Land\u00adschafts\u00adfo\u00adto\u00adgrafie und einem tollen Fami\u00adli\u00aden\u00adur\u00adlaub war f\u00fcr mich noch nie so einfach zu meis\u00adtern. Und dank herr\u00adli\u00adchen Tempe\u00adra\u00adturen schon zu Sonnen\u00adauf\u00adgang genoss ich einige Tage lang Land\u00adschafts\u00adfo\u00adto\u00adgrafie in Flip-Flops.<\/p>","protected":false},"author":1,"featured_media":8909,"comment_status":"open","ping_status":"open","sticky":false,"template":"","format":"standard","meta":{"wp_typography_post_enhancements_disabled":false,"footnotes":""},"categories":[4,7,55],"tags":[242,236,241],"class_list":["post-8896","post","type-post","status-publish","format-standard","has-post-thumbnail","hentry","category-blog","category-foto-locations","category-italien","tag-san-giovanni-di-sinis","tag-sardinien","tag-sinis-halbinsel"],"_links":{"self":[{"href":"https:\/\/simonschoenhoff.de\/en\/wp-json\/wp\/v2\/posts\/8896","targetHints":{"allow":["GET"]}}],"collection":[{"href":"https:\/\/simonschoenhoff.de\/en\/wp-json\/wp\/v2\/posts"}],"about":[{"href":"https:\/\/simonschoenhoff.de\/en\/wp-json\/wp\/v2\/types\/post"}],"author":[{"embeddable":true,"href":"https:\/\/simonschoenhoff.de\/en\/wp-json\/wp\/v2\/users\/1"}],"replies":[{"embeddable":true,"href":"https:\/\/simonschoenhoff.de\/en\/wp-json\/wp\/v2\/comments?post=8896"}],"version-history":[{"count":29,"href":"https:\/\/simonschoenhoff.de\/en\/wp-json\/wp\/v2\/posts\/8896\/revisions"}],"predecessor-version":[{"id":10014,"href":"https:\/\/simonschoenhoff.de\/en\/wp-json\/wp\/v2\/posts\/8896\/revisions\/10014"}],"wp:featuredmedia":[{"embeddable":true,"href":"https:\/\/simonschoenhoff.de\/en\/wp-json\/wp\/v2\/media\/8909"}],"wp:attachment":[{"href":"https:\/\/simonschoenhoff.de\/en\/wp-json\/wp\/v2\/media?parent=8896"}],"wp:term":[{"taxonomy":"category","embeddable":true,"href":"https:\/\/simonschoenhoff.de\/en\/wp-json\/wp\/v2\/categories?post=8896"},{"taxonomy":"post_tag","embeddable":true,"href":"https:\/\/simonschoenhoff.de\/en\/wp-json\/wp\/v2\/tags?post=8896"}],"curies":[{"name":"wp","href":"https:\/\/api.w.org\/{rel}","templated":true}]}}