{"id":8741,"date":"2022-10-12T07:04:18","date_gmt":"2022-10-12T07:04:18","guid":{"rendered":"https:\/\/simonschoenhoff.de\/?p=8741"},"modified":"2022-12-30T22:38:29","modified_gmt":"2022-12-30T22:38:29","slug":"sardinien-landschaftsfotografie-in-flip-flops-2","status":"publish","type":"post","link":"https:\/\/simonschoenhoff.de\/en\/sardinien-landschaftsfotografie-in-flip-flops-2\/","title":{"rendered":"Sardi\u00adnien \u2013 Land\u00adschafts\u00adfo\u00adto\u00adgrafie in Flip-Flops 2"},"content":{"rendered":"<div data-elementor-type=\"wp-post\" data-elementor-id=\"8741\" class=\"elementor elementor-8741\" data-elementor-post-type=\"post\">\n\t\t\t\t<div class=\"elementor-element elementor-element-137ed50 e-flex e-con-boxed e-con e-parent\" data-id=\"137ed50\" data-element_type=\"container\" data-e-type=\"container\">\n\t\t\t\t\t<div class=\"e-con-inner\">\n\t\t\t\t<div class=\"elementor-element elementor-element-f8745dd elementor-widget elementor-widget-menu-anchor\" data-id=\"f8745dd\" data-element_type=\"widget\" data-e-type=\"widget\" data-widget_type=\"menu-anchor.default\">\n\t\t\t\t<div class=\"elementor-widget-container\">\n\t\t\t\t\t\t\t<div class=\"elementor-menu-anchor\" id=\"seite\"><\/div>\n\t\t\t\t\t\t<\/div>\n\t\t\t\t<\/div>\n\t\t\t\t<div class=\"elementor-element elementor-element-cb01ef5 elementor-widget elementor-widget-heading\" data-id=\"cb01ef5\" data-element_type=\"widget\" data-e-type=\"widget\" data-widget_type=\"heading.default\">\n\t\t\t\t<div class=\"elementor-widget-container\">\n\t\t\t\t\t<h2 class=\"elementor-heading-title elementor-size-default\">Sardi\u00adnien \u2013 Land\u00adschafts\u00adfo\u00adto\u00adgrafie in Flip-Flops 2<\/h2>\t\t\t\t<\/div>\n\t\t\t\t<\/div>\n\t\t\t\t<div class=\"elementor-element elementor-element-7c99629 elementor-widget elementor-widget-text-editor\" data-id=\"7c99629\" data-element_type=\"widget\" data-e-type=\"widget\" data-widget_type=\"text-editor.default\">\n\t\t\t\t<div class=\"elementor-widget-container\">\n\t\t\t\t\t\t\t\t\tUnseren dies\u00adj\u00e4h\u00adrigen Sommer\u00adur\u00adlaub verbrachten wir auf der gro\u00dfen und wunder\u00adsch\u00f6nen Insel Sardi\u00adnien. Das Spagat zwischen meiner Leiden\u00adschaft der Land\u00adschafts\u00adfo\u00adto\u00adgrafie und einem tollen Fami\u00adli\u00aden\u00adur\u00adlaub war f\u00fcr mich noch nie so einfach zu meis\u00adtern. Und dank herr\u00adli\u00adchen Tempe\u00adra\u00adturen schon zu Sonnen\u00adauf\u00adgang genoss ich einige Tage lang Land\u00adschafts\u00adfo\u00adto\u00adgrafie in Flip-Flops.&nbsp;<\/div>\n\t\t\t\t<\/div>\n\t\t\t\t<div class=\"elementor-element elementor-element-3e5e1aa elementor-widget elementor-widget-text-editor\" data-id=\"3e5e1aa\" data-element_type=\"widget\" data-e-type=\"widget\" data-widget_type=\"text-editor.default\">\n\t\t\t\t<div class=\"elementor-widget-container\">\n\t\t\t\t\t\t\t\t\t<p>In the <a href=\"https:\/\/simonschoenhoff.de\/en\/sardinien-landschaftsfotografie-in-flip-flops-1\/\">ersten Teil unserer Reise<\/a> habe ich bereits von unserem wunder\u00adsch\u00f6nen Aufent\u00adhalt in Stin\u00adtino berichtet, nun geht es weiter in die sehens\u00adwerte Stadt namens Alghero.<\/p>\t\t\t\t\t\t\t\t<\/div>\n\t\t\t\t<\/div>\n\t\t\t\t\t<\/div>\n\t\t\t\t<\/div>\n\t\t<div class=\"elementor-element elementor-element-a3427e2 e-flex e-con-boxed e-con e-parent\" data-id=\"a3427e2\" data-element_type=\"container\" data-e-type=\"container\">\n\t\t\t\t\t<div class=\"e-con-inner\">\n\t\t\t\t<div class=\"elementor-element elementor-element-7086369 elementor-widget elementor-widget-heading\" data-id=\"7086369\" data-element_type=\"widget\" data-e-type=\"widget\" data-widget_type=\"heading.default\">\n\t\t\t\t<div class=\"elementor-widget-container\">\n\t\t\t\t\t<h3 class=\"elementor-heading-title elementor-size-default\">Alghero<\/h3>\t\t\t\t<\/div>\n\t\t\t\t<\/div>\n\t\t\t\t<div class=\"elementor-element elementor-element-ff5c1cb elementor-widget elementor-widget-text-editor\" data-id=\"ff5c1cb\" data-element_type=\"widget\" data-e-type=\"widget\" data-widget_type=\"text-editor.default\">\n\t\t\t\t<div class=\"elementor-widget-container\">\n\t\t\t\t\t\t\t\t\t<p>Im zweiten Teil unserer Rund\u00adreise im Norden Sardi\u00adniens verschlug es uns in die gro\u00dfe Stadt Alghero. Mit einer wunder\u00adsch\u00f6nen Altstadt, umgeben von einer Mauer direkt am Mittel\u00admeer, einem gro\u00dfen Hafen und vielen kleinen sehens\u00adwerten Gesch\u00e4ften, macht es sie zu einem abso\u00adluten Must-See auf einer Sardi\u00adnien-Reise im Nord-Westen der&nbsp;Insel.<\/p>\t\t\t\t\t\t\t\t<\/div>\n\t\t\t\t<\/div>\n\t\t\t\t<div class=\"elementor-element elementor-element-63000bb elementor-invisible elementor-widget elementor-widget-image\" data-id=\"63000bb\" data-element_type=\"widget\" data-e-type=\"widget\" data-settings=\"{&quot;_animation&quot;:&quot;zoomIn&quot;}\" data-widget_type=\"image.default\">\n\t\t\t\t<div class=\"elementor-widget-container\">\n\t\t\t\t\t\t\t\t\t\t\t\t<figure class=\"wp-caption\">\n\t\t\t\t\t\t\t\t\t\t<img fetchpriority=\"high\" decoding=\"async\" width=\"2000\" height=\"1333\" src=\"https:\/\/simonschoenhoff.de\/wp-content\/uploads\/2022\/10\/DJI-Mini-3-Pro_6.jpg\" class=\"attachment-full size-full wp-image-8738\" alt srcset=\"https:\/\/simonschoenhoff.de\/wp-content\/uploads\/2022\/10\/DJI-Mini-3-Pro_6.jpg 2000w, https:\/\/simonschoenhoff.de\/wp-content\/uploads\/2022\/10\/DJI-Mini-3-Pro_6-1200x800.jpg 1200w, https:\/\/simonschoenhoff.de\/wp-content\/uploads\/2022\/10\/DJI-Mini-3-Pro_6-300x200.jpg 300w, https:\/\/simonschoenhoff.de\/wp-content\/uploads\/2022\/10\/DJI-Mini-3-Pro_6-768x512.jpg 768w, https:\/\/simonschoenhoff.de\/wp-content\/uploads\/2022\/10\/DJI-Mini-3-Pro_6-1536x1024.jpg 1536w, https:\/\/simonschoenhoff.de\/wp-content\/uploads\/2022\/10\/DJI-Mini-3-Pro_6-18x12.jpg 18w\" sizes=\"(max-width: 2000px) 100vw, 2000px\">\t\t\t\t\t\t\t\t\t\t\t<figcaption class=\"widget-image-caption wp-caption-text\">Die Altstadt Algheros von oben | DJI Mini 3 Pro @ 24 mm, f\/1.7, 1\/640 Sek., ISO&nbsp;100<\/figcaption>\n\t\t\t\t\t\t\t\t\t\t<\/figure>\n\t\t\t\t\t\t\t\t\t<\/div>\n\t\t\t\t<\/div>\n\t\t\t\t<div class=\"elementor-element elementor-element-16fcc6d elementor-widget elementor-widget-gallery\" data-id=\"16fcc6d\" data-element_type=\"widget\" data-e-type=\"widget\" data-settings=\"{&quot;gallery_layout&quot;:&quot;justified&quot;,&quot;ideal_row_height&quot;:{&quot;unit&quot;:&quot;px&quot;,&quot;size&quot;:500,&quot;sizes&quot;:[]},&quot;ideal_row_height_tablet&quot;:{&quot;unit&quot;:&quot;px&quot;,&quot;size&quot;:350,&quot;sizes&quot;:[]},&quot;ideal_row_height_mobile&quot;:{&quot;unit&quot;:&quot;px&quot;,&quot;size&quot;:500,&quot;sizes&quot;:[]},&quot;lazyload&quot;:&quot;yes&quot;,&quot;gap&quot;:{&quot;unit&quot;:&quot;px&quot;,&quot;size&quot;:10,&quot;sizes&quot;:[]},&quot;gap_tablet&quot;:{&quot;unit&quot;:&quot;px&quot;,&quot;size&quot;:10,&quot;sizes&quot;:[]},&quot;gap_mobile&quot;:{&quot;unit&quot;:&quot;px&quot;,&quot;size&quot;:10,&quot;sizes&quot;:[]},&quot;overlay_background&quot;:&quot;yes&quot;,&quot;content_hover_animation&quot;:&quot;fade-in&quot;}\" data-widget_type=\"gallery.default\">\n\t\t\t\t<div class=\"elementor-widget-container\">\n\t\t\t\t\t\t\t<div class=\"elementor-gallery__container\">\n\t\t\t\t\t\t\t<div class=\"e-gallery-item elementor-gallery-item elementor-animated-content\">\n\t\t\t\t\t<div class=\"e-gallery-image elementor-gallery-item__image\" data-thumbnail=\"https:\/\/simonschoenhoff.de\/wp-content\/uploads\/2022\/10\/2022-06-11-Alghero-Tag-2_8.jpg\" data-width=\"2000\" data-height=\"1333\" aria-label role=\"img\"><\/div>\n\t\t\t\t\t\t\t\t\t\t\t<div class=\"elementor-gallery-item__overlay\"><\/div>\n\t\t\t\t\t\t\t\t\t\t\t\t\t\t<\/div>\n\t\t\t\t\t\t\t<div class=\"e-gallery-item elementor-gallery-item elementor-animated-content\">\n\t\t\t\t\t<div class=\"e-gallery-image elementor-gallery-item__image\" data-thumbnail=\"https:\/\/simonschoenhoff.de\/wp-content\/uploads\/2022\/10\/2022-06-11-Alghero-Tag-2_7.jpg\" data-width=\"1333\" data-height=\"2000\" aria-label role=\"img\"><\/div>\n\t\t\t\t\t\t\t\t\t\t\t<div class=\"elementor-gallery-item__overlay\"><\/div>\n\t\t\t\t\t\t\t\t\t\t\t\t\t\t<\/div>\n\t\t\t\t\t<\/div>\n\t\t\t\t\t<\/div>\n\t\t\t\t<\/div>\n\t\t\t\t<div class=\"elementor-element elementor-element-3c81992 elementor-widget elementor-widget-text-editor\" data-id=\"3c81992\" data-element_type=\"widget\" data-e-type=\"widget\" data-widget_type=\"text-editor.default\">\n\t\t\t\t<div class=\"elementor-widget-container\">\n\t\t\t\t\t\t\t\t\t<p>Im urbanen Umfeld ist es nat\u00fcr\u00adlich schwierig Land\u00adschafts\u00adfo\u00adto\u00adgrafie in der Natur umzu\u00adsetzen. Aber im gewissen Rahmen sind urbane Land\u00adschaften ja auch eine Art der Land\u00adschafts\u00adfo\u00adto\u00adgrafie, eben nur mit erheb\u00adli\u00adchen mensch\u00adli\u00adchem Einfluss. Au\u00dferdem habe ich durchaus auch Freude daran, Szenen unserer sch\u00f6nen St\u00e4dten auf dieser Welt abzulichten.<\/p>\t\t\t\t\t\t\t\t<\/div>\n\t\t\t\t<\/div>\n\t\t\t\t<div class=\"elementor-element elementor-element-04b39e8 elementor-widget elementor-widget-gallery\" data-id=\"04b39e8\" data-element_type=\"widget\" data-e-type=\"widget\" data-settings=\"{&quot;gallery_layout&quot;:&quot;masonry&quot;,&quot;columns&quot;:3,&quot;lazyload&quot;:&quot;yes&quot;,&quot;columns_tablet&quot;:2,&quot;columns_mobile&quot;:1,&quot;gap&quot;:{&quot;unit&quot;:&quot;px&quot;,&quot;size&quot;:10,&quot;sizes&quot;:[]},&quot;gap_tablet&quot;:{&quot;unit&quot;:&quot;px&quot;,&quot;size&quot;:10,&quot;sizes&quot;:[]},&quot;gap_mobile&quot;:{&quot;unit&quot;:&quot;px&quot;,&quot;size&quot;:10,&quot;sizes&quot;:[]},&quot;overlay_background&quot;:&quot;yes&quot;,&quot;content_hover_animation&quot;:&quot;fade-in&quot;}\" data-widget_type=\"gallery.default\">\n\t\t\t\t<div class=\"elementor-widget-container\">\n\t\t\t\t\t\t\t<div class=\"elementor-gallery__container\">\n\t\t\t\t\t\t\t<div class=\"e-gallery-item elementor-gallery-item elementor-animated-content\">\n\t\t\t\t\t<div class=\"e-gallery-image elementor-gallery-item__image\" data-thumbnail=\"https:\/\/simonschoenhoff.de\/wp-content\/uploads\/2022\/10\/2022-06-12-Alghero-Tag-3_22.jpg\" data-width=\"1333\" data-height=\"2000\" aria-label role=\"img\"><\/div>\n\t\t\t\t\t\t\t\t\t\t\t<div class=\"elementor-gallery-item__overlay\"><\/div>\n\t\t\t\t\t\t\t\t\t\t\t\t\t\t<\/div>\n\t\t\t\t\t\t\t<div class=\"e-gallery-item elementor-gallery-item elementor-animated-content\">\n\t\t\t\t\t<div class=\"e-gallery-image elementor-gallery-item__image\" data-thumbnail=\"https:\/\/simonschoenhoff.de\/wp-content\/uploads\/2022\/10\/2022-06-10b-Alghero-Tag-1_5.jpg\" data-width=\"1500\" data-height=\"2000\" aria-label role=\"img\"><\/div>\n\t\t\t\t\t\t\t\t\t\t\t<div class=\"elementor-gallery-item__overlay\"><\/div>\n\t\t\t\t\t\t\t\t\t\t\t\t\t\t<\/div>\n\t\t\t\t\t\t\t<div class=\"e-gallery-item elementor-gallery-item elementor-animated-content\">\n\t\t\t\t\t<div class=\"e-gallery-image elementor-gallery-item__image\" data-thumbnail=\"https:\/\/simonschoenhoff.de\/wp-content\/uploads\/2022\/10\/2022-06-10b-Alghero-Tag-1_4.jpg\" data-width=\"1500\" data-height=\"2000\" aria-label role=\"img\"><\/div>\n\t\t\t\t\t\t\t\t\t\t\t<div class=\"elementor-gallery-item__overlay\"><\/div>\n\t\t\t\t\t\t\t\t\t\t\t\t\t\t<\/div>\n\t\t\t\t\t\t\t<div class=\"e-gallery-item elementor-gallery-item elementor-animated-content\">\n\t\t\t\t\t<div class=\"e-gallery-image elementor-gallery-item__image\" data-thumbnail=\"https:\/\/simonschoenhoff.de\/wp-content\/uploads\/2022\/10\/2022-06-10b-Alghero-Tag-1_1.jpg\" data-width=\"1500\" data-height=\"2000\" aria-label role=\"img\"><\/div>\n\t\t\t\t\t\t\t\t\t\t\t<div class=\"elementor-gallery-item__overlay\"><\/div>\n\t\t\t\t\t\t\t\t\t\t\t\t\t\t<\/div>\n\t\t\t\t\t\t\t<div class=\"e-gallery-item elementor-gallery-item elementor-animated-content\">\n\t\t\t\t\t<div class=\"e-gallery-image elementor-gallery-item__image\" data-thumbnail=\"https:\/\/simonschoenhoff.de\/wp-content\/uploads\/2022\/10\/2022-06-12-Alghero-Tag-3_14.jpg\" data-width=\"1333\" data-height=\"2000\" aria-label role=\"img\"><\/div>\n\t\t\t\t\t\t\t\t\t\t\t<div class=\"elementor-gallery-item__overlay\"><\/div>\n\t\t\t\t\t\t\t\t\t\t\t\t\t\t<\/div>\n\t\t\t\t\t\t\t<div class=\"e-gallery-item elementor-gallery-item elementor-animated-content\">\n\t\t\t\t\t<div class=\"e-gallery-image elementor-gallery-item__image\" data-thumbnail=\"https:\/\/simonschoenhoff.de\/wp-content\/uploads\/2022\/10\/2022-06-12-Alghero-Tag-3_15.jpg\" data-width=\"1333\" data-height=\"2000\" aria-label role=\"img\"><\/div>\n\t\t\t\t\t\t\t\t\t\t\t<div class=\"elementor-gallery-item__overlay\"><\/div>\n\t\t\t\t\t\t\t\t\t\t\t\t\t\t<\/div>\n\t\t\t\t\t<\/div>\n\t\t\t\t\t<\/div>\n\t\t\t\t<\/div>\n\t\t\t\t<div class=\"elementor-element elementor-element-792969d elementor-widget elementor-widget-text-editor\" data-id=\"792969d\" data-element_type=\"widget\" data-e-type=\"widget\" data-widget_type=\"text-editor.default\">\n\t\t\t\t<div class=\"elementor-widget-container\">\n\t\t\t\t\t\t\t\t\t<p>F\u00fcr Alghero bot sich eine ganz beson\u00addere Szene an der Stadt\u00admauer an. Dort sind einige wunder\u00adsch\u00f6n gestri\u00adchene H\u00e4user entlang der Prome\u00adnade aufge\u00adreiht und die Sonne geht im Sommer an der rich\u00adtigen Stelle unter, so dass man etwa eine halbe Stunde nach Sonnen\u00adun\u00adter\u00adgang das ideale reflek\u00adtierte Licht, die Farben des Himmels und die k\u00fcnst\u00adli\u00adchen Lichter der Stadt wunderbar auf ein Bild bringen kann.<\/p>\t\t\t\t\t\t\t\t<\/div>\n\t\t\t\t<\/div>\n\t\t\t\t<div class=\"elementor-element elementor-element-b934007 elementor-invisible elementor-widget elementor-widget-image\" data-id=\"b934007\" data-element_type=\"widget\" data-e-type=\"widget\" data-settings=\"{&quot;_animation&quot;:&quot;zoomIn&quot;}\" data-widget_type=\"image.default\">\n\t\t\t\t<div class=\"elementor-widget-container\">\n\t\t\t\t\t\t\t\t\t\t\t\t<figure class=\"wp-caption\">\n\t\t\t\t\t\t\t\t\t\t<img decoding=\"async\" width=\"2000\" height=\"1333\" src=\"https:\/\/simonschoenhoff.de\/wp-content\/uploads\/2022\/10\/2022-06-10b-Alghero-Tag-1_3.jpg\" class=\"attachment-full size-full wp-image-8709\" alt srcset=\"https:\/\/simonschoenhoff.de\/wp-content\/uploads\/2022\/10\/2022-06-10b-Alghero-Tag-1_3.jpg 2000w, https:\/\/simonschoenhoff.de\/wp-content\/uploads\/2022\/10\/2022-06-10b-Alghero-Tag-1_3-1200x800.jpg 1200w, https:\/\/simonschoenhoff.de\/wp-content\/uploads\/2022\/10\/2022-06-10b-Alghero-Tag-1_3-300x200.jpg 300w, https:\/\/simonschoenhoff.de\/wp-content\/uploads\/2022\/10\/2022-06-10b-Alghero-Tag-1_3-768x512.jpg 768w, https:\/\/simonschoenhoff.de\/wp-content\/uploads\/2022\/10\/2022-06-10b-Alghero-Tag-1_3-1536x1024.jpg 1536w, https:\/\/simonschoenhoff.de\/wp-content\/uploads\/2022\/10\/2022-06-10b-Alghero-Tag-1_3-18x12.jpg 18w\" sizes=\"(max-width: 2000px) 100vw, 2000px\">\t\t\t\t\t\t\t\t\t\t\t<figcaption class=\"widget-image-caption wp-caption-text\">Abend an der Altstadt Alghero | Sony a7 III @ 18 mm, f\/16, 20 Sek., ISO&nbsp;100<\/figcaption>\n\t\t\t\t\t\t\t\t\t\t<\/figure>\n\t\t\t\t\t\t\t\t\t<\/div>\n\t\t\t\t<\/div>\n\t\t<div class=\"elementor-element elementor-element-141642a e-flex e-con-boxed elementor-invisible e-con e-parent\" data-id=\"141642a\" data-element_type=\"container\" data-e-type=\"container\" data-settings=\"{&quot;background_background&quot;:&quot;classic&quot;,&quot;animation&quot;:&quot;zoomIn&quot;}\">\n\t\t\t\t\t<div class=\"e-con-inner\">\n\t\t\t\t<div class=\"elementor-element elementor-element-079afd4 elementor-widget__width-initial elementor-widget elementor-widget-text-editor\" data-id=\"079afd4\" data-element_type=\"widget\" data-e-type=\"widget\" data-widget_type=\"text-editor.default\">\n\t\t\t\t<div class=\"elementor-widget-container\">\n\t\t\t\t\t\t\t\t\t<p style=\"text-align: center;\">Diese und andere Aufnahmen als als Kunst\u00addruck f\u00fcr dein Zuhause kannst du jeder\u00adzeit unter \u201ePrints\u201c direkt bei mir anfragen. Herge\u00adstellt von einem der welt\u00adweit f\u00fchrenden Foto\u00adla\u00adbore in h\u00f6chster Qualit\u00e4t.&nbsp;<\/p>\t\t\t\t\t\t\t\t<\/div>\n\t\t\t\t<\/div>\n\t\t\t\t<div class=\"elementor-element elementor-element-624ccae elementor-widget elementor-widget-button\" data-id=\"624ccae\" data-element_type=\"widget\" data-e-type=\"widget\" data-settings=\"{&quot;_animation_mobile&quot;:&quot;fadeIn&quot;}\" data-widget_type=\"button.default\">\n\t\t\t\t<div class=\"elementor-widget-container\">\n\t\t\t\t\t\t\t\t\t<div class=\"elementor-button-wrapper\">\n\t\t\t\t\t<a class=\"elementor-button elementor-button-link elementor-size-sm elementor-animation-grow\" href=\"https:\/\/simonschoenhoff.de\/en\/prints\/\">\n\t\t\t\t\t\t<span class=\"elementor-button-content-wrapper\">\n\t\t\t\t\t\t<span class=\"elementor-button-icon\">\n\t\t\t\t<i aria-hidden=\"true\" class=\"fas fa-shopping-cart\"><\/i>\t\t\t<\/span>\n\t\t\t\t\t\t\t\t\t<span class=\"elementor-button-text\">Prints<\/span>\n\t\t\t\t\t<\/span>\n\t\t\t\t\t<\/a>\n\t\t\t\t<\/div>\n\t\t\t\t\t\t\t\t<\/div>\n\t\t\t\t<\/div>\n\t\t\t\t\t<\/div>\n\t\t\t\t<\/div>\n\t\t\t\t<div class=\"elementor-element elementor-element-71d586d elementor-widget elementor-widget-text-editor\" data-id=\"71d586d\" data-element_type=\"widget\" data-e-type=\"widget\" data-widget_type=\"text-editor.default\">\n\t\t\t\t<div class=\"elementor-widget-container\">\n\t\t\t\t\t\t\t\t\t<p>Fr\u00fch\u00adzeitig brachte ich mich an der Stadt\u00admauer in Stel\u00adlung, denn ich hatte etwas bedenken, dass jemand der vielen Besu\u00adcher vor Ort mir den Platz streitig machen k\u00f6nnte. Als ich an der Mauer sa\u00df, kam mir dann eine Idee. M\u00f6gli\u00adcher\u00adweise gibt es am Fu\u00dfe der Stadt\u00admauer die M\u00f6glich\u00adkeit doch ein wenig Land\u00adschafts\u00adfo\u00adto\u00adgrafie zu machen. Ich machte ein zwei Test\u00adauf\u00adnahmen in Rich\u00adtung der unter\u00adge\u00adgan\u00adgenen Sonne. Klar es ist kein Meis\u00adter\u00adwerk, aber ich beschloss am n\u00e4chsten Tag eine Stelle zu suchen, an der ich eine Land\u00adschafts\u00adauf\u00adnahme an der Stadt machen konnte.<\/p>\t\t\t\t\t\t\t\t<\/div>\n\t\t\t\t<\/div>\n\t\t\t\t<div class=\"elementor-element elementor-element-b388ad7 elementor-invisible elementor-widget elementor-widget-image\" data-id=\"b388ad7\" data-element_type=\"widget\" data-e-type=\"widget\" data-settings=\"{&quot;_animation&quot;:&quot;zoomIn&quot;}\" data-widget_type=\"image.default\">\n\t\t\t\t<div class=\"elementor-widget-container\">\n\t\t\t\t\t\t\t\t\t\t\t\t<figure class=\"wp-caption\">\n\t\t\t\t\t\t\t\t\t\t<img decoding=\"async\" width=\"2000\" height=\"2000\" src=\"https:\/\/simonschoenhoff.de\/wp-content\/uploads\/2022\/10\/2022-06-10b-Alghero-Tag-1_2.jpg\" class=\"attachment-full size-full wp-image-8708\" alt srcset=\"https:\/\/simonschoenhoff.de\/wp-content\/uploads\/2022\/10\/2022-06-10b-Alghero-Tag-1_2.jpg 2000w, https:\/\/simonschoenhoff.de\/wp-content\/uploads\/2022\/10\/2022-06-10b-Alghero-Tag-1_2-1200x1200.jpg 1200w, https:\/\/simonschoenhoff.de\/wp-content\/uploads\/2022\/10\/2022-06-10b-Alghero-Tag-1_2-100x100.jpg 100w, https:\/\/simonschoenhoff.de\/wp-content\/uploads\/2022\/10\/2022-06-10b-Alghero-Tag-1_2-300x300.jpg 300w, https:\/\/simonschoenhoff.de\/wp-content\/uploads\/2022\/10\/2022-06-10b-Alghero-Tag-1_2-768x768.jpg 768w, https:\/\/simonschoenhoff.de\/wp-content\/uploads\/2022\/10\/2022-06-10b-Alghero-Tag-1_2-1536x1536.jpg 1536w, https:\/\/simonschoenhoff.de\/wp-content\/uploads\/2022\/10\/2022-06-10b-Alghero-Tag-1_2-12x12.jpg 12w\" sizes=\"(max-width: 2000px) 100vw, 2000px\">\t\t\t\t\t\t\t\t\t\t\t<figcaption class=\"widget-image-caption wp-caption-text\">Land\u00adschaft um Alghero | Sony a7 III @ 18 mm, f\/16, 20 Sek., ISO&nbsp;100<\/figcaption>\n\t\t\t\t\t\t\t\t\t\t<\/figure>\n\t\t\t\t\t\t\t\t\t<\/div>\n\t\t\t\t<\/div>\n\t\t\t\t<div class=\"elementor-element elementor-element-0c5057c elementor-widget elementor-widget-text-editor\" data-id=\"0c5057c\" data-element_type=\"widget\" data-e-type=\"widget\" data-widget_type=\"text-editor.default\">\n\t\t\t\t<div class=\"elementor-widget-container\">\n\t\t\t\t\t\t\t\t\t<p>Gesagt getan, unter\u00adhalb der Stadt\u00admauer sind einige Felsen, \u00fcber die ich klet\u00adtern konnte, um eine sch\u00f6nes Motiv zu finden. F\u00fcndig wurde ich bei einem kleinen Seegras, das dort auf einem Felsen wuchs. Dieses sollte als Vorder\u00adgrund in meinem Bild dienen. Ich versuchte die Kamera so zu posi\u00adtio\u00adnieren, dass im Hinter\u00adgrund das Cappo Caccia zu sehen ist und die Sonne au\u00dfer\u00adhalb des Bildes unter\u00adgeht. So habe ich Gegen\u00adlicht, dass in meinem Vorder\u00adgrund Struktur erzeugt, aber kein extreme Dyna\u00admik\u00adum\u00adf\u00e4nge zu handeln.<\/p>\t\t\t\t\t\t\t\t<\/div>\n\t\t\t\t<\/div>\n\t\t\t\t<div class=\"elementor-element elementor-element-913e1ca elementor-invisible elementor-widget elementor-widget-image\" data-id=\"913e1ca\" data-element_type=\"widget\" data-e-type=\"widget\" data-settings=\"{&quot;_animation&quot;:&quot;zoomIn&quot;}\" data-widget_type=\"image.default\">\n\t\t\t\t<div class=\"elementor-widget-container\">\n\t\t\t\t\t\t\t\t\t\t\t\t<figure class=\"wp-caption\">\n\t\t\t\t\t\t\t\t\t\t<img loading=\"lazy\" decoding=\"async\" width=\"1503\" height=\"2000\" src=\"https:\/\/simonschoenhoff.de\/wp-content\/uploads\/2022\/10\/2022-06-12-Alghero-Tag-3_18.jpg\" class=\"attachment-full size-full wp-image-8723\" alt srcset=\"https:\/\/simonschoenhoff.de\/wp-content\/uploads\/2022\/10\/2022-06-12-Alghero-Tag-3_18.jpg 1503w, https:\/\/simonschoenhoff.de\/wp-content\/uploads\/2022\/10\/2022-06-12-Alghero-Tag-3_18-1200x1597.jpg 1200w, https:\/\/simonschoenhoff.de\/wp-content\/uploads\/2022\/10\/2022-06-12-Alghero-Tag-3_18-225x300.jpg 225w, https:\/\/simonschoenhoff.de\/wp-content\/uploads\/2022\/10\/2022-06-12-Alghero-Tag-3_18-768x1022.jpg 768w, https:\/\/simonschoenhoff.de\/wp-content\/uploads\/2022\/10\/2022-06-12-Alghero-Tag-3_18-1154x1536.jpg 1154w, https:\/\/simonschoenhoff.de\/wp-content\/uploads\/2022\/10\/2022-06-12-Alghero-Tag-3_18-9x12.jpg 9w\" sizes=\"(max-width: 1503px) 100vw, 1503px\">\t\t\t\t\t\t\t\t\t\t\t<figcaption class=\"widget-image-caption wp-caption-text\">Seegras bei Alghero | Sony a7 III @ 18 mm, f\/14, 4\/5 Sek., ISO&nbsp;100<\/figcaption>\n\t\t\t\t\t\t\t\t\t\t<\/figure>\n\t\t\t\t\t\t\t\t\t<\/div>\n\t\t\t\t<\/div>\n\t\t\t\t<div class=\"elementor-element elementor-element-5e5cba0 elementor-widget elementor-widget-text-editor\" data-id=\"5e5cba0\" data-element_type=\"widget\" data-e-type=\"widget\" data-widget_type=\"text-editor.default\">\n\t\t\t\t<div class=\"elementor-widget-container\">\n\t\t\t\t\t\t\t\t\t<p>Im Nach\u00adhinein bin ich nicht ganz zufrieden mit dem Bild. Eigent\u00adlich wollte ich einige Minuten sp\u00e4ter die \u201cperfekte\u201d Aufnahme machen, aber daf\u00fcr war das Licht dank einer Wolke am Hori\u00adzont zu schnell weg und keine Struktur mehr im Vorder\u00adgrund. In dieser Aufnahme war das Licht noch ideal, aber ich hatte noch nicht die ideale Belich\u00adtungs\u00adzeit mit Hilfe meiner ND-Filter gefunden. Deshalb bin ich leider nur halb zufrieden mit der Aufnahme, denn ich h\u00e4tte das Wasser gerne noch ein wenig glatter gehabt. So aller\u00addings sind die leichten Wellen des Meeres durch die kurze Belich\u00adtungs\u00adzeit noch erkennbar. Sicher\u00adlich gibt es auch einige unter euch, die das bevor\u00adzugen werden.&nbsp;<\/p>\t\t\t\t\t\t\t\t<\/div>\n\t\t\t\t<\/div>\n\t\t\t\t<div class=\"elementor-element elementor-element-87b9e1f elementor-widget elementor-widget-gallery\" data-id=\"87b9e1f\" data-element_type=\"widget\" data-e-type=\"widget\" data-settings=\"{&quot;gallery_layout&quot;:&quot;masonry&quot;,&quot;columns&quot;:2,&quot;lazyload&quot;:&quot;yes&quot;,&quot;columns_tablet&quot;:2,&quot;columns_mobile&quot;:1,&quot;gap&quot;:{&quot;unit&quot;:&quot;px&quot;,&quot;size&quot;:10,&quot;sizes&quot;:[]},&quot;gap_tablet&quot;:{&quot;unit&quot;:&quot;px&quot;,&quot;size&quot;:10,&quot;sizes&quot;:[]},&quot;gap_mobile&quot;:{&quot;unit&quot;:&quot;px&quot;,&quot;size&quot;:10,&quot;sizes&quot;:[]},&quot;overlay_background&quot;:&quot;yes&quot;,&quot;content_hover_animation&quot;:&quot;fade-in&quot;}\" data-widget_type=\"gallery.default\">\n\t\t\t\t<div class=\"elementor-widget-container\">\n\t\t\t\t\t\t\t<div class=\"elementor-gallery__container\">\n\t\t\t\t\t\t\t<div class=\"e-gallery-item elementor-gallery-item elementor-animated-content\">\n\t\t\t\t\t<div class=\"e-gallery-image elementor-gallery-item__image\" data-thumbnail=\"https:\/\/simonschoenhoff.de\/wp-content\/uploads\/2022\/10\/2022-06-12-Alghero-Tag-3_17.jpg\" data-width=\"2000\" data-height=\"1333\" aria-label role=\"img\"><\/div>\n\t\t\t\t\t\t\t\t\t\t\t<div class=\"elementor-gallery-item__overlay\"><\/div>\n\t\t\t\t\t\t\t\t\t\t\t\t\t\t<\/div>\n\t\t\t\t\t\t\t<div class=\"e-gallery-item elementor-gallery-item elementor-animated-content\">\n\t\t\t\t\t<div class=\"e-gallery-image elementor-gallery-item__image\" data-thumbnail=\"https:\/\/simonschoenhoff.de\/wp-content\/uploads\/2022\/10\/2022-06-12-Alghero-Tag-3_16.jpg\" data-width=\"2000\" data-height=\"1333\" aria-label role=\"img\"><\/div>\n\t\t\t\t\t\t\t\t\t\t\t<div class=\"elementor-gallery-item__overlay\"><\/div>\n\t\t\t\t\t\t\t\t\t\t\t\t\t\t<\/div>\n\t\t\t\t\t<\/div>\n\t\t\t\t\t<\/div>\n\t\t\t\t<\/div>\n\t\t\t\t<div class=\"elementor-element elementor-element-9e08e42 elementor-widget elementor-widget-text-editor\" data-id=\"9e08e42\" data-element_type=\"widget\" data-e-type=\"widget\" data-widget_type=\"text-editor.default\">\n\t\t\t\t<div class=\"elementor-widget-container\">\n\t\t\t\t\t\t\t\t\t<p>Daf\u00fcr konnte ich aber noch eine wunder\u00adsch\u00f6ne abstrak\u00adtere Aufnahme des Wassers aufnehmen, dass in seinem tiefen schwarz-blau noch das orange-gelb des Himmels wieder spiegelte.<\/p>\t\t\t\t\t\t\t\t<\/div>\n\t\t\t\t<\/div>\n\t\t\t\t<div class=\"elementor-element elementor-element-2c01caf elementor-invisible elementor-widget elementor-widget-image\" data-id=\"2c01caf\" data-element_type=\"widget\" data-e-type=\"widget\" data-settings=\"{&quot;_animation&quot;:&quot;zoomIn&quot;}\" data-widget_type=\"image.default\">\n\t\t\t\t<div class=\"elementor-widget-container\">\n\t\t\t\t\t\t\t\t\t\t\t\t<figure class=\"wp-caption\">\n\t\t\t\t\t\t\t\t\t\t<img loading=\"lazy\" decoding=\"async\" width=\"1879\" height=\"2000\" src=\"https:\/\/simonschoenhoff.de\/wp-content\/uploads\/2022\/10\/2022-06-12-Alghero-Tag-3_19.jpg\" class=\"attachment-full size-full wp-image-8724\" alt srcset=\"https:\/\/simonschoenhoff.de\/wp-content\/uploads\/2022\/10\/2022-06-12-Alghero-Tag-3_19.jpg 1879w, https:\/\/simonschoenhoff.de\/wp-content\/uploads\/2022\/10\/2022-06-12-Alghero-Tag-3_19-1200x1277.jpg 1200w, https:\/\/simonschoenhoff.de\/wp-content\/uploads\/2022\/10\/2022-06-12-Alghero-Tag-3_19-282x300.jpg 282w, https:\/\/simonschoenhoff.de\/wp-content\/uploads\/2022\/10\/2022-06-12-Alghero-Tag-3_19-768x817.jpg 768w, https:\/\/simonschoenhoff.de\/wp-content\/uploads\/2022\/10\/2022-06-12-Alghero-Tag-3_19-1443x1536.jpg 1443w, https:\/\/simonschoenhoff.de\/wp-content\/uploads\/2022\/10\/2022-06-12-Alghero-Tag-3_19-11x12.jpg 11w\" sizes=\"(max-width: 1879px) 100vw, 1879px\">\t\t\t\t\t\t\t\t\t\t\t<figcaption class=\"widget-image-caption wp-caption-text\">Spiel des Wassers | Sony a7 III @ 400 mm, f\/5.6, 1\/400 Sek., ISO&nbsp;1250<\/figcaption>\n\t\t\t\t\t\t\t\t\t\t<\/figure>\n\t\t\t\t\t\t\t\t\t<\/div>\n\t\t\t\t<\/div>\n\t\t\t\t<div class=\"elementor-element elementor-element-fdfdb1b elementor-widget elementor-widget-text-editor\" data-id=\"fdfdb1b\" data-element_type=\"widget\" data-e-type=\"widget\" data-widget_type=\"text-editor.default\">\n\t\t\t\t<div class=\"elementor-widget-container\">\n\t\t\t\t\t\t\t\t\t<p>Einige Minuten sp\u00e4ter in der blauen Stunde, nutzte ich eine andere Posi\u00adtion einige Meter entfernt von der Altstadt selbst, um noch eine Aufnahme dersel\u00adbigen zu machen. Durch eine lange Belich\u00adtungs\u00adzeit konnte ich das Wasser spie\u00adgel\u00adglatt darstellen, damit die Felsen und Steine an der K\u00fcste im Bild \u00fcber\u00adhaupt gut wahr\u00adzu\u00adnehmen sind.<\/p>\t\t\t\t\t\t\t\t<\/div>\n\t\t\t\t<\/div>\n\t\t\t\t<div class=\"elementor-element elementor-element-8cfe235 elementor-invisible elementor-widget elementor-widget-image\" data-id=\"8cfe235\" data-element_type=\"widget\" data-e-type=\"widget\" data-settings=\"{&quot;_animation&quot;:&quot;zoomIn&quot;}\" data-widget_type=\"image.default\">\n\t\t\t\t<div class=\"elementor-widget-container\">\n\t\t\t\t\t\t\t\t\t\t\t\t<figure class=\"wp-caption\">\n\t\t\t\t\t\t\t\t\t\t<img loading=\"lazy\" decoding=\"async\" width=\"2000\" height=\"1333\" src=\"https:\/\/simonschoenhoff.de\/wp-content\/uploads\/2022\/10\/2022-06-12-Alghero-Tag-3_20.jpg\" class=\"attachment-full size-full wp-image-8725\" alt srcset=\"https:\/\/simonschoenhoff.de\/wp-content\/uploads\/2022\/10\/2022-06-12-Alghero-Tag-3_20.jpg 2000w, https:\/\/simonschoenhoff.de\/wp-content\/uploads\/2022\/10\/2022-06-12-Alghero-Tag-3_20-1200x800.jpg 1200w, https:\/\/simonschoenhoff.de\/wp-content\/uploads\/2022\/10\/2022-06-12-Alghero-Tag-3_20-300x200.jpg 300w, https:\/\/simonschoenhoff.de\/wp-content\/uploads\/2022\/10\/2022-06-12-Alghero-Tag-3_20-768x512.jpg 768w, https:\/\/simonschoenhoff.de\/wp-content\/uploads\/2022\/10\/2022-06-12-Alghero-Tag-3_20-1536x1024.jpg 1536w, https:\/\/simonschoenhoff.de\/wp-content\/uploads\/2022\/10\/2022-06-12-Alghero-Tag-3_20-18x12.jpg 18w\" sizes=\"(max-width: 2000px) 100vw, 2000px\">\t\t\t\t\t\t\t\t\t\t\t<figcaption class=\"widget-image-caption wp-caption-text\">Die Altstadt Algheros | Sony a7 III @ 18 mm, f\/8, 20 Sek., ISO&nbsp;400<\/figcaption>\n\t\t\t\t\t\t\t\t\t\t<\/figure>\n\t\t\t\t\t\t\t\t\t<\/div>\n\t\t\t\t<\/div>\n\t\t\t\t<div class=\"elementor-element elementor-element-f1bad84 elementor-widget elementor-widget-text-editor\" data-id=\"f1bad84\" data-element_type=\"widget\" data-e-type=\"widget\" data-widget_type=\"text-editor.default\">\n\t\t\t\t<div class=\"elementor-widget-container\">\n\t\t\t\t\t\t\t\t\t<p>Die Farben der blauen Stunde brachten mich auch dazu, mit dem Tele-Objektiv eine Aufnahme des einigen Kilo\u00admeter entfern\u00adtens Kap Cappo Caccia aufzu\u00adnehmen. Ein Ort, an den wir an einem der Tage in Alghero eben\u00adfalls besucht haben, um mal ein wenig aus der Stadt heraus zu kommen.<\/p>\t\t\t\t\t\t\t\t<\/div>\n\t\t\t\t<\/div>\n\t\t\t\t<div class=\"elementor-element elementor-element-0ea0b04 elementor-invisible elementor-widget elementor-widget-image\" data-id=\"0ea0b04\" data-element_type=\"widget\" data-e-type=\"widget\" data-settings=\"{&quot;_animation&quot;:&quot;zoomIn&quot;}\" data-widget_type=\"image.default\">\n\t\t\t\t<div class=\"elementor-widget-container\">\n\t\t\t\t\t\t\t\t\t\t\t\t<figure class=\"wp-caption\">\n\t\t\t\t\t\t\t\t\t\t<img loading=\"lazy\" decoding=\"async\" width=\"2000\" height=\"1333\" src=\"https:\/\/simonschoenhoff.de\/wp-content\/uploads\/2022\/10\/2022-06-12-Alghero-Tag-3_21.jpg\" class=\"attachment-full size-full wp-image-8726\" alt srcset=\"https:\/\/simonschoenhoff.de\/wp-content\/uploads\/2022\/10\/2022-06-12-Alghero-Tag-3_21.jpg 2000w, https:\/\/simonschoenhoff.de\/wp-content\/uploads\/2022\/10\/2022-06-12-Alghero-Tag-3_21-1200x800.jpg 1200w, https:\/\/simonschoenhoff.de\/wp-content\/uploads\/2022\/10\/2022-06-12-Alghero-Tag-3_21-300x200.jpg 300w, https:\/\/simonschoenhoff.de\/wp-content\/uploads\/2022\/10\/2022-06-12-Alghero-Tag-3_21-768x512.jpg 768w, https:\/\/simonschoenhoff.de\/wp-content\/uploads\/2022\/10\/2022-06-12-Alghero-Tag-3_21-1536x1024.jpg 1536w, https:\/\/simonschoenhoff.de\/wp-content\/uploads\/2022\/10\/2022-06-12-Alghero-Tag-3_21-18x12.jpg 18w\" sizes=\"(max-width: 2000px) 100vw, 2000px\">\t\t\t\t\t\t\t\t\t\t\t<figcaption class=\"widget-image-caption wp-caption-text\">Leucht\u00adturm vor Olbia | Sony a7 III @ 336 mm, f\/5.6, 1\/2000 Sek., ISO&nbsp;250<\/figcaption>\n\t\t\t\t\t\t\t\t\t\t<\/figure>\n\t\t\t\t\t\t\t\t\t<\/div>\n\t\t\t\t<\/div>\n\t\t\t\t\t<\/div>\n\t\t\t\t<\/div>\n\t\t<div class=\"elementor-element elementor-element-6655162 e-flex e-con-boxed e-con e-parent\" data-id=\"6655162\" data-element_type=\"container\" data-e-type=\"container\">\n\t\t\t\t\t<div class=\"e-con-inner\">\n\t\t\t\t<div class=\"elementor-element elementor-element-50db16c elementor-widget elementor-widget-heading\" data-id=\"50db16c\" data-element_type=\"widget\" data-e-type=\"widget\" data-widget_type=\"heading.default\">\n\t\t\t\t<div class=\"elementor-widget-container\">\n\t\t\t\t\t<h3 class=\"elementor-heading-title elementor-size-default\">Cappo Caccia<\/h3>\t\t\t\t<\/div>\n\t\t\t\t<\/div>\n\t\t\t\t<div class=\"elementor-element elementor-element-d841cdb elementor-widget elementor-widget-text-editor\" data-id=\"d841cdb\" data-element_type=\"widget\" data-e-type=\"widget\" data-widget_type=\"text-editor.default\">\n\t\t\t\t<div class=\"elementor-widget-container\">\n\t\t\t\t\t\t\t\t\t<p>An dem Kap selbst gibt es die bekannte Neptun-Grotte, ein beliebtes Ausflugs\u00adziel in Sardi\u00adnien, bei dem man \u00fcber einen atem\u00adbe\u00adrau\u00adbenden Weg \u00fcber Steile Treppen ober\u00adhalb des Meeres bis in eine H\u00f6hle gelangt. Mit Kind und knapp 35\u00b0C haben wir uns dies erspart. Die gro\u00dfen H\u00f6hlen\u00adfans sind wir so oder so nicht. Uns inter\u00ades\u00adsierte eher ein wenig die Land\u00adschaft am&nbsp;Kapp.<\/p>\t\t\t\t\t\t\t\t<\/div>\n\t\t\t\t<\/div>\n\t\t\t\t<div class=\"elementor-element elementor-element-9dc8208 elementor-widget elementor-widget-text-editor\" data-id=\"9dc8208\" data-element_type=\"widget\" data-e-type=\"widget\" data-widget_type=\"text-editor.default\">\n\t\t\t\t<div class=\"elementor-widget-container\">\n\t\t\t\t\t\t\t\t\t<p>Da wir in der Mittags\u00adzeit unter\u00adwegs waren, sind die Bilder nat\u00fcr\u00adlich alle\u00adsamt nur ein besseres \u201cLoca\u00adtion-Scou\u00adting\u201d, aber sie geben euch mal grob ein Anhalts\u00adpunkt, was bei besseren Licht\u00adbe\u00addin\u00adgungen oder anderen Tages\u00adzeiten m\u00f6glich w\u00e4re hier am Kap zu fotografieren.<\/p>\t\t\t\t\t\t\t\t<\/div>\n\t\t\t\t<\/div>\n\t\t\t\t<div class=\"elementor-element elementor-element-95185ca elementor-widget elementor-widget-text-editor\" data-id=\"95185ca\" data-element_type=\"widget\" data-e-type=\"widget\" data-widget_type=\"text-editor.default\">\n\t\t\t\t<div class=\"elementor-widget-container\">\n\t\t\t\t\t\t\t\t\t<p>Bild 1 wurde Rich\u00adtung Norden foto\u00adgra\u00adfiert, Bild 2 Rich\u00adtung Alghero, also Osten. Beides f\u00fcr Sonnen\u00adauf\u00adg\u00e4nge oder der morgend\u00adli\u00adchen goldenen Stunde zu gebrau\u00adchen. Bild 3 ist eine Panorama-Aufnahme von einem Aussichts\u00adpunkt Rich\u00adtung Westen. Also eher Sonnen\u00adun\u00adter\u00adgang. Bild 4 und 5 sind von der Zufahrts\u00adstra\u00dfe aus in Rich\u00adtung S\u00fcden foto\u00adgra\u00adfiert. K\u00f6nnte sowohl bei Sonnen\u00adauf\u00adgang als auch Sonnen\u00adun\u00adter\u00adgang inter\u00ades\u00adsant&nbsp;sein.<\/p>\t\t\t\t\t\t\t\t<\/div>\n\t\t\t\t<\/div>\n\t\t\t\t<div class=\"elementor-element elementor-element-e116a63 elementor-widget elementor-widget-gallery\" data-id=\"e116a63\" data-element_type=\"widget\" data-e-type=\"widget\" data-settings=\"{&quot;gallery_layout&quot;:&quot;masonry&quot;,&quot;columns&quot;:2,&quot;lazyload&quot;:&quot;yes&quot;,&quot;columns_tablet&quot;:2,&quot;columns_mobile&quot;:1,&quot;gap&quot;:{&quot;unit&quot;:&quot;px&quot;,&quot;size&quot;:10,&quot;sizes&quot;:[]},&quot;gap_tablet&quot;:{&quot;unit&quot;:&quot;px&quot;,&quot;size&quot;:10,&quot;sizes&quot;:[]},&quot;gap_mobile&quot;:{&quot;unit&quot;:&quot;px&quot;,&quot;size&quot;:10,&quot;sizes&quot;:[]},&quot;overlay_background&quot;:&quot;yes&quot;,&quot;content_hover_animation&quot;:&quot;fade-in&quot;}\" data-widget_type=\"gallery.default\">\n\t\t\t\t<div class=\"elementor-widget-container\">\n\t\t\t\t\t\t\t<div class=\"elementor-gallery__container\">\n\t\t\t\t\t\t\t<div class=\"e-gallery-item elementor-gallery-item elementor-animated-content\">\n\t\t\t\t\t<div class=\"e-gallery-image elementor-gallery-item__image\" data-thumbnail=\"https:\/\/simonschoenhoff.de\/wp-content\/uploads\/2022\/10\/2022-06-12-Alghero-Tag-3_9.jpg\" data-width=\"2000\" data-height=\"1333\" aria-label role=\"img\"><\/div>\n\t\t\t\t\t\t\t\t\t\t\t<div class=\"elementor-gallery-item__overlay\"><\/div>\n\t\t\t\t\t\t\t\t\t\t\t\t\t\t<\/div>\n\t\t\t\t\t\t\t<div class=\"e-gallery-item elementor-gallery-item elementor-animated-content\">\n\t\t\t\t\t<div class=\"e-gallery-image elementor-gallery-item__image\" data-thumbnail=\"https:\/\/simonschoenhoff.de\/wp-content\/uploads\/2022\/10\/2022-06-12-Alghero-Tag-3_10.jpg\" data-width=\"2000\" data-height=\"1333\" aria-label role=\"img\"><\/div>\n\t\t\t\t\t\t\t\t\t\t\t<div class=\"elementor-gallery-item__overlay\"><\/div>\n\t\t\t\t\t\t\t\t\t\t\t\t\t\t<\/div>\n\t\t\t\t\t\t\t<div class=\"e-gallery-item elementor-gallery-item elementor-animated-content\">\n\t\t\t\t\t<div class=\"e-gallery-image elementor-gallery-item__image\" data-thumbnail=\"https:\/\/simonschoenhoff.de\/wp-content\/uploads\/2022\/10\/2022-06-12-Alghero-Tag-3_11.jpg\" data-width=\"2000\" data-height=\"990\" aria-label role=\"img\"><\/div>\n\t\t\t\t\t\t\t\t\t\t\t<div class=\"elementor-gallery-item__overlay\"><\/div>\n\t\t\t\t\t\t\t\t\t\t\t\t\t\t<\/div>\n\t\t\t\t\t\t\t<div class=\"e-gallery-item elementor-gallery-item elementor-animated-content\">\n\t\t\t\t\t<div class=\"e-gallery-image elementor-gallery-item__image\" data-thumbnail=\"https:\/\/simonschoenhoff.de\/wp-content\/uploads\/2022\/10\/2022-06-12-Alghero-Tag-3_12.jpg\" data-width=\"2000\" data-height=\"1333\" aria-label role=\"img\"><\/div>\n\t\t\t\t\t\t\t\t\t\t\t<div class=\"elementor-gallery-item__overlay\"><\/div>\n\t\t\t\t\t\t\t\t\t\t\t\t\t\t<\/div>\n\t\t\t\t\t\t\t<div class=\"e-gallery-item elementor-gallery-item elementor-animated-content\">\n\t\t\t\t\t<div class=\"e-gallery-image elementor-gallery-item__image\" data-thumbnail=\"https:\/\/simonschoenhoff.de\/wp-content\/uploads\/2022\/10\/2022-06-12-Alghero-Tag-3_13.jpg\" data-width=\"2000\" data-height=\"1333\" aria-label role=\"img\"><\/div>\n\t\t\t\t\t\t\t\t\t\t\t<div class=\"elementor-gallery-item__overlay\"><\/div>\n\t\t\t\t\t\t\t\t\t\t\t\t\t\t<\/div>\n\t\t\t\t\t<\/div>\n\t\t\t\t\t<\/div>\n\t\t\t\t<\/div>\n\t\t\t\t\t<\/div>\n\t\t\t\t<\/div>\n\t\t<div class=\"elementor-element elementor-element-eefd137 e-flex e-con-boxed e-con e-parent\" data-id=\"eefd137\" data-element_type=\"container\" data-e-type=\"container\">\n\t\t\t\t\t<div class=\"e-con-inner\">\n\t\t\t\t<div class=\"elementor-element elementor-element-25154bd elementor-widget elementor-widget-heading\" data-id=\"25154bd\" data-element_type=\"widget\" data-e-type=\"widget\" data-widget_type=\"heading.default\">\n\t\t\t\t<div class=\"elementor-widget-container\">\n\t\t\t\t\t<h3 class=\"elementor-heading-title elementor-size-default\">Bosa<\/h3>\t\t\t\t<\/div>\n\t\t\t\t<\/div>\n\t\t\t\t<div class=\"elementor-element elementor-element-6812a51 elementor-widget elementor-widget-text-editor\" data-id=\"6812a51\" data-element_type=\"widget\" data-e-type=\"widget\" data-widget_type=\"text-editor.default\">\n\t\t\t\t<div class=\"elementor-widget-container\">\n\t\t\t\t\t\t\t\t\t<p>Nach 3 Tagen in Alghero machten wir uns auf den Weg weiter Rich\u00adtung S\u00fcden. Ziel war das Ort Grande Torre in der N\u00e4he von Oristano oder der Sinis-Halb\u00adinsel. Zwischen\u00adstopp sollte das male\u00adri\u00adsche Ort Bosa&nbsp;sein.<\/p>\t\t\t\t\t\t\t\t<\/div>\n\t\t\t\t<\/div>\n\t\t\t\t<div class=\"elementor-element elementor-element-cf05583 elementor-widget elementor-widget-heading\" data-id=\"cf05583\" data-element_type=\"widget\" data-e-type=\"widget\" data-widget_type=\"heading.default\">\n\t\t\t\t<div class=\"elementor-widget-container\">\n\t\t\t\t\t<h4 class=\"elementor-heading-title elementor-size-default\">Panorama-Route<\/h4>\t\t\t\t<\/div>\n\t\t\t\t<\/div>\n\t\t\t\t<div class=\"elementor-element elementor-element-eca7aa3 elementor-widget elementor-widget-text-editor\" data-id=\"eca7aa3\" data-element_type=\"widget\" data-e-type=\"widget\" data-widget_type=\"text-editor.default\">\n\t\t\t\t<div class=\"elementor-widget-container\">\n\t\t\t\t\t\t\t\t\t<p>Als wir das Gep\u00e4ck und alle unsere Sachen im Auto hatten fuhren wir aus der Stadt heraus. Bereits nach wenigen Kilo\u00adme\u00adtern au\u00dfer\u00adhalb Algheros stoppten wir das erste mal. Auf der soge\u00adnannten Panorama-Route in Rich\u00adtung S\u00fcden gab es immer wieder tolle Ausblicke und Land\u00adstriche entlang der K\u00fcste Sardi\u00adniens zu sehen. Allein diese Route ist bereits eine Reise wert. Wer also im Westen Sardi\u00adniens unter\u00adwegs sein sollte, darf diese Strecke zwischen Alghero und Bosa unter keinen Umst\u00e4nden verpassen.<\/p>\t\t\t\t\t\t\t\t<\/div>\n\t\t\t\t<\/div>\n\t\t\t\t<div class=\"elementor-element elementor-element-a8e948f elementor-widget elementor-widget-text-editor\" data-id=\"a8e948f\" data-element_type=\"widget\" data-e-type=\"widget\" data-widget_type=\"text-editor.default\">\n\t\t\t\t<div class=\"elementor-widget-container\">\n\t\t\t\t\t\t\t\t\t<p>Mit Blick\u00adrich\u00adtung Norden konnten wir uns noch einmal gedank\u00adlich von Alghero und dem Cappo Caccia verabschieden.<\/p>\t\t\t\t\t\t\t\t<\/div>\n\t\t\t\t<\/div>\n\t\t\t\t<div class=\"elementor-element elementor-element-eb3a931 elementor-widget elementor-widget-gallery\" data-id=\"eb3a931\" data-element_type=\"widget\" data-e-type=\"widget\" data-settings=\"{&quot;gallery_layout&quot;:&quot;masonry&quot;,&quot;columns&quot;:2,&quot;columns_tablet&quot;:1,&quot;lazyload&quot;:&quot;yes&quot;,&quot;columns_mobile&quot;:1,&quot;gap&quot;:{&quot;unit&quot;:&quot;px&quot;,&quot;size&quot;:10,&quot;sizes&quot;:[]},&quot;gap_tablet&quot;:{&quot;unit&quot;:&quot;px&quot;,&quot;size&quot;:10,&quot;sizes&quot;:[]},&quot;gap_mobile&quot;:{&quot;unit&quot;:&quot;px&quot;,&quot;size&quot;:10,&quot;sizes&quot;:[]},&quot;overlay_background&quot;:&quot;yes&quot;,&quot;content_hover_animation&quot;:&quot;fade-in&quot;}\" data-widget_type=\"gallery.default\">\n\t\t\t\t<div class=\"elementor-widget-container\">\n\t\t\t\t\t\t\t<div class=\"elementor-gallery__container\">\n\t\t\t\t\t\t\t<div class=\"e-gallery-item elementor-gallery-item elementor-animated-content\">\n\t\t\t\t\t<div class=\"e-gallery-image elementor-gallery-item__image\" data-thumbnail=\"https:\/\/simonschoenhoff.de\/wp-content\/uploads\/2022\/10\/2022-06-13-Bosa-Grande-Torre_23.jpg\" data-width=\"2000\" data-height=\"1333\" aria-label role=\"img\"><\/div>\n\t\t\t\t\t\t\t\t\t\t\t<div class=\"elementor-gallery-item__overlay\"><\/div>\n\t\t\t\t\t\t\t\t\t\t\t\t\t\t<\/div>\n\t\t\t\t\t\t\t<div class=\"e-gallery-item elementor-gallery-item elementor-animated-content\">\n\t\t\t\t\t<div class=\"e-gallery-image elementor-gallery-item__image\" data-thumbnail=\"https:\/\/simonschoenhoff.de\/wp-content\/uploads\/2022\/10\/2022-06-13-Bosa-Grande-Torre_25.jpg\" data-width=\"2000\" data-height=\"1333\" aria-label role=\"img\"><\/div>\n\t\t\t\t\t\t\t\t\t\t\t<div class=\"elementor-gallery-item__overlay\"><\/div>\n\t\t\t\t\t\t\t\t\t\t\t\t\t\t<\/div>\n\t\t\t\t\t<\/div>\n\t\t\t\t\t<\/div>\n\t\t\t\t<\/div>\n\t\t\t\t<div class=\"elementor-element elementor-element-f2ed06d elementor-widget elementor-widget-text-editor\" data-id=\"f2ed06d\" data-element_type=\"widget\" data-e-type=\"widget\" data-widget_type=\"text-editor.default\">\n\t\t\t\t<div class=\"elementor-widget-container\">\n\t\t\t\t\t\t\t\t\t<p>Der Blick in Rich\u00adtung S\u00fcden zeigt, was vor uns lag eine gewun\u00addene Stra\u00dfe entlang der K\u00fcste Sardi\u00adniens und weitere wunder\u00adsch\u00f6ne Eindr\u00fccke dieses herr\u00adli\u00adchen Flecken Erde.<\/p>\t\t\t\t\t\t\t\t<\/div>\n\t\t\t\t<\/div>\n\t\t\t\t<div class=\"elementor-element elementor-element-42c573f elementor-invisible elementor-widget elementor-widget-image\" data-id=\"42c573f\" data-element_type=\"widget\" data-e-type=\"widget\" data-settings=\"{&quot;_animation&quot;:&quot;zoomIn&quot;}\" data-widget_type=\"image.default\">\n\t\t\t\t<div class=\"elementor-widget-container\">\n\t\t\t\t\t\t\t\t\t\t\t\t<figure class=\"wp-caption\">\n\t\t\t\t\t\t\t\t\t\t<img loading=\"lazy\" decoding=\"async\" width=\"2000\" height=\"1333\" src=\"https:\/\/simonschoenhoff.de\/wp-content\/uploads\/2022\/10\/2022-06-13-Bosa-Grande-Torre_24.jpg\" class=\"attachment-full size-full wp-image-8729\" alt srcset=\"https:\/\/simonschoenhoff.de\/wp-content\/uploads\/2022\/10\/2022-06-13-Bosa-Grande-Torre_24.jpg 2000w, https:\/\/simonschoenhoff.de\/wp-content\/uploads\/2022\/10\/2022-06-13-Bosa-Grande-Torre_24-1200x800.jpg 1200w, https:\/\/simonschoenhoff.de\/wp-content\/uploads\/2022\/10\/2022-06-13-Bosa-Grande-Torre_24-300x200.jpg 300w, https:\/\/simonschoenhoff.de\/wp-content\/uploads\/2022\/10\/2022-06-13-Bosa-Grande-Torre_24-768x512.jpg 768w, https:\/\/simonschoenhoff.de\/wp-content\/uploads\/2022\/10\/2022-06-13-Bosa-Grande-Torre_24-1536x1024.jpg 1536w, https:\/\/simonschoenhoff.de\/wp-content\/uploads\/2022\/10\/2022-06-13-Bosa-Grande-Torre_24-18x12.jpg 18w\" sizes=\"(max-width: 2000px) 100vw, 2000px\">\t\t\t\t\t\t\t\t\t\t\t<figcaption class=\"widget-image-caption wp-caption-text\">Cappo Caccia in der blauen Stunde| Sony a7 III @ 379 mm, f\/16, 13 Sek., ISO&nbsp;100<\/figcaption>\n\t\t\t\t\t\t\t\t\t\t<\/figure>\n\t\t\t\t\t\t\t\t\t<\/div>\n\t\t\t\t<\/div>\n\t\t\t\t<div class=\"elementor-element elementor-element-b14d962 elementor-widget elementor-widget-heading\" data-id=\"b14d962\" data-element_type=\"widget\" data-e-type=\"widget\" data-widget_type=\"heading.default\">\n\t\t\t\t<div class=\"elementor-widget-container\">\n\t\t\t\t\t<h4 class=\"elementor-heading-title elementor-size-default\">Die Stra\u00dfen Bosas<\/h4>\t\t\t\t<\/div>\n\t\t\t\t<\/div>\n\t\t\t\t<div class=\"elementor-element elementor-element-7184457 elementor-widget elementor-widget-text-editor\" data-id=\"7184457\" data-element_type=\"widget\" data-e-type=\"widget\" data-widget_type=\"text-editor.default\">\n\t\t\t\t<div class=\"elementor-widget-container\">\n\t\t\t\t\t\t\t\t\t<p>Bosa selbst in ein kleines Dorf, ober\u00adhalb dessen eine kleine alte Burg liegt. Das Ort selbst ist eine einzige Sehens\u00adw\u00fcr\u00addig\u00adkeit. Die eng anein\u00adander gereihte, schmale, bunte H\u00e4user wirken trotz der enge wirk\u00adlich einla\u00addend. Verbunden durch enge G\u00e4ss\u00adchen l\u00e4dt das Ort zum Spazie\u00adren\u00adgehen ein. Nach jeder Ecke, um jeder Kurve erwartet einen etwas anderes. Man wird nicht m\u00fcde das Ort und seine Stra\u00dfen zu erkunden. Kleine Gesch\u00e4fte laden zum einkaufen ein, aber kein einziges wirkt dabei, als h\u00e4tte man es auf Touristen abge\u00adsehen. Daf\u00fcr gibt es aber einhei\u00admi\u00adsche Back\u00adkunst, u.v.m. F\u00fcr mich defi\u00adnitiv ein High\u00adlight unserer Reise.<\/p>\t\t\t\t\t\t\t\t<\/div>\n\t\t\t\t<\/div>\n\t\t\t\t<div class=\"elementor-element elementor-element-d1774a4 elementor-widget elementor-widget-gallery\" data-id=\"d1774a4\" data-element_type=\"widget\" data-e-type=\"widget\" data-settings=\"{&quot;gallery_layout&quot;:&quot;masonry&quot;,&quot;columns&quot;:3,&quot;lazyload&quot;:&quot;yes&quot;,&quot;columns_tablet&quot;:2,&quot;columns_mobile&quot;:1,&quot;gap&quot;:{&quot;unit&quot;:&quot;px&quot;,&quot;size&quot;:10,&quot;sizes&quot;:[]},&quot;gap_tablet&quot;:{&quot;unit&quot;:&quot;px&quot;,&quot;size&quot;:10,&quot;sizes&quot;:[]},&quot;gap_mobile&quot;:{&quot;unit&quot;:&quot;px&quot;,&quot;size&quot;:10,&quot;sizes&quot;:[]},&quot;overlay_background&quot;:&quot;yes&quot;,&quot;content_hover_animation&quot;:&quot;fade-in&quot;}\" data-widget_type=\"gallery.default\">\n\t\t\t\t<div class=\"elementor-widget-container\">\n\t\t\t\t\t\t\t<div class=\"elementor-gallery__container\">\n\t\t\t\t\t\t\t<div class=\"e-gallery-item elementor-gallery-item elementor-animated-content\">\n\t\t\t\t\t<div class=\"e-gallery-image elementor-gallery-item__image\" data-thumbnail=\"https:\/\/simonschoenhoff.de\/wp-content\/uploads\/2022\/10\/2022-06-13-Bosa-Grande-Torre_26.jpg\" data-width=\"1333\" data-height=\"2000\" aria-label role=\"img\"><\/div>\n\t\t\t\t\t\t\t\t\t\t\t<div class=\"elementor-gallery-item__overlay\"><\/div>\n\t\t\t\t\t\t\t\t\t\t\t\t\t\t<\/div>\n\t\t\t\t\t\t\t<div class=\"e-gallery-item elementor-gallery-item elementor-animated-content\">\n\t\t\t\t\t<div class=\"e-gallery-image elementor-gallery-item__image\" data-thumbnail=\"https:\/\/simonschoenhoff.de\/wp-content\/uploads\/2022\/10\/2022-06-13-Bosa-Grande-Torre_27.jpg\" data-width=\"1333\" data-height=\"2000\" aria-label role=\"img\"><\/div>\n\t\t\t\t\t\t\t\t\t\t\t<div class=\"elementor-gallery-item__overlay\"><\/div>\n\t\t\t\t\t\t\t\t\t\t\t\t\t\t<\/div>\n\t\t\t\t\t\t\t<div class=\"e-gallery-item elementor-gallery-item elementor-animated-content\">\n\t\t\t\t\t<div class=\"e-gallery-image elementor-gallery-item__image\" data-thumbnail=\"https:\/\/simonschoenhoff.de\/wp-content\/uploads\/2022\/10\/2022-06-13-Bosa-Grande-Torre_28.jpg\" data-width=\"1333\" data-height=\"2000\" aria-label role=\"img\"><\/div>\n\t\t\t\t\t\t\t\t\t\t\t<div class=\"elementor-gallery-item__overlay\"><\/div>\n\t\t\t\t\t\t\t\t\t\t\t\t\t\t<\/div>\n\t\t\t\t\t\t\t<div class=\"e-gallery-item elementor-gallery-item elementor-animated-content\">\n\t\t\t\t\t<div class=\"e-gallery-image elementor-gallery-item__image\" data-thumbnail=\"https:\/\/simonschoenhoff.de\/wp-content\/uploads\/2022\/10\/2022-06-13-Bosa-Grande-Torre_29.jpg\" data-width=\"1333\" data-height=\"2000\" aria-label role=\"img\"><\/div>\n\t\t\t\t\t\t\t\t\t\t\t<div class=\"elementor-gallery-item__overlay\"><\/div>\n\t\t\t\t\t\t\t\t\t\t\t\t\t\t<\/div>\n\t\t\t\t\t\t\t<div class=\"e-gallery-item elementor-gallery-item elementor-animated-content\">\n\t\t\t\t\t<div class=\"e-gallery-image elementor-gallery-item__image\" data-thumbnail=\"https:\/\/simonschoenhoff.de\/wp-content\/uploads\/2022\/10\/2022-06-13-Bosa-Grande-Torre_30.jpg\" data-width=\"1333\" data-height=\"2000\" aria-label role=\"img\"><\/div>\n\t\t\t\t\t\t\t\t\t\t\t<div class=\"elementor-gallery-item__overlay\"><\/div>\n\t\t\t\t\t\t\t\t\t\t\t\t\t\t<\/div>\n\t\t\t\t\t\t\t<div class=\"e-gallery-item elementor-gallery-item elementor-animated-content\">\n\t\t\t\t\t<div class=\"e-gallery-image elementor-gallery-item__image\" data-thumbnail=\"https:\/\/simonschoenhoff.de\/wp-content\/uploads\/2022\/10\/2022-06-13-Bosa-Grande-Torre_31.jpg\" data-width=\"1333\" data-height=\"2000\" aria-label role=\"img\"><\/div>\n\t\t\t\t\t\t\t\t\t\t\t<div class=\"elementor-gallery-item__overlay\"><\/div>\n\t\t\t\t\t\t\t\t\t\t\t\t\t\t<\/div>\n\t\t\t\t\t<\/div>\n\t\t\t\t\t<\/div>\n\t\t\t\t<\/div>\n\t\t\t\t<div class=\"elementor-element elementor-element-2904b53 elementor-widget elementor-widget-text-editor\" data-id=\"2904b53\" data-element_type=\"widget\" data-e-type=\"widget\" data-widget_type=\"text-editor.default\">\n\t\t\t\t<div class=\"elementor-widget-container\">\n\t\t\t\t\t\t\t\t\t<p>Mit Hilfe meiner kleinen Drohne konnte ich ein wenig \u00fcber die D\u00e4cher des Dorfes fliegen und dabei die H\u00e4user foto\u00adgra\u00adfieren, die wie anein\u00adan\u00adder\u00adge\u00adreihte Tetra-Paks aussehen.<\/p>\t\t\t\t\t\t\t\t<\/div>\n\t\t\t\t<\/div>\n\t\t\t\t<div class=\"elementor-element elementor-element-8f9c6dc elementor-widget elementor-widget-gallery\" data-id=\"8f9c6dc\" data-element_type=\"widget\" data-e-type=\"widget\" data-settings=\"{&quot;gallery_layout&quot;:&quot;justified&quot;,&quot;ideal_row_height&quot;:{&quot;unit&quot;:&quot;px&quot;,&quot;size&quot;:500,&quot;sizes&quot;:[]},&quot;ideal_row_height_tablet&quot;:{&quot;unit&quot;:&quot;px&quot;,&quot;size&quot;:350,&quot;sizes&quot;:[]},&quot;ideal_row_height_mobile&quot;:{&quot;unit&quot;:&quot;px&quot;,&quot;size&quot;:500,&quot;sizes&quot;:[]},&quot;lazyload&quot;:&quot;yes&quot;,&quot;gap&quot;:{&quot;unit&quot;:&quot;px&quot;,&quot;size&quot;:10,&quot;sizes&quot;:[]},&quot;gap_tablet&quot;:{&quot;unit&quot;:&quot;px&quot;,&quot;size&quot;:10,&quot;sizes&quot;:[]},&quot;gap_mobile&quot;:{&quot;unit&quot;:&quot;px&quot;,&quot;size&quot;:10,&quot;sizes&quot;:[]},&quot;overlay_background&quot;:&quot;yes&quot;,&quot;content_hover_animation&quot;:&quot;fade-in&quot;}\" data-widget_type=\"gallery.default\">\n\t\t\t\t<div class=\"elementor-widget-container\">\n\t\t\t\t\t\t\t<div class=\"elementor-gallery__container\">\n\t\t\t\t\t\t\t<div class=\"e-gallery-item elementor-gallery-item elementor-animated-content\">\n\t\t\t\t\t<div class=\"e-gallery-image elementor-gallery-item__image\" data-thumbnail=\"https:\/\/simonschoenhoff.de\/wp-content\/uploads\/2022\/10\/DJI-Mini-3-Pro_33.jpg\" data-width=\"2000\" data-height=\"1333\" aria-label role=\"img\"><\/div>\n\t\t\t\t\t\t\t\t\t\t\t<div class=\"elementor-gallery-item__overlay\"><\/div>\n\t\t\t\t\t\t\t\t\t\t\t\t\t\t<\/div>\n\t\t\t\t\t\t\t<div class=\"e-gallery-item elementor-gallery-item elementor-animated-content\">\n\t\t\t\t\t<div class=\"e-gallery-image elementor-gallery-item__image\" data-thumbnail=\"https:\/\/simonschoenhoff.de\/wp-content\/uploads\/2022\/10\/DJI-Mini-3-Pro_34.jpg\" data-width=\"1600\" data-height=\"2000\" aria-label role=\"img\"><\/div>\n\t\t\t\t\t\t\t\t\t\t\t<div class=\"elementor-gallery-item__overlay\"><\/div>\n\t\t\t\t\t\t\t\t\t\t\t\t\t\t<\/div>\n\t\t\t\t\t<\/div>\n\t\t\t\t\t<\/div>\n\t\t\t\t<\/div>\n\t\t\t\t<div class=\"elementor-element elementor-element-99334f5 elementor-widget elementor-widget-text-editor\" data-id=\"99334f5\" data-element_type=\"widget\" data-e-type=\"widget\" data-widget_type=\"text-editor.default\">\n\t\t\t\t<div class=\"elementor-widget-container\">\n\t\t\t\t\t\t\t\t\t<p>Auch aus der Ferne betrachtet, sieht man wie eng die H\u00e4user alle\u00adsamt stehen.<\/p>\t\t\t\t\t\t\t\t<\/div>\n\t\t\t\t<\/div>\n\t\t\t\t<div class=\"elementor-element elementor-element-399e71d elementor-invisible elementor-widget elementor-widget-image\" data-id=\"399e71d\" data-element_type=\"widget\" data-e-type=\"widget\" data-settings=\"{&quot;_animation&quot;:&quot;zoomIn&quot;}\" data-widget_type=\"image.default\">\n\t\t\t\t<div class=\"elementor-widget-container\">\n\t\t\t\t\t\t\t\t\t\t\t\t<figure class=\"wp-caption\">\n\t\t\t\t\t\t\t\t\t\t<img loading=\"lazy\" decoding=\"async\" width=\"2000\" height=\"1125\" src=\"https:\/\/simonschoenhoff.de\/wp-content\/uploads\/2022\/10\/2022-06-13-Bosa-Grande-Torre_32.jpg\" class=\"attachment-full size-full wp-image-8737\" alt srcset=\"https:\/\/simonschoenhoff.de\/wp-content\/uploads\/2022\/10\/2022-06-13-Bosa-Grande-Torre_32.jpg 2000w, https:\/\/simonschoenhoff.de\/wp-content\/uploads\/2022\/10\/2022-06-13-Bosa-Grande-Torre_32-1200x675.jpg 1200w, https:\/\/simonschoenhoff.de\/wp-content\/uploads\/2022\/10\/2022-06-13-Bosa-Grande-Torre_32-300x169.jpg 300w, https:\/\/simonschoenhoff.de\/wp-content\/uploads\/2022\/10\/2022-06-13-Bosa-Grande-Torre_32-768x432.jpg 768w, https:\/\/simonschoenhoff.de\/wp-content\/uploads\/2022\/10\/2022-06-13-Bosa-Grande-Torre_32-1536x864.jpg 1536w, https:\/\/simonschoenhoff.de\/wp-content\/uploads\/2022\/10\/2022-06-13-Bosa-Grande-Torre_32-18x10.jpg 18w\" sizes=\"(max-width: 2000px) 100vw, 2000px\">\t\t\t\t\t\t\t\t\t\t\t<figcaption class=\"widget-image-caption wp-caption-text\">Bosa aus der Ferne | Sony a7 III @ 194 mm, f\/8, 1\/400 Sek., ISO&nbsp;100<\/figcaption>\n\t\t\t\t\t\t\t\t\t\t<\/figure>\n\t\t\t\t\t\t\t\t\t<\/div>\n\t\t\t\t<\/div>\n\t\t\t\t<div class=\"elementor-element elementor-element-85aabb5 elementor-widget elementor-widget-text-editor\" data-id=\"85aabb5\" data-element_type=\"widget\" data-e-type=\"widget\" data-widget_type=\"text-editor.default\">\n\t\t\t\t<div class=\"elementor-widget-container\">\n\t\t\t\t\t\t\t\t\t<p>F\u00fcr uns ging es nach diesem kleinen Abste\u00adcher weiter Rich\u00adtung Grande Torre. Dort konnte ich mich an wunder\u00adsch\u00f6nen Orten auch wieder mehr der Land\u00adschafts\u00adfo\u00adto\u00adgrafie widmen. Erfahrt dies demn\u00e4chst im dritten Teil.<\/p>\t\t\t\t\t\t\t\t<\/div>\n\t\t\t\t<\/div>\n\t\t\t\t\t<\/div>\n\t\t\t\t<\/div>\n\t\t\t\t<\/div>","protected":false},"excerpt":{"rendered":"<p>Unseren dies\u00adj\u00e4h\u00adrigen Sommer\u00adur\u00adlaub verbrachten wir auf der gro\u00dfen und wunder\u00adsch\u00f6nen Insel Sardi\u00adnien. Das Spagat zwischen meiner Leiden\u00adschaft der Land\u00adschafts\u00adfo\u00adto\u00adgrafie und einem tollen Fami\u00adli\u00aden\u00adur\u00adlaub war f\u00fcr mich noch nie so einfach zu meis\u00adtern. Und dank herr\u00adli\u00adchen Tempe\u00adra\u00adturen schon zu Sonnen\u00adauf\u00adgang genoss ich einige Tage lang Land\u00adschafts\u00adfo\u00adto\u00adgrafie in Flip-Flops.<\/p>","protected":false},"author":1,"featured_media":8400,"comment_status":"open","ping_status":"open","sticky":false,"template":"","format":"standard","meta":{"wp_typography_post_enhancements_disabled":false,"footnotes":""},"categories":[4,7,55],"tags":[238,239,90,236],"class_list":["post-8741","post","type-post","status-publish","format-standard","has-post-thumbnail","hentry","category-blog","category-foto-locations","category-italien","tag-alghero","tag-cappo-caccia","tag-italien","tag-sardinien"],"_links":{"self":[{"href":"https:\/\/simonschoenhoff.de\/en\/wp-json\/wp\/v2\/posts\/8741","targetHints":{"allow":["GET"]}}],"collection":[{"href":"https:\/\/simonschoenhoff.de\/en\/wp-json\/wp\/v2\/posts"}],"about":[{"href":"https:\/\/simonschoenhoff.de\/en\/wp-json\/wp\/v2\/types\/post"}],"author":[{"embeddable":true,"href":"https:\/\/simonschoenhoff.de\/en\/wp-json\/wp\/v2\/users\/1"}],"replies":[{"embeddable":true,"href":"https:\/\/simonschoenhoff.de\/en\/wp-json\/wp\/v2\/comments?post=8741"}],"version-history":[{"count":16,"href":"https:\/\/simonschoenhoff.de\/en\/wp-json\/wp\/v2\/posts\/8741\/revisions"}],"predecessor-version":[{"id":10018,"href":"https:\/\/simonschoenhoff.de\/en\/wp-json\/wp\/v2\/posts\/8741\/revisions\/10018"}],"wp:featuredmedia":[{"embeddable":true,"href":"https:\/\/simonschoenhoff.de\/en\/wp-json\/wp\/v2\/media\/8400"}],"wp:attachment":[{"href":"https:\/\/simonschoenhoff.de\/en\/wp-json\/wp\/v2\/media?parent=8741"}],"wp:term":[{"taxonomy":"category","embeddable":true,"href":"https:\/\/simonschoenhoff.de\/en\/wp-json\/wp\/v2\/categories?post=8741"},{"taxonomy":"post_tag","embeddable":true,"href":"https:\/\/simonschoenhoff.de\/en\/wp-json\/wp\/v2\/tags?post=8741"}],"curies":[{"name":"wp","href":"https:\/\/api.w.org\/{rel}","templated":true}]}}