{"id":8605,"date":"2022-09-19T10:10:53","date_gmt":"2022-09-19T10:10:53","guid":{"rendered":"https:\/\/simonschoenhoff.de\/?p=8605"},"modified":"2022-12-30T22:39:48","modified_gmt":"2022-12-30T22:39:48","slug":"sardinien-landschaftsfotografie-in-flip-flops-1","status":"publish","type":"post","link":"https:\/\/simonschoenhoff.de\/en\/sardinien-landschaftsfotografie-in-flip-flops-1\/","title":{"rendered":"Sardi\u00adnien \u2013 Land\u00adschafts\u00adfo\u00adto\u00adgrafie in Flip-Flops 1"},"content":{"rendered":"<div data-elementor-type=\"wp-post\" data-elementor-id=\"8605\" class=\"elementor elementor-8605\" data-elementor-post-type=\"post\">\n\t\t\t\t<div class=\"elementor-element elementor-element-08121ff e-flex e-con-boxed e-con e-parent\" data-id=\"08121ff\" data-element_type=\"container\" data-e-type=\"container\">\n\t\t\t\t\t<div class=\"e-con-inner\">\n\t\t\t\t<div class=\"elementor-element elementor-element-d5bc9e5 elementor-widget elementor-widget-menu-anchor\" data-id=\"d5bc9e5\" data-element_type=\"widget\" data-e-type=\"widget\" data-widget_type=\"menu-anchor.default\">\n\t\t\t\t<div class=\"elementor-widget-container\">\n\t\t\t\t\t\t\t<div class=\"elementor-menu-anchor\" id=\"seite\"><\/div>\n\t\t\t\t\t\t<\/div>\n\t\t\t\t<\/div>\n\t\t\t\t<div class=\"elementor-element elementor-element-708390a elementor-widget elementor-widget-heading\" data-id=\"708390a\" data-element_type=\"widget\" data-e-type=\"widget\" data-widget_type=\"heading.default\">\n\t\t\t\t<div class=\"elementor-widget-container\">\n\t\t\t\t\t<h2 class=\"elementor-heading-title elementor-size-default\">Sardi\u00adnien \u2013 Land\u00adschafts\u00adfo\u00adto\u00adgrafie in Flip-Flops 1<\/h2>\t\t\t\t<\/div>\n\t\t\t\t<\/div>\n\t\t\t\t<div class=\"elementor-element elementor-element-96e88b6 elementor-widget elementor-widget-text-editor\" data-id=\"96e88b6\" data-element_type=\"widget\" data-e-type=\"widget\" data-widget_type=\"text-editor.default\">\n\t\t\t\t<div class=\"elementor-widget-container\">\n\t\t\t\t\t\t\t\t\tUnseren dies\u00adj\u00e4h\u00adrigen Sommer\u00adur\u00adlaub verbrachten wir auf der gro\u00dfen und wunder\u00adsch\u00f6nen Insel Sardi\u00adnien. Das Spagat zwischen meiner Leiden\u00adschaft der Land\u00adschafts\u00adfo\u00adto\u00adgrafie und einem tollen Fami\u00adli\u00aden\u00adur\u00adlaub war f\u00fcr mich noch nie so einfach zu meis\u00adtern. Und dank herr\u00adli\u00adchen Tempe\u00adra\u00adturen schon zu Sonnen\u00adauf\u00adgang genoss ich einige Tage lang Land\u00adschafts\u00adfo\u00adto\u00adgrafie in Flip-Flops.&nbsp;<\/div>\n\t\t\t\t<\/div>\n\t\t\t\t\t<\/div>\n\t\t\t\t<\/div>\n\t\t<div class=\"elementor-element elementor-element-7c44a37 e-flex e-con-boxed e-con e-parent\" data-id=\"7c44a37\" data-element_type=\"container\" data-e-type=\"container\">\n\t\t\t\t\t<div class=\"e-con-inner\">\n\t\t\t\t<div class=\"elementor-element elementor-element-1e5fada elementor-widget elementor-widget-heading\" data-id=\"1e5fada\" data-element_type=\"widget\" data-e-type=\"widget\" data-widget_type=\"heading.default\">\n\t\t\t\t<div class=\"elementor-widget-container\">\n\t\t\t\t\t<h3 class=\"elementor-heading-title elementor-size-default\">Anreise<\/h3>\t\t\t\t<\/div>\n\t\t\t\t<\/div>\n\t\t\t\t<div class=\"elementor-element elementor-element-af0bb55 elementor-invisible elementor-widget elementor-widget-image\" data-id=\"af0bb55\" data-element_type=\"widget\" data-e-type=\"widget\" data-settings=\"{&quot;_animation&quot;:&quot;zoomIn&quot;}\" data-widget_type=\"image.default\">\n\t\t\t\t<div class=\"elementor-widget-container\">\n\t\t\t\t\t\t\t\t\t\t\t\t<figure class=\"wp-caption\">\n\t\t\t\t\t\t\t\t\t\t<img fetchpriority=\"high\" decoding=\"async\" width=\"2000\" height=\"1333\" src=\"https:\/\/simonschoenhoff.de\/wp-content\/uploads\/2022\/09\/2022-06-06-07-Anfahrt_1.jpg\" class=\"attachment-full size-full wp-image-8610\" alt srcset=\"https:\/\/simonschoenhoff.de\/wp-content\/uploads\/2022\/09\/2022-06-06-07-Anfahrt_1.jpg 2000w, https:\/\/simonschoenhoff.de\/wp-content\/uploads\/2022\/09\/2022-06-06-07-Anfahrt_1-1200x800.jpg 1200w, https:\/\/simonschoenhoff.de\/wp-content\/uploads\/2022\/09\/2022-06-06-07-Anfahrt_1-300x200.jpg 300w, https:\/\/simonschoenhoff.de\/wp-content\/uploads\/2022\/09\/2022-06-06-07-Anfahrt_1-768x512.jpg 768w, https:\/\/simonschoenhoff.de\/wp-content\/uploads\/2022\/09\/2022-06-06-07-Anfahrt_1-1536x1024.jpg 1536w, https:\/\/simonschoenhoff.de\/wp-content\/uploads\/2022\/09\/2022-06-06-07-Anfahrt_1-18x12.jpg 18w\" sizes=\"(max-width: 2000px) 100vw, 2000px\">\t\t\t\t\t\t\t\t\t\t\t<figcaption class=\"widget-image-caption wp-caption-text\">Leucht\u00adturm vor Olbia | Sony a7 III @ 336 mm, f\/5.6, 1\/2000 Sek., ISO&nbsp;250<\/figcaption>\n\t\t\t\t\t\t\t\t\t\t<\/figure>\n\t\t\t\t\t\t\t\t\t<\/div>\n\t\t\t\t<\/div>\n\t\t\t\t<div class=\"elementor-element elementor-element-1318683 elementor-widget elementor-widget-text-editor\" data-id=\"1318683\" data-element_type=\"widget\" data-e-type=\"widget\" data-widget_type=\"text-editor.default\">\n\t\t\t\t<div class=\"elementor-widget-container\">\n\t\t\t\t\t\t\t\t\t<p>F\u00fcr die Anreise nach Sardi\u00adnien hat man zwei M\u00f6glich\u00adkeiten: Flug\u00adzeug oder F\u00e4hre. Da die Preise f\u00fcr einen Miet\u00adwagen auf Sardi\u00adnien doch sehr hoch sind und der Flug\u00adpreis hinzu\u00adkommt, war es f\u00fcr uns deut\u00adlich g\u00fcns\u00adtiger mit dem eigenen Auto mittels F\u00e4hre anzureisen.<\/p>\t\t\t\t\t\t\t\t<\/div>\n\t\t\t\t<\/div>\n\t\t\t\t<div class=\"elementor-element elementor-element-1c90bbf elementor-widget elementor-widget-text-editor\" data-id=\"1c90bbf\" data-element_type=\"widget\" data-e-type=\"widget\" data-widget_type=\"text-editor.default\">\n\t\t\t\t<div class=\"elementor-widget-container\">\n\t\t\t\t\t\t\t\t\t<p>F\u00e4hren fahren von mehreren italie\u00adni\u00adschen Orten nach Sardi\u00adnien. Wir entschlossen uns f\u00fcr die F\u00e4hre zwischen Genua und Olbia. Da alleine die Anreise von unserem Zuhause nach Genua gut 8 Stunden Fahr\u00adzeit bedeu\u00adtete, nutzten wir die F\u00e4hre \u00fcber Nacht und konnten uns auf der F\u00e4hre ausruhen und schlafen. Am n\u00e4chsten Morgen ange\u00adkommen in Olbia, gab es viel zu sehen und wir star\u00adteten unsere Tour in Rich\u00adtung Nord-Osten der&nbsp;Insel.<\/p>\t\t\t\t\t\t\t\t<\/div>\n\t\t\t\t<\/div>\n\t\t\t\t\t<\/div>\n\t\t\t\t<\/div>\n\t\t<div class=\"elementor-element elementor-element-23ed014 e-flex e-con-boxed e-con e-parent\" data-id=\"23ed014\" data-element_type=\"container\" data-e-type=\"container\">\n\t\t\t\t\t<div class=\"e-con-inner\">\n\t\t\t\t<div class=\"elementor-element elementor-element-3b8ceb7 elementor-widget elementor-widget-heading\" data-id=\"3b8ceb7\" data-element_type=\"widget\" data-e-type=\"widget\" data-widget_type=\"heading.default\">\n\t\t\t\t<div class=\"elementor-widget-container\">\n\t\t\t\t\t<h3 class=\"elementor-heading-title elementor-size-default\">Castel\u00adsardo<\/h3>\t\t\t\t<\/div>\n\t\t\t\t<\/div>\n\t\t\t\t<div class=\"elementor-element elementor-element-3a29aa6 elementor-invisible elementor-widget elementor-widget-image\" data-id=\"3a29aa6\" data-element_type=\"widget\" data-e-type=\"widget\" data-settings=\"{&quot;_animation&quot;:&quot;zoomIn&quot;}\" data-widget_type=\"image.default\">\n\t\t\t\t<div class=\"elementor-widget-container\">\n\t\t\t\t\t\t\t\t\t\t\t\t<figure class=\"wp-caption\">\n\t\t\t\t\t\t\t\t\t\t<img decoding=\"async\" width=\"2000\" height=\"1333\" src=\"https:\/\/simonschoenhoff.de\/wp-content\/uploads\/2022\/09\/DJI-Mini-3-Pro_3.jpg\" class=\"attachment-full size-full wp-image-8654\" alt srcset=\"https:\/\/simonschoenhoff.de\/wp-content\/uploads\/2022\/09\/DJI-Mini-3-Pro_3.jpg 2000w, https:\/\/simonschoenhoff.de\/wp-content\/uploads\/2022\/09\/DJI-Mini-3-Pro_3-1200x800.jpg 1200w, https:\/\/simonschoenhoff.de\/wp-content\/uploads\/2022\/09\/DJI-Mini-3-Pro_3-300x200.jpg 300w, https:\/\/simonschoenhoff.de\/wp-content\/uploads\/2022\/09\/DJI-Mini-3-Pro_3-768x512.jpg 768w, https:\/\/simonschoenhoff.de\/wp-content\/uploads\/2022\/09\/DJI-Mini-3-Pro_3-1536x1024.jpg 1536w, https:\/\/simonschoenhoff.de\/wp-content\/uploads\/2022\/09\/DJI-Mini-3-Pro_3-18x12.jpg 18w\" sizes=\"(max-width: 2000px) 100vw, 2000px\">\t\t\t\t\t\t\t\t\t\t\t<figcaption class=\"widget-image-caption wp-caption-text\">Castel\u00adsardo | DJI Mini 3 Pro @ 24 mm, f\/1.7, 1\/2000 Sek., ISO&nbsp;140<\/figcaption>\n\t\t\t\t\t\t\t\t\t\t<\/figure>\n\t\t\t\t\t\t\t\t\t<\/div>\n\t\t\t\t<\/div>\n\t\t\t\t<div class=\"elementor-element elementor-element-965f39e elementor-widget elementor-widget-text-editor\" data-id=\"965f39e\" data-element_type=\"widget\" data-e-type=\"widget\" data-widget_type=\"text-editor.default\">\n\t\t\t\t<div class=\"elementor-widget-container\">\n\t\t\t\t\t\t\t\t\t<p>Auf den ersten Kilo\u00adme\u00adtern fuhren wir auf kurvigen Stre\u00adcken quer durch das Land, um uns dann in Rich\u00adtung Nord\u00adk\u00fcste zur kleinen Stadt Castel\u00adsardo zu begeben. Unter\u00adwegs sahen wir einige inter\u00ades\u00adsante Orte unter anderem auch einige Kork\u00adw\u00e4lder. In Castel\u00adsardo ange\u00adkommen, musste ich unbe\u00addingt meine neue Drohne auspro\u00adbieren. Nachdem wir uns am Strand von Castel\u00adsardo ein wenig von der Reise erholt und uns gest\u00e4rkt hatten, flog ich noch einige Minuten mit der kleinen Drohne.<\/p>\t\t\t\t\t\t\t\t<\/div>\n\t\t\t\t<\/div>\n\t\t\t\t<div class=\"elementor-element elementor-element-eda6b82 elementor-widget elementor-widget-text-editor\" data-id=\"eda6b82\" data-element_type=\"widget\" data-e-type=\"widget\" data-widget_type=\"text-editor.default\">\n\t\t\t\t<div class=\"elementor-widget-container\">\n\t\t\t\t\t\t\t\t\t<p>Gegen Nach\u00admittag machten wir uns auf den Weg, um die \u00e4u\u00dferste Nord-West-K\u00fcste Sardi\u00adniens zu errei\u00adchen, Stin\u00adtino \u2013 unser erster Unter\u00adkunftsort. Auf dem Weg lag noch der bekannte Elefan\u00adten\u00adfelsen. Dabei handelt es sich jetzt nicht, um eine abso\u00adlutes Must-See, aber da er f\u00fcr uns quasi ohne Umweg auf der Strecke lag, parkten wird das Auto und sahen ihn uns an. Nat\u00fcr\u00adlich machte ich auch ein&nbsp;Foto.<\/p>\t\t\t\t\t\t\t\t<\/div>\n\t\t\t\t<\/div>\n\t\t\t\t<div class=\"elementor-element elementor-element-1d47d3a elementor-invisible elementor-widget elementor-widget-image\" data-id=\"1d47d3a\" data-element_type=\"widget\" data-e-type=\"widget\" data-settings=\"{&quot;_animation&quot;:&quot;zoomIn&quot;}\" data-widget_type=\"image.default\">\n\t\t\t\t<div class=\"elementor-widget-container\">\n\t\t\t\t\t\t\t\t\t\t\t\t<figure class=\"wp-caption\">\n\t\t\t\t\t\t\t\t\t\t<img decoding=\"async\" width=\"1333\" height=\"2000\" src=\"https:\/\/simonschoenhoff.de\/wp-content\/uploads\/2022\/09\/2022-06-06-07-Anfahrt_2.jpg\" class=\"attachment-full size-full wp-image-8611\" alt srcset=\"https:\/\/simonschoenhoff.de\/wp-content\/uploads\/2022\/09\/2022-06-06-07-Anfahrt_2.jpg 1333w, https:\/\/simonschoenhoff.de\/wp-content\/uploads\/2022\/09\/2022-06-06-07-Anfahrt_2-1200x1800.jpg 1200w, https:\/\/simonschoenhoff.de\/wp-content\/uploads\/2022\/09\/2022-06-06-07-Anfahrt_2-200x300.jpg 200w, https:\/\/simonschoenhoff.de\/wp-content\/uploads\/2022\/09\/2022-06-06-07-Anfahrt_2-768x1152.jpg 768w, https:\/\/simonschoenhoff.de\/wp-content\/uploads\/2022\/09\/2022-06-06-07-Anfahrt_2-1024x1536.jpg 1024w, https:\/\/simonschoenhoff.de\/wp-content\/uploads\/2022\/09\/2022-06-06-07-Anfahrt_2-8x12.jpg 8w\" sizes=\"(max-width: 1333px) 100vw, 1333px\">\t\t\t\t\t\t\t\t\t\t\t<figcaption class=\"widget-image-caption wp-caption-text\">Elefan\u00adten\u00adfelsen | Sony a7 III @ 51 mm, f\/4, 1\/1250 Sek., ISO&nbsp;100<\/figcaption>\n\t\t\t\t\t\t\t\t\t\t<\/figure>\n\t\t\t\t\t\t\t\t\t<\/div>\n\t\t\t\t<\/div>\n\t\t\t\t\t<\/div>\n\t\t\t\t<\/div>\n\t\t<div class=\"elementor-element elementor-element-da8034d e-flex e-con-boxed e-con e-parent\" data-id=\"da8034d\" data-element_type=\"container\" data-e-type=\"container\">\n\t\t\t\t\t<div class=\"e-con-inner\">\n\t\t\t\t<div class=\"elementor-element elementor-element-39f1e65 elementor-widget elementor-widget-heading\" data-id=\"39f1e65\" data-element_type=\"widget\" data-e-type=\"widget\" data-widget_type=\"heading.default\">\n\t\t\t\t<div class=\"elementor-widget-container\">\n\t\t\t\t\t<h3 class=\"elementor-heading-title elementor-size-default\">Stin\u00adtino<\/h3>\t\t\t\t<\/div>\n\t\t\t\t<\/div>\n\t\t\t\t<div class=\"elementor-element elementor-element-c6e88ab elementor-widget elementor-widget-text-editor\" data-id=\"c6e88ab\" data-element_type=\"widget\" data-e-type=\"widget\" data-widget_type=\"text-editor.default\">\n\t\t\t\t<div class=\"elementor-widget-container\">\n\t\t\t\t\t\t\t\t\t<p>In Stin\u00adtino ange\u00adkommen, nutzten wir die erste Zeit, um uns ein wenig zu akkli\u00adma\u00adti\u00adsieren und umzu\u00adschauen. Sofort vielen mir einige M\u00f6glich\u00adkeiten am Strand, rund um den histo\u00adri\u00adschen Turm auf. Am Abend lie\u00df ich dann noch meine Drohne fliegen, um die Gegend schnell und effi\u00adzient zu erkunden. West\u00adlich von uns gelegen fielen mir noch einige Steil\u00adklippen auf, die sich f\u00fcr einen Abend-Shot eignen sollten. In meinem Kopf festigte ich also bereits den Plan f\u00fcr die n\u00e4chsten Tage.<\/p>\t\t\t\t\t\t\t\t<\/div>\n\t\t\t\t<\/div>\n\t\t\t\t<div class=\"elementor-element elementor-element-1d16677 elementor-invisible elementor-widget elementor-widget-image\" data-id=\"1d16677\" data-element_type=\"widget\" data-e-type=\"widget\" data-settings=\"{&quot;_animation&quot;:&quot;zoomIn&quot;}\" data-widget_type=\"image.default\">\n\t\t\t\t<div class=\"elementor-widget-container\">\n\t\t\t\t\t\t\t\t\t\t\t\t<figure class=\"wp-caption\">\n\t\t\t\t\t\t\t\t\t\t<img loading=\"lazy\" decoding=\"async\" width=\"2000\" height=\"1500\" src=\"https:\/\/simonschoenhoff.de\/wp-content\/uploads\/2022\/09\/DJI-Mini-3-Pro_4.jpg\" class=\"attachment-full size-full wp-image-8655\" alt srcset=\"https:\/\/simonschoenhoff.de\/wp-content\/uploads\/2022\/09\/DJI-Mini-3-Pro_4.jpg 2000w, https:\/\/simonschoenhoff.de\/wp-content\/uploads\/2022\/09\/DJI-Mini-3-Pro_4-1200x900.jpg 1200w, https:\/\/simonschoenhoff.de\/wp-content\/uploads\/2022\/09\/DJI-Mini-3-Pro_4-300x225.jpg 300w, https:\/\/simonschoenhoff.de\/wp-content\/uploads\/2022\/09\/DJI-Mini-3-Pro_4-768x576.jpg 768w, https:\/\/simonschoenhoff.de\/wp-content\/uploads\/2022\/09\/DJI-Mini-3-Pro_4-1536x1152.jpg 1536w, https:\/\/simonschoenhoff.de\/wp-content\/uploads\/2022\/09\/DJI-Mini-3-Pro_4-16x12.jpg 16w\" sizes=\"(max-width: 2000px) 100vw, 2000px\">\t\t\t\t\t\t\t\t\t\t\t<figcaption class=\"widget-image-caption wp-caption-text\">Torre della Pelosa in der Abend\u00adsonne | DJI Mini 3 Pro @ 24 mm, f\/1.7, 1\/250 Sek., ISO&nbsp;110<\/figcaption>\n\t\t\t\t\t\t\t\t\t\t<\/figure>\n\t\t\t\t\t\t\t\t\t<\/div>\n\t\t\t\t<\/div>\n\t\t\t\t<div class=\"elementor-element elementor-element-c6a5eb7 elementor-widget elementor-widget-text-editor\" data-id=\"c6a5eb7\" data-element_type=\"widget\" data-e-type=\"widget\" data-widget_type=\"text-editor.default\">\n\t\t\t\t<div class=\"elementor-widget-container\">\n\t\t\t\t\t\t\t\t\t<p>Recht\u00adzeitig gingen wir zu Bett, denn der Wetter\u00adbe\u00adricht versprach einen span\u00adnenden Morgen.<\/p>\t\t\t\t\t\t\t\t<\/div>\n\t\t\t\t<\/div>\n\t\t\t\t<div class=\"elementor-element elementor-element-cd9c2c5 elementor-widget elementor-widget-text-editor\" data-id=\"cd9c2c5\" data-element_type=\"widget\" data-e-type=\"widget\" data-widget_type=\"text-editor.default\">\n\t\t\t\t<div class=\"elementor-widget-container\">\n\t\t\t\t\t\t\t\t\t<p>Der Wecker vibriert. Es ist vor 5 Uhr in der Nacht. Ich hatte nur 5 min Fu\u00dfweg zum Strand mit dem kleinen Turm. Ich stiege leise aus dem Bett, zog mich an und schlich zur T\u00fcr hinaus. Nur nicht meine kleine Tochter wecken, denn dann w\u00e4re es vorbei mit Foto\u00adgra\u00adfieren und Kinder\u00adbe\u00adspa\u00ad\u00dfung st\u00e4nde im Raum. Schon jetzt konnte man erkennen, dass es nicht mehr all zu lange dauern wird, dann f\u00e4rbt sich der Himmel in tollen morgend\u00adli\u00adchen Farben, also beeilte ich&nbsp;mich.<\/p>\t\t\t\t\t\t\t\t<\/div>\n\t\t\t\t<\/div>\n\t\t\t\t<div class=\"elementor-element elementor-element-e339190 elementor-widget elementor-widget-text-editor\" data-id=\"e339190\" data-element_type=\"widget\" data-e-type=\"widget\" data-widget_type=\"text-editor.default\">\n\t\t\t\t<div class=\"elementor-widget-container\">\n\t\t\t\t\t\t\t\t\t<p>Einige Kompo\u00adsi\u00adti\u00adons\u00adideen hatte ich bereits im Kopf, den Rest impro\u00advi\u00adsiere ich, dachte ich mir. Auf jeden Fall wollte ich ein sch\u00f6nes Foto mit der K\u00fcsten\u00adlinie am wunder\u00adsch\u00f6nen Sand\u00adstrand erstellen. Viel\u00adleicht habe ich auch Gl\u00fcck und kann einige tolle Detail\u00adauf\u00adnahmen vom Strand selbst aufnehmen. So mein&nbsp;Plan.<\/p>\t\t\t\t\t\t\t\t<\/div>\n\t\t\t\t<\/div>\n\t\t\t\t<div class=\"elementor-element elementor-element-8124c24 elementor-invisible elementor-widget elementor-widget-gallery\" data-id=\"8124c24\" data-element_type=\"widget\" data-e-type=\"widget\" data-settings=\"{&quot;gallery_layout&quot;:&quot;masonry&quot;,&quot;columns&quot;:2,&quot;_animation&quot;:&quot;zoomIn&quot;,&quot;lazyload&quot;:&quot;yes&quot;,&quot;columns_tablet&quot;:2,&quot;columns_mobile&quot;:1,&quot;gap&quot;:{&quot;unit&quot;:&quot;px&quot;,&quot;size&quot;:10,&quot;sizes&quot;:[]},&quot;gap_tablet&quot;:{&quot;unit&quot;:&quot;px&quot;,&quot;size&quot;:10,&quot;sizes&quot;:[]},&quot;gap_mobile&quot;:{&quot;unit&quot;:&quot;px&quot;,&quot;size&quot;:10,&quot;sizes&quot;:[]},&quot;overlay_background&quot;:&quot;yes&quot;,&quot;content_hover_animation&quot;:&quot;fade-in&quot;}\" data-widget_type=\"gallery.default\">\n\t\t\t\t<div class=\"elementor-widget-container\">\n\t\t\t\t\t\t\t<div class=\"elementor-gallery__container\">\n\t\t\t\t\t\t\t<div class=\"e-gallery-item elementor-gallery-item elementor-animated-content\">\n\t\t\t\t\t<div class=\"e-gallery-image elementor-gallery-item__image\" data-thumbnail=\"https:\/\/simonschoenhoff.de\/wp-content\/uploads\/2022\/09\/2022-06-08-Stintino-Tag-1_7.jpg\" data-width=\"1333\" data-height=\"2000\" aria-label role=\"img\"><\/div>\n\t\t\t\t\t\t\t\t\t\t\t<div class=\"elementor-gallery-item__overlay\"><\/div>\n\t\t\t\t\t\t\t\t\t\t\t\t\t\t<\/div>\n\t\t\t\t\t\t\t<div class=\"e-gallery-item elementor-gallery-item elementor-animated-content\">\n\t\t\t\t\t<div class=\"e-gallery-image elementor-gallery-item__image\" data-thumbnail=\"https:\/\/simonschoenhoff.de\/wp-content\/uploads\/2022\/09\/2022-06-08-Stintino-Tag-1_9.jpg\" data-width=\"1333\" data-height=\"2000\" aria-label role=\"img\"><\/div>\n\t\t\t\t\t\t\t\t\t\t\t<div class=\"elementor-gallery-item__overlay\"><\/div>\n\t\t\t\t\t\t\t\t\t\t\t\t\t\t<\/div>\n\t\t\t\t\t<\/div>\n\t\t\t\t\t<\/div>\n\t\t\t\t<\/div>\n\t\t\t\t<div class=\"elementor-element elementor-element-e33a583 elementor-widget elementor-widget-text-editor\" data-id=\"e33a583\" data-element_type=\"widget\" data-e-type=\"widget\" data-widget_type=\"text-editor.default\">\n\t\t\t\t<div class=\"elementor-widget-container\">\n\t\t\t\t\t\t\t\t\t<p>F\u00fcr mich war es das erste mal so richtig an Sand\u00adstr\u00e4nden zu foto\u00adgra\u00adfieren. Aufnahmen aus Ligu\u00adrien, die ich in meinem Port\u00adfolio habe sind ja an einer eher felsigen Land\u00adschaft entstanden. \u00c4hnlich wie beim Foto\u00adgra\u00adfieren in W\u00e4ldern merkte ich aber auch sehr schnell, dass es die F\u00fclle an m\u00f6gli\u00adchen Kompo\u00adsi\u00adtionen einer\u00adseits einfach machen ein Motiv zu finden, ande\u00adrer\u00adseits aber auch schwierig machen die besten Optionen zu kana\u00adli\u00adsieren und diese auch wirk\u00adlich best\u00adm\u00f6g\u00adlich aufzu\u00adnehmen, da man immer wieder versucht ist noch schnell das n\u00e4chste zu fotografieren.<\/p>\t\t\t\t\t\t\t\t<\/div>\n\t\t\t\t<\/div>\n\t\t\t\t<div class=\"elementor-element elementor-element-d8309b9 elementor-invisible elementor-widget elementor-widget-gallery\" data-id=\"d8309b9\" data-element_type=\"widget\" data-e-type=\"widget\" data-settings=\"{&quot;gallery_layout&quot;:&quot;masonry&quot;,&quot;columns&quot;:2,&quot;_animation&quot;:&quot;zoomIn&quot;,&quot;lazyload&quot;:&quot;yes&quot;,&quot;columns_tablet&quot;:2,&quot;columns_mobile&quot;:1,&quot;gap&quot;:{&quot;unit&quot;:&quot;px&quot;,&quot;size&quot;:10,&quot;sizes&quot;:[]},&quot;gap_tablet&quot;:{&quot;unit&quot;:&quot;px&quot;,&quot;size&quot;:10,&quot;sizes&quot;:[]},&quot;gap_mobile&quot;:{&quot;unit&quot;:&quot;px&quot;,&quot;size&quot;:10,&quot;sizes&quot;:[]},&quot;overlay_background&quot;:&quot;yes&quot;,&quot;content_hover_animation&quot;:&quot;fade-in&quot;}\" data-widget_type=\"gallery.default\">\n\t\t\t\t<div class=\"elementor-widget-container\">\n\t\t\t\t\t\t\t<div class=\"elementor-gallery__container\">\n\t\t\t\t\t\t\t<div class=\"e-gallery-item elementor-gallery-item elementor-animated-content\">\n\t\t\t\t\t<div class=\"e-gallery-image elementor-gallery-item__image\" data-thumbnail=\"https:\/\/simonschoenhoff.de\/wp-content\/uploads\/2022\/09\/2022-06-08-Stintino-Tag-1_6.jpg\" data-width=\"1333\" data-height=\"2000\" aria-label role=\"img\"><\/div>\n\t\t\t\t\t\t\t\t\t\t\t<div class=\"elementor-gallery-item__overlay\"><\/div>\n\t\t\t\t\t\t\t\t\t\t\t\t\t\t<\/div>\n\t\t\t\t\t\t\t<div class=\"e-gallery-item elementor-gallery-item elementor-animated-content\">\n\t\t\t\t\t<div class=\"e-gallery-image elementor-gallery-item__image\" data-thumbnail=\"https:\/\/simonschoenhoff.de\/wp-content\/uploads\/2022\/09\/2022-06-08-Stintino-Tag-1_8.jpg\" data-width=\"1333\" data-height=\"2000\" aria-label role=\"img\"><\/div>\n\t\t\t\t\t\t\t\t\t\t\t<div class=\"elementor-gallery-item__overlay\"><\/div>\n\t\t\t\t\t\t\t\t\t\t\t\t\t\t<\/div>\n\t\t\t\t\t<\/div>\n\t\t\t\t\t<\/div>\n\t\t\t\t<\/div>\n\t\t\t\t<div class=\"elementor-element elementor-element-c87ee0b elementor-widget elementor-widget-text-editor\" data-id=\"c87ee0b\" data-element_type=\"widget\" data-e-type=\"widget\" data-widget_type=\"text-editor.default\">\n\t\t\t\t<div class=\"elementor-widget-container\">\n\t\t\t\t\t\t\t\t\t<p>Ich erin\u00adnerte mich an den lehr\u00adrei\u00adchen Satz: \u201cAm Ende des Tages ist es v\u00f6llig ausrei\u00adchend, auch nur ein gutes Bild aufzu\u00adnehmen\u201d. Dies lie\u00df mich etwas zur Ruhe kommen, denn bereits die erste Aufnahme war ja bereits ein super Foto. Ich konnte also entspannt in ruhi\u00adgerem Arbeits\u00adtempo nach weiteren Kompo\u00adsi\u00adtion suchen. Und dabei fand ich so einige. Auch in Rich\u00adtung des Turms gerichtet, mit seit\u00adlich einfal\u00adlendem Licht.<\/p>\t\t\t\t\t\t\t\t<\/div>\n\t\t\t\t<\/div>\n\t\t\t\t<div class=\"elementor-element elementor-element-b48858c elementor-invisible elementor-widget elementor-widget-image\" data-id=\"b48858c\" data-element_type=\"widget\" data-e-type=\"widget\" data-settings=\"{&quot;_animation&quot;:&quot;zoomIn&quot;}\" data-widget_type=\"image.default\">\n\t\t\t\t<div class=\"elementor-widget-container\">\n\t\t\t\t\t\t\t\t\t\t\t\t<figure class=\"wp-caption\">\n\t\t\t\t\t\t\t\t\t\t<img loading=\"lazy\" decoding=\"async\" width=\"2000\" height=\"1333\" src=\"https:\/\/simonschoenhoff.de\/wp-content\/uploads\/2022\/09\/2022-06-08-Stintino-Tag-1_13.jpg\" class=\"attachment-full size-full wp-image-8622\" alt srcset=\"https:\/\/simonschoenhoff.de\/wp-content\/uploads\/2022\/09\/2022-06-08-Stintino-Tag-1_13.jpg 2000w, https:\/\/simonschoenhoff.de\/wp-content\/uploads\/2022\/09\/2022-06-08-Stintino-Tag-1_13-1200x800.jpg 1200w, https:\/\/simonschoenhoff.de\/wp-content\/uploads\/2022\/09\/2022-06-08-Stintino-Tag-1_13-300x200.jpg 300w, https:\/\/simonschoenhoff.de\/wp-content\/uploads\/2022\/09\/2022-06-08-Stintino-Tag-1_13-768x512.jpg 768w, https:\/\/simonschoenhoff.de\/wp-content\/uploads\/2022\/09\/2022-06-08-Stintino-Tag-1_13-1536x1024.jpg 1536w, https:\/\/simonschoenhoff.de\/wp-content\/uploads\/2022\/09\/2022-06-08-Stintino-Tag-1_13-18x12.jpg 18w\" sizes=\"(max-width: 2000px) 100vw, 2000px\">\t\t\t\t\t\t\t\t\t\t\t<figcaption class=\"widget-image-caption wp-caption-text\">Torre della Pelosa im Morgen\u00adlicht | Sony a7 III @ 28 mm, f\/11, 3\/5 Sek., ISO&nbsp;100<\/figcaption>\n\t\t\t\t\t\t\t\t\t\t<\/figure>\n\t\t\t\t\t\t\t\t\t<\/div>\n\t\t\t\t<\/div>\n\t\t<div class=\"elementor-element elementor-element-d029537 e-flex e-con-boxed elementor-invisible e-con e-parent\" data-id=\"d029537\" data-element_type=\"container\" data-e-type=\"container\" data-settings=\"{&quot;background_background&quot;:&quot;classic&quot;,&quot;animation&quot;:&quot;zoomIn&quot;}\">\n\t\t\t\t\t<div class=\"e-con-inner\">\n\t\t\t\t<div class=\"elementor-element elementor-element-6387634 elementor-widget__width-initial elementor-widget elementor-widget-text-editor\" data-id=\"6387634\" data-element_type=\"widget\" data-e-type=\"widget\" data-widget_type=\"text-editor.default\">\n\t\t\t\t<div class=\"elementor-widget-container\">\n\t\t\t\t\t\t\t\t\t<p style=\"text-align: center;\">Diese und andere Aufnahmen als als Kunst\u00addruck f\u00fcr dein Zuhause kannst du jeder\u00adzeit unter \u201ePrints\u201c direkt bei mir anfragen. Herge\u00adstellt von einem der welt\u00adweit f\u00fchrenden Foto\u00adla\u00adbore in h\u00f6chster Qualit\u00e4t.&nbsp;<\/p>\t\t\t\t\t\t\t\t<\/div>\n\t\t\t\t<\/div>\n\t\t\t\t<div class=\"elementor-element elementor-element-b224a00 elementor-widget elementor-widget-button\" data-id=\"b224a00\" data-element_type=\"widget\" data-e-type=\"widget\" data-settings=\"{&quot;_animation_mobile&quot;:&quot;fadeIn&quot;}\" data-widget_type=\"button.default\">\n\t\t\t\t<div class=\"elementor-widget-container\">\n\t\t\t\t\t\t\t\t\t<div class=\"elementor-button-wrapper\">\n\t\t\t\t\t<a class=\"elementor-button elementor-button-link elementor-size-sm elementor-animation-grow\" href=\"https:\/\/simonschoenhoff.de\/en\/prints\/\">\n\t\t\t\t\t\t<span class=\"elementor-button-content-wrapper\">\n\t\t\t\t\t\t<span class=\"elementor-button-icon\">\n\t\t\t\t<i aria-hidden=\"true\" class=\"fas fa-shopping-cart\"><\/i>\t\t\t<\/span>\n\t\t\t\t\t\t\t\t\t<span class=\"elementor-button-text\">Prints<\/span>\n\t\t\t\t\t<\/span>\n\t\t\t\t\t<\/a>\n\t\t\t\t<\/div>\n\t\t\t\t\t\t\t\t<\/div>\n\t\t\t\t<\/div>\n\t\t\t\t\t<\/div>\n\t\t\t\t<\/div>\n\t\t\t\t<div class=\"elementor-element elementor-element-9272c2d elementor-invisible elementor-widget elementor-widget-gallery\" data-id=\"9272c2d\" data-element_type=\"widget\" data-e-type=\"widget\" data-settings=\"{&quot;gallery_layout&quot;:&quot;masonry&quot;,&quot;columns&quot;:2,&quot;_animation&quot;:&quot;zoomIn&quot;,&quot;lazyload&quot;:&quot;yes&quot;,&quot;columns_tablet&quot;:2,&quot;columns_mobile&quot;:1,&quot;gap&quot;:{&quot;unit&quot;:&quot;px&quot;,&quot;size&quot;:10,&quot;sizes&quot;:[]},&quot;gap_tablet&quot;:{&quot;unit&quot;:&quot;px&quot;,&quot;size&quot;:10,&quot;sizes&quot;:[]},&quot;gap_mobile&quot;:{&quot;unit&quot;:&quot;px&quot;,&quot;size&quot;:10,&quot;sizes&quot;:[]},&quot;overlay_background&quot;:&quot;yes&quot;,&quot;content_hover_animation&quot;:&quot;fade-in&quot;}\" data-widget_type=\"gallery.default\">\n\t\t\t\t<div class=\"elementor-widget-container\">\n\t\t\t\t\t\t\t<div class=\"elementor-gallery__container\">\n\t\t\t\t\t\t\t<div class=\"e-gallery-item elementor-gallery-item elementor-animated-content\">\n\t\t\t\t\t<div class=\"e-gallery-image elementor-gallery-item__image\" data-thumbnail=\"https:\/\/simonschoenhoff.de\/wp-content\/uploads\/2022\/09\/2022-06-08-Stintino-Tag-1_10.jpg\" data-width=\"1500\" data-height=\"2000\" aria-label role=\"img\"><\/div>\n\t\t\t\t\t\t\t\t\t\t\t<div class=\"elementor-gallery-item__overlay\"><\/div>\n\t\t\t\t\t\t\t\t\t\t\t\t\t\t<\/div>\n\t\t\t\t\t\t\t<div class=\"e-gallery-item elementor-gallery-item elementor-animated-content\">\n\t\t\t\t\t<div class=\"e-gallery-image elementor-gallery-item__image\" data-thumbnail=\"https:\/\/simonschoenhoff.de\/wp-content\/uploads\/2022\/09\/2022-06-08-Stintino-Tag-1_11.jpg\" data-width=\"1600\" data-height=\"2000\" aria-label role=\"img\"><\/div>\n\t\t\t\t\t\t\t\t\t\t\t<div class=\"elementor-gallery-item__overlay\"><\/div>\n\t\t\t\t\t\t\t\t\t\t\t\t\t\t<\/div>\n\t\t\t\t\t<\/div>\n\t\t\t\t\t<\/div>\n\t\t\t\t<\/div>\n\t\t\t\t<div class=\"elementor-element elementor-element-2911cea elementor-widget elementor-widget-text-editor\" data-id=\"2911cea\" data-element_type=\"widget\" data-e-type=\"widget\" data-widget_type=\"text-editor.default\">\n\t\t\t\t<div class=\"elementor-widget-container\">\n\t\t\t\t\t\t\t\t\t<p>Inter\u00ades\u00adsante Details zu finden, war zuge\u00adge\u00adbener Ma\u00dfen schwierig, als ich dachte. Die offen\u00adsicht\u00adli\u00adcheren Kompo\u00adsi\u00adtionen der Strand\u00adland\u00adschaft stachen deut\u00adlich schneller ins Auge. F\u00fcr beson\u00addere Details, musste man ein wenig auf die Suche gehen. Dennoch konnte ich bereits am ersten Morgen in Stin\u00adtino f\u00fcndig werden.&nbsp;<\/p>\t\t\t\t\t\t\t\t<\/div>\n\t\t\t\t<\/div>\n\t\t\t\t<div class=\"elementor-element elementor-element-3f0807c elementor-invisible elementor-widget elementor-widget-gallery\" data-id=\"3f0807c\" data-element_type=\"widget\" data-e-type=\"widget\" data-settings=\"{&quot;gallery_layout&quot;:&quot;justified&quot;,&quot;ideal_row_height&quot;:{&quot;unit&quot;:&quot;px&quot;,&quot;size&quot;:500,&quot;sizes&quot;:[]},&quot;ideal_row_height_tablet&quot;:{&quot;unit&quot;:&quot;px&quot;,&quot;size&quot;:500,&quot;sizes&quot;:[]},&quot;ideal_row_height_mobile&quot;:{&quot;unit&quot;:&quot;px&quot;,&quot;size&quot;:500,&quot;sizes&quot;:[]},&quot;_animation&quot;:&quot;zoomIn&quot;,&quot;lazyload&quot;:&quot;yes&quot;,&quot;gap&quot;:{&quot;unit&quot;:&quot;px&quot;,&quot;size&quot;:10,&quot;sizes&quot;:[]},&quot;gap_tablet&quot;:{&quot;unit&quot;:&quot;px&quot;,&quot;size&quot;:10,&quot;sizes&quot;:[]},&quot;gap_mobile&quot;:{&quot;unit&quot;:&quot;px&quot;,&quot;size&quot;:10,&quot;sizes&quot;:[]},&quot;overlay_background&quot;:&quot;yes&quot;,&quot;content_hover_animation&quot;:&quot;fade-in&quot;}\" data-widget_type=\"gallery.default\">\n\t\t\t\t<div class=\"elementor-widget-container\">\n\t\t\t\t\t\t\t<div class=\"elementor-gallery__container\">\n\t\t\t\t\t\t\t<div class=\"e-gallery-item elementor-gallery-item elementor-animated-content\">\n\t\t\t\t\t<div class=\"e-gallery-image elementor-gallery-item__image\" data-thumbnail=\"https:\/\/simonschoenhoff.de\/wp-content\/uploads\/2022\/09\/2022-06-08-Stintino-Tag-1_14.jpg\" data-width=\"1333\" data-height=\"2000\" aria-label role=\"img\"><\/div>\n\t\t\t\t\t\t\t\t\t\t\t<div class=\"elementor-gallery-item__overlay\"><\/div>\n\t\t\t\t\t\t\t\t\t\t\t\t\t\t<\/div>\n\t\t\t\t\t\t\t<div class=\"e-gallery-item elementor-gallery-item elementor-animated-content\">\n\t\t\t\t\t<div class=\"e-gallery-image elementor-gallery-item__image\" data-thumbnail=\"https:\/\/simonschoenhoff.de\/wp-content\/uploads\/2022\/09\/2022-06-08-Stintino-Tag-1_15.jpg\" data-width=\"2000\" data-height=\"1334\" aria-label role=\"img\"><\/div>\n\t\t\t\t\t\t\t\t\t\t\t<div class=\"elementor-gallery-item__overlay\"><\/div>\n\t\t\t\t\t\t\t\t\t\t\t\t\t\t<\/div>\n\t\t\t\t\t<\/div>\n\t\t\t\t\t<\/div>\n\t\t\t\t<\/div>\n\t\t\t\t<div class=\"elementor-element elementor-element-8cb1c6b elementor-widget elementor-widget-text-editor\" data-id=\"8cb1c6b\" data-element_type=\"widget\" data-e-type=\"widget\" data-widget_type=\"text-editor.default\">\n\t\t\t\t<div class=\"elementor-widget-container\">\n\t\t\t\t\t\t\t\t\t<p>Als die Sonne bereits h\u00f6her \u00fcber dem Hori\u00adzont stand, wurde das Licht- und Schat\u00adten\u00adspiel schon deut\u00adlich zu hart, als dass ich noch h\u00e4tte viel Erfolg mit meinen intimen Land\u00adschafts\u00adauf\u00adnahmen h\u00e4tte haben k\u00f6nnen. Ich machte mich also wieder auf die Socken zur\u00fcck zu unserer Unterkunft.&nbsp;<\/p>\t\t\t\t\t\t\t\t<\/div>\n\t\t\t\t<\/div>\n\t\t\t\t<div class=\"elementor-element elementor-element-738784e elementor-invisible elementor-widget elementor-widget-image\" data-id=\"738784e\" data-element_type=\"widget\" data-e-type=\"widget\" data-settings=\"{&quot;_animation&quot;:&quot;zoomIn&quot;}\" data-widget_type=\"image.default\">\n\t\t\t\t<div class=\"elementor-widget-container\">\n\t\t\t\t\t\t\t\t\t\t\t\t<figure class=\"wp-caption\">\n\t\t\t\t\t\t\t\t\t\t<img loading=\"lazy\" decoding=\"async\" width=\"2000\" height=\"1333\" src=\"https:\/\/simonschoenhoff.de\/wp-content\/uploads\/2022\/09\/2022-06-08-Stintino-Tag-1_12.jpg\" class=\"attachment-full size-full wp-image-8621\" alt srcset=\"https:\/\/simonschoenhoff.de\/wp-content\/uploads\/2022\/09\/2022-06-08-Stintino-Tag-1_12.jpg 2000w, https:\/\/simonschoenhoff.de\/wp-content\/uploads\/2022\/09\/2022-06-08-Stintino-Tag-1_12-1200x800.jpg 1200w, https:\/\/simonschoenhoff.de\/wp-content\/uploads\/2022\/09\/2022-06-08-Stintino-Tag-1_12-300x200.jpg 300w, https:\/\/simonschoenhoff.de\/wp-content\/uploads\/2022\/09\/2022-06-08-Stintino-Tag-1_12-768x512.jpg 768w, https:\/\/simonschoenhoff.de\/wp-content\/uploads\/2022\/09\/2022-06-08-Stintino-Tag-1_12-1536x1024.jpg 1536w, https:\/\/simonschoenhoff.de\/wp-content\/uploads\/2022\/09\/2022-06-08-Stintino-Tag-1_12-18x12.jpg 18w\" sizes=\"(max-width: 2000px) 100vw, 2000px\">\t\t\t\t\t\t\t\t\t\t\t<figcaption class=\"widget-image-caption wp-caption-text\">Aufge\u00adhende Sonne \u00fcber der Isola Piana | Sony a7 III @ 24 mm, f\/16, 2\/5 Sek., ISO&nbsp;100<\/figcaption>\n\t\t\t\t\t\t\t\t\t\t<\/figure>\n\t\t\t\t\t\t\t\t\t<\/div>\n\t\t\t\t<\/div>\n\t\t\t\t\t<\/div>\n\t\t\t\t<\/div>\n\t\t<div class=\"elementor-element elementor-element-0d6673f e-flex e-con-boxed e-con e-parent\" data-id=\"0d6673f\" data-element_type=\"container\" data-e-type=\"container\">\n\t\t\t\t\t<div class=\"e-con-inner\">\n\t\t\t\t<div class=\"elementor-element elementor-element-9c64c98 elementor-widget elementor-widget-heading\" data-id=\"9c64c98\" data-element_type=\"widget\" data-e-type=\"widget\" data-widget_type=\"heading.default\">\n\t\t\t\t<div class=\"elementor-widget-container\">\n\t\t\t\t\t<h4 class=\"elementor-heading-title elementor-size-default\">Foto\u00adgra\u00adfieren an der Steil\u00adk\u00fcste Stintinos<\/h4>\t\t\t\t<\/div>\n\t\t\t\t<\/div>\n\t\t\t\t<div class=\"elementor-element elementor-element-7ac2232 elementor-widget elementor-widget-text-editor\" data-id=\"7ac2232\" data-element_type=\"widget\" data-e-type=\"widget\" data-widget_type=\"text-editor.default\">\n\t\t\t\t<div class=\"elementor-widget-container\">\n\t\t\t\t\t\t\t\t\t<p>F\u00fcr den Abend hatte ich mir einen Besuch der Steil\u00adk\u00fcste etwas weiter west\u00adlich vorge\u00adnommen. Der Fu\u00dfweg dorthin war mit 15 min auch nur ein wenig l\u00e4nger. Schon auf dem Weg dorthin hatte ich einige inter\u00ades\u00adsante Details und Motive, die bereits jetzt in diesem Licht toll aussahen.<\/p>\t\t\t\t\t\t\t\t<\/div>\n\t\t\t\t<\/div>\n\t\t\t\t<div class=\"elementor-element elementor-element-e25d0ff elementor-invisible elementor-widget elementor-widget-image\" data-id=\"e25d0ff\" data-element_type=\"widget\" data-e-type=\"widget\" data-settings=\"{&quot;_animation&quot;:&quot;zoomIn&quot;}\" data-widget_type=\"image.default\">\n\t\t\t\t<div class=\"elementor-widget-container\">\n\t\t\t\t\t\t\t\t\t\t\t\t<figure class=\"wp-caption\">\n\t\t\t\t\t\t\t\t\t\t<img loading=\"lazy\" decoding=\"async\" width=\"2000\" height=\"1333\" src=\"https:\/\/simonschoenhoff.de\/wp-content\/uploads\/2022\/09\/2022-06-08-Stintino-Tag-1_16.jpg\" class=\"attachment-full size-full wp-image-8625\" alt srcset=\"https:\/\/simonschoenhoff.de\/wp-content\/uploads\/2022\/09\/2022-06-08-Stintino-Tag-1_16.jpg 2000w, https:\/\/simonschoenhoff.de\/wp-content\/uploads\/2022\/09\/2022-06-08-Stintino-Tag-1_16-1200x800.jpg 1200w, https:\/\/simonschoenhoff.de\/wp-content\/uploads\/2022\/09\/2022-06-08-Stintino-Tag-1_16-300x200.jpg 300w, https:\/\/simonschoenhoff.de\/wp-content\/uploads\/2022\/09\/2022-06-08-Stintino-Tag-1_16-768x512.jpg 768w, https:\/\/simonschoenhoff.de\/wp-content\/uploads\/2022\/09\/2022-06-08-Stintino-Tag-1_16-1536x1024.jpg 1536w, https:\/\/simonschoenhoff.de\/wp-content\/uploads\/2022\/09\/2022-06-08-Stintino-Tag-1_16-18x12.jpg 18w\" sizes=\"(max-width: 2000px) 100vw, 2000px\">\t\t\t\t\t\t\t\t\t\t\t<figcaption class=\"widget-image-caption wp-caption-text\">Risse im Fels | Sony a7 III @ 171 mm, f\/7.1, 1\/50 Sek., ISO&nbsp;100<\/figcaption>\n\t\t\t\t\t\t\t\t\t\t<\/figure>\n\t\t\t\t\t\t\t\t\t<\/div>\n\t\t\t\t<\/div>\n\t\t\t\t<div class=\"elementor-element elementor-element-7bf07d8 elementor-widget elementor-widget-text-editor\" data-id=\"7bf07d8\" data-element_type=\"widget\" data-e-type=\"widget\" data-widget_type=\"text-editor.default\">\n\t\t\t\t<div class=\"elementor-widget-container\">\n\t\t\t\t\t\t\t\t\t<p>Am Vorabend hatte ich die Gegend bereits mit der Drohne ein wenig erkundet und mir m\u00f6gliche Spots gemerkt. Am Nach\u00admittag war ich mit Frau und Kind vor Ort und wusste, was&nbsp; ich foto\u00adgra\u00adfieren wollte. Als ich aber den Turm auf dem H\u00fcgel sah, \u00fcber\u00adlegte ich kurz, ob von dort oben auch eine Option gewesen w\u00e4re. Aber defi\u00adnitiv w\u00e4re ich zu weit weg vom Meer gewesen und statt, dass es in meinen Bildern um das Mehr und die K\u00fcsten\u00adbe\u00adschaf\u00adfen\u00adheit gegangen w\u00e4re, w\u00fcrde es auf Bildern von dort oben nur zum Neben\u00addar\u00adsteller werden. Foto\u00adgra\u00adfieren musste ich ihn dennoch. Dabei konnte ich sogar noch einen tollen Vorder\u00adgrund finden, der wirk\u00adlich f\u00fcr diese Land\u00adschaft steht.&nbsp;<\/p>\t\t\t\t\t\t\t\t<\/div>\n\t\t\t\t<\/div>\n\t\t\t\t<div class=\"elementor-element elementor-element-88ed916 elementor-invisible elementor-widget elementor-widget-image\" data-id=\"88ed916\" data-element_type=\"widget\" data-e-type=\"widget\" data-settings=\"{&quot;_animation&quot;:&quot;zoomIn&quot;}\" data-widget_type=\"image.default\">\n\t\t\t\t<div class=\"elementor-widget-container\">\n\t\t\t\t\t\t\t\t\t\t\t\t<figure class=\"wp-caption\">\n\t\t\t\t\t\t\t\t\t\t<img loading=\"lazy\" decoding=\"async\" width=\"1388\" height=\"2000\" src=\"https:\/\/simonschoenhoff.de\/wp-content\/uploads\/2022\/09\/2022-06-08-Stintino-Tag-1_17.jpg\" class=\"attachment-full size-full wp-image-8626\" alt srcset=\"https:\/\/simonschoenhoff.de\/wp-content\/uploads\/2022\/09\/2022-06-08-Stintino-Tag-1_17.jpg 1388w, https:\/\/simonschoenhoff.de\/wp-content\/uploads\/2022\/09\/2022-06-08-Stintino-Tag-1_17-1200x1729.jpg 1200w, https:\/\/simonschoenhoff.de\/wp-content\/uploads\/2022\/09\/2022-06-08-Stintino-Tag-1_17-208x300.jpg 208w, https:\/\/simonschoenhoff.de\/wp-content\/uploads\/2022\/09\/2022-06-08-Stintino-Tag-1_17-768x1107.jpg 768w, https:\/\/simonschoenhoff.de\/wp-content\/uploads\/2022\/09\/2022-06-08-Stintino-Tag-1_17-1066x1536.jpg 1066w, https:\/\/simonschoenhoff.de\/wp-content\/uploads\/2022\/09\/2022-06-08-Stintino-Tag-1_17-8x12.jpg 8w\" sizes=\"(max-width: 1388px) 100vw, 1388px\">\t\t\t\t\t\t\t\t\t\t\t<figcaption class=\"widget-image-caption wp-caption-text\">Torre del Falcone | Sony a7 III @ 16 mm, f\/11, 1\/25 Sek., ISO&nbsp;100<\/figcaption>\n\t\t\t\t\t\t\t\t\t\t<\/figure>\n\t\t\t\t\t\t\t\t\t<\/div>\n\t\t\t\t<\/div>\n\t\t\t\t<div class=\"elementor-element elementor-element-3178efb elementor-widget elementor-widget-text-editor\" data-id=\"3178efb\" data-element_type=\"widget\" data-e-type=\"widget\" data-widget_type=\"text-editor.default\">\n\t\t\t\t<div class=\"elementor-widget-container\">\n\t\t\t\t\t\t\t\t\t<p>An der Steil\u00adk\u00fcste selbst konnte ich schroffe Felsen erkunden. Noch war von der Sonne wenig zu sehen, denn die Wolken verdeckten sie. Aber am Hori\u00adzont sah man bereits, dass sie sich noch einmal kurz vor Sonnen\u00adun\u00adter\u00adgang zeigen m\u00fcsste. Also suchte ich jetzt bereits nach einigen inter\u00ades\u00adsanten Kompo\u00adsi\u00adtionen, um nachher in den wenigen Minuten mit gutem Licht, m\u00f6glichst viele Aufnahmen foto\u00adgra\u00adfieren zu k\u00f6nnen. Dann hie\u00df es warten.<\/p>\t\t\t\t\t\t\t\t<\/div>\n\t\t\t\t<\/div>\n\t\t\t\t<div class=\"elementor-element elementor-element-fe67e9f elementor-invisible elementor-widget elementor-widget-gallery\" data-id=\"fe67e9f\" data-element_type=\"widget\" data-e-type=\"widget\" data-settings=\"{&quot;gallery_layout&quot;:&quot;justified&quot;,&quot;ideal_row_height&quot;:{&quot;unit&quot;:&quot;px&quot;,&quot;size&quot;:500,&quot;sizes&quot;:[]},&quot;ideal_row_height_tablet&quot;:{&quot;unit&quot;:&quot;px&quot;,&quot;size&quot;:500,&quot;sizes&quot;:[]},&quot;ideal_row_height_mobile&quot;:{&quot;unit&quot;:&quot;px&quot;,&quot;size&quot;:500,&quot;sizes&quot;:[]},&quot;_animation&quot;:&quot;zoomIn&quot;,&quot;lazyload&quot;:&quot;yes&quot;,&quot;gap&quot;:{&quot;unit&quot;:&quot;px&quot;,&quot;size&quot;:10,&quot;sizes&quot;:[]},&quot;gap_tablet&quot;:{&quot;unit&quot;:&quot;px&quot;,&quot;size&quot;:10,&quot;sizes&quot;:[]},&quot;gap_mobile&quot;:{&quot;unit&quot;:&quot;px&quot;,&quot;size&quot;:10,&quot;sizes&quot;:[]},&quot;overlay_background&quot;:&quot;yes&quot;,&quot;content_hover_animation&quot;:&quot;fade-in&quot;}\" data-widget_type=\"gallery.default\">\n\t\t\t\t<div class=\"elementor-widget-container\">\n\t\t\t\t\t\t\t<div class=\"elementor-gallery__container\">\n\t\t\t\t\t\t\t<div class=\"e-gallery-item elementor-gallery-item elementor-animated-content\">\n\t\t\t\t\t<div class=\"e-gallery-image elementor-gallery-item__image\" data-thumbnail=\"https:\/\/simonschoenhoff.de\/wp-content\/uploads\/2022\/09\/2022-06-08-Stintino-Tag-1_18.jpg\" data-width=\"1500\" data-height=\"2000\" aria-label role=\"img\"><\/div>\n\t\t\t\t\t\t\t\t\t\t\t<div class=\"elementor-gallery-item__overlay\"><\/div>\n\t\t\t\t\t\t\t\t\t\t\t\t\t\t<\/div>\n\t\t\t\t\t\t\t<div class=\"e-gallery-item elementor-gallery-item elementor-animated-content\">\n\t\t\t\t\t<div class=\"e-gallery-image elementor-gallery-item__image\" data-thumbnail=\"https:\/\/simonschoenhoff.de\/wp-content\/uploads\/2022\/09\/2022-06-08-Stintino-Tag-1_20.jpg\" data-width=\"2000\" data-height=\"1333\" aria-label role=\"img\"><\/div>\n\t\t\t\t\t\t\t\t\t\t\t<div class=\"elementor-gallery-item__overlay\"><\/div>\n\t\t\t\t\t\t\t\t\t\t\t\t\t\t<\/div>\n\t\t\t\t\t\t\t<div class=\"e-gallery-item elementor-gallery-item elementor-animated-content\">\n\t\t\t\t\t<div class=\"e-gallery-image elementor-gallery-item__image\" data-thumbnail=\"https:\/\/simonschoenhoff.de\/wp-content\/uploads\/2022\/09\/2022-06-08-Stintino-Tag-1_19.jpg\" data-width=\"2000\" data-height=\"1333\" aria-label role=\"img\"><\/div>\n\t\t\t\t\t\t\t\t\t\t\t<div class=\"elementor-gallery-item__overlay\"><\/div>\n\t\t\t\t\t\t\t\t\t\t\t\t\t\t<\/div>\n\t\t\t\t\t\t\t<div class=\"e-gallery-item elementor-gallery-item elementor-animated-content\">\n\t\t\t\t\t<div class=\"e-gallery-image elementor-gallery-item__image\" data-thumbnail=\"https:\/\/simonschoenhoff.de\/wp-content\/uploads\/2022\/09\/2022-06-08-Stintino-Tag-1_21.jpg\" data-width=\"1333\" data-height=\"2000\" aria-label role=\"img\"><\/div>\n\t\t\t\t\t\t\t\t\t\t\t<div class=\"elementor-gallery-item__overlay\"><\/div>\n\t\t\t\t\t\t\t\t\t\t\t\t\t\t<\/div>\n\t\t\t\t\t\t\t<div class=\"e-gallery-item elementor-gallery-item elementor-animated-content\">\n\t\t\t\t\t<div class=\"e-gallery-image elementor-gallery-item__image\" data-thumbnail=\"https:\/\/simonschoenhoff.de\/wp-content\/uploads\/2022\/09\/2022-06-08-Stintino-Tag-1_22.jpg\" data-width=\"2000\" data-height=\"1333\" aria-label role=\"img\"><\/div>\n\t\t\t\t\t\t\t\t\t\t\t<div class=\"elementor-gallery-item__overlay\"><\/div>\n\t\t\t\t\t\t\t\t\t\t\t\t\t\t<\/div>\n\t\t\t\t\t\t\t<div class=\"e-gallery-item elementor-gallery-item elementor-animated-content\">\n\t\t\t\t\t<div class=\"e-gallery-image elementor-gallery-item__image\" data-thumbnail=\"https:\/\/simonschoenhoff.de\/wp-content\/uploads\/2022\/09\/2022-06-08-Stintino-Tag-1_24.jpg\" data-width=\"1333\" data-height=\"2000\" aria-label role=\"img\"><\/div>\n\t\t\t\t\t\t\t\t\t\t\t<div class=\"elementor-gallery-item__overlay\"><\/div>\n\t\t\t\t\t\t\t\t\t\t\t\t\t\t<\/div>\n\t\t\t\t\t\t\t<div class=\"e-gallery-item elementor-gallery-item elementor-animated-content\">\n\t\t\t\t\t<div class=\"e-gallery-image elementor-gallery-item__image\" data-thumbnail=\"https:\/\/simonschoenhoff.de\/wp-content\/uploads\/2022\/09\/2022-06-08-Stintino-Tag-1_23.jpg\" data-width=\"1500\" data-height=\"2000\" aria-label role=\"img\"><\/div>\n\t\t\t\t\t\t\t\t\t\t\t<div class=\"elementor-gallery-item__overlay\"><\/div>\n\t\t\t\t\t\t\t\t\t\t\t\t\t\t<\/div>\n\t\t\t\t\t\t\t<div class=\"e-gallery-item elementor-gallery-item elementor-animated-content\">\n\t\t\t\t\t<div class=\"e-gallery-image elementor-gallery-item__image\" data-thumbnail=\"https:\/\/simonschoenhoff.de\/wp-content\/uploads\/2022\/09\/2022-06-08-Stintino-Tag-1_26.jpg\" data-width=\"1995\" data-height=\"2000\" aria-label role=\"img\"><\/div>\n\t\t\t\t\t\t\t\t\t\t\t<div class=\"elementor-gallery-item__overlay\"><\/div>\n\t\t\t\t\t\t\t\t\t\t\t\t\t\t<\/div>\n\t\t\t\t\t\t\t<div class=\"e-gallery-item elementor-gallery-item elementor-animated-content\">\n\t\t\t\t\t<div class=\"e-gallery-image elementor-gallery-item__image\" data-thumbnail=\"https:\/\/simonschoenhoff.de\/wp-content\/uploads\/2022\/09\/2022-06-08-Stintino-Tag-1_25.jpg\" data-width=\"2000\" data-height=\"1333\" aria-label role=\"img\"><\/div>\n\t\t\t\t\t\t\t\t\t\t\t<div class=\"elementor-gallery-item__overlay\"><\/div>\n\t\t\t\t\t\t\t\t\t\t\t\t\t\t<\/div>\n\t\t\t\t\t\t\t<div class=\"e-gallery-item elementor-gallery-item elementor-animated-content\">\n\t\t\t\t\t<div class=\"e-gallery-image elementor-gallery-item__image\" data-thumbnail=\"https:\/\/simonschoenhoff.de\/wp-content\/uploads\/2022\/09\/2022-06-08-Stintino-Tag-1_27.jpg\" data-width=\"1333\" data-height=\"2000\" aria-label role=\"img\"><\/div>\n\t\t\t\t\t\t\t\t\t\t\t<div class=\"elementor-gallery-item__overlay\"><\/div>\n\t\t\t\t\t\t\t\t\t\t\t\t\t\t<\/div>\n\t\t\t\t\t<\/div>\n\t\t\t\t\t<\/div>\n\t\t\t\t<\/div>\n\t\t\t\t\t<\/div>\n\t\t\t\t<\/div>\n\t\t<div class=\"elementor-element elementor-element-fe45a66 e-flex e-con-boxed e-con e-parent\" data-id=\"fe45a66\" data-element_type=\"container\" data-e-type=\"container\">\n\t\t\t\t\t<div class=\"e-con-inner\">\n\t\t\t\t<div class=\"elementor-element elementor-element-ebdb976 elementor-widget elementor-widget-heading\" data-id=\"ebdb976\" data-element_type=\"widget\" data-e-type=\"widget\" data-widget_type=\"heading.default\">\n\t\t\t\t<div class=\"elementor-widget-container\">\n\t\t\t\t\t<h4 class=\"elementor-heading-title elementor-size-default\">Strand\u00adfotos am&nbsp;Tag<\/h4>\t\t\t\t<\/div>\n\t\t\t\t<\/div>\n\t\t\t\t<div class=\"elementor-element elementor-element-c5cd906 elementor-widget elementor-widget-text-editor\" data-id=\"c5cd906\" data-element_type=\"widget\" data-e-type=\"widget\" data-widget_type=\"text-editor.default\">\n\t\t\t\t<div class=\"elementor-widget-container\">\n\t\t\t\t\t\t\t\t\t<p>Das Wasser rund um Stin\u00adtino ist tats\u00e4ch\u00adlich kari\u00adbisch sch\u00f6n. Wunderbar klar, t\u00fcrkis\u00adfarben und sehr flach im Einstieg. Die Str\u00e4nde sind gepflegt und sauber, so dass es durchaus m\u00f6glich ist am Tag wunder\u00adsch\u00f6ne Fotos vom Strand oder auch Urlaubs\u00adfotos, auf die jeder neidig blickt, aufzunehmen.<\/p>\t\t\t\t\t\t\t\t<\/div>\n\t\t\t\t<\/div>\n\t\t\t\t<div class=\"elementor-element elementor-element-775387c elementor-widget elementor-widget-text-editor\" data-id=\"775387c\" data-element_type=\"widget\" data-e-type=\"widget\" data-widget_type=\"text-editor.default\">\n\t\t\t\t<div class=\"elementor-widget-container\">\n\t\t\t\t\t\t\t\t\t<p>Dennoch w\u00fcrde ich die Mittags\u00adstunden f\u00fcr das Foto\u00adgra\u00adfieren vermeiden. Zwischen 10 und 16 Uhr ist das Licht im Sommer einfach zu hart, um sch\u00f6ne Fotos zu machen.<\/p>\t\t\t\t\t\t\t\t<\/div>\n\t\t\t\t<\/div>\n\t\t\t\t<div class=\"elementor-element elementor-element-d0edbee elementor-widget elementor-widget-text-editor\" data-id=\"d0edbee\" data-element_type=\"widget\" data-e-type=\"widget\" data-widget_type=\"text-editor.default\">\n\t\t\t\t<div class=\"elementor-widget-container\">\n\t\t\t\t\t\t\t\t\t<p>Die Fotos, die ich am Tag vom Strand gemacht habe, sind alle\u00adsamt nach 16 Uhr entstanden. Es war zudem ein st\u00fcr\u00admi\u00adscher Tag, wodurch sich sehr wenige Menschen am Strand aufhielten und ich mir durch die Wellen noch etwas Leben in den Bildern erhoffte.<\/p>\t\t\t\t\t\t\t\t<\/div>\n\t\t\t\t<\/div>\n\t\t\t\t<div class=\"elementor-element elementor-element-2fecd11 elementor-invisible elementor-widget elementor-widget-gallery\" data-id=\"2fecd11\" data-element_type=\"widget\" data-e-type=\"widget\" data-settings=\"{&quot;gallery_layout&quot;:&quot;justified&quot;,&quot;ideal_row_height&quot;:{&quot;unit&quot;:&quot;px&quot;,&quot;size&quot;:500,&quot;sizes&quot;:[]},&quot;ideal_row_height_tablet&quot;:{&quot;unit&quot;:&quot;px&quot;,&quot;size&quot;:500,&quot;sizes&quot;:[]},&quot;ideal_row_height_mobile&quot;:{&quot;unit&quot;:&quot;px&quot;,&quot;size&quot;:500,&quot;sizes&quot;:[]},&quot;_animation&quot;:&quot;zoomIn&quot;,&quot;lazyload&quot;:&quot;yes&quot;,&quot;gap&quot;:{&quot;unit&quot;:&quot;px&quot;,&quot;size&quot;:10,&quot;sizes&quot;:[]},&quot;gap_tablet&quot;:{&quot;unit&quot;:&quot;px&quot;,&quot;size&quot;:10,&quot;sizes&quot;:[]},&quot;gap_mobile&quot;:{&quot;unit&quot;:&quot;px&quot;,&quot;size&quot;:10,&quot;sizes&quot;:[]},&quot;overlay_background&quot;:&quot;yes&quot;,&quot;content_hover_animation&quot;:&quot;fade-in&quot;}\" data-widget_type=\"gallery.default\">\n\t\t\t\t<div class=\"elementor-widget-container\">\n\t\t\t\t\t\t\t<div class=\"elementor-gallery__container\">\n\t\t\t\t\t\t\t<div class=\"e-gallery-item elementor-gallery-item elementor-animated-content\">\n\t\t\t\t\t<div class=\"e-gallery-image elementor-gallery-item__image\" data-thumbnail=\"https:\/\/simonschoenhoff.de\/wp-content\/uploads\/2022\/09\/2022-06-09-Stintino-Tag-2_31.jpg\" data-width=\"2000\" data-height=\"1333\" aria-label role=\"img\"><\/div>\n\t\t\t\t\t\t\t\t\t\t\t<div class=\"elementor-gallery-item__overlay\"><\/div>\n\t\t\t\t\t\t\t\t\t\t\t\t\t\t<\/div>\n\t\t\t\t\t\t\t<div class=\"e-gallery-item elementor-gallery-item elementor-animated-content\">\n\t\t\t\t\t<div class=\"e-gallery-image elementor-gallery-item__image\" data-thumbnail=\"https:\/\/simonschoenhoff.de\/wp-content\/uploads\/2022\/09\/2022-06-09-Stintino-Tag-2_32.jpg\" data-width=\"1333\" data-height=\"2000\" aria-label role=\"img\"><\/div>\n\t\t\t\t\t\t\t\t\t\t\t<div class=\"elementor-gallery-item__overlay\"><\/div>\n\t\t\t\t\t\t\t\t\t\t\t\t\t\t<\/div>\n\t\t\t\t\t\t\t<div class=\"e-gallery-item elementor-gallery-item elementor-animated-content\">\n\t\t\t\t\t<div class=\"e-gallery-image elementor-gallery-item__image\" data-thumbnail=\"https:\/\/simonschoenhoff.de\/wp-content\/uploads\/2022\/09\/2022-06-09-Stintino-Tag-2_34.jpg\" data-width=\"1500\" data-height=\"2000\" aria-label role=\"img\"><\/div>\n\t\t\t\t\t\t\t\t\t\t\t<div class=\"elementor-gallery-item__overlay\"><\/div>\n\t\t\t\t\t\t\t\t\t\t\t\t\t\t<\/div>\n\t\t\t\t\t\t\t<div class=\"e-gallery-item elementor-gallery-item elementor-animated-content\">\n\t\t\t\t\t<div class=\"e-gallery-image elementor-gallery-item__image\" data-thumbnail=\"https:\/\/simonschoenhoff.de\/wp-content\/uploads\/2022\/09\/2022-06-09-Stintino-Tag-2_35.jpg\" data-width=\"1500\" data-height=\"2000\" aria-label role=\"img\"><\/div>\n\t\t\t\t\t\t\t\t\t\t\t<div class=\"elementor-gallery-item__overlay\"><\/div>\n\t\t\t\t\t\t\t\t\t\t\t\t\t\t<\/div>\n\t\t\t\t\t\t\t<div class=\"e-gallery-item elementor-gallery-item elementor-animated-content\">\n\t\t\t\t\t<div class=\"e-gallery-image elementor-gallery-item__image\" data-thumbnail=\"https:\/\/simonschoenhoff.de\/wp-content\/uploads\/2022\/09\/2022-06-09-Stintino-Tag-2_36.jpg\" data-width=\"1333\" data-height=\"2000\" aria-label role=\"img\"><\/div>\n\t\t\t\t\t\t\t\t\t\t\t<div class=\"elementor-gallery-item__overlay\"><\/div>\n\t\t\t\t\t\t\t\t\t\t\t\t\t\t<\/div>\n\t\t\t\t\t\t\t<div class=\"e-gallery-item elementor-gallery-item elementor-animated-content\">\n\t\t\t\t\t<div class=\"e-gallery-image elementor-gallery-item__image\" data-thumbnail=\"https:\/\/simonschoenhoff.de\/wp-content\/uploads\/2022\/09\/2022-06-09-Stintino-Tag-2_37.jpg\" data-width=\"1333\" data-height=\"2000\" aria-label role=\"img\"><\/div>\n\t\t\t\t\t\t\t\t\t\t\t<div class=\"elementor-gallery-item__overlay\"><\/div>\n\t\t\t\t\t\t\t\t\t\t\t\t\t\t<\/div>\n\t\t\t\t\t\t\t<div class=\"e-gallery-item elementor-gallery-item elementor-animated-content\">\n\t\t\t\t\t<div class=\"e-gallery-image elementor-gallery-item__image\" data-thumbnail=\"https:\/\/simonschoenhoff.de\/wp-content\/uploads\/2022\/09\/2022-06-09-Stintino-Tag-2_30.jpg\" data-width=\"2000\" data-height=\"1333\" aria-label role=\"img\"><\/div>\n\t\t\t\t\t\t\t\t\t\t\t<div class=\"elementor-gallery-item__overlay\"><\/div>\n\t\t\t\t\t\t\t\t\t\t\t\t\t\t<\/div>\n\t\t\t\t\t<\/div>\n\t\t\t\t\t<\/div>\n\t\t\t\t<\/div>\n\t\t\t\t\t<\/div>\n\t\t\t\t<\/div>\n\t\t<div class=\"elementor-element elementor-element-7d67ede e-flex e-con-boxed e-con e-parent\" data-id=\"7d67ede\" data-element_type=\"container\" data-e-type=\"container\">\n\t\t\t\t\t<div class=\"e-con-inner\">\n\t\t\t\t<div class=\"elementor-element elementor-element-0d0395a elementor-widget elementor-widget-heading\" data-id=\"0d0395a\" data-element_type=\"widget\" data-e-type=\"widget\" data-widget_type=\"heading.default\">\n\t\t\t\t<div class=\"elementor-widget-container\">\n\t\t\t\t\t<h4 class=\"elementor-heading-title elementor-size-default\">Am Abrei\u00adse\u00admorgen<\/h4>\t\t\t\t<\/div>\n\t\t\t\t<\/div>\n\t\t\t\t<div class=\"elementor-element elementor-element-70ae37b elementor-widget elementor-widget-text-editor\" data-id=\"70ae37b\" data-element_type=\"widget\" data-e-type=\"widget\" data-widget_type=\"text-editor.default\">\n\t\t\t\t<div class=\"elementor-widget-container\">\n\t\t\t\t\t\t\t\t\t<p>Am Abrei\u00adse\u00admorgen hatte ich noch einmal die Hoff\u00adnung auf gute Bedin\u00adgungen. Au\u00dferdem wollte ich unbe\u00addingt nach dem sich beru\u00adhigten Sturm an den Strand, um even\u00adtuell das ein oder andere abstrak\u00adtere Motiv aufzunehmen.<\/p>\t\t\t\t\t\t\t\t<\/div>\n\t\t\t\t<\/div>\n\t\t\t\t<div class=\"elementor-element elementor-element-600ecba elementor-invisible elementor-widget elementor-widget-gallery\" data-id=\"600ecba\" data-element_type=\"widget\" data-e-type=\"widget\" data-settings=\"{&quot;gallery_layout&quot;:&quot;justified&quot;,&quot;ideal_row_height&quot;:{&quot;unit&quot;:&quot;px&quot;,&quot;size&quot;:500,&quot;sizes&quot;:[]},&quot;ideal_row_height_tablet&quot;:{&quot;unit&quot;:&quot;px&quot;,&quot;size&quot;:500,&quot;sizes&quot;:[]},&quot;ideal_row_height_mobile&quot;:{&quot;unit&quot;:&quot;px&quot;,&quot;size&quot;:500,&quot;sizes&quot;:[]},&quot;_animation&quot;:&quot;zoomIn&quot;,&quot;lazyload&quot;:&quot;yes&quot;,&quot;gap&quot;:{&quot;unit&quot;:&quot;px&quot;,&quot;size&quot;:10,&quot;sizes&quot;:[]},&quot;gap_tablet&quot;:{&quot;unit&quot;:&quot;px&quot;,&quot;size&quot;:10,&quot;sizes&quot;:[]},&quot;gap_mobile&quot;:{&quot;unit&quot;:&quot;px&quot;,&quot;size&quot;:10,&quot;sizes&quot;:[]},&quot;overlay_background&quot;:&quot;yes&quot;,&quot;content_hover_animation&quot;:&quot;fade-in&quot;}\" data-widget_type=\"gallery.default\">\n\t\t\t\t<div class=\"elementor-widget-container\">\n\t\t\t\t\t\t\t<div class=\"elementor-gallery__container\">\n\t\t\t\t\t\t\t<div class=\"e-gallery-item elementor-gallery-item elementor-animated-content\">\n\t\t\t\t\t<div class=\"e-gallery-image elementor-gallery-item__image\" data-thumbnail=\"https:\/\/simonschoenhoff.de\/wp-content\/uploads\/2022\/09\/2022-06-10-Stintino-Tag-3_40.jpg\" data-width=\"2000\" data-height=\"1333\" aria-label role=\"img\"><\/div>\n\t\t\t\t\t\t\t\t\t\t\t<div class=\"elementor-gallery-item__overlay\"><\/div>\n\t\t\t\t\t\t\t\t\t\t\t\t\t\t<\/div>\n\t\t\t\t\t\t\t<div class=\"e-gallery-item elementor-gallery-item elementor-animated-content\">\n\t\t\t\t\t<div class=\"e-gallery-image elementor-gallery-item__image\" data-thumbnail=\"https:\/\/simonschoenhoff.de\/wp-content\/uploads\/2022\/09\/2022-06-10-Stintino-Tag-3_42.jpg\" data-width=\"2000\" data-height=\"1334\" aria-label role=\"img\"><\/div>\n\t\t\t\t\t\t\t\t\t\t\t<div class=\"elementor-gallery-item__overlay\"><\/div>\n\t\t\t\t\t\t\t\t\t\t\t\t\t\t<\/div>\n\t\t\t\t\t\t\t<div class=\"e-gallery-item elementor-gallery-item elementor-animated-content\">\n\t\t\t\t\t<div class=\"e-gallery-image elementor-gallery-item__image\" data-thumbnail=\"https:\/\/simonschoenhoff.de\/wp-content\/uploads\/2022\/09\/2022-06-10-Stintino-Tag-3_41.jpg\" data-width=\"2000\" data-height=\"1333\" aria-label role=\"img\"><\/div>\n\t\t\t\t\t\t\t\t\t\t\t<div class=\"elementor-gallery-item__overlay\"><\/div>\n\t\t\t\t\t\t\t\t\t\t\t\t\t\t<\/div>\n\t\t\t\t\t\t\t<div class=\"e-gallery-item elementor-gallery-item elementor-animated-content\">\n\t\t\t\t\t<div class=\"e-gallery-image elementor-gallery-item__image\" data-thumbnail=\"https:\/\/simonschoenhoff.de\/wp-content\/uploads\/2022\/09\/2022-06-10-Stintino-Tag-3_43.jpg\" data-width=\"2000\" data-height=\"1333\" aria-label role=\"img\"><\/div>\n\t\t\t\t\t\t\t\t\t\t\t<div class=\"elementor-gallery-item__overlay\"><\/div>\n\t\t\t\t\t\t\t\t\t\t\t\t\t\t<\/div>\n\t\t\t\t\t<\/div>\n\t\t\t\t\t<\/div>\n\t\t\t\t<\/div>\n\t\t\t\t<div class=\"elementor-element elementor-element-67abf96 elementor-widget elementor-widget-text-editor\" data-id=\"67abf96\" data-element_type=\"widget\" data-e-type=\"widget\" data-widget_type=\"text-editor.default\">\n\t\t\t\t<div class=\"elementor-widget-container\">\n\t\t\t\t\t\t\t\t\t<p>Die Bedin\u00adgungen stellten sich nicht als perfekt dar, da die Wolken in der Nacht doch zu schnell vorbei\u00adge\u00adzogen sind. Daf\u00fcr konnte ich so einige wenige mini\u00adma\u00adlis\u00adti\u00adschere Aufnahmen machen., die sich eben\u00adfalls als sehr gelungen herausstellten.&nbsp;<\/p>\t\t\t\t\t\t\t\t<\/div>\n\t\t\t\t<\/div>\n\t\t\t\t<div class=\"elementor-element elementor-element-d3503cd elementor-widget elementor-widget-text-editor\" data-id=\"d3503cd\" data-element_type=\"widget\" data-e-type=\"widget\" data-widget_type=\"text-editor.default\">\n\t\t\t\t<div class=\"elementor-widget-container\">\n\t\t\t\t\t\t\t\t\t<p>Der geringe Besu\u00adcher\u00adan\u00addrang durch den vorherr\u00adschenden Wind am Vorabend und der Wind selber, sorgte aller\u00addings f\u00fcr einige inter\u00ades\u00adsante Details im Sand. Ideal\u00adbe\u00addin\u00adgungen daf\u00fcr, sozu\u00adsagen. Ich lie\u00df mich also von der Natur leiten und nahm einige wunder\u00adsch\u00f6ne abstrak\u00adtere Motiv auf.&nbsp; Gerade auf diese Bilder bin ich wirk\u00adlich stolz, da sie meines Erach\u00adtens doch sehr gut gelungen sind.<\/p>\t\t\t\t\t\t\t\t<\/div>\n\t\t\t\t<\/div>\n\t\t\t\t<div class=\"elementor-element elementor-element-f8bfe20 elementor-invisible elementor-widget elementor-widget-gallery\" data-id=\"f8bfe20\" data-element_type=\"widget\" data-e-type=\"widget\" data-settings=\"{&quot;gallery_layout&quot;:&quot;justified&quot;,&quot;ideal_row_height&quot;:{&quot;unit&quot;:&quot;px&quot;,&quot;size&quot;:500,&quot;sizes&quot;:[]},&quot;ideal_row_height_tablet&quot;:{&quot;unit&quot;:&quot;px&quot;,&quot;size&quot;:500,&quot;sizes&quot;:[]},&quot;ideal_row_height_mobile&quot;:{&quot;unit&quot;:&quot;px&quot;,&quot;size&quot;:500,&quot;sizes&quot;:[]},&quot;_animation&quot;:&quot;zoomIn&quot;,&quot;lazyload&quot;:&quot;yes&quot;,&quot;gap&quot;:{&quot;unit&quot;:&quot;px&quot;,&quot;size&quot;:10,&quot;sizes&quot;:[]},&quot;gap_tablet&quot;:{&quot;unit&quot;:&quot;px&quot;,&quot;size&quot;:10,&quot;sizes&quot;:[]},&quot;gap_mobile&quot;:{&quot;unit&quot;:&quot;px&quot;,&quot;size&quot;:10,&quot;sizes&quot;:[]},&quot;overlay_background&quot;:&quot;yes&quot;,&quot;content_hover_animation&quot;:&quot;fade-in&quot;}\" data-widget_type=\"gallery.default\">\n\t\t\t\t<div class=\"elementor-widget-container\">\n\t\t\t\t\t\t\t<div class=\"elementor-gallery__container\">\n\t\t\t\t\t\t\t<div class=\"e-gallery-item elementor-gallery-item elementor-animated-content\">\n\t\t\t\t\t<div class=\"e-gallery-image elementor-gallery-item__image\" data-thumbnail=\"https:\/\/simonschoenhoff.de\/wp-content\/uploads\/2022\/09\/2022-06-10-Stintino-Tag-3_39.jpg\" data-width=\"2000\" data-height=\"1333\" aria-label role=\"img\"><\/div>\n\t\t\t\t\t\t\t\t\t\t\t<div class=\"elementor-gallery-item__overlay\"><\/div>\n\t\t\t\t\t\t\t\t\t\t\t\t\t\t<\/div>\n\t\t\t\t\t\t\t<div class=\"e-gallery-item elementor-gallery-item elementor-animated-content\">\n\t\t\t\t\t<div class=\"e-gallery-image elementor-gallery-item__image\" data-thumbnail=\"https:\/\/simonschoenhoff.de\/wp-content\/uploads\/2022\/09\/2022-06-10-Stintino-Tag-3_38.jpg\" data-width=\"2000\" data-height=\"1333\" aria-label role=\"img\"><\/div>\n\t\t\t\t\t\t\t\t\t\t\t<div class=\"elementor-gallery-item__overlay\"><\/div>\n\t\t\t\t\t\t\t\t\t\t\t\t\t\t<\/div>\n\t\t\t\t\t\t\t<div class=\"e-gallery-item elementor-gallery-item elementor-animated-content\">\n\t\t\t\t\t<div class=\"e-gallery-image elementor-gallery-item__image\" data-thumbnail=\"https:\/\/simonschoenhoff.de\/wp-content\/uploads\/2022\/09\/2022-06-10-Stintino-Tag-3_44.jpg\" data-width=\"1333\" data-height=\"2000\" aria-label role=\"img\"><\/div>\n\t\t\t\t\t\t\t\t\t\t\t<div class=\"elementor-gallery-item__overlay\"><\/div>\n\t\t\t\t\t\t\t\t\t\t\t\t\t\t<\/div>\n\t\t\t\t\t\t\t<div class=\"e-gallery-item elementor-gallery-item elementor-animated-content\">\n\t\t\t\t\t<div class=\"e-gallery-image elementor-gallery-item__image\" data-thumbnail=\"https:\/\/simonschoenhoff.de\/wp-content\/uploads\/2022\/09\/2022-06-09-Stintino-Tag-2_33.jpg\" data-width=\"2000\" data-height=\"1333\" aria-label role=\"img\"><\/div>\n\t\t\t\t\t\t\t\t\t\t\t<div class=\"elementor-gallery-item__overlay\"><\/div>\n\t\t\t\t\t\t\t\t\t\t\t\t\t\t<\/div>\n\t\t\t\t\t<\/div>\n\t\t\t\t\t<\/div>\n\t\t\t\t<\/div>\n\t\t\t\t<div class=\"elementor-element elementor-element-652e04b elementor-widget elementor-widget-text-editor\" data-id=\"652e04b\" data-element_type=\"widget\" data-e-type=\"widget\" data-widget_type=\"text-editor.default\">\n\t\t\t\t<div class=\"elementor-widget-container\">\n\t\t\t\t\t\t\t\t\t<p>Danach ging es ans Zusam\u00admen\u00adpa\u00adcken und weiter Rich\u00adtung S\u00fcden in die Stadt Alghero. Wie ich dort Land\u00adschafts\u00adfo\u00adto\u00adgrafie im urbanen Raum umsetzen konnte, erfahrt ihr im <a href=\"https:\/\/simonschoenhoff.de\/en\/sardinien-landschaftsfotografie-in-flip-flops-2\/\">zweiten Teil meiner Sardinien-Reihe.<\/a><\/p>\t\t\t\t\t\t\t\t<\/div>\n\t\t\t\t<\/div>\n\t\t\t\t<div class=\"elementor-element elementor-element-8a93b4c elementor-invisible elementor-widget elementor-widget-image\" data-id=\"8a93b4c\" data-element_type=\"widget\" data-e-type=\"widget\" data-settings=\"{&quot;_animation&quot;:&quot;zoomIn&quot;}\" data-widget_type=\"image.default\">\n\t\t\t\t<div class=\"elementor-widget-container\">\n\t\t\t\t\t\t\t\t\t\t\t\t<figure class=\"wp-caption\">\n\t\t\t\t\t\t\t\t\t\t<img loading=\"lazy\" decoding=\"async\" width=\"2000\" height=\"1500\" src=\"https:\/\/simonschoenhoff.de\/wp-content\/uploads\/2022\/09\/DJI-Mini-3-Pro_5.jpg\" class=\"attachment-full size-full wp-image-8656\" alt srcset=\"https:\/\/simonschoenhoff.de\/wp-content\/uploads\/2022\/09\/DJI-Mini-3-Pro_5.jpg 2000w, https:\/\/simonschoenhoff.de\/wp-content\/uploads\/2022\/09\/DJI-Mini-3-Pro_5-1200x900.jpg 1200w, https:\/\/simonschoenhoff.de\/wp-content\/uploads\/2022\/09\/DJI-Mini-3-Pro_5-300x225.jpg 300w, https:\/\/simonschoenhoff.de\/wp-content\/uploads\/2022\/09\/DJI-Mini-3-Pro_5-768x576.jpg 768w, https:\/\/simonschoenhoff.de\/wp-content\/uploads\/2022\/09\/DJI-Mini-3-Pro_5-1536x1152.jpg 1536w, https:\/\/simonschoenhoff.de\/wp-content\/uploads\/2022\/09\/DJI-Mini-3-Pro_5-16x12.jpg 16w\" sizes=\"(max-width: 2000px) 100vw, 2000px\">\t\t\t\t\t\t\t\t\t\t\t<figcaption class=\"widget-image-caption wp-caption-text\">Isola della Pelosa | DJI Mini 3 Pro @ 24 mm, f\/1.7, 1\/60 Sek., ISO&nbsp;110<\/figcaption>\n\t\t\t\t\t\t\t\t\t\t<\/figure>\n\t\t\t\t\t\t\t\t\t<\/div>\n\t\t\t\t<\/div>\n\t\t\t\t\t<\/div>\n\t\t\t\t<\/div>\n\t\t\t\t<\/div>","protected":false},"excerpt":{"rendered":"<p>Unseren dies\u00adj\u00e4h\u00adrigen Sommer\u00adur\u00adlaub verbrachten wir auf der gro\u00dfen und wunder\u00adsch\u00f6nen Insel Sardi\u00adnien. Das Spagat zwischen meiner Leiden\u00adschaft der Land\u00adschafts\u00adfo\u00adto\u00adgrafie und einem tollen Fami\u00adli\u00aden\u00adur\u00adlaub war f\u00fcr mich noch nie so einfach zu meis\u00adtern. Und dank herr\u00adli\u00adchen Tempe\u00adra\u00adturen schon zu Sonnen\u00adauf\u00adgang genoss ich einige Tage lang Land\u00adschafts\u00adfo\u00adto\u00adgrafie in Flip-Flops.&nbsp;<\/p>","protected":false},"author":1,"featured_media":8592,"comment_status":"open","ping_status":"open","sticky":false,"template":"","format":"standard","meta":{"wp_typography_post_enhancements_disabled":false,"footnotes":""},"categories":[4,7,55],"tags":[90,236,237],"class_list":["post-8605","post","type-post","status-publish","format-standard","has-post-thumbnail","hentry","category-blog","category-foto-locations","category-italien","tag-italien","tag-sardinien","tag-stintino"],"_links":{"self":[{"href":"https:\/\/simonschoenhoff.de\/en\/wp-json\/wp\/v2\/posts\/8605","targetHints":{"allow":["GET"]}}],"collection":[{"href":"https:\/\/simonschoenhoff.de\/en\/wp-json\/wp\/v2\/posts"}],"about":[{"href":"https:\/\/simonschoenhoff.de\/en\/wp-json\/wp\/v2\/types\/post"}],"author":[{"embeddable":true,"href":"https:\/\/simonschoenhoff.de\/en\/wp-json\/wp\/v2\/users\/1"}],"replies":[{"embeddable":true,"href":"https:\/\/simonschoenhoff.de\/en\/wp-json\/wp\/v2\/comments?post=8605"}],"version-history":[{"count":28,"href":"https:\/\/simonschoenhoff.de\/en\/wp-json\/wp\/v2\/posts\/8605\/revisions"}],"predecessor-version":[{"id":10021,"href":"https:\/\/simonschoenhoff.de\/en\/wp-json\/wp\/v2\/posts\/8605\/revisions\/10021"}],"wp:featuredmedia":[{"embeddable":true,"href":"https:\/\/simonschoenhoff.de\/en\/wp-json\/wp\/v2\/media\/8592"}],"wp:attachment":[{"href":"https:\/\/simonschoenhoff.de\/en\/wp-json\/wp\/v2\/media?parent=8605"}],"wp:term":[{"taxonomy":"category","embeddable":true,"href":"https:\/\/simonschoenhoff.de\/en\/wp-json\/wp\/v2\/categories?post=8605"},{"taxonomy":"post_tag","embeddable":true,"href":"https:\/\/simonschoenhoff.de\/en\/wp-json\/wp\/v2\/tags?post=8605"}],"curies":[{"name":"wp","href":"https:\/\/api.w.org\/{rel}","templated":true}]}}