{"id":787,"date":"2020-10-07T17:30:00","date_gmt":"2020-10-07T17:30:00","guid":{"rendered":"http:\/\/simonschoenhoff.de\/?p=787"},"modified":"2022-12-31T09:29:26","modified_gmt":"2022-12-31T09:29:26","slug":"zwei-wasserfaelle-im-nord-schwarzwald","status":"publish","type":"post","link":"https:\/\/simonschoenhoff.de\/en\/zwei-wasserfaelle-im-nord-schwarzwald\/","title":{"rendered":"Zwei Wasser\u00adf\u00e4lle im Nord-Schwarzwald"},"content":{"rendered":"<div data-elementor-type=\"wp-post\" data-elementor-id=\"787\" class=\"elementor elementor-787\" data-elementor-post-type=\"post\">\n\t\t\t\t<div class=\"elementor-element elementor-element-841be27 e-flex e-con-boxed e-con e-parent\" data-id=\"841be27\" data-element_type=\"container\" data-e-type=\"container\">\n\t\t\t\t\t<div class=\"e-con-inner\">\n\t\t<div class=\"elementor-element elementor-element-ae3661c e-con-full e-flex e-con e-child\" data-id=\"ae3661c\" data-element_type=\"container\" data-e-type=\"container\">\n\t\t\t\t<div class=\"elementor-element elementor-element-9e2dbb6 elementor-widget elementor-widget-menu-anchor\" data-id=\"9e2dbb6\" data-element_type=\"widget\" data-e-type=\"widget\" data-widget_type=\"menu-anchor.default\">\n\t\t\t\t<div class=\"elementor-widget-container\">\n\t\t\t\t\t\t\t<div class=\"elementor-menu-anchor\" id=\"seite\"><\/div>\n\t\t\t\t\t\t<\/div>\n\t\t\t\t<\/div>\n\t\t\t\t<div class=\"elementor-element elementor-element-3088960 elementor-widget elementor-widget-heading\" data-id=\"3088960\" data-element_type=\"widget\" data-e-type=\"widget\" data-widget_type=\"heading.default\">\n\t\t\t\t<div class=\"elementor-widget-container\">\n\t\t\t\t\t<h2 class=\"elementor-heading-title elementor-size-default\">Zwei Wasser\u00adf\u00e4lle<\/h2>\t\t\t\t<\/div>\n\t\t\t\t<\/div>\n\t\t\t\t<div class=\"elementor-element elementor-element-1e6afe8 elementor-widget elementor-widget-heading\" data-id=\"1e6afe8\" data-element_type=\"widget\" data-e-type=\"widget\" data-widget_type=\"heading.default\">\n\t\t\t\t<div class=\"elementor-widget-container\">\n\t\t\t\t\t<h3 class=\"elementor-heading-title elementor-size-default\">im Nord-Schwarz\u00adwald<\/h3>\t\t\t\t<\/div>\n\t\t\t\t<\/div>\n\t\t\t\t<div class=\"elementor-element elementor-element-98a16db elementor-widget elementor-widget-text-editor\" data-id=\"98a16db\" data-element_type=\"widget\" data-e-type=\"widget\" data-widget_type=\"text-editor.default\">\n\t\t\t\t<div class=\"elementor-widget-container\">\n\t\t\t\t\t\t\t\t\t<p>Tristes, regne\u00adri\u00adsches Herbst\u00adwetter, aber eigent\u00adlich Lust zu Foto\u00adgra\u00adfieren? Kein Problem! Ab in den Wald und bspw. Wasser\u00adf\u00e4lle foto\u00adgra\u00adfieren. In diesem Beitrag stelle ich dir zwei kleine im Norden des Schwarz\u00adwaldes vor\u2026<\/p>\t\t\t\t\t\t\t\t<\/div>\n\t\t\t\t<\/div>\n\t\t\t\t<div class=\"elementor-element elementor-element-8773200 elementor-widget elementor-widget-text-editor\" data-id=\"8773200\" data-element_type=\"widget\" data-e-type=\"widget\" data-widget_type=\"text-editor.default\">\n\t\t\t\t<div class=\"elementor-widget-container\">\n\t\t\t\t\t\t\t\t\t<p style=\"text-align: center;\"><span style=\"font-size: 10pt; font-family: helvetica, arial, sans-serif;\">Gear:<\/span><br><span style=\"font-size: 10pt; font-family: helvetica, arial, sans-serif;\">Kamera: Sony a7 III<\/span><br><span style=\"font-size: 10pt; font-family: helvetica, arial, sans-serif;\">Objek\u00adtive: Sony SEL 24\u2013105mm f\/4,0 G OSS<br><\/span><span style=\"font-size: 10pt; font-family: helvetica, arial, sans-serif;\">Sony Vario-Tessar T*&nbsp;FE&nbsp;16\u201335mm F\/4 ZA OSS<\/span><br><span style=\"font-size: 10pt; font-family: helvetica, arial, sans-serif;\">Sigma 100\u2013400, f5\u20116,3 DG DN&nbsp;OS<\/span><\/p>\t\t\t\t\t\t\t\t<\/div>\n\t\t\t\t<\/div>\n\t\t\t\t<div class=\"elementor-element elementor-element-06ef9e3 elementor-widget elementor-widget-heading\" data-id=\"06ef9e3\" data-element_type=\"widget\" data-e-type=\"widget\" data-widget_type=\"heading.default\">\n\t\t\t\t<div class=\"elementor-widget-container\">\n\t\t\t\t\t<h3 class=\"elementor-heading-title elementor-size-default\">Gerold\u00adsauer Wasserfall<\/h3>\t\t\t\t<\/div>\n\t\t\t\t<\/div>\n\t\t\t\t<div class=\"elementor-element elementor-element-ddd21eb elementor-widget elementor-widget-image\" data-id=\"ddd21eb\" data-element_type=\"widget\" data-e-type=\"widget\" data-widget_type=\"image.default\">\n\t\t\t\t<div class=\"elementor-widget-container\">\n\t\t\t\t\t\t\t\t\t\t\t\t<figure class=\"wp-caption\">\n\t\t\t\t\t\t\t\t\t\t<img fetchpriority=\"high\" decoding=\"async\" width=\"1500\" height=\"1000\" src=\"https:\/\/simonschoenhoff.de\/wp-content\/uploads\/2021\/04\/2020-09-27-Geroldsauer-Wasserfaelle-und-Altes-Schloss-Baden-Baden_4.jpg\" class=\"attachment-1536x1536 size-1536x1536 wp-image-807\" alt srcset=\"https:\/\/simonschoenhoff.de\/wp-content\/uploads\/2021\/04\/2020-09-27-Geroldsauer-Wasserfaelle-und-Altes-Schloss-Baden-Baden_4.jpg 1500w, https:\/\/simonschoenhoff.de\/wp-content\/uploads\/2021\/04\/2020-09-27-Geroldsauer-Wasserfaelle-und-Altes-Schloss-Baden-Baden_4-1200x800.jpg 1200w, https:\/\/simonschoenhoff.de\/wp-content\/uploads\/2021\/04\/2020-09-27-Geroldsauer-Wasserfaelle-und-Altes-Schloss-Baden-Baden_4-300x200.jpg 300w, https:\/\/simonschoenhoff.de\/wp-content\/uploads\/2021\/04\/2020-09-27-Geroldsauer-Wasserfaelle-und-Altes-Schloss-Baden-Baden_4-1024x683.jpg 1024w, https:\/\/simonschoenhoff.de\/wp-content\/uploads\/2021\/04\/2020-09-27-Geroldsauer-Wasserfaelle-und-Altes-Schloss-Baden-Baden_4-768x512.jpg 768w, https:\/\/simonschoenhoff.de\/wp-content\/uploads\/2021\/04\/2020-09-27-Geroldsauer-Wasserfaelle-und-Altes-Schloss-Baden-Baden_4-500x333.jpg 500w, https:\/\/simonschoenhoff.de\/wp-content\/uploads\/2021\/04\/2020-09-27-Geroldsauer-Wasserfaelle-und-Altes-Schloss-Baden-Baden_4-800x533.jpg 800w, https:\/\/simonschoenhoff.de\/wp-content\/uploads\/2021\/04\/2020-09-27-Geroldsauer-Wasserfaelle-und-Altes-Schloss-Baden-Baden_4-1280x853.jpg 1280w\" sizes=\"(max-width: 1500px) 100vw, 1500px\">\t\t\t\t\t\t\t\t\t\t\t<figcaption class=\"widget-image-caption wp-caption-text\">Gerold\u00adsauer Wasser\u00adfall in Herbst\u00adfarben |\n105 mm, ISO 100f f\/16, 0,8&nbsp;Sek.<\/figcaption>\n\t\t\t\t\t\t\t\t\t\t<\/figure>\n\t\t\t\t\t\t\t\t\t<\/div>\n\t\t\t\t<\/div>\n\t\t\t\t<div class=\"elementor-element elementor-element-cc1e5a2 elementor-widget elementor-widget-text-editor\" data-id=\"cc1e5a2\" data-element_type=\"widget\" data-e-type=\"widget\" data-widget_type=\"text-editor.default\">\n\t\t\t\t<div class=\"elementor-widget-container\">\n\t\t\t\t\t\t\t\t\t<p>Der erste Wasser\u00adfall dem wir im Herbst einen Besuch abge\u00adstattet haben ist der Gerold\u00adsauer Wasser\u00adfall. Bekannt von ihm sind vor allen Dingen Foto\u00adgra\u00adfien im Juni, da die vielen Rhodo\u00adden\u00addren, die um ihm herum wachsen in dieser Jahres\u00adzeit ihre volle Bl\u00fcte tragen und der Wasser\u00adfall wunder\u00adsch\u00f6n in Farben einge\u00adrahmt ist. Im&nbsp;Herbst ist er das aller\u00addings auch, nur sind es hier die Herbst\u00adfarben. Und dadurch eine sch\u00f6ne Abwechs\u00adlung an tris\u00adteren Herbsttagen.<\/p>\t\t\t\t\t\t\t\t<\/div>\n\t\t\t\t<\/div>\n\t\t<div class=\"elementor-element elementor-element-480e80b e-con-full e-flex e-con e-child\" data-id=\"480e80b\" data-element_type=\"container\" data-e-type=\"container\">\n\t\t<div class=\"elementor-element elementor-element-c3e2128 e-con-full e-flex e-con e-child\" data-id=\"c3e2128\" data-element_type=\"container\" data-e-type=\"container\">\n\t\t\t\t<div class=\"elementor-element elementor-element-7c1eade elementor-widget elementor-widget-image\" data-id=\"7c1eade\" data-element_type=\"widget\" data-e-type=\"widget\" data-widget_type=\"image.default\">\n\t\t\t\t<div class=\"elementor-widget-container\">\n\t\t\t\t\t\t\t\t\t\t\t\t<figure class=\"wp-caption\">\n\t\t\t\t\t\t\t\t\t\t<img decoding=\"async\" width=\"1500\" height=\"1000\" src=\"https:\/\/simonschoenhoff.de\/wp-content\/uploads\/2021\/04\/2020-09-27-Geroldsauer-Wasserfaelle-und-Altes-Schloss-Baden-Baden_2.jpg\" class=\"attachment-1536x1536 size-1536x1536 wp-image-805\" alt srcset=\"https:\/\/simonschoenhoff.de\/wp-content\/uploads\/2021\/04\/2020-09-27-Geroldsauer-Wasserfaelle-und-Altes-Schloss-Baden-Baden_2.jpg 1500w, https:\/\/simonschoenhoff.de\/wp-content\/uploads\/2021\/04\/2020-09-27-Geroldsauer-Wasserfaelle-und-Altes-Schloss-Baden-Baden_2-1200x800.jpg 1200w\" sizes=\"(max-width: 1500px) 100vw, 1500px\">\t\t\t\t\t\t\t\t\t\t\t<figcaption class=\"widget-image-caption wp-caption-text\">Herbst\u00adblatt am Gerold\u00adsauer Bach | 16 mm, ISO 100, f\/16, 6&nbsp;Sek.<\/figcaption>\n\t\t\t\t\t\t\t\t\t\t<\/figure>\n\t\t\t\t\t\t\t\t\t<\/div>\n\t\t\t\t<\/div>\n\t\t\t\t<\/div>\n\t\t<div class=\"elementor-element elementor-element-01c7657 e-con-full e-flex e-con e-child\" data-id=\"01c7657\" data-element_type=\"container\" data-e-type=\"container\">\n\t\t\t\t<div class=\"elementor-element elementor-element-02ba3af elementor-widget elementor-widget-image\" data-id=\"02ba3af\" data-element_type=\"widget\" data-e-type=\"widget\" data-widget_type=\"image.default\">\n\t\t\t\t<div class=\"elementor-widget-container\">\n\t\t\t\t\t\t\t\t\t\t\t\t<figure class=\"wp-caption\">\n\t\t\t\t\t\t\t\t\t\t<img decoding=\"async\" width=\"1000\" height=\"1500\" src=\"https:\/\/simonschoenhoff.de\/wp-content\/uploads\/2021\/04\/2020-09-27-Geroldsauer-Wasserfaelle-und-Altes-Schloss-Baden-Baden_1.jpg\" class=\"attachment-1536x1536 size-1536x1536 wp-image-804\" alt srcset=\"https:\/\/simonschoenhoff.de\/wp-content\/uploads\/2021\/04\/2020-09-27-Geroldsauer-Wasserfaelle-und-Altes-Schloss-Baden-Baden_1.jpg 1000w, https:\/\/simonschoenhoff.de\/wp-content\/uploads\/2021\/04\/2020-09-27-Geroldsauer-Wasserfaelle-und-Altes-Schloss-Baden-Baden_1-600x900.jpg 600w, https:\/\/simonschoenhoff.de\/wp-content\/uploads\/2021\/04\/2020-09-27-Geroldsauer-Wasserfaelle-und-Altes-Schloss-Baden-Baden_1-200x300.jpg 200w, https:\/\/simonschoenhoff.de\/wp-content\/uploads\/2021\/04\/2020-09-27-Geroldsauer-Wasserfaelle-und-Altes-Schloss-Baden-Baden_1-683x1024.jpg 683w, https:\/\/simonschoenhoff.de\/wp-content\/uploads\/2021\/04\/2020-09-27-Geroldsauer-Wasserfaelle-und-Altes-Schloss-Baden-Baden_1-768x1152.jpg 768w, https:\/\/simonschoenhoff.de\/wp-content\/uploads\/2021\/04\/2020-09-27-Geroldsauer-Wasserfaelle-und-Altes-Schloss-Baden-Baden_1-500x750.jpg 500w, https:\/\/simonschoenhoff.de\/wp-content\/uploads\/2021\/04\/2020-09-27-Geroldsauer-Wasserfaelle-und-Altes-Schloss-Baden-Baden_1-800x1200.jpg 800w\" sizes=\"(max-width: 1000px) 100vw, 1000px\">\t\t\t\t\t\t\t\t\t\t\t<figcaption class=\"widget-image-caption wp-caption-text\">Gerold\u00adsauer Fluss\u00adlauf | 24 mm, ISO 100, f\/16, 2&nbsp;Sek.<\/figcaption>\n\t\t\t\t\t\t\t\t\t\t<\/figure>\n\t\t\t\t\t\t\t\t\t<\/div>\n\t\t\t\t<\/div>\n\t\t\t\t<\/div>\n\t\t\t\t<\/div>\n\t\t\t\t<div class=\"elementor-element elementor-element-9a861f3 elementor-widget elementor-widget-text-editor\" data-id=\"9a861f3\" data-element_type=\"widget\" data-e-type=\"widget\" data-widget_type=\"text-editor.default\">\n\t\t\t\t<div class=\"elementor-widget-container\">\n\t\t\t\t\t\t\t\t\t<p>Der Start\u00adpunkt der sch\u00f6nen Rund\u00adwan\u00adde\u00adrung, durch das Bachtal mit seinem wunder\u00adsch\u00f6nen Schlucht\u00adwald, beginnt am Wald\u00adpark\u00adplatz B\u00fctthof. Nach einigen Metern trifft man bereits auf den Bach\u00adlauf und hat nun f\u00fcr die L\u00e4nge von 2\u20133 km die M\u00f6glich\u00adkeiten Strom\u00adschnellen und Bach\u00adlauf zu foto\u00adgra\u00adfieren und erste Einstel\u00adlungen zu testen. Norma\u00adler\u00adweise ben\u00f6\u00adtigt man unter einer Stunde f\u00fcr den Weg bis zum Wasser\u00adfall, als Foto\u00adgraf k\u00f6nnen da schonmal gut zwei Stunden draus werden.&nbsp;<\/p>\t\t\t\t\t\t\t\t<\/div>\n\t\t\t\t<\/div>\n\t\t\t\t<div class=\"elementor-element elementor-element-e2115af elementor-widget elementor-widget-text-editor\" data-id=\"e2115af\" data-element_type=\"widget\" data-e-type=\"widget\" data-widget_type=\"text-editor.default\">\n\t\t\t\t<div class=\"elementor-widget-container\">\n\t\t\t\t\t\t\t\t\t<p>Tipp: M\u00f6glichst die Blende kleiner einstellen, bspw. f\/11 und einen zirku\u00adlaren Polfilter verwenden. Dieser bringt die Farben des Waldes zum leuchten, in dem er die Spie\u00adge\u00adlungen von den Bl\u00e4t\u00adtern und Steinen nimmt. Au\u00dferdem sorgt er f\u00fcr eine etwas l\u00e4ngere Belich\u00adtungs\u00adzeit. Wenn diese noch nicht ausreicht, zus\u00e4tz\u00adlich einen leichten ND-Filter verwenden. Und nat\u00fcr\u00adlich ein Stativ!<\/p>\t\t\t\t\t\t\t\t<\/div>\n\t\t\t\t<\/div>\n\t\t\t\t<div class=\"elementor-element elementor-element-98490dc elementor-widget elementor-widget-image\" data-id=\"98490dc\" data-element_type=\"widget\" data-e-type=\"widget\" data-widget_type=\"image.default\">\n\t\t\t\t<div class=\"elementor-widget-container\">\n\t\t\t\t\t\t\t\t\t\t\t\t<figure class=\"wp-caption\">\n\t\t\t\t\t\t\t\t\t\t<img loading=\"lazy\" decoding=\"async\" width=\"1500\" height=\"1000\" src=\"https:\/\/simonschoenhoff.de\/wp-content\/uploads\/2021\/04\/2020-09-27-Geroldsauer-Wasserfaelle-und-Altes-Schloss-Baden-Baden_3.jpg\" class=\"attachment-1536x1536 size-1536x1536 wp-image-806\" alt srcset=\"https:\/\/simonschoenhoff.de\/wp-content\/uploads\/2021\/04\/2020-09-27-Geroldsauer-Wasserfaelle-und-Altes-Schloss-Baden-Baden_3.jpg 1500w, https:\/\/simonschoenhoff.de\/wp-content\/uploads\/2021\/04\/2020-09-27-Geroldsauer-Wasserfaelle-und-Altes-Schloss-Baden-Baden_3-1200x800.jpg 1200w\" sizes=\"(max-width: 1500px) 100vw, 1500px\">\t\t\t\t\t\t\t\t\t\t\t<figcaption class=\"widget-image-caption wp-caption-text\">Gerold\u00adsauer Wasser\u00adfall im Herbst |\n64 mm, ISO 100, f\/16, 0,6&nbsp;Sek.&nbsp;<\/figcaption>\n\t\t\t\t\t\t\t\t\t\t<\/figure>\n\t\t\t\t\t\t\t\t\t<\/div>\n\t\t\t\t<\/div>\n\t\t\t\t<div class=\"elementor-element elementor-element-fbf2430 elementor-widget elementor-widget-text-editor\" data-id=\"fbf2430\" data-element_type=\"widget\" data-e-type=\"widget\" data-widget_type=\"text-editor.default\">\n\t\t\t\t<div class=\"elementor-widget-container\">\n\t\t\t\t\t\t\t\t\t<p>Die Rund\u00adwan\u00adde\u00adrung um den Wasser\u00adfall kann man abschlie\u00dfen, in dem man links am Wasser\u00adfall vorbei \u00fcber eine kleine Br\u00fccke ober\u00adhalb des Wasser\u00adfalls den Bach quert und durch die Wald\u00adwege wieder zur\u00fcck zum Wander\u00adpark\u00adplatz gelangt. Eine kleine entspannte Wande\u00adrung, die durchaus auch mit klei\u00adneren Kindern zu meis\u00adtern&nbsp;ist.&nbsp;<\/p>\t\t\t\t\t\t\t\t<\/div>\n\t\t\t\t<\/div>\n\t\t<div class=\"elementor-element elementor-element-52f2226 e-con-full e-flex e-con e-child\" data-id=\"52f2226\" data-element_type=\"container\" data-e-type=\"container\">\n\t\t<div class=\"elementor-element elementor-element-e65c789 e-con-full e-flex e-con e-child\" data-id=\"e65c789\" data-element_type=\"container\" data-e-type=\"container\">\n\t\t\t\t<div class=\"elementor-element elementor-element-37c57b0 elementor-widget elementor-widget-image\" data-id=\"37c57b0\" data-element_type=\"widget\" data-e-type=\"widget\" data-widget_type=\"image.default\">\n\t\t\t\t<div class=\"elementor-widget-container\">\n\t\t\t\t\t\t\t\t\t\t\t\t<figure class=\"wp-caption\">\n\t\t\t\t\t\t\t\t\t\t<img loading=\"lazy\" decoding=\"async\" width=\"1000\" height=\"1500\" src=\"https:\/\/simonschoenhoff.de\/wp-content\/uploads\/2021\/04\/2020-09-27-Geroldsauer-Wasserfaelle-und-Altes-Schloss-Baden-Baden_5.jpg\" class=\"attachment-1536x1536 size-1536x1536 wp-image-808\" alt srcset=\"https:\/\/simonschoenhoff.de\/wp-content\/uploads\/2021\/04\/2020-09-27-Geroldsauer-Wasserfaelle-und-Altes-Schloss-Baden-Baden_5.jpg 1000w, https:\/\/simonschoenhoff.de\/wp-content\/uploads\/2021\/04\/2020-09-27-Geroldsauer-Wasserfaelle-und-Altes-Schloss-Baden-Baden_5-600x900.jpg 600w, https:\/\/simonschoenhoff.de\/wp-content\/uploads\/2021\/04\/2020-09-27-Geroldsauer-Wasserfaelle-und-Altes-Schloss-Baden-Baden_5-200x300.jpg 200w, https:\/\/simonschoenhoff.de\/wp-content\/uploads\/2021\/04\/2020-09-27-Geroldsauer-Wasserfaelle-und-Altes-Schloss-Baden-Baden_5-683x1024.jpg 683w, https:\/\/simonschoenhoff.de\/wp-content\/uploads\/2021\/04\/2020-09-27-Geroldsauer-Wasserfaelle-und-Altes-Schloss-Baden-Baden_5-768x1152.jpg 768w, https:\/\/simonschoenhoff.de\/wp-content\/uploads\/2021\/04\/2020-09-27-Geroldsauer-Wasserfaelle-und-Altes-Schloss-Baden-Baden_5-500x750.jpg 500w, https:\/\/simonschoenhoff.de\/wp-content\/uploads\/2021\/04\/2020-09-27-Geroldsauer-Wasserfaelle-und-Altes-Schloss-Baden-Baden_5-800x1200.jpg 800w\" sizes=\"(max-width: 1000px) 100vw, 1000px\">\t\t\t\t\t\t\t\t\t\t\t<figcaption class=\"widget-image-caption wp-caption-text\">Gerold\u00adsauer Wasser\u00adfall | 47 mm, ISO 100, f\/16, 1,3&nbsp;Sek.<\/figcaption>\n\t\t\t\t\t\t\t\t\t\t<\/figure>\n\t\t\t\t\t\t\t\t\t<\/div>\n\t\t\t\t<\/div>\n\t\t\t\t<\/div>\n\t\t<div class=\"elementor-element elementor-element-97eb648 e-con-full e-flex e-con e-child\" data-id=\"97eb648\" data-element_type=\"container\" data-e-type=\"container\">\n\t\t\t\t<div class=\"elementor-element elementor-element-09b8f95 elementor-widget elementor-widget-image\" data-id=\"09b8f95\" data-element_type=\"widget\" data-e-type=\"widget\" data-widget_type=\"image.default\">\n\t\t\t\t<div class=\"elementor-widget-container\">\n\t\t\t\t\t\t\t\t\t\t\t\t<figure class=\"wp-caption\">\n\t\t\t\t\t\t\t\t\t\t<img loading=\"lazy\" decoding=\"async\" width=\"1500\" height=\"1000\" src=\"https:\/\/simonschoenhoff.de\/wp-content\/uploads\/2021\/04\/2020-09-27-Geroldsauer-Wasserfaelle-und-Altes-Schloss-Baden-Baden_6.jpg\" class=\"attachment-1536x1536 size-1536x1536 wp-image-809\" alt srcset=\"https:\/\/simonschoenhoff.de\/wp-content\/uploads\/2021\/04\/2020-09-27-Geroldsauer-Wasserfaelle-und-Altes-Schloss-Baden-Baden_6.jpg 1500w, https:\/\/simonschoenhoff.de\/wp-content\/uploads\/2021\/04\/2020-09-27-Geroldsauer-Wasserfaelle-und-Altes-Schloss-Baden-Baden_6-1200x800.jpg 1200w\" sizes=\"(max-width: 1500px) 100vw, 1500px\">\t\t\t\t\t\t\t\t\t\t\t<figcaption class=\"widget-image-caption wp-caption-text\">Rosen\u00adkn\u00adopsen im Wald | 67 mm, ISO 400, f\/4, 1\/320&nbsp;Sek.<\/figcaption>\n\t\t\t\t\t\t\t\t\t\t<\/figure>\n\t\t\t\t\t\t\t\t\t<\/div>\n\t\t\t\t<\/div>\n\t\t\t\t<\/div>\n\t\t\t\t<\/div>\n\t\t<div class=\"elementor-element elementor-element-6786c9f e-con-full e-flex e-con e-child\" data-id=\"6786c9f\" data-element_type=\"container\" data-e-type=\"container\">\n\t\t<div class=\"elementor-element elementor-element-18821ae e-con-full e-flex e-con e-child\" data-id=\"18821ae\" data-element_type=\"container\" data-e-type=\"container\">\n\t\t\t\t<div class=\"elementor-element elementor-element-ea754f2 elementor-widget elementor-widget-image\" data-id=\"ea754f2\" data-element_type=\"widget\" data-e-type=\"widget\" data-widget_type=\"image.default\">\n\t\t\t\t<div class=\"elementor-widget-container\">\n\t\t\t\t\t\t\t\t\t\t\t\t<figure class=\"wp-caption\">\n\t\t\t\t\t\t\t\t\t\t<img loading=\"lazy\" decoding=\"async\" width=\"1000\" height=\"1500\" src=\"https:\/\/simonschoenhoff.de\/wp-content\/uploads\/2021\/04\/2020-09-27-Geroldsauer-Wasserfaelle-und-Altes-Schloss-Baden-Baden_7.jpg\" class=\"attachment-1536x1536 size-1536x1536 wp-image-810\" alt srcset=\"https:\/\/simonschoenhoff.de\/wp-content\/uploads\/2021\/04\/2020-09-27-Geroldsauer-Wasserfaelle-und-Altes-Schloss-Baden-Baden_7.jpg 1000w, https:\/\/simonschoenhoff.de\/wp-content\/uploads\/2021\/04\/2020-09-27-Geroldsauer-Wasserfaelle-und-Altes-Schloss-Baden-Baden_7-600x900.jpg 600w, https:\/\/simonschoenhoff.de\/wp-content\/uploads\/2021\/04\/2020-09-27-Geroldsauer-Wasserfaelle-und-Altes-Schloss-Baden-Baden_7-200x300.jpg 200w, https:\/\/simonschoenhoff.de\/wp-content\/uploads\/2021\/04\/2020-09-27-Geroldsauer-Wasserfaelle-und-Altes-Schloss-Baden-Baden_7-683x1024.jpg 683w, https:\/\/simonschoenhoff.de\/wp-content\/uploads\/2021\/04\/2020-09-27-Geroldsauer-Wasserfaelle-und-Altes-Schloss-Baden-Baden_7-768x1152.jpg 768w, https:\/\/simonschoenhoff.de\/wp-content\/uploads\/2021\/04\/2020-09-27-Geroldsauer-Wasserfaelle-und-Altes-Schloss-Baden-Baden_7-500x750.jpg 500w, https:\/\/simonschoenhoff.de\/wp-content\/uploads\/2021\/04\/2020-09-27-Geroldsauer-Wasserfaelle-und-Altes-Schloss-Baden-Baden_7-800x1200.jpg 800w\" sizes=\"(max-width: 1000px) 100vw, 1000px\">\t\t\t\t\t\t\t\t\t\t\t<figcaption class=\"widget-image-caption wp-caption-text\">Grenz\u00adstein auf dem Wald\u00adboden | 24 mm, ISO 1600, f\/4, 1\/125&nbsp;Sek.<\/figcaption>\n\t\t\t\t\t\t\t\t\t\t<\/figure>\n\t\t\t\t\t\t\t\t\t<\/div>\n\t\t\t\t<\/div>\n\t\t\t\t<\/div>\n\t\t<div class=\"elementor-element elementor-element-eca1da3 e-con-full e-flex e-con e-child\" data-id=\"eca1da3\" data-element_type=\"container\" data-e-type=\"container\">\n\t\t\t\t<div class=\"elementor-element elementor-element-e61a69c elementor-widget elementor-widget-image\" data-id=\"e61a69c\" data-element_type=\"widget\" data-e-type=\"widget\" data-widget_type=\"image.default\">\n\t\t\t\t<div class=\"elementor-widget-container\">\n\t\t\t\t\t\t\t\t\t\t\t\t<figure class=\"wp-caption\">\n\t\t\t\t\t\t\t\t\t\t<img loading=\"lazy\" decoding=\"async\" width=\"1500\" height=\"1000\" src=\"https:\/\/simonschoenhoff.de\/wp-content\/uploads\/2021\/04\/2020-09-27-Geroldsauer-Wasserfaelle-und-Altes-Schloss-Baden-Baden_8.jpg\" class=\"attachment-1536x1536 size-1536x1536 wp-image-811\" alt srcset=\"https:\/\/simonschoenhoff.de\/wp-content\/uploads\/2021\/04\/2020-09-27-Geroldsauer-Wasserfaelle-und-Altes-Schloss-Baden-Baden_8.jpg 1500w, https:\/\/simonschoenhoff.de\/wp-content\/uploads\/2021\/04\/2020-09-27-Geroldsauer-Wasserfaelle-und-Altes-Schloss-Baden-Baden_8-1200x800.jpg 1200w\" sizes=\"(max-width: 1500px) 100vw, 1500px\">\t\t\t\t\t\t\t\t\t\t\t<figcaption class=\"widget-image-caption wp-caption-text\">L\u00f6cher in den Herbst\u00adbl\u00e4t\u00adtern | 105 mm, ISO 1250, f\/5, 1\/500&nbsp;Sek.<\/figcaption>\n\t\t\t\t\t\t\t\t\t\t<\/figure>\n\t\t\t\t\t\t\t\t\t<\/div>\n\t\t\t\t<\/div>\n\t\t\t\t<\/div>\n\t\t\t\t<\/div>\n\t\t\t\t<\/div>\n\t\t\t\t\t<\/div>\n\t\t\t\t<\/div>\n\t\t<div class=\"elementor-element elementor-element-69ead4c e-flex e-con-boxed e-con e-parent\" data-id=\"69ead4c\" data-element_type=\"container\" data-e-type=\"container\" data-settings=\"{&quot;background_background&quot;:&quot;classic&quot;}\">\n\t\t\t\t\t<div class=\"e-con-inner\">\n\t\t<div class=\"elementor-element elementor-element-faa684e e-con-full e-flex e-con e-child\" data-id=\"faa684e\" data-element_type=\"container\" data-e-type=\"container\">\n\t\t\t\t<div class=\"elementor-element elementor-element-baf6b85 elementor-widget elementor-widget-google_maps\" data-id=\"baf6b85\" data-element_type=\"widget\" data-e-type=\"widget\" data-widget_type=\"google_maps.default\">\n\t\t\t\t<div class=\"elementor-widget-container\">\n\t\t\t\t\t\t\t<div class=\"elementor-custom-embed\">\n\t\t\t<iframe loading=\"lazy\" src=\"https:\/\/maps.google.com\/maps?q=Waldparkplatz%20geroldsauer%20wasserfall&amp;t=m&amp;z=15&amp;output=embed&amp;iwloc=near\" title=\"Waldparkplatz geroldsauer wasserfall\" aria-label=\"Waldparkplatz geroldsauer wasserfall\"><\/iframe>\n\t\t<\/div>\n\t\t\t\t\t\t<\/div>\n\t\t\t\t<\/div>\n\t\t\t\t<\/div>\n\t\t<div class=\"elementor-element elementor-element-83bebb8 e-con-full e-flex e-con e-child\" data-id=\"83bebb8\" data-element_type=\"container\" data-e-type=\"container\">\n\t\t\t\t<div class=\"elementor-element elementor-element-4fa41ae elementor-widget elementor-widget-heading\" data-id=\"4fa41ae\" data-element_type=\"widget\" data-e-type=\"widget\" data-widget_type=\"heading.default\">\n\t\t\t\t<div class=\"elementor-widget-container\">\n\t\t\t\t\t<h3 class=\"elementor-heading-title elementor-size-default\">Wo findest du den Gerold\u00adsauer Wasserfall?<\/h3>\t\t\t\t<\/div>\n\t\t\t\t<\/div>\n\t\t\t\t<div class=\"elementor-element elementor-element-0bec3b8 elementor-widget elementor-widget-text-editor\" data-id=\"0bec3b8\" data-element_type=\"widget\" data-e-type=\"widget\" data-widget_type=\"text-editor.default\">\n\t\t\t\t<div class=\"elementor-widget-container\">\n\t\t\t\t\t\t\t\t\t<p>Wenn du in Google Maps \u201eWald\u00adpark\u00adplatz Gerold\u00adsauer Wasser\u00adfall\u201c eingibst, f\u00fchrt dich Google direkt an den Park\u00adplatz, von dem aus du den Wasser\u00adfall Rundweg entlang laufen kannst.&nbsp;<\/p>\n<p>Vorbei an an einigen Strom\u00adschnellen, einer Wald\u00adh\u00fctte und \u00fcber h\u00f6lzerne Br\u00fccken erreichst du gut beschil\u00addert den Gerold\u00adsauer Wasserfall.&nbsp;<\/p>\t\t\t\t\t\t\t\t<\/div>\n\t\t\t\t<\/div>\n\t\t\t\t<\/div>\n\t\t\t\t\t<\/div>\n\t\t\t\t<\/div>\n\t\t<div class=\"elementor-element elementor-element-6443ac4 e-flex e-con-boxed e-con e-parent\" data-id=\"6443ac4\" data-element_type=\"container\" data-e-type=\"container\">\n\t\t\t\t\t<div class=\"e-con-inner\">\n\t\t<div class=\"elementor-element elementor-element-73a7463 e-con-full e-flex e-con e-child\" data-id=\"73a7463\" data-element_type=\"container\" data-e-type=\"container\">\n\t\t\t\t<div class=\"elementor-element elementor-element-f222e5c elementor-widget elementor-widget-heading\" data-id=\"f222e5c\" data-element_type=\"widget\" data-e-type=\"widget\" data-widget_type=\"heading.default\">\n\t\t\t\t<div class=\"elementor-widget-container\">\n\t\t\t\t\t<h3 class=\"elementor-heading-title elementor-size-default\">Gais\u00adh\u00f6ll Wasserf\u00e4lle<\/h3>\t\t\t\t<\/div>\n\t\t\t\t<\/div>\n\t\t<div class=\"elementor-element elementor-element-d54c1ea e-con-full e-flex e-con e-child\" data-id=\"d54c1ea\" data-element_type=\"container\" data-e-type=\"container\">\n\t\t<div class=\"elementor-element elementor-element-46496ac e-con-full e-flex e-con e-child\" data-id=\"46496ac\" data-element_type=\"container\" data-e-type=\"container\">\n\t\t\t\t<div class=\"elementor-element elementor-element-1a42911 elementor-widget elementor-widget-image\" data-id=\"1a42911\" data-element_type=\"widget\" data-e-type=\"widget\" data-widget_type=\"image.default\">\n\t\t\t\t<div class=\"elementor-widget-container\">\n\t\t\t\t\t\t\t\t\t\t\t\t<figure class=\"wp-caption\">\n\t\t\t\t\t\t\t\t\t\t<img loading=\"lazy\" decoding=\"async\" width=\"1000\" height=\"1500\" src=\"https:\/\/simonschoenhoff.de\/wp-content\/uploads\/2021\/04\/2020-10-11-Sasbachwalden_11.jpg\" class=\"attachment-1536x1536 size-1536x1536 wp-image-814\" alt srcset=\"https:\/\/simonschoenhoff.de\/wp-content\/uploads\/2021\/04\/2020-10-11-Sasbachwalden_11.jpg 1000w, https:\/\/simonschoenhoff.de\/wp-content\/uploads\/2021\/04\/2020-10-11-Sasbachwalden_11-600x900.jpg 600w, https:\/\/simonschoenhoff.de\/wp-content\/uploads\/2021\/04\/2020-10-11-Sasbachwalden_11-200x300.jpg 200w, https:\/\/simonschoenhoff.de\/wp-content\/uploads\/2021\/04\/2020-10-11-Sasbachwalden_11-683x1024.jpg 683w, https:\/\/simonschoenhoff.de\/wp-content\/uploads\/2021\/04\/2020-10-11-Sasbachwalden_11-768x1152.jpg 768w, https:\/\/simonschoenhoff.de\/wp-content\/uploads\/2021\/04\/2020-10-11-Sasbachwalden_11-500x750.jpg 500w, https:\/\/simonschoenhoff.de\/wp-content\/uploads\/2021\/04\/2020-10-11-Sasbachwalden_11-800x1200.jpg 800w\" sizes=\"(max-width: 1000px) 100vw, 1000px\">\t\t\t\t\t\t\t\t\t\t\t<figcaption class=\"widget-image-caption wp-caption-text\">Gais\u00adh\u00f6ll Wasser\u00adf\u00e4lle | 24 mm, ISO 100, f\/11, 2&nbsp;Sek.<\/figcaption>\n\t\t\t\t\t\t\t\t\t\t<\/figure>\n\t\t\t\t\t\t\t\t\t<\/div>\n\t\t\t\t<\/div>\n\t\t\t\t<\/div>\n\t\t<div class=\"elementor-element elementor-element-b7a85dd e-con-full e-flex e-con e-child\" data-id=\"b7a85dd\" data-element_type=\"container\" data-e-type=\"container\">\n\t\t\t\t<div class=\"elementor-element elementor-element-a492721 elementor-widget elementor-widget-image\" data-id=\"a492721\" data-element_type=\"widget\" data-e-type=\"widget\" data-widget_type=\"image.default\">\n\t\t\t\t<div class=\"elementor-widget-container\">\n\t\t\t\t\t\t\t\t\t\t\t\t<figure class=\"wp-caption\">\n\t\t\t\t\t\t\t\t\t\t<img loading=\"lazy\" decoding=\"async\" width=\"1000\" height=\"1500\" src=\"https:\/\/simonschoenhoff.de\/wp-content\/uploads\/2021\/04\/2020-10-11-Sasbachwalden_9.jpg\" class=\"attachment-1536x1536 size-1536x1536 wp-image-812\" alt srcset=\"https:\/\/simonschoenhoff.de\/wp-content\/uploads\/2021\/04\/2020-10-11-Sasbachwalden_9.jpg 1000w, https:\/\/simonschoenhoff.de\/wp-content\/uploads\/2021\/04\/2020-10-11-Sasbachwalden_9-600x900.jpg 600w\" sizes=\"(max-width: 1000px) 100vw, 1000px\">\t\t\t\t\t\t\t\t\t\t\t<figcaption class=\"widget-image-caption wp-caption-text\">Br\u00fcckem \u00fcber die Gais\u00adh\u00f6ll Wasser\u00adf\u00e4lle | 73 mm, ISO 100, f\/14, 1,3&nbsp;Sek.<\/figcaption>\n\t\t\t\t\t\t\t\t\t\t<\/figure>\n\t\t\t\t\t\t\t\t\t<\/div>\n\t\t\t\t<\/div>\n\t\t\t\t<\/div>\n\t\t\t\t<\/div>\n\t\t\t\t<div class=\"elementor-element elementor-element-3f48d45 elementor-widget elementor-widget-text-editor\" data-id=\"3f48d45\" data-element_type=\"widget\" data-e-type=\"widget\" data-widget_type=\"text-editor.default\">\n\t\t\t\t<div class=\"elementor-widget-container\">\n\t\t\t\t\t\t\t\t\t<p>Die n\u00e4chsten Wasser\u00adf\u00e4lle, die wir besuchten waren Teil einer Rund\u00adwan\u00adde\u00adrung \u201eAlde Gott Panora\u00adma\u00adrunde\u201c um das touris\u00adtisch bekannte Sasbach\u00adwalden. Als Start\u00adpunkt nutzten wir den Park\u00adplatz \u201eMurberg\u201c. Die Gais\u00adh\u00f6ll Wasser\u00adf\u00e4lle sind ein High\u00adlight der Runde, das direkt zu Beginn der Wande\u00adrung auf einen wartet. \u00dcber 225 Stufen und 13 Br\u00fccken quert man die kaska\u00adden\u00adf\u00f6rmig herab\u00adrau\u00adschenden Wasser\u00adf\u00e4lle und hat damit unz\u00e4h\u00adlige M\u00f6glich\u00adkeiten die Wasser\u00adf\u00e4lle abzulichten.&nbsp;<\/p>\t\t\t\t\t\t\t\t<\/div>\n\t\t\t\t<\/div>\n\t\t<div class=\"elementor-element elementor-element-0f0ac12 e-con-full e-flex e-con e-child\" data-id=\"0f0ac12\" data-element_type=\"container\" data-e-type=\"container\">\n\t\t<div class=\"elementor-element elementor-element-af16593 e-con-full e-flex e-con e-child\" data-id=\"af16593\" data-element_type=\"container\" data-e-type=\"container\">\n\t\t\t\t<div class=\"elementor-element elementor-element-0991f15 elementor-widget elementor-widget-image\" data-id=\"0991f15\" data-element_type=\"widget\" data-e-type=\"widget\" data-widget_type=\"image.default\">\n\t\t\t\t<div class=\"elementor-widget-container\">\n\t\t\t\t\t\t\t\t\t\t\t\t<figure class=\"wp-caption\">\n\t\t\t\t\t\t\t\t\t\t<img loading=\"lazy\" decoding=\"async\" width=\"1500\" height=\"1000\" src=\"https:\/\/simonschoenhoff.de\/wp-content\/uploads\/2021\/04\/2020-10-11-Sasbachwalden_15.jpg\" class=\"attachment-1536x1536 size-1536x1536 wp-image-818\" alt srcset=\"https:\/\/simonschoenhoff.de\/wp-content\/uploads\/2021\/04\/2020-10-11-Sasbachwalden_15.jpg 1500w, https:\/\/simonschoenhoff.de\/wp-content\/uploads\/2021\/04\/2020-10-11-Sasbachwalden_15-1200x800.jpg 1200w, https:\/\/simonschoenhoff.de\/wp-content\/uploads\/2021\/04\/2020-10-11-Sasbachwalden_15-300x200.jpg 300w, https:\/\/simonschoenhoff.de\/wp-content\/uploads\/2021\/04\/2020-10-11-Sasbachwalden_15-1024x683.jpg 1024w, https:\/\/simonschoenhoff.de\/wp-content\/uploads\/2021\/04\/2020-10-11-Sasbachwalden_15-768x512.jpg 768w, https:\/\/simonschoenhoff.de\/wp-content\/uploads\/2021\/04\/2020-10-11-Sasbachwalden_15-500x333.jpg 500w, https:\/\/simonschoenhoff.de\/wp-content\/uploads\/2021\/04\/2020-10-11-Sasbachwalden_15-800x533.jpg 800w, https:\/\/simonschoenhoff.de\/wp-content\/uploads\/2021\/04\/2020-10-11-Sasbachwalden_15-1280x853.jpg 1280w\" sizes=\"(max-width: 1500px) 100vw, 1500px\">\t\t\t\t\t\t\t\t\t\t\t<figcaption class=\"widget-image-caption wp-caption-text\">Bl\u00e4tter in der Gischt | 400 mm, ISO 3200, f\/6,3, 1\/1000 Sek.<\/figcaption>\n\t\t\t\t\t\t\t\t\t\t<\/figure>\n\t\t\t\t\t\t\t\t\t<\/div>\n\t\t\t\t<\/div>\n\t\t\t\t<\/div>\n\t\t<div class=\"elementor-element elementor-element-2688e30 e-con-full e-flex e-con e-child\" data-id=\"2688e30\" data-element_type=\"container\" data-e-type=\"container\">\n\t\t\t\t<div class=\"elementor-element elementor-element-965b8d7 elementor-widget elementor-widget-image\" data-id=\"965b8d7\" data-element_type=\"widget\" data-e-type=\"widget\" data-widget_type=\"image.default\">\n\t\t\t\t<div class=\"elementor-widget-container\">\n\t\t\t\t\t\t\t\t\t\t\t\t<figure class=\"wp-caption\">\n\t\t\t\t\t\t\t\t\t\t<img loading=\"lazy\" decoding=\"async\" width=\"1000\" height=\"1500\" src=\"https:\/\/simonschoenhoff.de\/wp-content\/uploads\/2021\/04\/2020-10-11-Sasbachwalden_20.jpg\" class=\"attachment-1536x1536 size-1536x1536 wp-image-823\" alt srcset=\"https:\/\/simonschoenhoff.de\/wp-content\/uploads\/2021\/04\/2020-10-11-Sasbachwalden_20.jpg 1000w, https:\/\/simonschoenhoff.de\/wp-content\/uploads\/2021\/04\/2020-10-11-Sasbachwalden_20-600x900.jpg 600w\" sizes=\"(max-width: 1000px) 100vw, 1000px\">\t\t\t\t\t\t\t\t\t\t\t<figcaption class=\"widget-image-caption wp-caption-text\">Ruhe und Einsam\u00adkeit | 294 mm, ISO 400, f\/6,3, 1\/640&nbsp;Sek.<\/figcaption>\n\t\t\t\t\t\t\t\t\t\t<\/figure>\n\t\t\t\t\t\t\t\t\t<\/div>\n\t\t\t\t<\/div>\n\t\t\t\t<\/div>\n\t\t\t\t<\/div>\n\t\t\t\t<div class=\"elementor-element elementor-element-ee21d8b elementor-widget elementor-widget-text-editor\" data-id=\"ee21d8b\" data-element_type=\"widget\" data-e-type=\"widget\" data-widget_type=\"text-editor.default\">\n\t\t\t\t<div class=\"elementor-widget-container\">\n\t\t\t\t\t\t\t\t\t<p>Wem die Rund\u00adwan\u00adde\u00adrung von 10 km zu viel ist, von der man immer wieder herr\u00adliche Ausblicke auf die Ober\u00adrhei\u00adni\u00adsche Tief\u00adebene hat und Sasbach\u00adwalden zwischen den Wein\u00adbergen und W\u00e4lder um Sasbach\u00adwalden hat, der kann am oberen Punkt der Wasser\u00adf\u00e4lle umdrehen und wieder zur\u00fcck\u00adgehen. In dieser Vari\u00adante h\u00e4tte man nur ca. 2km zur\u00fcckgelegt.&nbsp;<\/p>\t\t\t\t\t\t\t\t<\/div>\n\t\t\t\t<\/div>\n\t\t<div class=\"elementor-element elementor-element-3f28868 e-con-full e-flex e-con e-child\" data-id=\"3f28868\" data-element_type=\"container\" data-e-type=\"container\">\n\t\t<div class=\"elementor-element elementor-element-05c149a e-con-full e-flex e-con e-child\" data-id=\"05c149a\" data-element_type=\"container\" data-e-type=\"container\">\n\t\t\t\t<div class=\"elementor-element elementor-element-f7d1bf9 elementor-widget elementor-widget-image\" data-id=\"f7d1bf9\" data-element_type=\"widget\" data-e-type=\"widget\" data-widget_type=\"image.default\">\n\t\t\t\t<div class=\"elementor-widget-container\">\n\t\t\t\t\t\t\t\t\t\t\t\t<figure class=\"wp-caption\">\n\t\t\t\t\t\t\t\t\t\t<img loading=\"lazy\" decoding=\"async\" width=\"1125\" height=\"1500\" src=\"https:\/\/simonschoenhoff.de\/wp-content\/uploads\/2021\/04\/2020-10-11-Sasbachwalden_12.jpg\" class=\"attachment-1536x1536 size-1536x1536 wp-image-815\" alt srcset=\"https:\/\/simonschoenhoff.de\/wp-content\/uploads\/2021\/04\/2020-10-11-Sasbachwalden_12.jpg 1125w, https:\/\/simonschoenhoff.de\/wp-content\/uploads\/2021\/04\/2020-10-11-Sasbachwalden_12-600x800.jpg 600w\" sizes=\"(max-width: 1125px) 100vw, 1125px\">\t\t\t\t\t\t\t\t\t\t\t<figcaption class=\"widget-image-caption wp-caption-text\">In der Gais\u00adh\u00f6ll | 48 mm, ISO 100, f\/11, 1,3&nbsp;Sek.<\/figcaption>\n\t\t\t\t\t\t\t\t\t\t<\/figure>\n\t\t\t\t\t\t\t\t\t<\/div>\n\t\t\t\t<\/div>\n\t\t\t\t<\/div>\n\t\t<div class=\"elementor-element elementor-element-2e49ebb e-con-full e-flex e-con e-child\" data-id=\"2e49ebb\" data-element_type=\"container\" data-e-type=\"container\">\n\t\t\t\t<div class=\"elementor-element elementor-element-0228b5b elementor-widget elementor-widget-image\" data-id=\"0228b5b\" data-element_type=\"widget\" data-e-type=\"widget\" data-widget_type=\"image.default\">\n\t\t\t\t<div class=\"elementor-widget-container\">\n\t\t\t\t\t\t\t\t\t\t\t\t<figure class=\"wp-caption\">\n\t\t\t\t\t\t\t\t\t\t<img loading=\"lazy\" decoding=\"async\" width=\"800\" height=\"1200\" src=\"https:\/\/simonschoenhoff.de\/wp-content\/uploads\/2021\/04\/2020-10-11-Sasbachwalden_10.jpg\" class=\"attachment-large size-large wp-image-813\" alt srcset=\"https:\/\/simonschoenhoff.de\/wp-content\/uploads\/2021\/04\/2020-10-11-Sasbachwalden_10.jpg 1000w, https:\/\/simonschoenhoff.de\/wp-content\/uploads\/2021\/04\/2020-10-11-Sasbachwalden_10-600x900.jpg 600w\" sizes=\"(max-width: 800px) 100vw, 800px\">\t\t\t\t\t\t\t\t\t\t\t<figcaption class=\"widget-image-caption wp-caption-text\">\u00dcber 13 Br\u00fcckem musst du gehen | 24 mm, ISO 640, f\/4, 1\/60&nbsp;Sek.<\/figcaption>\n\t\t\t\t\t\t\t\t\t\t<\/figure>\n\t\t\t\t\t\t\t\t\t<\/div>\n\t\t\t\t<\/div>\n\t\t\t\t<\/div>\n\t\t<div class=\"elementor-element elementor-element-6133b89 e-con-full e-flex e-con e-child\" data-id=\"6133b89\" data-element_type=\"container\" data-e-type=\"container\">\n\t\t\t\t<div class=\"elementor-element elementor-element-4fc9d85 elementor-widget elementor-widget-image\" data-id=\"4fc9d85\" data-element_type=\"widget\" data-e-type=\"widget\" data-widget_type=\"image.default\">\n\t\t\t\t<div class=\"elementor-widget-container\">\n\t\t\t\t\t\t\t\t\t\t\t\t<figure class=\"wp-caption\">\n\t\t\t\t\t\t\t\t\t\t<img loading=\"lazy\" decoding=\"async\" width=\"1000\" height=\"1500\" src=\"https:\/\/simonschoenhoff.de\/wp-content\/uploads\/2021\/04\/2020-10-11-Sasbachwalden_13.jpg\" class=\"attachment-1536x1536 size-1536x1536 wp-image-816\" alt srcset=\"https:\/\/simonschoenhoff.de\/wp-content\/uploads\/2021\/04\/2020-10-11-Sasbachwalden_13.jpg 1000w, https:\/\/simonschoenhoff.de\/wp-content\/uploads\/2021\/04\/2020-10-11-Sasbachwalden_13-600x900.jpg 600w, https:\/\/simonschoenhoff.de\/wp-content\/uploads\/2021\/04\/2020-10-11-Sasbachwalden_13-200x300.jpg 200w, https:\/\/simonschoenhoff.de\/wp-content\/uploads\/2021\/04\/2020-10-11-Sasbachwalden_13-683x1024.jpg 683w, https:\/\/simonschoenhoff.de\/wp-content\/uploads\/2021\/04\/2020-10-11-Sasbachwalden_13-768x1152.jpg 768w, https:\/\/simonschoenhoff.de\/wp-content\/uploads\/2021\/04\/2020-10-11-Sasbachwalden_13-500x750.jpg 500w, https:\/\/simonschoenhoff.de\/wp-content\/uploads\/2021\/04\/2020-10-11-Sasbachwalden_13-800x1200.jpg 800w\" sizes=\"(max-width: 1000px) 100vw, 1000px\">\t\t\t\t\t\t\t\t\t\t\t<figcaption class=\"widget-image-caption wp-caption-text\">Oberer Wasser\u00adfall in der Gais\u00adh\u00f6ll | 24 mm, ISO 100, f\/11, 1&nbsp;Sek.<\/figcaption>\n\t\t\t\t\t\t\t\t\t\t<\/figure>\n\t\t\t\t\t\t\t\t\t<\/div>\n\t\t\t\t<\/div>\n\t\t\t\t<\/div>\n\t\t\t\t<\/div>\n\t\t\t\t<div class=\"elementor-element elementor-element-e6c0339 elementor-widget elementor-widget-text-editor\" data-id=\"e6c0339\" data-element_type=\"widget\" data-e-type=\"widget\" data-widget_type=\"text-editor.default\">\n\t\t\t\t<div class=\"elementor-widget-container\">\n\t\t\t\t\t\t\t\t\t<p>Wer aller\u00addings gut zu Fu\u00df ist, und dem ein 3\u20135 Stunden Marsch, je nachdem wie viele Fotos man schie\u00dft&nbsp;oder wie gut man zu Fu\u00df ist, nicht zu viel ist, der sollte den Panora\u00admaweg abschlie\u00dfen, um sich diese Ausblicke nicht entgehen zu lassen.&nbsp;<\/p>\t\t\t\t\t\t\t\t<\/div>\n\t\t\t\t<\/div>\n\t\t<div class=\"elementor-element elementor-element-d38804f e-con-full e-flex e-con e-child\" data-id=\"d38804f\" data-element_type=\"container\" data-e-type=\"container\">\n\t\t<div class=\"elementor-element elementor-element-eeb96fb e-con-full e-flex e-con e-child\" data-id=\"eeb96fb\" data-element_type=\"container\" data-e-type=\"container\">\n\t\t\t\t<div class=\"elementor-element elementor-element-e9f0d9a elementor-widget elementor-widget-image\" data-id=\"e9f0d9a\" data-element_type=\"widget\" data-e-type=\"widget\" data-widget_type=\"image.default\">\n\t\t\t\t<div class=\"elementor-widget-container\">\n\t\t\t\t\t\t\t\t\t\t\t\t<figure class=\"wp-caption\">\n\t\t\t\t\t\t\t\t\t\t<img loading=\"lazy\" decoding=\"async\" width=\"800\" height=\"1200\" src=\"https:\/\/simonschoenhoff.de\/wp-content\/uploads\/2021\/04\/2020-10-11-Sasbachwalden_14.jpg\" class=\"attachment-large size-large wp-image-817\" alt srcset=\"https:\/\/simonschoenhoff.de\/wp-content\/uploads\/2021\/04\/2020-10-11-Sasbachwalden_14.jpg 1000w, https:\/\/simonschoenhoff.de\/wp-content\/uploads\/2021\/04\/2020-10-11-Sasbachwalden_14-600x900.jpg 600w\" sizes=\"(max-width: 800px) 100vw, 800px\">\t\t\t\t\t\t\t\t\t\t\t<figcaption class=\"widget-image-caption wp-caption-text\"><\/figcaption>\n\t\t\t\t\t\t\t\t\t\t<\/figure>\n\t\t\t\t\t\t\t\t\t<\/div>\n\t\t\t\t<\/div>\n\t\t\t\t<\/div>\n\t\t<div class=\"elementor-element elementor-element-405ca08 e-con-full e-flex e-con e-child\" data-id=\"405ca08\" data-element_type=\"container\" data-e-type=\"container\">\n\t\t\t\t<div class=\"elementor-element elementor-element-c7c238d elementor-widget elementor-widget-image\" data-id=\"c7c238d\" data-element_type=\"widget\" data-e-type=\"widget\" data-widget_type=\"image.default\">\n\t\t\t\t<div class=\"elementor-widget-container\">\n\t\t\t\t\t\t\t\t\t\t\t\t<figure class=\"wp-caption\">\n\t\t\t\t\t\t\t\t\t\t<img loading=\"lazy\" decoding=\"async\" width=\"800\" height=\"533\" src=\"https:\/\/simonschoenhoff.de\/wp-content\/uploads\/2021\/04\/2020-10-11-Sasbachwalden_16.jpg\" class=\"attachment-large size-large wp-image-819\" alt srcset=\"https:\/\/simonschoenhoff.de\/wp-content\/uploads\/2021\/04\/2020-10-11-Sasbachwalden_16.jpg 1500w, https:\/\/simonschoenhoff.de\/wp-content\/uploads\/2021\/04\/2020-10-11-Sasbachwalden_16-1200x800.jpg 1200w\" sizes=\"(max-width: 800px) 100vw, 800px\">\t\t\t\t\t\t\t\t\t\t\t<figcaption class=\"widget-image-caption wp-caption-text\"><\/figcaption>\n\t\t\t\t\t\t\t\t\t\t<\/figure>\n\t\t\t\t\t\t\t\t\t<\/div>\n\t\t\t\t<\/div>\n\t\t\t\t<\/div>\n\t\t\t\t<\/div>\n\t\t<div class=\"elementor-element elementor-element-48c1779 e-con-full e-flex e-con e-child\" data-id=\"48c1779\" data-element_type=\"container\" data-e-type=\"container\">\n\t\t<div class=\"elementor-element elementor-element-233beb5 e-con-full e-flex e-con e-child\" data-id=\"233beb5\" data-element_type=\"container\" data-e-type=\"container\">\n\t\t\t\t<div class=\"elementor-element elementor-element-f0f1173 elementor-widget elementor-widget-image\" data-id=\"f0f1173\" data-element_type=\"widget\" data-e-type=\"widget\" data-widget_type=\"image.default\">\n\t\t\t\t<div class=\"elementor-widget-container\">\n\t\t\t\t\t\t\t\t\t\t\t\t<figure class=\"wp-caption\">\n\t\t\t\t\t\t\t\t\t\t<img loading=\"lazy\" decoding=\"async\" width=\"800\" height=\"534\" src=\"https:\/\/simonschoenhoff.de\/wp-content\/uploads\/2021\/04\/2020-10-11-Sasbachwalden_18-1024x683.jpg\" class=\"attachment-large size-large wp-image-821\" alt srcset=\"https:\/\/simonschoenhoff.de\/wp-content\/uploads\/2021\/04\/2020-10-11-Sasbachwalden_18-1024x683.jpg 1024w, https:\/\/simonschoenhoff.de\/wp-content\/uploads\/2021\/04\/2020-10-11-Sasbachwalden_18-1200x800.jpg 1200w, https:\/\/simonschoenhoff.de\/wp-content\/uploads\/2021\/04\/2020-10-11-Sasbachwalden_18-300x200.jpg 300w, https:\/\/simonschoenhoff.de\/wp-content\/uploads\/2021\/04\/2020-10-11-Sasbachwalden_18-768x512.jpg 768w, https:\/\/simonschoenhoff.de\/wp-content\/uploads\/2021\/04\/2020-10-11-Sasbachwalden_18-500x333.jpg 500w, https:\/\/simonschoenhoff.de\/wp-content\/uploads\/2021\/04\/2020-10-11-Sasbachwalden_18-800x533.jpg 800w, https:\/\/simonschoenhoff.de\/wp-content\/uploads\/2021\/04\/2020-10-11-Sasbachwalden_18-1280x853.jpg 1280w, https:\/\/simonschoenhoff.de\/wp-content\/uploads\/2021\/04\/2020-10-11-Sasbachwalden_18.jpg 1500w\" sizes=\"(max-width: 800px) 100vw, 800px\">\t\t\t\t\t\t\t\t\t\t\t<figcaption class=\"widget-image-caption wp-caption-text\"><\/figcaption>\n\t\t\t\t\t\t\t\t\t\t<\/figure>\n\t\t\t\t\t\t\t\t\t<\/div>\n\t\t\t\t<\/div>\n\t\t\t\t<\/div>\n\t\t<div class=\"elementor-element elementor-element-5f55c71 e-con-full e-flex e-con e-child\" data-id=\"5f55c71\" data-element_type=\"container\" data-e-type=\"container\">\n\t\t\t\t<div class=\"elementor-element elementor-element-2935e90 elementor-widget elementor-widget-image\" data-id=\"2935e90\" data-element_type=\"widget\" data-e-type=\"widget\" data-widget_type=\"image.default\">\n\t\t\t\t<div class=\"elementor-widget-container\">\n\t\t\t\t\t\t\t\t\t\t\t\t<figure class=\"wp-caption\">\n\t\t\t\t\t\t\t\t\t\t<img loading=\"lazy\" decoding=\"async\" width=\"800\" height=\"533\" src=\"https:\/\/simonschoenhoff.de\/wp-content\/uploads\/2021\/04\/2020-10-11-Sasbachwalden_17.jpg\" class=\"attachment-large size-large wp-image-820\" alt srcset=\"https:\/\/simonschoenhoff.de\/wp-content\/uploads\/2021\/04\/2020-10-11-Sasbachwalden_17.jpg 1500w, https:\/\/simonschoenhoff.de\/wp-content\/uploads\/2021\/04\/2020-10-11-Sasbachwalden_17-1200x800.jpg 1200w\" sizes=\"(max-width: 800px) 100vw, 800px\">\t\t\t\t\t\t\t\t\t\t\t<figcaption class=\"widget-image-caption wp-caption-text\"><\/figcaption>\n\t\t\t\t\t\t\t\t\t\t<\/figure>\n\t\t\t\t\t\t\t\t\t<\/div>\n\t\t\t\t<\/div>\n\t\t\t\t<\/div>\n\t\t\t\t<\/div>\n\t\t<div class=\"elementor-element elementor-element-99c2528 e-con-full e-flex e-con e-child\" data-id=\"99c2528\" data-element_type=\"container\" data-e-type=\"container\">\n\t\t<div class=\"elementor-element elementor-element-6e4743b e-con-full e-flex e-con e-child\" data-id=\"6e4743b\" data-element_type=\"container\" data-e-type=\"container\">\n\t\t\t\t<div class=\"elementor-element elementor-element-c7e31a6 elementor-widget elementor-widget-image\" data-id=\"c7e31a6\" data-element_type=\"widget\" data-e-type=\"widget\" data-widget_type=\"image.default\">\n\t\t\t\t<div class=\"elementor-widget-container\">\n\t\t\t\t\t\t\t\t\t\t\t\t<figure class=\"wp-caption\">\n\t\t\t\t\t\t\t\t\t\t<img loading=\"lazy\" decoding=\"async\" width=\"800\" height=\"533\" src=\"https:\/\/simonschoenhoff.de\/wp-content\/uploads\/2021\/04\/2020-10-11-Sasbachwalden_19.jpg\" class=\"attachment-large size-large wp-image-822\" alt srcset=\"https:\/\/simonschoenhoff.de\/wp-content\/uploads\/2021\/04\/2020-10-11-Sasbachwalden_19.jpg 1500w, https:\/\/simonschoenhoff.de\/wp-content\/uploads\/2021\/04\/2020-10-11-Sasbachwalden_19-1200x800.jpg 1200w\" sizes=\"(max-width: 800px) 100vw, 800px\">\t\t\t\t\t\t\t\t\t\t\t<figcaption class=\"widget-image-caption wp-caption-text\"><\/figcaption>\n\t\t\t\t\t\t\t\t\t\t<\/figure>\n\t\t\t\t\t\t\t\t\t<\/div>\n\t\t\t\t<\/div>\n\t\t\t\t<\/div>\n\t\t<div class=\"elementor-element elementor-element-b0e66e3 e-con-full e-flex e-con e-child\" data-id=\"b0e66e3\" data-element_type=\"container\" data-e-type=\"container\">\n\t\t\t\t<div class=\"elementor-element elementor-element-306c2e8 elementor-widget elementor-widget-image\" data-id=\"306c2e8\" data-element_type=\"widget\" data-e-type=\"widget\" data-widget_type=\"image.default\">\n\t\t\t\t<div class=\"elementor-widget-container\">\n\t\t\t\t\t\t\t\t\t\t\t\t<figure class=\"wp-caption\">\n\t\t\t\t\t\t\t\t\t\t<img loading=\"lazy\" decoding=\"async\" width=\"800\" height=\"534\" src=\"https:\/\/simonschoenhoff.de\/wp-content\/uploads\/2021\/04\/2020-10-11-Sasbachwalden_21-1024x683.jpg\" class=\"attachment-large size-large wp-image-824\" alt srcset=\"https:\/\/simonschoenhoff.de\/wp-content\/uploads\/2021\/04\/2020-10-11-Sasbachwalden_21-1024x683.jpg 1024w, https:\/\/simonschoenhoff.de\/wp-content\/uploads\/2021\/04\/2020-10-11-Sasbachwalden_21-1200x800.jpg 1200w, https:\/\/simonschoenhoff.de\/wp-content\/uploads\/2021\/04\/2020-10-11-Sasbachwalden_21-300x200.jpg 300w, https:\/\/simonschoenhoff.de\/wp-content\/uploads\/2021\/04\/2020-10-11-Sasbachwalden_21-768x512.jpg 768w, https:\/\/simonschoenhoff.de\/wp-content\/uploads\/2021\/04\/2020-10-11-Sasbachwalden_21-500x333.jpg 500w, https:\/\/simonschoenhoff.de\/wp-content\/uploads\/2021\/04\/2020-10-11-Sasbachwalden_21-800x533.jpg 800w, https:\/\/simonschoenhoff.de\/wp-content\/uploads\/2021\/04\/2020-10-11-Sasbachwalden_21-1280x853.jpg 1280w, https:\/\/simonschoenhoff.de\/wp-content\/uploads\/2021\/04\/2020-10-11-Sasbachwalden_21.jpg 1500w\" sizes=\"(max-width: 800px) 100vw, 800px\">\t\t\t\t\t\t\t\t\t\t\t<figcaption class=\"widget-image-caption wp-caption-text\"><\/figcaption>\n\t\t\t\t\t\t\t\t\t\t<\/figure>\n\t\t\t\t\t\t\t\t\t<\/div>\n\t\t\t\t<\/div>\n\t\t\t\t<\/div>\n\t\t\t\t<\/div>\n\t\t<div class=\"elementor-element elementor-element-80067a0 e-con-full e-flex e-con e-child\" data-id=\"80067a0\" data-element_type=\"container\" data-e-type=\"container\">\n\t\t<div class=\"elementor-element elementor-element-c7897ee e-con-full e-flex e-con e-child\" data-id=\"c7897ee\" data-element_type=\"container\" data-e-type=\"container\">\n\t\t\t\t<div class=\"elementor-element elementor-element-7073866 elementor-widget elementor-widget-image\" data-id=\"7073866\" data-element_type=\"widget\" data-e-type=\"widget\" data-widget_type=\"image.default\">\n\t\t\t\t<div class=\"elementor-widget-container\">\n\t\t\t\t\t\t\t\t\t\t\t\t<figure class=\"wp-caption\">\n\t\t\t\t\t\t\t\t\t\t<img loading=\"lazy\" decoding=\"async\" width=\"1500\" height=\"1000\" src=\"https:\/\/simonschoenhoff.de\/wp-content\/uploads\/2021\/04\/2020-10-11-Sasbachwalden_22.jpg\" class=\"attachment-1536x1536 size-1536x1536 wp-image-825\" alt srcset=\"https:\/\/simonschoenhoff.de\/wp-content\/uploads\/2021\/04\/2020-10-11-Sasbachwalden_22.jpg 1500w, https:\/\/simonschoenhoff.de\/wp-content\/uploads\/2021\/04\/2020-10-11-Sasbachwalden_22-1200x800.jpg 1200w\" sizes=\"(max-width: 1500px) 100vw, 1500px\">\t\t\t\t\t\t\t\t\t\t\t<figcaption class=\"widget-image-caption wp-caption-text\"><\/figcaption>\n\t\t\t\t\t\t\t\t\t\t<\/figure>\n\t\t\t\t\t\t\t\t\t<\/div>\n\t\t\t\t<\/div>\n\t\t\t\t<\/div>\n\t\t\t\t<\/div>\n\t\t<div class=\"elementor-element elementor-element-cecc58f e-con-full e-flex e-con e-child\" data-id=\"cecc58f\" data-element_type=\"container\" data-e-type=\"container\">\n\t\t<div class=\"elementor-element elementor-element-87a56c7 e-con-full e-flex e-con e-child\" data-id=\"87a56c7\" data-element_type=\"container\" data-e-type=\"container\">\n\t\t\t\t<div class=\"elementor-element elementor-element-2b9faec elementor-widget elementor-widget-image\" data-id=\"2b9faec\" data-element_type=\"widget\" data-e-type=\"widget\" data-widget_type=\"image.default\">\n\t\t\t\t<div class=\"elementor-widget-container\">\n\t\t\t\t\t\t\t\t\t\t\t\t<figure class=\"wp-caption\">\n\t\t\t\t\t\t\t\t\t\t<img loading=\"lazy\" decoding=\"async\" width=\"683\" height=\"1024\" src=\"https:\/\/simonschoenhoff.de\/wp-content\/uploads\/2021\/04\/2020-10-11-Sasbachwalden_23-683x1024.jpg\" class=\"attachment-large size-large wp-image-826\" alt srcset=\"https:\/\/simonschoenhoff.de\/wp-content\/uploads\/2021\/04\/2020-10-11-Sasbachwalden_23-683x1024.jpg 683w, https:\/\/simonschoenhoff.de\/wp-content\/uploads\/2021\/04\/2020-10-11-Sasbachwalden_23-600x900.jpg 600w, https:\/\/simonschoenhoff.de\/wp-content\/uploads\/2021\/04\/2020-10-11-Sasbachwalden_23-200x300.jpg 200w, https:\/\/simonschoenhoff.de\/wp-content\/uploads\/2021\/04\/2020-10-11-Sasbachwalden_23-768x1152.jpg 768w, https:\/\/simonschoenhoff.de\/wp-content\/uploads\/2021\/04\/2020-10-11-Sasbachwalden_23-500x750.jpg 500w, https:\/\/simonschoenhoff.de\/wp-content\/uploads\/2021\/04\/2020-10-11-Sasbachwalden_23-800x1200.jpg 800w, https:\/\/simonschoenhoff.de\/wp-content\/uploads\/2021\/04\/2020-10-11-Sasbachwalden_23.jpg 1000w\" sizes=\"(max-width: 683px) 100vw, 683px\">\t\t\t\t\t\t\t\t\t\t\t<figcaption class=\"widget-image-caption wp-caption-text\"><\/figcaption>\n\t\t\t\t\t\t\t\t\t\t<\/figure>\n\t\t\t\t\t\t\t\t\t<\/div>\n\t\t\t\t<\/div>\n\t\t\t\t<\/div>\n\t\t<div class=\"elementor-element elementor-element-b77e1a3 e-con-full e-flex e-con e-child\" data-id=\"b77e1a3\" data-element_type=\"container\" data-e-type=\"container\">\n\t\t\t\t<div class=\"elementor-element elementor-element-8368223 elementor-widget elementor-widget-image\" data-id=\"8368223\" data-element_type=\"widget\" data-e-type=\"widget\" data-widget_type=\"image.default\">\n\t\t\t\t<div class=\"elementor-widget-container\">\n\t\t\t\t\t\t\t\t\t\t\t\t<figure class=\"wp-caption\">\n\t\t\t\t\t\t\t\t\t\t<img loading=\"lazy\" decoding=\"async\" width=\"800\" height=\"1200\" src=\"https:\/\/simonschoenhoff.de\/wp-content\/uploads\/2021\/04\/2020-10-11-Sasbachwalden_24.jpg\" class=\"attachment-large size-large wp-image-827\" alt srcset=\"https:\/\/simonschoenhoff.de\/wp-content\/uploads\/2021\/04\/2020-10-11-Sasbachwalden_24.jpg 1000w, https:\/\/simonschoenhoff.de\/wp-content\/uploads\/2021\/04\/2020-10-11-Sasbachwalden_24-600x900.jpg 600w\" sizes=\"(max-width: 800px) 100vw, 800px\">\t\t\t\t\t\t\t\t\t\t\t<figcaption class=\"widget-image-caption wp-caption-text\"><\/figcaption>\n\t\t\t\t\t\t\t\t\t\t<\/figure>\n\t\t\t\t\t\t\t\t\t<\/div>\n\t\t\t\t<\/div>\n\t\t\t\t<\/div>\n\t\t\t\t<\/div>\n\t\t\t\t<\/div>\n\t\t\t\t\t<\/div>\n\t\t\t\t<\/div>\n\t\t<div class=\"elementor-element elementor-element-4f2df8f e-flex e-con-boxed e-con e-parent\" data-id=\"4f2df8f\" data-element_type=\"container\" data-e-type=\"container\" data-settings=\"{&quot;background_background&quot;:&quot;classic&quot;}\">\n\t\t\t\t\t<div class=\"e-con-inner\">\n\t\t<div class=\"elementor-element elementor-element-13833fb e-con-full e-flex e-con e-child\" data-id=\"13833fb\" data-element_type=\"container\" data-e-type=\"container\">\n\t\t\t\t<div class=\"elementor-element elementor-element-ae5251e elementor-widget elementor-widget-google_maps\" data-id=\"ae5251e\" data-element_type=\"widget\" data-e-type=\"widget\" data-widget_type=\"google_maps.default\">\n\t\t\t\t<div class=\"elementor-widget-container\">\n\t\t\t\t\t\t\t<div class=\"elementor-custom-embed\">\n\t\t\t<iframe loading=\"lazy\" src=\"https:\/\/maps.google.com\/maps?q=Parkplatz%20Gaish%C3%B6ll%20Wasserf%C3%A4lle%20Murberg&amp;t=m&amp;z=15&amp;output=embed&amp;iwloc=near\" title=\"Parkplatz Gaish\u00f6ll Wasserf\u00e4lle Murberg\" aria-label=\"Parkplatz Gaish\u00f6ll Wasserf\u00e4lle Murberg\"><\/iframe>\n\t\t<\/div>\n\t\t\t\t\t\t<\/div>\n\t\t\t\t<\/div>\n\t\t\t\t<\/div>\n\t\t<div class=\"elementor-element elementor-element-1c12e74 e-con-full e-flex e-con e-child\" data-id=\"1c12e74\" data-element_type=\"container\" data-e-type=\"container\">\n\t\t\t\t<div class=\"elementor-element elementor-element-b5fefc0 elementor-widget elementor-widget-heading\" data-id=\"b5fefc0\" data-element_type=\"widget\" data-e-type=\"widget\" data-widget_type=\"heading.default\">\n\t\t\t\t<div class=\"elementor-widget-container\">\n\t\t\t\t\t<h3 class=\"elementor-heading-title elementor-size-default\">Wo findest du die Gais\u00adh\u00f6ll Wasserf\u00e4lle?<\/h3>\t\t\t\t<\/div>\n\t\t\t\t<\/div>\n\t\t\t\t<div class=\"elementor-element elementor-element-7cf2b1a elementor-widget elementor-widget-text-editor\" data-id=\"7cf2b1a\" data-element_type=\"widget\" data-e-type=\"widget\" data-widget_type=\"text-editor.default\">\n\t\t\t\t<div class=\"elementor-widget-container\">\n\t\t\t\t\t\t\t\t\t<p>Am Besten gibst du in Google Maps \u201ePark\u00adplatz Gais\u00adh\u00f6ll Wasser\u00adf\u00e4lle Murberg\u201c ein. In diesem Fall gelangst du an einen gr\u00f6\u00dferen Park\u00adplatz in Sasbach\u00adwalden von wo ab du die Wasser\u00adf\u00e4lle am Brand\u00adbach hinauf laufen kannst. Gehe also erstmal den Berg hinauf, dann findest du den Einstieg in einer&nbsp;Kurve.<\/p>\n<p>Alter\u00adnativ gibt es auch einen Park\u00adplatz ober\u00adhalb der Wasser\u00adf\u00e4lle, von dem ab ihr hinab zu den Wasser\u00adf\u00e4llen laufen k\u00f6nnt, je nach belieben.<\/p>\t\t\t\t\t\t\t\t<\/div>\n\t\t\t\t<\/div>\n\t\t\t\t<\/div>\n\t\t\t\t\t<\/div>\n\t\t\t\t<\/div>\n\t\t\t\t<\/div>","protected":false},"excerpt":{"rendered":"<p>Tristes, regne\u00adri\u00adsches Herbst\u00adwetter, aber eigent\u00adlich Lust zu Foto\u00adgra\u00adfieren? Kein Problem! Ab in den Wald und bspw. Wasser\u00adf\u00e4lle foto\u00adgra\u00adfieren. In diesem Beitrag stelle ich dir zwei sch\u00f6ne kleine Wasser\u00adf\u00e4lle im Norden des Schwarz\u00adwaldes vor\u2026<\/p>","protected":false},"author":1,"featured_media":8217,"comment_status":"closed","ping_status":"closed","sticky":false,"template":"","format":"standard","meta":{"wp_typography_post_enhancements_disabled":false,"footnotes":""},"categories":[4,53,7],"tags":[86],"class_list":["post-787","post","type-post","status-publish","format-standard","has-post-thumbnail","hentry","category-blog","category-deutschland","category-foto-locations","tag-wasserfall"],"_links":{"self":[{"href":"https:\/\/simonschoenhoff.de\/en\/wp-json\/wp\/v2\/posts\/787","targetHints":{"allow":["GET"]}}],"collection":[{"href":"https:\/\/simonschoenhoff.de\/en\/wp-json\/wp\/v2\/posts"}],"about":[{"href":"https:\/\/simonschoenhoff.de\/en\/wp-json\/wp\/v2\/types\/post"}],"author":[{"embeddable":true,"href":"https:\/\/simonschoenhoff.de\/en\/wp-json\/wp\/v2\/users\/1"}],"replies":[{"embeddable":true,"href":"https:\/\/simonschoenhoff.de\/en\/wp-json\/wp\/v2\/comments?post=787"}],"version-history":[{"count":87,"href":"https:\/\/simonschoenhoff.de\/en\/wp-json\/wp\/v2\/posts\/787\/revisions"}],"predecessor-version":[{"id":10083,"href":"https:\/\/simonschoenhoff.de\/en\/wp-json\/wp\/v2\/posts\/787\/revisions\/10083"}],"wp:featuredmedia":[{"embeddable":true,"href":"https:\/\/simonschoenhoff.de\/en\/wp-json\/wp\/v2\/media\/8217"}],"wp:attachment":[{"href":"https:\/\/simonschoenhoff.de\/en\/wp-json\/wp\/v2\/media?parent=787"}],"wp:term":[{"taxonomy":"category","embeddable":true,"href":"https:\/\/simonschoenhoff.de\/en\/wp-json\/wp\/v2\/categories?post=787"},{"taxonomy":"post_tag","embeddable":true,"href":"https:\/\/simonschoenhoff.de\/en\/wp-json\/wp\/v2\/tags?post=787"}],"curies":[{"name":"wp","href":"https:\/\/api.w.org\/{rel}","templated":true}]}}