{"id":5598,"date":"2022-04-25T08:18:11","date_gmt":"2022-04-25T08:18:11","guid":{"rendered":"https:\/\/simonschoenhoff.de\/?p=5598"},"modified":"2022-12-31T11:08:13","modified_gmt":"2022-12-31T11:08:13","slug":"spots-am-lago-di-como","status":"publish","type":"post","link":"https:\/\/simonschoenhoff.de\/en\/spots-am-lago-di-como\/","title":{"rendered":"Spots am Lago di&nbsp;Como"},"content":{"rendered":"<div data-elementor-type=\"wp-post\" data-elementor-id=\"5598\" class=\"elementor elementor-5598\" data-elementor-post-type=\"post\">\n\t\t\t\t<div class=\"elementor-element elementor-element-008d850 e-flex e-con-boxed e-con e-parent\" data-id=\"008d850\" data-element_type=\"container\" data-e-type=\"container\">\n\t\t\t\t\t<div class=\"e-con-inner\">\n\t\t<div class=\"elementor-element elementor-element-6f8958b e-con-full e-flex e-con e-child\" data-id=\"6f8958b\" data-element_type=\"container\" data-e-type=\"container\">\n\t\t\t\t<div class=\"elementor-element elementor-element-56e58e7 elementor-widget elementor-widget-menu-anchor\" data-id=\"56e58e7\" data-element_type=\"widget\" data-e-type=\"widget\" data-widget_type=\"menu-anchor.default\">\n\t\t\t\t<div class=\"elementor-widget-container\">\n\t\t\t\t\t\t\t<div class=\"elementor-menu-anchor\" id=\"seite\"><\/div>\n\t\t\t\t\t\t<\/div>\n\t\t\t\t<\/div>\n\t\t\t\t<div class=\"elementor-element elementor-element-e2c8cdb elementor-widget elementor-widget-heading\" data-id=\"e2c8cdb\" data-element_type=\"widget\" data-e-type=\"widget\" data-widget_type=\"heading.default\">\n\t\t\t\t<div class=\"elementor-widget-container\">\n\t\t\t\t\t<h2 class=\"elementor-heading-title elementor-size-default\">Spots am Lago di&nbsp;Como<\/h2>\t\t\t\t<\/div>\n\t\t\t\t<\/div>\n\t\t\t\t<div class=\"elementor-element elementor-element-0913997 elementor-widget elementor-widget-heading\" data-id=\"0913997\" data-element_type=\"widget\" data-e-type=\"widget\" data-widget_type=\"heading.default\">\n\t\t\t\t<div class=\"elementor-widget-container\">\n\t\t\t\t\t<h3 class=\"elementor-heading-title elementor-size-default\">Einige Must-Sees am sch\u00f6nsten See italiens<\/h3>\t\t\t\t<\/div>\n\t\t\t\t<\/div>\n\t\t\t\t<div class=\"elementor-element elementor-element-12585df elementor-widget elementor-widget-text-editor\" data-id=\"12585df\" data-element_type=\"widget\" data-e-type=\"widget\" data-widget_type=\"text-editor.default\">\n\t\t\t\t<div class=\"elementor-widget-container\">\n\t\t\t\t\t\t\t\t\t<p style=\"text-align: center;\"><span style=\"font-size: 10pt;\">Gear:<\/span><\/p><p style=\"text-align: center;\"><span style=\"font-size: 10pt;\">Sony a7 III<br>Sony FE 2.8\/16\u201335 mm GM<br>Sony FE 4\/24\u2013105 mm G<br>Sigma 100\u2013400 mm DG DN OS<br>DJI Mavic Air 2<br>DJI Pocket 2<\/span><\/p>\t\t\t\t\t\t\t\t<\/div>\n\t\t\t\t<\/div>\n\t\t\t\t<\/div>\n\t\t\t\t\t<\/div>\n\t\t\t\t<\/div>\n\t\t<div class=\"elementor-element elementor-element-f249f50 e-flex e-con-boxed e-con e-parent\" data-id=\"f249f50\" data-element_type=\"container\" data-e-type=\"container\">\n\t\t\t\t\t<div class=\"e-con-inner\">\n\t\t\t\t<div class=\"elementor-element elementor-element-6f539b6 elementor-invisible elementor-widget elementor-widget-image\" data-id=\"6f539b6\" data-element_type=\"widget\" data-e-type=\"widget\" data-settings=\"{&quot;_animation&quot;:&quot;zoomIn&quot;}\" data-widget_type=\"image.default\">\n\t\t\t\t<div class=\"elementor-widget-container\">\n\t\t\t\t\t\t\t\t\t\t\t\t<figure class=\"wp-caption\">\n\t\t\t\t\t\t\t\t\t\t<img fetchpriority=\"high\" decoding=\"async\" width=\"2000\" height=\"667\" src=\"https:\/\/simonschoenhoff.de\/wp-content\/uploads\/2022\/04\/2021-08-13-Lugano-und-Abend-in-Varenna_1.jpg\" class=\"attachment-full size-full wp-image-5531\" alt srcset=\"https:\/\/simonschoenhoff.de\/wp-content\/uploads\/2022\/04\/2021-08-13-Lugano-und-Abend-in-Varenna_1.jpg 2000w, https:\/\/simonschoenhoff.de\/wp-content\/uploads\/2022\/04\/2021-08-13-Lugano-und-Abend-in-Varenna_1-1200x400.jpg 1200w, https:\/\/simonschoenhoff.de\/wp-content\/uploads\/2022\/04\/2021-08-13-Lugano-und-Abend-in-Varenna_1-300x100.jpg 300w, https:\/\/simonschoenhoff.de\/wp-content\/uploads\/2022\/04\/2021-08-13-Lugano-und-Abend-in-Varenna_1-1024x342.jpg 1024w, https:\/\/simonschoenhoff.de\/wp-content\/uploads\/2022\/04\/2021-08-13-Lugano-und-Abend-in-Varenna_1-768x256.jpg 768w, https:\/\/simonschoenhoff.de\/wp-content\/uploads\/2022\/04\/2021-08-13-Lugano-und-Abend-in-Varenna_1-1536x512.jpg 1536w, https:\/\/simonschoenhoff.de\/wp-content\/uploads\/2022\/04\/2021-08-13-Lugano-und-Abend-in-Varenna_1-600x200.jpg 600w\" sizes=\"(max-width: 2000px) 100vw, 2000px\">\t\t\t\t\t\t\t\t\t\t\t<figcaption class=\"widget-image-caption wp-caption-text\">Varenna | 84 mm, \/9, 1\/200 Sek., ISO&nbsp;200<\/figcaption>\n\t\t\t\t\t\t\t\t\t\t<\/figure>\n\t\t\t\t\t\t\t\t\t<\/div>\n\t\t\t\t<\/div>\n\t\t\t\t<div class=\"elementor-element elementor-element-576846f elementor-widget elementor-widget-text-editor\" data-id=\"576846f\" data-element_type=\"widget\" data-e-type=\"widget\" data-widget_type=\"text-editor.default\">\n\t\t\t\t<div class=\"elementor-widget-container\">\n\t\t\t\t\t\t\t\t\t<p>In unserem letzt\u00adj\u00e4h\u00adrigen Urlaub verschlug es uns auch einige Tage an den para\u00addie\u00adsi\u00adschen Lago di Como, den Comer See in Nord\u00adita\u00adlien. W\u00e4hrend unseres Aufent\u00adhaltes konnte ich einige wirk\u00adlich foto\u00adgene Orte ausfindig machen.<\/p>\t\t\t\t\t\t\t\t<\/div>\n\t\t\t\t<\/div>\n\t\t\t\t<div class=\"elementor-element elementor-element-415fd23 elementor-widget elementor-widget-text-editor\" data-id=\"415fd23\" data-element_type=\"widget\" data-e-type=\"widget\" data-widget_type=\"text-editor.default\">\n\t\t\t\t<div class=\"elementor-widget-container\">\n\t\t\t\t\t\t\t\t\t<p>Die Fahrt f\u00fchrte uns \u00fcber den Luganer See hin nach Menaggio, von wo aus wir den Comer See mit der F\u00e4hre in Rich\u00adtung unserer Feri\u00aden\u00adwoh\u00adnung in Varenna \u00fcber\u00adquerten. Das Fahren mit der F\u00e4hre funk\u00adtio\u00adnierte unkom\u00adpli\u00adziert und schnell, meist ohne gro\u00dfe Wartezeit.<\/p>\t\t\t\t\t\t\t\t<\/div>\n\t\t\t\t<\/div>\n\t\t\t\t<div class=\"elementor-element elementor-element-a716293 elementor-invisible elementor-widget elementor-widget-image\" data-id=\"a716293\" data-element_type=\"widget\" data-e-type=\"widget\" data-settings=\"{&quot;_animation&quot;:&quot;zoomIn&quot;}\" data-widget_type=\"image.default\">\n\t\t\t\t<div class=\"elementor-widget-container\">\n\t\t\t\t\t\t\t\t\t\t\t\t<figure class=\"wp-caption\">\n\t\t\t\t\t\t\t\t\t\t<img decoding=\"async\" width=\"2000\" height=\"1250\" src=\"https:\/\/simonschoenhoff.de\/wp-content\/uploads\/2022\/04\/2021-08-13-Lugano-und-Abend-in-Varenna_2.jpg\" class=\"attachment-full size-full wp-image-5532\" alt srcset=\"https:\/\/simonschoenhoff.de\/wp-content\/uploads\/2022\/04\/2021-08-13-Lugano-und-Abend-in-Varenna_2.jpg 2000w, https:\/\/simonschoenhoff.de\/wp-content\/uploads\/2022\/04\/2021-08-13-Lugano-und-Abend-in-Varenna_2-1200x750.jpg 1200w, https:\/\/simonschoenhoff.de\/wp-content\/uploads\/2022\/04\/2021-08-13-Lugano-und-Abend-in-Varenna_2-300x188.jpg 300w, https:\/\/simonschoenhoff.de\/wp-content\/uploads\/2022\/04\/2021-08-13-Lugano-und-Abend-in-Varenna_2-1024x640.jpg 1024w, https:\/\/simonschoenhoff.de\/wp-content\/uploads\/2022\/04\/2021-08-13-Lugano-und-Abend-in-Varenna_2-768x480.jpg 768w, https:\/\/simonschoenhoff.de\/wp-content\/uploads\/2022\/04\/2021-08-13-Lugano-und-Abend-in-Varenna_2-1536x960.jpg 1536w, https:\/\/simonschoenhoff.de\/wp-content\/uploads\/2022\/04\/2021-08-13-Lugano-und-Abend-in-Varenna_2-600x375.jpg 600w\" sizes=\"(max-width: 2000px) 100vw, 2000px\">\t\t\t\t\t\t\t\t\t\t\t<figcaption class=\"widget-image-caption wp-caption-text\">Lago di Como | 74 mm, f\/9, 1\/400 Sek., ISO&nbsp;100<\/figcaption>\n\t\t\t\t\t\t\t\t\t\t<\/figure>\n\t\t\t\t\t\t\t\t\t<\/div>\n\t\t\t\t<\/div>\n\t\t\t\t<div class=\"elementor-element elementor-element-2b7d54e elementor-widget elementor-widget-text-editor\" data-id=\"2b7d54e\" data-element_type=\"widget\" data-e-type=\"widget\" data-widget_type=\"text-editor.default\">\n\t\t\t\t<div class=\"elementor-widget-container\">\n\t\t\t\t\t\t\t\t\t<p>Wer einige Tage in einem der Orte Varenna, Bell\u00adagio oder Menaggio verbringt, dem empfehle ich sehr auch mal ein Tages\u00adti\u00adcket zu kaufen. Mit diesem kann man den ganzen zentralen Teil von der Villa Balbia\u00adnello bis Menaggio und weiter abfahren und immer wieder aus und wieder einsteigen.<\/p>\t\t\t\t\t\t\t\t<\/div>\n\t\t\t\t<\/div>\n\t\t\t\t\t<\/div>\n\t\t\t\t<\/div>\n\t\t<div class=\"elementor-element elementor-element-ceb8185 e-flex e-con-boxed e-con e-parent\" data-id=\"ceb8185\" data-element_type=\"container\" data-e-type=\"container\">\n\t\t\t\t\t<div class=\"e-con-inner\">\n\t\t\t\t<div class=\"elementor-element elementor-element-74c2724 elementor-widget elementor-widget-heading\" data-id=\"74c2724\" data-element_type=\"widget\" data-e-type=\"widget\" data-widget_type=\"heading.default\">\n\t\t\t\t<div class=\"elementor-widget-container\">\n\t\t\t\t\t<h3 class=\"elementor-heading-title elementor-size-default\">Varenna<\/h3>\t\t\t\t<\/div>\n\t\t\t\t<\/div>\n\t\t\t\t<div class=\"elementor-element elementor-element-1061649 elementor-invisible elementor-widget elementor-widget-image\" data-id=\"1061649\" data-element_type=\"widget\" data-e-type=\"widget\" data-settings=\"{&quot;_animation&quot;:&quot;zoomIn&quot;}\" data-widget_type=\"image.default\">\n\t\t\t\t<div class=\"elementor-widget-container\">\n\t\t\t\t\t\t\t\t\t\t\t\t<figure class=\"wp-caption\">\n\t\t\t\t\t\t\t\t\t\t<img decoding=\"async\" width=\"1600\" height=\"2000\" src=\"https:\/\/simonschoenhoff.de\/wp-content\/uploads\/2022\/04\/2021-08-13-Lugano-und-Abend-in-Varenna_3.jpg\" class=\"attachment-full size-full wp-image-5533\" alt srcset=\"https:\/\/simonschoenhoff.de\/wp-content\/uploads\/2022\/04\/2021-08-13-Lugano-und-Abend-in-Varenna_3.jpg 1600w, https:\/\/simonschoenhoff.de\/wp-content\/uploads\/2022\/04\/2021-08-13-Lugano-und-Abend-in-Varenna_3-1200x1500.jpg 1200w, https:\/\/simonschoenhoff.de\/wp-content\/uploads\/2022\/04\/2021-08-13-Lugano-und-Abend-in-Varenna_3-240x300.jpg 240w, https:\/\/simonschoenhoff.de\/wp-content\/uploads\/2022\/04\/2021-08-13-Lugano-und-Abend-in-Varenna_3-819x1024.jpg 819w, https:\/\/simonschoenhoff.de\/wp-content\/uploads\/2022\/04\/2021-08-13-Lugano-und-Abend-in-Varenna_3-768x960.jpg 768w, https:\/\/simonschoenhoff.de\/wp-content\/uploads\/2022\/04\/2021-08-13-Lugano-und-Abend-in-Varenna_3-1229x1536.jpg 1229w, https:\/\/simonschoenhoff.de\/wp-content\/uploads\/2022\/04\/2021-08-13-Lugano-und-Abend-in-Varenna_3-600x750.jpg 600w\" sizes=\"(max-width: 1600px) 100vw, 1600px\">\t\t\t\t\t\t\t\t\t\t\t<figcaption class=\"widget-image-caption wp-caption-text\">Efeu\u00adwand | 69 mm, f\/9, 1\/160 Sek., ISO&nbsp;100<\/figcaption>\n\t\t\t\t\t\t\t\t\t\t<\/figure>\n\t\t\t\t\t\t\t\t\t<\/div>\n\t\t\t\t<\/div>\n\t\t\t\t<div class=\"elementor-element elementor-element-051189c elementor-widget elementor-widget-text-editor\" data-id=\"051189c\" data-element_type=\"widget\" data-e-type=\"widget\" data-widget_type=\"text-editor.default\">\n\t\t\t\t<div class=\"elementor-widget-container\">\n\t\t\t\t\t\t\t\t\t<p>Gl\u00fcck\u00adli\u00adcher\u00adweise bezogen wir als unseren Aufent\u00adhaltsort eine zentral gele\u00adgene Wohnung in Varenna, einen der wohl sch\u00f6nsten Orte am Comer See. So konnten wir, trotz unserer Ankunft in den sp\u00e4ten Nach\u00admit\u00adtags\u00adstunden noch einen gem\u00fct\u00adli\u00adchen Spazier\u00adgang durch das Ort und entlang der Hafen\u00adpro\u00adme\u00adnade unternehmen.<\/p>\t\t\t\t\t\t\t\t<\/div>\n\t\t\t\t<\/div>\n\t\t\t\t<div class=\"elementor-element elementor-element-cdac62c elementor-invisible elementor-widget elementor-widget-image\" data-id=\"cdac62c\" data-element_type=\"widget\" data-e-type=\"widget\" data-settings=\"{&quot;_animation&quot;:&quot;zoomIn&quot;}\" data-widget_type=\"image.default\">\n\t\t\t\t<div class=\"elementor-widget-container\">\n\t\t\t\t\t\t\t\t\t\t\t\t<figure class=\"wp-caption\">\n\t\t\t\t\t\t\t\t\t\t<img loading=\"lazy\" decoding=\"async\" width=\"2000\" height=\"1333\" src=\"https:\/\/simonschoenhoff.de\/wp-content\/uploads\/2022\/04\/2021-08-13-Lugano-und-Abend-in-Varenna_4.jpg\" class=\"attachment-full size-full wp-image-5534\" alt srcset=\"https:\/\/simonschoenhoff.de\/wp-content\/uploads\/2022\/04\/2021-08-13-Lugano-und-Abend-in-Varenna_4.jpg 2000w, https:\/\/simonschoenhoff.de\/wp-content\/uploads\/2022\/04\/2021-08-13-Lugano-und-Abend-in-Varenna_4-1200x800.jpg 1200w, https:\/\/simonschoenhoff.de\/wp-content\/uploads\/2022\/04\/2021-08-13-Lugano-und-Abend-in-Varenna_4-300x200.jpg 300w, https:\/\/simonschoenhoff.de\/wp-content\/uploads\/2022\/04\/2021-08-13-Lugano-und-Abend-in-Varenna_4-1024x682.jpg 1024w, https:\/\/simonschoenhoff.de\/wp-content\/uploads\/2022\/04\/2021-08-13-Lugano-und-Abend-in-Varenna_4-768x512.jpg 768w, https:\/\/simonschoenhoff.de\/wp-content\/uploads\/2022\/04\/2021-08-13-Lugano-und-Abend-in-Varenna_4-1536x1024.jpg 1536w, https:\/\/simonschoenhoff.de\/wp-content\/uploads\/2022\/04\/2021-08-13-Lugano-und-Abend-in-Varenna_4-600x400.jpg 600w\" sizes=\"(max-width: 2000px) 100vw, 2000px\">\t\t\t\t\t\t\t\t\t\t\t<figcaption class=\"widget-image-caption wp-caption-text\">Villa an der Hafen\u00adpro\u00adme\u00adnade von Varenna am Abend | 105 mm, f\/5.6, 1\/500 Sek., ISO&nbsp;100&nbsp;<\/figcaption>\n\t\t\t\t\t\t\t\t\t\t<\/figure>\n\t\t\t\t\t\t\t\t\t<\/div>\n\t\t\t\t<\/div>\n\t\t<div class=\"elementor-element elementor-element-6b8bbb8 e-flex e-con-boxed e-con e-child\" data-id=\"6b8bbb8\" data-element_type=\"container\" data-e-type=\"container\">\n\t\t\t\t\t<div class=\"e-con-inner\">\n\t\t<div class=\"elementor-element elementor-element-a6862f8 e-flex e-con-boxed e-con e-child\" data-id=\"a6862f8\" data-element_type=\"container\" data-e-type=\"container\">\n\t\t\t\t\t<div class=\"e-con-inner\">\n\t\t<div class=\"elementor-element elementor-element-4367d11 e-flex e-con-boxed e-con e-child\" data-id=\"4367d11\" data-element_type=\"container\" data-e-type=\"container\">\n\t\t\t\t\t<div class=\"e-con-inner\">\n\t\t\t\t<div class=\"elementor-element elementor-element-9901438 elementor-invisible elementor-widget elementor-widget-image\" data-id=\"9901438\" data-element_type=\"widget\" data-e-type=\"widget\" data-settings=\"{&quot;_animation&quot;:&quot;zoomIn&quot;}\" data-widget_type=\"image.default\">\n\t\t\t\t<div class=\"elementor-widget-container\">\n\t\t\t\t\t\t\t\t\t\t\t\t<figure class=\"wp-caption\">\n\t\t\t\t\t\t\t\t\t\t<img loading=\"lazy\" decoding=\"async\" width=\"2000\" height=\"1333\" src=\"https:\/\/simonschoenhoff.de\/wp-content\/uploads\/2022\/04\/2021-08-13-Lugano-und-Abend-in-Varenna_5.jpg\" class=\"attachment-full size-full wp-image-5535\" alt srcset=\"https:\/\/simonschoenhoff.de\/wp-content\/uploads\/2022\/04\/2021-08-13-Lugano-und-Abend-in-Varenna_5.jpg 2000w, https:\/\/simonschoenhoff.de\/wp-content\/uploads\/2022\/04\/2021-08-13-Lugano-und-Abend-in-Varenna_5-1200x800.jpg 1200w, https:\/\/simonschoenhoff.de\/wp-content\/uploads\/2022\/04\/2021-08-13-Lugano-und-Abend-in-Varenna_5-300x200.jpg 300w, https:\/\/simonschoenhoff.de\/wp-content\/uploads\/2022\/04\/2021-08-13-Lugano-und-Abend-in-Varenna_5-1024x682.jpg 1024w, https:\/\/simonschoenhoff.de\/wp-content\/uploads\/2022\/04\/2021-08-13-Lugano-und-Abend-in-Varenna_5-768x512.jpg 768w, https:\/\/simonschoenhoff.de\/wp-content\/uploads\/2022\/04\/2021-08-13-Lugano-und-Abend-in-Varenna_5-1536x1024.jpg 1536w, https:\/\/simonschoenhoff.de\/wp-content\/uploads\/2022\/04\/2021-08-13-Lugano-und-Abend-in-Varenna_5-600x400.jpg 600w\" sizes=\"(max-width: 2000px) 100vw, 2000px\">\t\t\t\t\t\t\t\t\t\t\t<figcaption class=\"widget-image-caption wp-caption-text\">Shades | 400 mm, f\/6.3, 1\/1600 Sek. ISO&nbsp;100<\/figcaption>\n\t\t\t\t\t\t\t\t\t\t<\/figure>\n\t\t\t\t\t\t\t\t\t<\/div>\n\t\t\t\t<\/div>\n\t\t\t\t<div class=\"elementor-element elementor-element-6bf8c1e elementor-invisible elementor-widget elementor-widget-image\" data-id=\"6bf8c1e\" data-element_type=\"widget\" data-e-type=\"widget\" data-settings=\"{&quot;_animation&quot;:&quot;zoomIn&quot;}\" data-widget_type=\"image.default\">\n\t\t\t\t<div class=\"elementor-widget-container\">\n\t\t\t\t\t\t\t\t\t\t\t\t<figure class=\"wp-caption\">\n\t\t\t\t\t\t\t\t\t\t<img loading=\"lazy\" decoding=\"async\" width=\"2000\" height=\"1333\" src=\"https:\/\/simonschoenhoff.de\/wp-content\/uploads\/2022\/04\/2021-08-14-Villa-Monestero-und-Varenna_6.jpg\" class=\"attachment-full size-full wp-image-5536\" alt srcset=\"https:\/\/simonschoenhoff.de\/wp-content\/uploads\/2022\/04\/2021-08-14-Villa-Monestero-und-Varenna_6.jpg 2000w, https:\/\/simonschoenhoff.de\/wp-content\/uploads\/2022\/04\/2021-08-14-Villa-Monestero-und-Varenna_6-1200x800.jpg 1200w, https:\/\/simonschoenhoff.de\/wp-content\/uploads\/2022\/04\/2021-08-14-Villa-Monestero-und-Varenna_6-300x200.jpg 300w, https:\/\/simonschoenhoff.de\/wp-content\/uploads\/2022\/04\/2021-08-14-Villa-Monestero-und-Varenna_6-1024x682.jpg 1024w, https:\/\/simonschoenhoff.de\/wp-content\/uploads\/2022\/04\/2021-08-14-Villa-Monestero-und-Varenna_6-768x512.jpg 768w, https:\/\/simonschoenhoff.de\/wp-content\/uploads\/2022\/04\/2021-08-14-Villa-Monestero-und-Varenna_6-1536x1024.jpg 1536w, https:\/\/simonschoenhoff.de\/wp-content\/uploads\/2022\/04\/2021-08-14-Villa-Monestero-und-Varenna_6-600x400.jpg 600w\" sizes=\"(max-width: 2000px) 100vw, 2000px\">\t\t\t\t\t\t\t\t\t\t\t<figcaption class=\"widget-image-caption wp-caption-text\">Gipfel am Comer See | 263 mm, f\/6.3, 1\/1600 Sek. ISO&nbsp;3200<\/figcaption>\n\t\t\t\t\t\t\t\t\t\t<\/figure>\n\t\t\t\t\t\t\t\t\t<\/div>\n\t\t\t\t<\/div>\n\t\t\t\t\t<\/div>\n\t\t\t\t<\/div>\n\t\t\t\t\t<\/div>\n\t\t\t\t<\/div>\n\t\t\t\t\t<\/div>\n\t\t\t\t<\/div>\n\t\t\t\t<div class=\"elementor-element elementor-element-ae7909d elementor-widget elementor-widget-text-editor\" data-id=\"ae7909d\" data-element_type=\"widget\" data-e-type=\"widget\" data-widget_type=\"text-editor.default\">\n\t\t\t\t<div class=\"elementor-widget-container\">\n\t\t\t\t\t\t\t\t\t<p>Das warme Wetter und eine Eisdiele direkt am Wasser luden auf ein Eis ein. Die unter\u00adge\u00adhende Sonne tauchte die Umge\u00adbung in wunder\u00advoll goldenes Licht und ich konnte erste Ideen f\u00fcr Foto\u00admo\u00adtive f\u00fcr die n\u00e4chsten Tage sammeln.<\/p>\t\t\t\t\t\t\t\t<\/div>\n\t\t\t\t<\/div>\n\t\t\t\t\t<\/div>\n\t\t\t\t<\/div>\n\t\t<div class=\"elementor-element elementor-element-4de1713 e-flex e-con-boxed e-con e-parent\" data-id=\"4de1713\" data-element_type=\"container\" data-e-type=\"container\">\n\t\t\t\t\t<div class=\"e-con-inner\">\n\t\t\t\t<div class=\"elementor-element elementor-element-e25f403 elementor-widget elementor-widget-heading\" data-id=\"e25f403\" data-element_type=\"widget\" data-e-type=\"widget\" data-widget_type=\"heading.default\">\n\t\t\t\t<div class=\"elementor-widget-container\">\n\t\t\t\t\t<h3 class=\"elementor-heading-title elementor-size-default\">Villa Monas\u00adtero<\/h3>\t\t\t\t<\/div>\n\t\t\t\t<\/div>\n\t\t\t\t<div class=\"elementor-element elementor-element-85a6d9a elementor-widget elementor-widget-text-editor\" data-id=\"85a6d9a\" data-element_type=\"widget\" data-e-type=\"widget\" data-widget_type=\"text-editor.default\">\n\t\t\t\t<div class=\"elementor-widget-container\">\n\t\t\t\t\t\t\t\t\t<p>Nach einer erhol\u00adsamen Nacht, besuchten wir eine der Haupt\u00adat\u00adtrak\u00adtionen (neben dem Ort selbst und seiner tollen Hafen\u00adpro\u00adme\u00adnade), die Villa Monas\u00adtero. F\u00fcr einen Eintritts\u00adpreis von 6\u20ac pro Person, kann man hier im Garten schon einige Zeit verbringen und sich die tollen Pflanzen und liebe\u00advoll ange\u00adlegten Wege anschauen und den Blick \u00fcber den See genie\u00dfen. Gegen 3\u20ac Aufpreis hat man sogar noch die M\u00f6glich\u00adkeit das Museum im Garten anzu\u00adschauen. Dort gibt es neben allerlei Antiker Gem\u00e4lde und M\u00f6bel den Luxus des ehema\u00adligen Besitzer zu sehen. Wer Inter\u00adesse an solchen Dingen hat, sollte sich das nicht entgehen lassen.<\/p>\t\t\t\t\t\t\t\t<\/div>\n\t\t\t\t<\/div>\n\t\t\t\t<div class=\"elementor-element elementor-element-fd42df6 elementor-widget elementor-widget-text-editor\" data-id=\"fd42df6\" data-element_type=\"widget\" data-e-type=\"widget\" data-widget_type=\"text-editor.default\">\n\t\t\t\t<div class=\"elementor-widget-container\">\n\t\t\t\t\t\t\t\t\t<p>Ich f\u00fcr meinen Teil bin eher der Natur\u00adlieb\u00adhaber, weshalb mir der Garten mit seinen Pflanzen schon deut\u00adlich besser gefiel, als das Museum.<\/p>\t\t\t\t\t\t\t\t<\/div>\n\t\t\t\t<\/div>\n\t\t<div class=\"elementor-element elementor-element-06c89db e-flex e-con-boxed e-con e-child\" data-id=\"06c89db\" data-element_type=\"container\" data-e-type=\"container\">\n\t\t\t\t\t<div class=\"e-con-inner\">\n\t\t\t\t<div class=\"elementor-element elementor-element-985111c elementor-invisible elementor-widget elementor-widget-image\" data-id=\"985111c\" data-element_type=\"widget\" data-e-type=\"widget\" data-settings=\"{&quot;_animation&quot;:&quot;zoomIn&quot;}\" data-widget_type=\"image.default\">\n\t\t\t\t<div class=\"elementor-widget-container\">\n\t\t\t\t\t\t\t\t\t\t\t\t<figure class=\"wp-caption\">\n\t\t\t\t\t\t\t\t\t\t<img loading=\"lazy\" decoding=\"async\" width=\"2000\" height=\"1333\" src=\"https:\/\/simonschoenhoff.de\/wp-content\/uploads\/2022\/04\/2021-08-14-Villa-Monestero-und-Varenna_8.jpg\" class=\"attachment-full size-full wp-image-5538\" alt srcset=\"https:\/\/simonschoenhoff.de\/wp-content\/uploads\/2022\/04\/2021-08-14-Villa-Monestero-und-Varenna_8.jpg 2000w, https:\/\/simonschoenhoff.de\/wp-content\/uploads\/2022\/04\/2021-08-14-Villa-Monestero-und-Varenna_8-1200x800.jpg 1200w, https:\/\/simonschoenhoff.de\/wp-content\/uploads\/2022\/04\/2021-08-14-Villa-Monestero-und-Varenna_8-300x200.jpg 300w, https:\/\/simonschoenhoff.de\/wp-content\/uploads\/2022\/04\/2021-08-14-Villa-Monestero-und-Varenna_8-1024x682.jpg 1024w, https:\/\/simonschoenhoff.de\/wp-content\/uploads\/2022\/04\/2021-08-14-Villa-Monestero-und-Varenna_8-768x512.jpg 768w, https:\/\/simonschoenhoff.de\/wp-content\/uploads\/2022\/04\/2021-08-14-Villa-Monestero-und-Varenna_8-1536x1024.jpg 1536w, https:\/\/simonschoenhoff.de\/wp-content\/uploads\/2022\/04\/2021-08-14-Villa-Monestero-und-Varenna_8-600x400.jpg 600w\" sizes=\"(max-width: 2000px) 100vw, 2000px\">\t\t\t\t\t\t\t\t\t\t\t<figcaption class=\"widget-image-caption wp-caption-text\">Villa Monas\u00adtero | 37 mm, f\/13, 1\/80 Sek., ISO&nbsp;250<\/figcaption>\n\t\t\t\t\t\t\t\t\t\t<\/figure>\n\t\t\t\t\t\t\t\t\t<\/div>\n\t\t\t\t<\/div>\n\t\t\t\t<div class=\"elementor-element elementor-element-807b8b9 elementor-widget__width-initial elementor-invisible elementor-widget elementor-widget-image\" data-id=\"807b8b9\" data-element_type=\"widget\" data-e-type=\"widget\" data-settings=\"{&quot;_animation&quot;:&quot;zoomIn&quot;}\" data-widget_type=\"image.default\">\n\t\t\t\t<div class=\"elementor-widget-container\">\n\t\t\t\t\t\t\t\t\t\t\t\t<figure class=\"wp-caption\">\n\t\t\t\t\t\t\t\t\t\t<img loading=\"lazy\" decoding=\"async\" width=\"2000\" height=\"1125\" src=\"https:\/\/simonschoenhoff.de\/wp-content\/uploads\/2022\/04\/2021-08-14-Villa-Monestero-und-Varenna_7.jpg\" class=\"attachment-full size-full wp-image-5537\" alt srcset=\"https:\/\/simonschoenhoff.de\/wp-content\/uploads\/2022\/04\/2021-08-14-Villa-Monestero-und-Varenna_7.jpg 2000w, https:\/\/simonschoenhoff.de\/wp-content\/uploads\/2022\/04\/2021-08-14-Villa-Monestero-und-Varenna_7-1200x675.jpg 1200w, https:\/\/simonschoenhoff.de\/wp-content\/uploads\/2022\/04\/2021-08-14-Villa-Monestero-und-Varenna_7-300x169.jpg 300w, https:\/\/simonschoenhoff.de\/wp-content\/uploads\/2022\/04\/2021-08-14-Villa-Monestero-und-Varenna_7-1024x576.jpg 1024w, https:\/\/simonschoenhoff.de\/wp-content\/uploads\/2022\/04\/2021-08-14-Villa-Monestero-und-Varenna_7-768x432.jpg 768w, https:\/\/simonschoenhoff.de\/wp-content\/uploads\/2022\/04\/2021-08-14-Villa-Monestero-und-Varenna_7-1536x864.jpg 1536w, https:\/\/simonschoenhoff.de\/wp-content\/uploads\/2022\/04\/2021-08-14-Villa-Monestero-und-Varenna_7-600x338.jpg 600w\" sizes=\"(max-width: 2000px) 100vw, 2000px\">\t\t\t\t\t\t\t\t\t\t\t<figcaption class=\"widget-image-caption wp-caption-text\">Morgen\u00adszene an der Villa Monas\u00adtero | 3.2 mm, f\/1.8, 1\/100 Sek. ISO 100 (Aufge\u00adnommen mit der DJI Pocket 2)<\/figcaption>\n\t\t\t\t\t\t\t\t\t\t<\/figure>\n\t\t\t\t\t\t\t\t\t<\/div>\n\t\t\t\t<\/div>\n\t\t\t\t\t<\/div>\n\t\t\t\t<\/div>\n\t\t<div class=\"elementor-element elementor-element-055dbd7 e-flex e-con-boxed e-con e-child\" data-id=\"055dbd7\" data-element_type=\"container\" data-e-type=\"container\">\n\t\t\t\t\t<div class=\"e-con-inner\">\n\t\t\t\t<div class=\"elementor-element elementor-element-a3beb65 elementor-widget__width-initial elementor-invisible elementor-widget elementor-widget-image\" data-id=\"a3beb65\" data-element_type=\"widget\" data-e-type=\"widget\" data-settings=\"{&quot;_animation&quot;:&quot;zoomIn&quot;}\" data-widget_type=\"image.default\">\n\t\t\t\t<div class=\"elementor-widget-container\">\n\t\t\t\t\t\t\t\t\t\t\t\t<figure class=\"wp-caption\">\n\t\t\t\t\t\t\t\t\t\t<img loading=\"lazy\" decoding=\"async\" width=\"2000\" height=\"1333\" src=\"https:\/\/simonschoenhoff.de\/wp-content\/uploads\/2022\/04\/2021-08-14-Villa-Monestero-und-Varenna_10.jpg\" class=\"attachment-full size-full wp-image-5540\" alt srcset=\"https:\/\/simonschoenhoff.de\/wp-content\/uploads\/2022\/04\/2021-08-14-Villa-Monestero-und-Varenna_10.jpg 2000w, https:\/\/simonschoenhoff.de\/wp-content\/uploads\/2022\/04\/2021-08-14-Villa-Monestero-und-Varenna_10-1200x800.jpg 1200w, https:\/\/simonschoenhoff.de\/wp-content\/uploads\/2022\/04\/2021-08-14-Villa-Monestero-und-Varenna_10-300x200.jpg 300w, https:\/\/simonschoenhoff.de\/wp-content\/uploads\/2022\/04\/2021-08-14-Villa-Monestero-und-Varenna_10-1024x682.jpg 1024w, https:\/\/simonschoenhoff.de\/wp-content\/uploads\/2022\/04\/2021-08-14-Villa-Monestero-und-Varenna_10-768x512.jpg 768w, https:\/\/simonschoenhoff.de\/wp-content\/uploads\/2022\/04\/2021-08-14-Villa-Monestero-und-Varenna_10-1536x1024.jpg 1536w, https:\/\/simonschoenhoff.de\/wp-content\/uploads\/2022\/04\/2021-08-14-Villa-Monestero-und-Varenna_10-600x400.jpg 600w\" sizes=\"(max-width: 2000px) 100vw, 2000px\">\t\t\t\t\t\t\t\t\t\t\t<figcaption class=\"widget-image-caption wp-caption-text\">Sitz\u00adge\u00adle\u00adgen\u00adheit am Comer See | 26 mm, f\/4, 1\/160 Sek., ISO&nbsp;100<\/figcaption>\n\t\t\t\t\t\t\t\t\t\t<\/figure>\n\t\t\t\t\t\t\t\t\t<\/div>\n\t\t\t\t<\/div>\n\t\t\t\t<div class=\"elementor-element elementor-element-58e78b2 elementor-invisible elementor-widget elementor-widget-image\" data-id=\"58e78b2\" data-element_type=\"widget\" data-e-type=\"widget\" data-settings=\"{&quot;_animation&quot;:&quot;zoomIn&quot;}\" data-widget_type=\"image.default\">\n\t\t\t\t<div class=\"elementor-widget-container\">\n\t\t\t\t\t\t\t\t\t\t\t\t<figure class=\"wp-caption\">\n\t\t\t\t\t\t\t\t\t\t<img loading=\"lazy\" decoding=\"async\" width=\"1333\" height=\"2000\" src=\"https:\/\/simonschoenhoff.de\/wp-content\/uploads\/2022\/04\/2021-08-14-Villa-Monestero-und-Varenna_9.jpg\" class=\"attachment-full size-full wp-image-5539\" alt srcset=\"https:\/\/simonschoenhoff.de\/wp-content\/uploads\/2022\/04\/2021-08-14-Villa-Monestero-und-Varenna_9.jpg 1333w, https:\/\/simonschoenhoff.de\/wp-content\/uploads\/2022\/04\/2021-08-14-Villa-Monestero-und-Varenna_9-1200x1800.jpg 1200w, https:\/\/simonschoenhoff.de\/wp-content\/uploads\/2022\/04\/2021-08-14-Villa-Monestero-und-Varenna_9-200x300.jpg 200w, https:\/\/simonschoenhoff.de\/wp-content\/uploads\/2022\/04\/2021-08-14-Villa-Monestero-und-Varenna_9-682x1024.jpg 682w, https:\/\/simonschoenhoff.de\/wp-content\/uploads\/2022\/04\/2021-08-14-Villa-Monestero-und-Varenna_9-768x1152.jpg 768w, https:\/\/simonschoenhoff.de\/wp-content\/uploads\/2022\/04\/2021-08-14-Villa-Monestero-und-Varenna_9-1024x1536.jpg 1024w, https:\/\/simonschoenhoff.de\/wp-content\/uploads\/2022\/04\/2021-08-14-Villa-Monestero-und-Varenna_9-600x900.jpg 600w\" sizes=\"(max-width: 1333px) 100vw, 1333px\">\t\t\t\t\t\t\t\t\t\t\t<figcaption class=\"widget-image-caption wp-caption-text\">Muse\u00adums\u00adfas\u00adsade | 103 mm, f\/4, 1\/250 Sek., ISO&nbsp;320<\/figcaption>\n\t\t\t\t\t\t\t\t\t\t<\/figure>\n\t\t\t\t\t\t\t\t\t<\/div>\n\t\t\t\t<\/div>\n\t\t\t\t\t<\/div>\n\t\t\t\t<\/div>\n\t\t\t\t<div class=\"elementor-element elementor-element-37f7e65 elementor-widget elementor-widget-text-editor\" data-id=\"37f7e65\" data-element_type=\"widget\" data-e-type=\"widget\" data-widget_type=\"text-editor.default\">\n\t\t\t\t<div class=\"elementor-widget-container\">\n\t\t\t\t\t\t\t\t\t<p>Neben einer Viel\u00adzahl an toll ange\u00adlegten Blumen\u00adbeeten, gibt es auch einige exoti\u00adsche Pflanzen zu bewun\u00addern. Ein alter Baum hatte es mir beson\u00adders angetan. die Rinde und auch sein Stamm waren ganz beson\u00adders geformt, weshalb ich eine Detail\u00adauf\u00adnahme anfertigte.&nbsp;<\/p>\t\t\t\t\t\t\t\t<\/div>\n\t\t\t\t<\/div>\n\t\t<div class=\"elementor-element elementor-element-7e46e4f e-con-full e-flex e-con e-child\" data-id=\"7e46e4f\" data-element_type=\"container\" data-e-type=\"container\">\n\t\t\t\t<div class=\"elementor-element elementor-element-f8841c2 elementor-invisible elementor-widget elementor-widget-image\" data-id=\"f8841c2\" data-element_type=\"widget\" data-e-type=\"widget\" data-settings=\"{&quot;_animation&quot;:&quot;zoomIn&quot;}\" data-widget_type=\"image.default\">\n\t\t\t\t<div class=\"elementor-widget-container\">\n\t\t\t\t\t\t\t\t\t\t\t\t<figure class=\"wp-caption\">\n\t\t\t\t\t\t\t\t\t\t<img loading=\"lazy\" decoding=\"async\" width=\"1333\" height=\"2000\" src=\"https:\/\/simonschoenhoff.de\/wp-content\/uploads\/2022\/04\/2021-08-14-Villa-Monestero-und-Varenna_11.jpg\" class=\"attachment-full size-full wp-image-5541\" alt srcset=\"https:\/\/simonschoenhoff.de\/wp-content\/uploads\/2022\/04\/2021-08-14-Villa-Monestero-und-Varenna_11.jpg 1333w, https:\/\/simonschoenhoff.de\/wp-content\/uploads\/2022\/04\/2021-08-14-Villa-Monestero-und-Varenna_11-1200x1800.jpg 1200w, https:\/\/simonschoenhoff.de\/wp-content\/uploads\/2022\/04\/2021-08-14-Villa-Monestero-und-Varenna_11-200x300.jpg 200w, https:\/\/simonschoenhoff.de\/wp-content\/uploads\/2022\/04\/2021-08-14-Villa-Monestero-und-Varenna_11-682x1024.jpg 682w, https:\/\/simonschoenhoff.de\/wp-content\/uploads\/2022\/04\/2021-08-14-Villa-Monestero-und-Varenna_11-768x1152.jpg 768w, https:\/\/simonschoenhoff.de\/wp-content\/uploads\/2022\/04\/2021-08-14-Villa-Monestero-und-Varenna_11-1024x1536.jpg 1024w, https:\/\/simonschoenhoff.de\/wp-content\/uploads\/2022\/04\/2021-08-14-Villa-Monestero-und-Varenna_11-600x900.jpg 600w\" sizes=\"(max-width: 1333px) 100vw, 1333px\">\t\t\t\t\t\t\t\t\t\t\t<figcaption class=\"widget-image-caption wp-caption-text\">Zugang zum See | 24 mm, f\/11, 1\/60 Sek. ISO&nbsp;400<\/figcaption>\n\t\t\t\t\t\t\t\t\t\t<\/figure>\n\t\t\t\t\t\t\t\t\t<\/div>\n\t\t\t\t<\/div>\n\t\t\t\t<div class=\"elementor-element elementor-element-6884109 elementor-invisible elementor-widget elementor-widget-image\" data-id=\"6884109\" data-element_type=\"widget\" data-e-type=\"widget\" data-settings=\"{&quot;_animation&quot;:&quot;zoomIn&quot;}\" data-widget_type=\"image.default\">\n\t\t\t\t<div class=\"elementor-widget-container\">\n\t\t\t\t\t\t\t\t\t\t\t\t<figure class=\"wp-caption\">\n\t\t\t\t\t\t\t\t\t\t<img loading=\"lazy\" decoding=\"async\" width=\"1333\" height=\"2000\" src=\"https:\/\/simonschoenhoff.de\/wp-content\/uploads\/2022\/04\/2021-08-14-Villa-Monestero-und-Varenna_14.jpg\" class=\"attachment-full size-full wp-image-5544\" alt srcset=\"https:\/\/simonschoenhoff.de\/wp-content\/uploads\/2022\/04\/2021-08-14-Villa-Monestero-und-Varenna_14.jpg 1333w, https:\/\/simonschoenhoff.de\/wp-content\/uploads\/2022\/04\/2021-08-14-Villa-Monestero-und-Varenna_14-1200x1800.jpg 1200w, https:\/\/simonschoenhoff.de\/wp-content\/uploads\/2022\/04\/2021-08-14-Villa-Monestero-und-Varenna_14-200x300.jpg 200w, https:\/\/simonschoenhoff.de\/wp-content\/uploads\/2022\/04\/2021-08-14-Villa-Monestero-und-Varenna_14-682x1024.jpg 682w, https:\/\/simonschoenhoff.de\/wp-content\/uploads\/2022\/04\/2021-08-14-Villa-Monestero-und-Varenna_14-768x1152.jpg 768w, https:\/\/simonschoenhoff.de\/wp-content\/uploads\/2022\/04\/2021-08-14-Villa-Monestero-und-Varenna_14-1024x1536.jpg 1024w, https:\/\/simonschoenhoff.de\/wp-content\/uploads\/2022\/04\/2021-08-14-Villa-Monestero-und-Varenna_14-600x900.jpg 600w\" sizes=\"(max-width: 1333px) 100vw, 1333px\">\t\t\t\t\t\t\t\t\t\t\t<figcaption class=\"widget-image-caption wp-caption-text\">Falten eines alten Baumes | 78 mm, f8, 1\/160 Sek., ISO&nbsp;800<\/figcaption>\n\t\t\t\t\t\t\t\t\t\t<\/figure>\n\t\t\t\t\t\t\t\t\t<\/div>\n\t\t\t\t<\/div>\n\t\t\t\t<div class=\"elementor-element elementor-element-c71190b elementor-invisible elementor-widget elementor-widget-image\" data-id=\"c71190b\" data-element_type=\"widget\" data-e-type=\"widget\" data-settings=\"{&quot;_animation&quot;:&quot;zoomIn&quot;}\" data-widget_type=\"image.default\">\n\t\t\t\t<div class=\"elementor-widget-container\">\n\t\t\t\t\t\t\t\t\t\t\t\t<figure class=\"wp-caption\">\n\t\t\t\t\t\t\t\t\t\t<img loading=\"lazy\" decoding=\"async\" width=\"1333\" height=\"2000\" src=\"https:\/\/simonschoenhoff.de\/wp-content\/uploads\/2022\/04\/2021-08-14-Villa-Monestero-und-Varenna_13.jpg\" class=\"attachment-full size-full wp-image-5543\" alt srcset=\"https:\/\/simonschoenhoff.de\/wp-content\/uploads\/2022\/04\/2021-08-14-Villa-Monestero-und-Varenna_13.jpg 1333w, https:\/\/simonschoenhoff.de\/wp-content\/uploads\/2022\/04\/2021-08-14-Villa-Monestero-und-Varenna_13-1200x1800.jpg 1200w, https:\/\/simonschoenhoff.de\/wp-content\/uploads\/2022\/04\/2021-08-14-Villa-Monestero-und-Varenna_13-200x300.jpg 200w, https:\/\/simonschoenhoff.de\/wp-content\/uploads\/2022\/04\/2021-08-14-Villa-Monestero-und-Varenna_13-682x1024.jpg 682w, https:\/\/simonschoenhoff.de\/wp-content\/uploads\/2022\/04\/2021-08-14-Villa-Monestero-und-Varenna_13-768x1152.jpg 768w, https:\/\/simonschoenhoff.de\/wp-content\/uploads\/2022\/04\/2021-08-14-Villa-Monestero-und-Varenna_13-1024x1536.jpg 1024w, https:\/\/simonschoenhoff.de\/wp-content\/uploads\/2022\/04\/2021-08-14-Villa-Monestero-und-Varenna_13-600x900.jpg 600w\" sizes=\"(max-width: 1333px) 100vw, 1333px\">\t\t\t\t\t\t\t\t\t\t\t<figcaption class=\"widget-image-caption wp-caption-text\">Blumenweg ans Wasser | 19 mm, f\/9, 1\/60 Sek., ISO&nbsp;400<\/figcaption>\n\t\t\t\t\t\t\t\t\t\t<\/figure>\n\t\t\t\t\t\t\t\t\t<\/div>\n\t\t\t\t<\/div>\n\t\t\t\t<\/div>\n\t\t\t\t<div class=\"elementor-element elementor-element-92dad5e elementor-widget elementor-widget-text-editor\" data-id=\"92dad5e\" data-element_type=\"widget\" data-e-type=\"widget\" data-widget_type=\"text-editor.default\">\n\t\t\t\t<div class=\"elementor-widget-container\">\n\t\t\t\t\t\t\t\t\t<p>Wir lie\u00dfen uns einen ganzen Morgen lang Zeit, um jede Ecke der sch\u00f6nen Anlage rund um die Villa Monas\u00adtero zu erkunden.&nbsp;<\/p>\t\t\t\t\t\t\t\t<\/div>\n\t\t\t\t<\/div>\n\t\t\t\t\t<\/div>\n\t\t\t\t<\/div>\n\t\t<div class=\"elementor-element elementor-element-317ab67 e-flex e-con-boxed e-con e-parent\" data-id=\"317ab67\" data-element_type=\"container\" data-e-type=\"container\">\n\t\t\t\t\t<div class=\"e-con-inner\">\n\t\t\t\t<div class=\"elementor-element elementor-element-399e42f elementor-widget elementor-widget-heading\" data-id=\"399e42f\" data-element_type=\"widget\" data-e-type=\"widget\" data-widget_type=\"heading.default\">\n\t\t\t\t<div class=\"elementor-widget-container\">\n\t\t\t\t\t<h3 class=\"elementor-heading-title elementor-size-default\">Varenna am&nbsp;Abend<\/h3>\t\t\t\t<\/div>\n\t\t\t\t<\/div>\n\t\t\t\t<div class=\"elementor-element elementor-element-8524c99 elementor-widget elementor-widget-text-editor\" data-id=\"8524c99\" data-element_type=\"widget\" data-e-type=\"widget\" data-widget_type=\"text-editor.default\">\n\t\t\t\t<div class=\"elementor-widget-container\">\n\t\t\t\t\t\t\t\t\t<p>In den Abend\u00adstunden wollte ich unbe\u00addingt noch einmal in Rich\u00adtung der Prome\u00adnade mit Stativ und Kamera gehen. Ein paar wunder\u00adsch\u00f6ne Aufnahmen&nbsp; Varennas in der Goldenen und Blauen Stunde sollten dabei heraus\u00adspringen. Spots hatte ich ja bereits am Vortag gesichtet, also konnte ich alles zu seiner Zeit ablaufen und fotografieren.&nbsp;<\/p>\t\t\t\t\t\t\t\t<\/div>\n\t\t\t\t<\/div>\n\t\t\t\t<div class=\"elementor-element elementor-element-5a18b91 elementor-widget elementor-widget-text-editor\" data-id=\"5a18b91\" data-element_type=\"widget\" data-e-type=\"widget\" data-widget_type=\"text-editor.default\">\n\t\t\t\t<div class=\"elementor-widget-container\">\n\t\t\t\t\t\t\t\t\t<p>Zuerst sollte eine etwas unbe\u00adkann\u00adtere Ansicht Varennas im Abend\u00adlich aufge\u00adnommen werden. Hier posi\u00adtio\u00adnierte ich mich etwas ober\u00adhalb der Prome\u00adnade und foto\u00adgra\u00adfierte \u00fcber eine mit Efeu bewach\u00adsene Mauer. W\u00e4hrend ich die Aufnahme machte, hielten immer wieder Auto\u00adfahrer an, die mir \u00fcber die Schulter schauten und meinten, dass sie von hier aus noch gar nicht auf Varenna geblickt hatten, es aber wunder\u00adsch\u00f6n aussehe.<\/p>\t\t\t\t\t\t\t\t<\/div>\n\t\t\t\t<\/div>\n\t\t\t\t<div class=\"elementor-element elementor-element-c3cc86a elementor-invisible elementor-widget elementor-widget-image\" data-id=\"c3cc86a\" data-element_type=\"widget\" data-e-type=\"widget\" data-settings=\"{&quot;_animation&quot;:&quot;zoomIn&quot;}\" data-widget_type=\"image.default\">\n\t\t\t\t<div class=\"elementor-widget-container\">\n\t\t\t\t\t\t\t\t\t\t\t\t<figure class=\"wp-caption\">\n\t\t\t\t\t\t\t\t\t\t<img loading=\"lazy\" decoding=\"async\" width=\"2000\" height=\"1333\" src=\"https:\/\/simonschoenhoff.de\/wp-content\/uploads\/2022\/04\/2021-08-14-Villa-Monestero-und-Varenna_15.jpg\" class=\"attachment-full size-full wp-image-5545\" alt srcset=\"https:\/\/simonschoenhoff.de\/wp-content\/uploads\/2022\/04\/2021-08-14-Villa-Monestero-und-Varenna_15.jpg 2000w, https:\/\/simonschoenhoff.de\/wp-content\/uploads\/2022\/04\/2021-08-14-Villa-Monestero-und-Varenna_15-1200x800.jpg 1200w, https:\/\/simonschoenhoff.de\/wp-content\/uploads\/2022\/04\/2021-08-14-Villa-Monestero-und-Varenna_15-300x200.jpg 300w, https:\/\/simonschoenhoff.de\/wp-content\/uploads\/2022\/04\/2021-08-14-Villa-Monestero-und-Varenna_15-1024x682.jpg 1024w, https:\/\/simonschoenhoff.de\/wp-content\/uploads\/2022\/04\/2021-08-14-Villa-Monestero-und-Varenna_15-768x512.jpg 768w, https:\/\/simonschoenhoff.de\/wp-content\/uploads\/2022\/04\/2021-08-14-Villa-Monestero-und-Varenna_15-1536x1024.jpg 1536w, https:\/\/simonschoenhoff.de\/wp-content\/uploads\/2022\/04\/2021-08-14-Villa-Monestero-und-Varenna_15-600x400.jpg 600w\" sizes=\"(max-width: 2000px) 100vw, 2000px\">\t\t\t\t\t\t\t\t\t\t\t<figcaption class=\"widget-image-caption wp-caption-text\">Varenna im Abend\u00adlicht | 37 mm, f\/11, 1\/80 Sek., ISO&nbsp;160<\/figcaption>\n\t\t\t\t\t\t\t\t\t\t<\/figure>\n\t\t\t\t\t\t\t\t\t<\/div>\n\t\t\t\t<\/div>\n\t\t<div class=\"elementor-element elementor-element-85efcc0 e-flex e-con-boxed e-con e-child\" data-id=\"85efcc0\" data-element_type=\"container\" data-e-type=\"container\">\n\t\t\t\t\t<div class=\"e-con-inner\">\n\t\t<div class=\"elementor-element elementor-element-7a51c0b e-flex e-con-boxed elementor-invisible e-con e-child\" data-id=\"7a51c0b\" data-element_type=\"container\" data-e-type=\"container\" data-settings=\"{&quot;background_background&quot;:&quot;classic&quot;,&quot;animation&quot;:&quot;zoomIn&quot;}\">\n\t\t\t\t\t<div class=\"e-con-inner\">\n\t\t\t\t<div class=\"elementor-element elementor-element-6f1a2ce elementor-widget__width-initial elementor-widget elementor-widget-text-editor\" data-id=\"6f1a2ce\" data-element_type=\"widget\" data-e-type=\"widget\" data-widget_type=\"text-editor.default\">\n\t\t\t\t<div class=\"elementor-widget-container\">\n\t\t\t\t\t\t\t\t\t<p style=\"text-align: center;\">Diese und andere Aufnahmen als als Kunst\u00addruck f\u00fcr dein Zuhause kannst du jeder\u00adzeit unter \u201ePrints\u201c direkt bei mir anfragen. Herge\u00adstellt von einem der welt\u00adweit f\u00fchrenden Foto\u00adla\u00adbore in h\u00f6chster Qualit\u00e4t.&nbsp;<\/p>\t\t\t\t\t\t\t\t<\/div>\n\t\t\t\t<\/div>\n\t\t\t\t<div class=\"elementor-element elementor-element-7a3f5cd elementor-widget elementor-widget-button\" data-id=\"7a3f5cd\" data-element_type=\"widget\" data-e-type=\"widget\" data-settings=\"{&quot;_animation_mobile&quot;:&quot;fadeIn&quot;}\" data-widget_type=\"button.default\">\n\t\t\t\t<div class=\"elementor-widget-container\">\n\t\t\t\t\t\t\t\t\t<div class=\"elementor-button-wrapper\">\n\t\t\t\t\t<a class=\"elementor-button elementor-button-link elementor-size-sm elementor-animation-grow\" href=\"https:\/\/simonschoenhoff.de\/en\/prints\/\">\n\t\t\t\t\t\t<span class=\"elementor-button-content-wrapper\">\n\t\t\t\t\t\t<span class=\"elementor-button-icon\">\n\t\t\t\t<i aria-hidden=\"true\" class=\"fas fa-shopping-cart\"><\/i>\t\t\t<\/span>\n\t\t\t\t\t\t\t\t\t<span class=\"elementor-button-text\">Prints<\/span>\n\t\t\t\t\t<\/span>\n\t\t\t\t\t<\/a>\n\t\t\t\t<\/div>\n\t\t\t\t\t\t\t\t<\/div>\n\t\t\t\t<\/div>\n\t\t\t\t\t<\/div>\n\t\t\t\t<\/div>\n\t\t\t\t\t<\/div>\n\t\t\t\t<\/div>\n\t\t\t\t<div class=\"elementor-element elementor-element-ae4974d elementor-widget elementor-widget-text-editor\" data-id=\"ae4974d\" data-element_type=\"widget\" data-e-type=\"widget\" data-widget_type=\"text-editor.default\">\n\t\t\t\t<div class=\"elementor-widget-container\">\n\t\t\t\t\t\t\t\t\t<p>Bevor die Sonne komplett hinter den Bergen, die den Comer See umgeben, verschwand, musste ich noch schnell an die Hafen\u00adpro\u00adme\u00adnade selbst spurten, um eine beson\u00addere Ansicht \u00fcber die wunder\u00adsch\u00f6n aufge\u00adreihten Blumen aufzu\u00adnehmen. F\u00fcr diese Aufnahme ging ich beson\u00adders nahe an die Blumen heran und nutzte einen extreme Weit\u00adwinkel. Um alles im Fokus zu haben, habe ich zudem mit Fokus-Stacking gearbeitet.&nbsp;<\/p>\t\t\t\t\t\t\t\t<\/div>\n\t\t\t\t<\/div>\n\t\t\t\t<div class=\"elementor-element elementor-element-6121bec elementor-invisible elementor-widget elementor-widget-image\" data-id=\"6121bec\" data-element_type=\"widget\" data-e-type=\"widget\" data-settings=\"{&quot;_animation&quot;:&quot;zoomIn&quot;}\" data-widget_type=\"image.default\">\n\t\t\t\t<div class=\"elementor-widget-container\">\n\t\t\t\t\t\t\t\t\t\t\t\t<figure class=\"wp-caption\">\n\t\t\t\t\t\t\t\t\t\t<img loading=\"lazy\" decoding=\"async\" width=\"2000\" height=\"1333\" src=\"https:\/\/simonschoenhoff.de\/wp-content\/uploads\/2022\/04\/2021-08-14-Villa-Monestero-und-Varenna_16.jpg\" class=\"attachment-full size-full wp-image-5546\" alt srcset=\"https:\/\/simonschoenhoff.de\/wp-content\/uploads\/2022\/04\/2021-08-14-Villa-Monestero-und-Varenna_16.jpg 2000w, https:\/\/simonschoenhoff.de\/wp-content\/uploads\/2022\/04\/2021-08-14-Villa-Monestero-und-Varenna_16-1200x800.jpg 1200w, https:\/\/simonschoenhoff.de\/wp-content\/uploads\/2022\/04\/2021-08-14-Villa-Monestero-und-Varenna_16-300x200.jpg 300w, https:\/\/simonschoenhoff.de\/wp-content\/uploads\/2022\/04\/2021-08-14-Villa-Monestero-und-Varenna_16-1024x682.jpg 1024w, https:\/\/simonschoenhoff.de\/wp-content\/uploads\/2022\/04\/2021-08-14-Villa-Monestero-und-Varenna_16-768x512.jpg 768w, https:\/\/simonschoenhoff.de\/wp-content\/uploads\/2022\/04\/2021-08-14-Villa-Monestero-und-Varenna_16-1536x1024.jpg 1536w, https:\/\/simonschoenhoff.de\/wp-content\/uploads\/2022\/04\/2021-08-14-Villa-Monestero-und-Varenna_16-600x400.jpg 600w\" sizes=\"(max-width: 2000px) 100vw, 2000px\">\t\t\t\t\t\t\t\t\t\t\t<figcaption class=\"widget-image-caption wp-caption-text\">Der Hafen Varennas | 16 mm, f\/13, 1 Sek., ISO&nbsp;50<\/figcaption>\n\t\t\t\t\t\t\t\t\t\t<\/figure>\n\t\t\t\t\t\t\t\t\t<\/div>\n\t\t\t\t<\/div>\n\t\t\t\t<div class=\"elementor-element elementor-element-efa1b03 elementor-widget elementor-widget-text-editor\" data-id=\"efa1b03\" data-element_type=\"widget\" data-e-type=\"widget\" data-widget_type=\"text-editor.default\">\n\t\t\t\t<div class=\"elementor-widget-container\">\n\t\t\t\t\t\t\t\t\t<p>Als die Sonne verschwand, posi\u00adtio\u00adnierte ich mich f\u00fcr die n\u00e4chste Aufnahme, die ein wenig sp\u00e4ter in der blauen Stunde erfolgen sollte. Als Kamera und Stativ posi\u00adtio\u00adniert waren genoss ich f\u00fcr einige Zeit, den italie\u00adni\u00adschen Flair und wartete auf das perfekte Licht.&nbsp;<\/p>\t\t\t\t\t\t\t\t<\/div>\n\t\t\t\t<\/div>\n\t\t\t\t<div class=\"elementor-element elementor-element-d3218a3 elementor-widget elementor-widget-text-editor\" data-id=\"d3218a3\" data-element_type=\"widget\" data-e-type=\"widget\" data-widget_type=\"text-editor.default\">\n\t\t\t\t<div class=\"elementor-widget-container\">\n\t\t\t\t\t\t\t\t\t<p>Dieser Zeit\u00adpunkt ist in der blauen Stunde meist der Augen\u00adblick, in der die Hellig\u00adkeit von Himmel und die Lichter der Stadt ausge\u00adgli\u00adchen sind. Das Blau des Himmels und das gelb\u00adorange der Beleuch\u00adtung bilden dabei den wunder\u00adsch\u00f6nen Farb\u00adkon\u00adtrast, den man von vielen Aufnahmen aus der Blauen Stunde kennt.&nbsp;<\/p>\t\t\t\t\t\t\t\t<\/div>\n\t\t\t\t<\/div>\n\t\t\t\t<div class=\"elementor-element elementor-element-1e49ea3 elementor-widget elementor-widget-text-editor\" data-id=\"1e49ea3\" data-element_type=\"widget\" data-e-type=\"widget\" data-widget_type=\"text-editor.default\">\n\t\t\t\t<div class=\"elementor-widget-container\">\n\t\t\t\t\t\t\t\t\t<p>Mit der langen Belich\u00adtungs\u00adzeit, konnte ich die Menschen ein wenig verschwinden lassen, aber man sieht dennoch das Treiben an der Prome\u00adnade. Au\u00dferdem konnte ich damit das Wasser gl\u00e4tten und die ganze Aufnahme wirkt ruhiger. Dass hierbei das Boot durch seine Bewe\u00adgungen leicht unscharf wird, muss man dabei in Kauf nehmen, aller\u00addings sollte man darauf achten, dass es noch als solches erkennbar bleibt.<\/p>\t\t\t\t\t\t\t\t<\/div>\n\t\t\t\t<\/div>\n\t\t\t\t<div class=\"elementor-element elementor-element-5580026 elementor-invisible elementor-widget elementor-widget-image\" data-id=\"5580026\" data-element_type=\"widget\" data-e-type=\"widget\" data-settings=\"{&quot;_animation&quot;:&quot;zoomIn&quot;}\" data-widget_type=\"image.default\">\n\t\t\t\t<div class=\"elementor-widget-container\">\n\t\t\t\t\t\t\t\t\t\t\t\t<figure class=\"wp-caption\">\n\t\t\t\t\t\t\t\t\t\t<img loading=\"lazy\" decoding=\"async\" width=\"2000\" height=\"1333\" src=\"https:\/\/simonschoenhoff.de\/wp-content\/uploads\/2022\/04\/2021-08-14-Villa-Monestero-und-Varenna_17.jpg\" class=\"attachment-full size-full wp-image-5547\" alt srcset=\"https:\/\/simonschoenhoff.de\/wp-content\/uploads\/2022\/04\/2021-08-14-Villa-Monestero-und-Varenna_17.jpg 2000w, https:\/\/simonschoenhoff.de\/wp-content\/uploads\/2022\/04\/2021-08-14-Villa-Monestero-und-Varenna_17-1200x800.jpg 1200w, https:\/\/simonschoenhoff.de\/wp-content\/uploads\/2022\/04\/2021-08-14-Villa-Monestero-und-Varenna_17-300x200.jpg 300w, https:\/\/simonschoenhoff.de\/wp-content\/uploads\/2022\/04\/2021-08-14-Villa-Monestero-und-Varenna_17-1024x682.jpg 1024w, https:\/\/simonschoenhoff.de\/wp-content\/uploads\/2022\/04\/2021-08-14-Villa-Monestero-und-Varenna_17-768x512.jpg 768w, https:\/\/simonschoenhoff.de\/wp-content\/uploads\/2022\/04\/2021-08-14-Villa-Monestero-und-Varenna_17-1536x1024.jpg 1536w, https:\/\/simonschoenhoff.de\/wp-content\/uploads\/2022\/04\/2021-08-14-Villa-Monestero-und-Varenna_17-600x400.jpg 600w\" sizes=\"(max-width: 2000px) 100vw, 2000px\">\t\t\t\t\t\t\t\t\t\t\t<figcaption class=\"widget-image-caption wp-caption-text\">Die Nacht bricht ein \u00fcber Varenna | 17 mm, f\/11, 30 Sek., ISO&nbsp;100<\/figcaption>\n\t\t\t\t\t\t\t\t\t\t<\/figure>\n\t\t\t\t\t\t\t\t\t<\/div>\n\t\t\t\t<\/div>\n\t\t\t\t<div class=\"elementor-element elementor-element-5633295 elementor-widget elementor-widget-text-editor\" data-id=\"5633295\" data-element_type=\"widget\" data-e-type=\"widget\" data-widget_type=\"text-editor.default\">\n\t\t\t\t<div class=\"elementor-widget-container\">\n\t\t\t\t\t\t\t\t\t<p>Als die Aufnahmen im Kasten waren, ging es zur\u00fcck zur Feri\u00aden\u00adwoh\u00adnung, in der Frau und Tochter bereits warteten.&nbsp;<\/p>\t\t\t\t\t\t\t\t<\/div>\n\t\t\t\t<\/div>\n\t\t\t\t\t<\/div>\n\t\t\t\t<\/div>\n\t\t<div class=\"elementor-element elementor-element-93cca7a e-flex e-con-boxed e-con e-parent\" data-id=\"93cca7a\" data-element_type=\"container\" data-e-type=\"container\">\n\t\t\t\t\t<div class=\"e-con-inner\">\n\t\t\t\t<div class=\"elementor-element elementor-element-d314c43 elementor-widget elementor-widget-heading\" data-id=\"d314c43\" data-element_type=\"widget\" data-e-type=\"widget\" data-widget_type=\"heading.default\">\n\t\t\t\t<div class=\"elementor-widget-container\">\n\t\t\t\t\t<h3 class=\"elementor-heading-title elementor-size-default\">Bell\u00adagio<\/h3>\t\t\t\t<\/div>\n\t\t\t\t<\/div>\n\t\t\t\t<div class=\"elementor-element elementor-element-d67b362 elementor-widget elementor-widget-text-editor\" data-id=\"d67b362\" data-element_type=\"widget\" data-e-type=\"widget\" data-widget_type=\"text-editor.default\">\n\t\t\t\t<div class=\"elementor-widget-container\">\n\t\t\t\t\t\t\t\t\t<p>F\u00fcr den n\u00e4chsten Tag hatten wir uns Sight\u00adseeing auf die Fahne geschrieben. Mit dem eingangs erw\u00e4hnten Tages\u00adti\u00adcket wollten wir die Mitte des Comer Sees abfahren. Der Weg f\u00fchrte uns \u00fcber Bell\u00adagio hin zur Villa Balbia\u00adnello und den Weg zur\u00fcck bis nach Menaggio, wo wir den Tag ausklingen lie\u00dfen.&nbsp;<\/p>\t\t\t\t\t\t\t\t<\/div>\n\t\t\t\t<\/div>\n\t\t\t\t<div class=\"elementor-element elementor-element-0d62ba7 elementor-widget elementor-widget-text-editor\" data-id=\"0d62ba7\" data-element_type=\"widget\" data-e-type=\"widget\" data-widget_type=\"text-editor.default\">\n\t\t\t\t<div class=\"elementor-widget-container\">\n\t\t\t\t\t\t\t\t\t<p>Wie immer bereits fr\u00fch wach, fanden wir uns auf einer F\u00e4hre nach Bell\u00adagio wieder. Noch war wenig los, doch beinahe auto\u00adma\u00adtisch l\u00e4uft man vom F\u00e4hr\u00adan\u00adleger in Rich\u00adtung der schmalen, mit Trep\u00adpen\u00adstufen durch\u00adzo\u00adgenen, Gassen des italie\u00adni\u00adschen Muster-St\u00e4dtchen.&nbsp;<\/p>\t\t\t\t\t\t\t\t<\/div>\n\t\t\t\t<\/div>\n\t\t<div class=\"elementor-element elementor-element-bdcfbf2 e-flex e-con-boxed e-con e-child\" data-id=\"bdcfbf2\" data-element_type=\"container\" data-e-type=\"container\">\n\t\t\t\t\t<div class=\"e-con-inner\">\n\t\t<div class=\"elementor-element elementor-element-51bd3d4 e-flex e-con-boxed e-con e-child\" data-id=\"51bd3d4\" data-element_type=\"container\" data-e-type=\"container\">\n\t\t\t\t\t<div class=\"e-con-inner\">\n\t\t<div class=\"elementor-element elementor-element-34d944d e-flex e-con-boxed e-con e-child\" data-id=\"34d944d\" data-element_type=\"container\" data-e-type=\"container\">\n\t\t\t\t\t<div class=\"e-con-inner\">\n\t\t\t\t<div class=\"elementor-element elementor-element-ba837c5 elementor-invisible elementor-widget elementor-widget-image\" data-id=\"ba837c5\" data-element_type=\"widget\" data-e-type=\"widget\" data-settings=\"{&quot;_animation&quot;:&quot;zoomIn&quot;}\" data-widget_type=\"image.default\">\n\t\t\t\t<div class=\"elementor-widget-container\">\n\t\t\t\t\t\t\t\t\t\t\t\t<figure class=\"wp-caption\">\n\t\t\t\t\t\t\t\t\t\t<img loading=\"lazy\" decoding=\"async\" width=\"1333\" height=\"2000\" src=\"https:\/\/simonschoenhoff.de\/wp-content\/uploads\/2022\/04\/2021-08-15-Bellagio-Villa-del-Balbianello-und-Menaggio_19.jpg\" class=\"attachment-full size-full wp-image-5549\" alt srcset=\"https:\/\/simonschoenhoff.de\/wp-content\/uploads\/2022\/04\/2021-08-15-Bellagio-Villa-del-Balbianello-und-Menaggio_19.jpg 1333w, https:\/\/simonschoenhoff.de\/wp-content\/uploads\/2022\/04\/2021-08-15-Bellagio-Villa-del-Balbianello-und-Menaggio_19-1200x1800.jpg 1200w, https:\/\/simonschoenhoff.de\/wp-content\/uploads\/2022\/04\/2021-08-15-Bellagio-Villa-del-Balbianello-und-Menaggio_19-200x300.jpg 200w, https:\/\/simonschoenhoff.de\/wp-content\/uploads\/2022\/04\/2021-08-15-Bellagio-Villa-del-Balbianello-und-Menaggio_19-682x1024.jpg 682w, https:\/\/simonschoenhoff.de\/wp-content\/uploads\/2022\/04\/2021-08-15-Bellagio-Villa-del-Balbianello-und-Menaggio_19-768x1152.jpg 768w, https:\/\/simonschoenhoff.de\/wp-content\/uploads\/2022\/04\/2021-08-15-Bellagio-Villa-del-Balbianello-und-Menaggio_19-1024x1536.jpg 1024w, https:\/\/simonschoenhoff.de\/wp-content\/uploads\/2022\/04\/2021-08-15-Bellagio-Villa-del-Balbianello-und-Menaggio_19-600x900.jpg 600w\" sizes=\"(max-width: 1333px) 100vw, 1333px\">\t\t\t\t\t\t\t\t\t\t\t<figcaption class=\"widget-image-caption wp-caption-text\">Classic view of Bell\u00adagio | 29 mm, f\/8, 1\/160 Sek., ISO&nbsp;100<\/figcaption>\n\t\t\t\t\t\t\t\t\t\t<\/figure>\n\t\t\t\t\t\t\t\t\t<\/div>\n\t\t\t\t<\/div>\n\t\t\t\t<div class=\"elementor-element elementor-element-836e51f elementor-invisible elementor-widget elementor-widget-image\" data-id=\"836e51f\" data-element_type=\"widget\" data-e-type=\"widget\" data-settings=\"{&quot;_animation&quot;:&quot;zoomIn&quot;}\" data-widget_type=\"image.default\">\n\t\t\t\t<div class=\"elementor-widget-container\">\n\t\t\t\t\t\t\t\t\t\t\t\t<figure class=\"wp-caption\">\n\t\t\t\t\t\t\t\t\t\t<img loading=\"lazy\" decoding=\"async\" width=\"1333\" height=\"2000\" src=\"https:\/\/simonschoenhoff.de\/wp-content\/uploads\/2022\/04\/2021-08-15-Bellagio-Villa-del-Balbianello-und-Menaggio_18.jpg\" class=\"attachment-full size-full wp-image-5548\" alt srcset=\"https:\/\/simonschoenhoff.de\/wp-content\/uploads\/2022\/04\/2021-08-15-Bellagio-Villa-del-Balbianello-und-Menaggio_18.jpg 1333w, https:\/\/simonschoenhoff.de\/wp-content\/uploads\/2022\/04\/2021-08-15-Bellagio-Villa-del-Balbianello-und-Menaggio_18-1200x1800.jpg 1200w, https:\/\/simonschoenhoff.de\/wp-content\/uploads\/2022\/04\/2021-08-15-Bellagio-Villa-del-Balbianello-und-Menaggio_18-200x300.jpg 200w, https:\/\/simonschoenhoff.de\/wp-content\/uploads\/2022\/04\/2021-08-15-Bellagio-Villa-del-Balbianello-und-Menaggio_18-682x1024.jpg 682w, https:\/\/simonschoenhoff.de\/wp-content\/uploads\/2022\/04\/2021-08-15-Bellagio-Villa-del-Balbianello-und-Menaggio_18-768x1152.jpg 768w, https:\/\/simonschoenhoff.de\/wp-content\/uploads\/2022\/04\/2021-08-15-Bellagio-Villa-del-Balbianello-und-Menaggio_18-1024x1536.jpg 1024w, https:\/\/simonschoenhoff.de\/wp-content\/uploads\/2022\/04\/2021-08-15-Bellagio-Villa-del-Balbianello-und-Menaggio_18-600x900.jpg 600w\" sizes=\"(max-width: 1333px) 100vw, 1333px\">\t\t\t\t\t\t\t\t\t\t\t<figcaption class=\"widget-image-caption wp-caption-text\">Gassen von Bell\u00adagio | 68 mm, f\/4, 1\/250 Sek. ISO&nbsp;800<\/figcaption>\n\t\t\t\t\t\t\t\t\t\t<\/figure>\n\t\t\t\t\t\t\t\t\t<\/div>\n\t\t\t\t<\/div>\n\t\t\t\t\t<\/div>\n\t\t\t\t<\/div>\n\t\t\t\t\t<\/div>\n\t\t\t\t<\/div>\n\t\t\t\t\t<\/div>\n\t\t\t\t<\/div>\n\t\t\t\t<div class=\"elementor-element elementor-element-01ea59a elementor-widget elementor-widget-text-editor\" data-id=\"01ea59a\" data-element_type=\"widget\" data-e-type=\"widget\" data-widget_type=\"text-editor.default\">\n\t\t\t\t<div class=\"elementor-widget-container\">\n\t\t\t\t\t\t\t\t\t<p>Eigent\u00adlich ganz gl\u00fcck\u00adlich dar\u00fcber, dass in diesen schmalen G\u00e4ngen noch nicht all zu viel Trubel herrschte erkun\u00addeten wir die Stadt. Nat\u00fcr\u00adlich hatten noch nicht alle L\u00e4den ge\u00f6ffnet am fr\u00fchen Morgen, weshalb das typi\u00adsche italie\u00adni\u00adsche Treiben auf den Stra\u00dfen noch ausblieb, aber dennoch konnte man den Flair sp\u00fcren.&nbsp;<\/p>\t\t\t\t\t\t\t\t<\/div>\n\t\t\t\t<\/div>\n\t\t\t\t<div class=\"elementor-element elementor-element-ef2b05d elementor-invisible elementor-widget elementor-widget-image\" data-id=\"ef2b05d\" data-element_type=\"widget\" data-e-type=\"widget\" data-settings=\"{&quot;_animation&quot;:&quot;zoomIn&quot;}\" data-widget_type=\"image.default\">\n\t\t\t\t<div class=\"elementor-widget-container\">\n\t\t\t\t\t\t\t\t\t\t\t\t<figure class=\"wp-caption\">\n\t\t\t\t\t\t\t\t\t\t<img loading=\"lazy\" decoding=\"async\" width=\"2000\" height=\"1333\" src=\"https:\/\/simonschoenhoff.de\/wp-content\/uploads\/2022\/04\/2021-08-15-Bellagio-Villa-del-Balbianello-und-Menaggio_20.jpg\" class=\"attachment-full size-full wp-image-5550\" alt srcset=\"https:\/\/simonschoenhoff.de\/wp-content\/uploads\/2022\/04\/2021-08-15-Bellagio-Villa-del-Balbianello-und-Menaggio_20.jpg 2000w, https:\/\/simonschoenhoff.de\/wp-content\/uploads\/2022\/04\/2021-08-15-Bellagio-Villa-del-Balbianello-und-Menaggio_20-1200x800.jpg 1200w, https:\/\/simonschoenhoff.de\/wp-content\/uploads\/2022\/04\/2021-08-15-Bellagio-Villa-del-Balbianello-und-Menaggio_20-300x200.jpg 300w, https:\/\/simonschoenhoff.de\/wp-content\/uploads\/2022\/04\/2021-08-15-Bellagio-Villa-del-Balbianello-und-Menaggio_20-1024x682.jpg 1024w, https:\/\/simonschoenhoff.de\/wp-content\/uploads\/2022\/04\/2021-08-15-Bellagio-Villa-del-Balbianello-und-Menaggio_20-768x512.jpg 768w, https:\/\/simonschoenhoff.de\/wp-content\/uploads\/2022\/04\/2021-08-15-Bellagio-Villa-del-Balbianello-und-Menaggio_20-1536x1024.jpg 1536w, https:\/\/simonschoenhoff.de\/wp-content\/uploads\/2022\/04\/2021-08-15-Bellagio-Villa-del-Balbianello-und-Menaggio_20-600x400.jpg 600w\" sizes=\"(max-width: 2000px) 100vw, 2000px\">\t\t\t\t\t\t\t\t\t\t\t<figcaption class=\"widget-image-caption wp-caption-text\">Bell\u00adagio im Morgen\u00adlicht | 71 mm, f\/8, 1\/500 Sek., ISO&nbsp;100<\/figcaption>\n\t\t\t\t\t\t\t\t\t\t<\/figure>\n\t\t\t\t\t\t\t\t\t<\/div>\n\t\t\t\t<\/div>\n\t\t\t\t<div class=\"elementor-element elementor-element-627037c elementor-widget elementor-widget-text-editor\" data-id=\"627037c\" data-element_type=\"widget\" data-e-type=\"widget\" data-widget_type=\"text-editor.default\">\n\t\t\t\t<div class=\"elementor-widget-container\">\n\t\t\t\t\t\t\t\t\t<p>Bell\u00adagio liegt an der Spitze der Land\u00adzunge in der Mitte des Comer Sees. Vom Wasser im morgen\u00adli\u00adchen Licht, machte ich diese Aufnahme der sch\u00f6nen Stadt.&nbsp;<\/p>\t\t\t\t\t\t\t\t<\/div>\n\t\t\t\t<\/div>\n\t\t\t\t\t<\/div>\n\t\t\t\t<\/div>\n\t\t<div class=\"elementor-element elementor-element-eeac46b e-flex e-con-boxed e-con e-parent\" data-id=\"eeac46b\" data-element_type=\"container\" data-e-type=\"container\">\n\t\t\t\t\t<div class=\"e-con-inner\">\n\t\t\t\t<div class=\"elementor-element elementor-element-e761366 elementor-widget elementor-widget-heading\" data-id=\"e761366\" data-element_type=\"widget\" data-e-type=\"widget\" data-widget_type=\"heading.default\">\n\t\t\t\t<div class=\"elementor-widget-container\">\n\t\t\t\t\t<h3 class=\"elementor-heading-title elementor-size-default\">Villa Balbia\u00adnello<\/h3>\t\t\t\t<\/div>\n\t\t\t\t<\/div>\n\t\t\t\t<div class=\"elementor-element elementor-element-48c4aec elementor-widget elementor-widget-text-editor\" data-id=\"48c4aec\" data-element_type=\"widget\" data-e-type=\"widget\" data-widget_type=\"text-editor.default\">\n\t\t\t\t<div class=\"elementor-widget-container\">\n\t\t\t\t\t\t\t\t\t<p>Nach dem wir Bell\u00adagio an allen Ecken und Enden besucht hatten, fuhren wir weiter Kreuz und Quer \u00fcber den Comer See und hatten immer wieder tolle Blicke auf die D\u00f6rfer an der Ufer\u00adn\u00e4he. Die massiven Berge im Hinter\u00adgrund und die prunk\u00advollen Villen der Reichen bieten einfach unend\u00adlich viele Motive.&nbsp;<\/p>\t\t\t\t\t\t\t\t<\/div>\n\t\t\t\t<\/div>\n\t\t\t\t<div class=\"elementor-element elementor-element-b606c4e elementor-invisible elementor-widget elementor-widget-image\" data-id=\"b606c4e\" data-element_type=\"widget\" data-e-type=\"widget\" data-settings=\"{&quot;_animation&quot;:&quot;zoomIn&quot;}\" data-widget_type=\"image.default\">\n\t\t\t\t<div class=\"elementor-widget-container\">\n\t\t\t\t\t\t\t\t\t\t\t\t<figure class=\"wp-caption\">\n\t\t\t\t\t\t\t\t\t\t<img loading=\"lazy\" decoding=\"async\" width=\"2000\" height=\"1333\" src=\"https:\/\/simonschoenhoff.de\/wp-content\/uploads\/2022\/04\/2021-08-15-Bellagio-Villa-del-Balbianello-und-Menaggio_21.jpg\" class=\"attachment-full size-full wp-image-5551\" alt srcset=\"https:\/\/simonschoenhoff.de\/wp-content\/uploads\/2022\/04\/2021-08-15-Bellagio-Villa-del-Balbianello-und-Menaggio_21.jpg 2000w, https:\/\/simonschoenhoff.de\/wp-content\/uploads\/2022\/04\/2021-08-15-Bellagio-Villa-del-Balbianello-und-Menaggio_21-1200x800.jpg 1200w, https:\/\/simonschoenhoff.de\/wp-content\/uploads\/2022\/04\/2021-08-15-Bellagio-Villa-del-Balbianello-und-Menaggio_21-300x200.jpg 300w, https:\/\/simonschoenhoff.de\/wp-content\/uploads\/2022\/04\/2021-08-15-Bellagio-Villa-del-Balbianello-und-Menaggio_21-1024x682.jpg 1024w, https:\/\/simonschoenhoff.de\/wp-content\/uploads\/2022\/04\/2021-08-15-Bellagio-Villa-del-Balbianello-und-Menaggio_21-768x512.jpg 768w, https:\/\/simonschoenhoff.de\/wp-content\/uploads\/2022\/04\/2021-08-15-Bellagio-Villa-del-Balbianello-und-Menaggio_21-1536x1024.jpg 1536w, https:\/\/simonschoenhoff.de\/wp-content\/uploads\/2022\/04\/2021-08-15-Bellagio-Villa-del-Balbianello-und-Menaggio_21-600x400.jpg 600w\" sizes=\"(max-width: 2000px) 100vw, 2000px\">\t\t\t\t\t\t\t\t\t\t\t<figcaption class=\"widget-image-caption wp-caption-text\">Stadt\u00adlage am Comer See | 64 mm, f\/4, 1\/640 Sek., ISO&nbsp;100<\/figcaption>\n\t\t\t\t\t\t\t\t\t\t<\/figure>\n\t\t\t\t\t\t\t\t\t<\/div>\n\t\t\t\t<\/div>\n\t\t\t\t<div class=\"elementor-element elementor-element-f7090a6 elementor-widget elementor-widget-text-editor\" data-id=\"f7090a6\" data-element_type=\"widget\" data-e-type=\"widget\" data-widget_type=\"text-editor.default\">\n\t\t\t\t<div class=\"elementor-widget-container\">\n\t\t\t\t\t\t\t\t\t<p>Um zur Villa Balbia\u00adnello zu kommen, muss man die Route in Rich\u00adtung Como nach S\u00fcden bis nach Lenno fahren. Dort ange\u00adkommen, l\u00e4uft man entlang der Prome\u00adnade. Durch ein Wald\u00adst\u00fcck geht der Fu\u00dfmarsch leicht bergauf, dann wieder bergab, ehe man die ber\u00fchmte und wirk\u00adlich prunk\u00advolle Villa Balbia\u00adnello mit ihrem wunder\u00adsch\u00f6nen Garten erreicht.&nbsp;<\/p>\t\t\t\t\t\t\t\t<\/div>\n\t\t\t\t<\/div>\n\t\t\t\t<div class=\"elementor-element elementor-element-75f4db5 elementor-widget elementor-widget-text-editor\" data-id=\"75f4db5\" data-element_type=\"widget\" data-e-type=\"widget\" data-widget_type=\"text-editor.default\">\n\t\t\t\t<div class=\"elementor-widget-container\">\n\t\t\t\t\t\t\t\t\t<p>Vor allem Star Wars und&nbsp; James Bond Fans wird diese Villa ein Begriff sein. Dort wo einst Anakin Skywalker sein Liebe gegen\u00ad\u00fcber Prin\u00adzessin Amidala gestand, kann man nun selbst von der Terrasse \u00fcber den See blicken. Auch die Szene, in der sich Daniel Craig als James Bond von den Schmerzen seiner Folter erholte, schie\u00dft einem direkt in den Kopf, als man das Geb\u00e4ude im Garten der Villa&nbsp;sieht.&nbsp;<\/p>\t\t\t\t\t\t\t\t<\/div>\n\t\t\t\t<\/div>\n\t\t\t\t<div class=\"elementor-element elementor-element-c64662f elementor-invisible elementor-widget elementor-widget-image\" data-id=\"c64662f\" data-element_type=\"widget\" data-e-type=\"widget\" data-settings=\"{&quot;_animation&quot;:&quot;zoomIn&quot;}\" data-widget_type=\"image.default\">\n\t\t\t\t<div class=\"elementor-widget-container\">\n\t\t\t\t\t\t\t\t\t\t\t\t<figure class=\"wp-caption\">\n\t\t\t\t\t\t\t\t\t\t<img loading=\"lazy\" decoding=\"async\" width=\"2000\" height=\"1333\" src=\"https:\/\/simonschoenhoff.de\/wp-content\/uploads\/2022\/04\/2021-08-15-Bellagio-Villa-del-Balbianello-und-Menaggio_23.jpg\" class=\"attachment-full size-full wp-image-5553\" alt srcset=\"https:\/\/simonschoenhoff.de\/wp-content\/uploads\/2022\/04\/2021-08-15-Bellagio-Villa-del-Balbianello-und-Menaggio_23.jpg 2000w, https:\/\/simonschoenhoff.de\/wp-content\/uploads\/2022\/04\/2021-08-15-Bellagio-Villa-del-Balbianello-und-Menaggio_23-1200x800.jpg 1200w, https:\/\/simonschoenhoff.de\/wp-content\/uploads\/2022\/04\/2021-08-15-Bellagio-Villa-del-Balbianello-und-Menaggio_23-300x200.jpg 300w, https:\/\/simonschoenhoff.de\/wp-content\/uploads\/2022\/04\/2021-08-15-Bellagio-Villa-del-Balbianello-und-Menaggio_23-1024x682.jpg 1024w, https:\/\/simonschoenhoff.de\/wp-content\/uploads\/2022\/04\/2021-08-15-Bellagio-Villa-del-Balbianello-und-Menaggio_23-768x512.jpg 768w, https:\/\/simonschoenhoff.de\/wp-content\/uploads\/2022\/04\/2021-08-15-Bellagio-Villa-del-Balbianello-und-Menaggio_23-1536x1024.jpg 1536w, https:\/\/simonschoenhoff.de\/wp-content\/uploads\/2022\/04\/2021-08-15-Bellagio-Villa-del-Balbianello-und-Menaggio_23-600x400.jpg 600w\" sizes=\"(max-width: 2000px) 100vw, 2000px\">\t\t\t\t\t\t\t\t\t\t\t<figcaption class=\"widget-image-caption wp-caption-text\">Unter dem Bl\u00e4t\u00adter\u00addach an der Villa Balbia\u00adnello | 24 mm, f\/11, 1\/160 Sek. ISO&nbsp;500<\/figcaption>\n\t\t\t\t\t\t\t\t\t\t<\/figure>\n\t\t\t\t\t\t\t\t\t<\/div>\n\t\t\t\t<\/div>\n\t\t\t\t<div class=\"elementor-element elementor-element-5f6d342 elementor-widget elementor-widget-text-editor\" data-id=\"5f6d342\" data-element_type=\"widget\" data-e-type=\"widget\" data-widget_type=\"text-editor.default\">\n\t\t\t\t<div class=\"elementor-widget-container\">\n\t\t\t\t\t\t\t\t\t<p>Aber nicht nur f\u00fcr Film\u00adfans ist die Villa Balbia\u00adnello eine der Must-Sees Sehens\u00adw\u00fcr\u00addig\u00adkeiten des Comer Sees. Es ist wirk\u00adlich ein atem\u00adbe\u00adrau\u00adbendes Anwesen und alleine der Garten ist der Eintritt von 8\u20ac wert, meiner Meinung nach. Gegen 5\u20ac Aufpreis, darf man dann auch noch die Villa im Innern besuchen.&nbsp;<\/p>\t\t\t\t\t\t\t\t<\/div>\n\t\t\t\t<\/div>\n\t\t\t\t<div class=\"elementor-element elementor-element-a922e8f elementor-invisible elementor-widget elementor-widget-image\" data-id=\"a922e8f\" data-element_type=\"widget\" data-e-type=\"widget\" data-settings=\"{&quot;_animation&quot;:&quot;zoomIn&quot;}\" data-widget_type=\"image.default\">\n\t\t\t\t<div class=\"elementor-widget-container\">\n\t\t\t\t\t\t\t\t\t\t\t\t<figure class=\"wp-caption\">\n\t\t\t\t\t\t\t\t\t\t<img loading=\"lazy\" decoding=\"async\" width=\"1333\" height=\"2000\" src=\"https:\/\/simonschoenhoff.de\/wp-content\/uploads\/2022\/04\/2021-08-15-Bellagio-Villa-del-Balbianello-und-Menaggio_25.jpg\" class=\"attachment-full size-full wp-image-5555\" alt srcset=\"https:\/\/simonschoenhoff.de\/wp-content\/uploads\/2022\/04\/2021-08-15-Bellagio-Villa-del-Balbianello-und-Menaggio_25.jpg 1333w, https:\/\/simonschoenhoff.de\/wp-content\/uploads\/2022\/04\/2021-08-15-Bellagio-Villa-del-Balbianello-und-Menaggio_25-1200x1800.jpg 1200w, https:\/\/simonschoenhoff.de\/wp-content\/uploads\/2022\/04\/2021-08-15-Bellagio-Villa-del-Balbianello-und-Menaggio_25-200x300.jpg 200w, https:\/\/simonschoenhoff.de\/wp-content\/uploads\/2022\/04\/2021-08-15-Bellagio-Villa-del-Balbianello-und-Menaggio_25-682x1024.jpg 682w, https:\/\/simonschoenhoff.de\/wp-content\/uploads\/2022\/04\/2021-08-15-Bellagio-Villa-del-Balbianello-und-Menaggio_25-768x1152.jpg 768w, https:\/\/simonschoenhoff.de\/wp-content\/uploads\/2022\/04\/2021-08-15-Bellagio-Villa-del-Balbianello-und-Menaggio_25-1024x1536.jpg 1024w, https:\/\/simonschoenhoff.de\/wp-content\/uploads\/2022\/04\/2021-08-15-Bellagio-Villa-del-Balbianello-und-Menaggio_25-600x900.jpg 600w\" sizes=\"(max-width: 1333px) 100vw, 1333px\">\t\t\t\t\t\t\t\t\t\t\t<figcaption class=\"widget-image-caption wp-caption-text\">An der Villa Balbia\u00adnello | 24 mm, f\/4, 1\/200 Sek., ISO&nbsp;100<\/figcaption>\n\t\t\t\t\t\t\t\t\t\t<\/figure>\n\t\t\t\t\t\t\t\t\t<\/div>\n\t\t\t\t<\/div>\n\t\t<div class=\"elementor-element elementor-element-3ad3adc e-flex e-con-boxed e-con e-child\" data-id=\"3ad3adc\" data-element_type=\"container\" data-e-type=\"container\">\n\t\t\t\t\t<div class=\"e-con-inner\">\n\t\t\t\t<div class=\"elementor-element elementor-element-7df254c elementor-widget__width-initial elementor-widget-mobile__width-initial elementor-invisible elementor-widget elementor-widget-image\" data-id=\"7df254c\" data-element_type=\"widget\" data-e-type=\"widget\" data-settings=\"{&quot;_animation&quot;:&quot;zoomIn&quot;}\" data-widget_type=\"image.default\">\n\t\t\t\t<div class=\"elementor-widget-container\">\n\t\t\t\t\t\t\t\t\t\t\t\t<figure class=\"wp-caption\">\n\t\t\t\t\t\t\t\t\t\t<img loading=\"lazy\" decoding=\"async\" width=\"2000\" height=\"1333\" src=\"https:\/\/simonschoenhoff.de\/wp-content\/uploads\/2022\/04\/2021-08-15-Bellagio-Villa-del-Balbianello-und-Menaggio_26.jpg\" class=\"attachment-full size-full wp-image-5556\" alt srcset=\"https:\/\/simonschoenhoff.de\/wp-content\/uploads\/2022\/04\/2021-08-15-Bellagio-Villa-del-Balbianello-und-Menaggio_26.jpg 2000w, https:\/\/simonschoenhoff.de\/wp-content\/uploads\/2022\/04\/2021-08-15-Bellagio-Villa-del-Balbianello-und-Menaggio_26-1200x800.jpg 1200w, https:\/\/simonschoenhoff.de\/wp-content\/uploads\/2022\/04\/2021-08-15-Bellagio-Villa-del-Balbianello-und-Menaggio_26-300x200.jpg 300w, https:\/\/simonschoenhoff.de\/wp-content\/uploads\/2022\/04\/2021-08-15-Bellagio-Villa-del-Balbianello-und-Menaggio_26-1024x682.jpg 1024w, https:\/\/simonschoenhoff.de\/wp-content\/uploads\/2022\/04\/2021-08-15-Bellagio-Villa-del-Balbianello-und-Menaggio_26-768x512.jpg 768w, https:\/\/simonschoenhoff.de\/wp-content\/uploads\/2022\/04\/2021-08-15-Bellagio-Villa-del-Balbianello-und-Menaggio_26-1536x1024.jpg 1536w, https:\/\/simonschoenhoff.de\/wp-content\/uploads\/2022\/04\/2021-08-15-Bellagio-Villa-del-Balbianello-und-Menaggio_26-600x400.jpg 600w\" sizes=\"(max-width: 2000px) 100vw, 2000px\">\t\t\t\t\t\t\t\t\t\t\t<figcaption class=\"widget-image-caption wp-caption-text\">Verfol\u00adgung | 51 mm, f\/4, 1\/500 Sek., ISO&nbsp;100<\/figcaption>\n\t\t\t\t\t\t\t\t\t\t<\/figure>\n\t\t\t\t\t\t\t\t\t<\/div>\n\t\t\t\t<\/div>\n\t\t\t\t<div class=\"elementor-element elementor-element-a7d8bde elementor-invisible elementor-widget elementor-widget-image\" data-id=\"a7d8bde\" data-element_type=\"widget\" data-e-type=\"widget\" data-settings=\"{&quot;_animation&quot;:&quot;zoomIn&quot;}\" data-widget_type=\"image.default\">\n\t\t\t\t<div class=\"elementor-widget-container\">\n\t\t\t\t\t\t\t\t\t\t\t\t<figure class=\"wp-caption\">\n\t\t\t\t\t\t\t\t\t\t<img loading=\"lazy\" decoding=\"async\" width=\"682\" height=\"1024\" src=\"https:\/\/simonschoenhoff.de\/wp-content\/uploads\/2022\/04\/2021-08-15-Bellagio-Villa-del-Balbianello-und-Menaggio_27-682x1024.jpg\" class=\"attachment-large size-large wp-image-5557\" alt srcset=\"https:\/\/simonschoenhoff.de\/wp-content\/uploads\/2022\/04\/2021-08-15-Bellagio-Villa-del-Balbianello-und-Menaggio_27-682x1024.jpg 682w, https:\/\/simonschoenhoff.de\/wp-content\/uploads\/2022\/04\/2021-08-15-Bellagio-Villa-del-Balbianello-und-Menaggio_27-1200x1800.jpg 1200w, https:\/\/simonschoenhoff.de\/wp-content\/uploads\/2022\/04\/2021-08-15-Bellagio-Villa-del-Balbianello-und-Menaggio_27-200x300.jpg 200w, https:\/\/simonschoenhoff.de\/wp-content\/uploads\/2022\/04\/2021-08-15-Bellagio-Villa-del-Balbianello-und-Menaggio_27-768x1152.jpg 768w, https:\/\/simonschoenhoff.de\/wp-content\/uploads\/2022\/04\/2021-08-15-Bellagio-Villa-del-Balbianello-und-Menaggio_27-1024x1536.jpg 1024w, https:\/\/simonschoenhoff.de\/wp-content\/uploads\/2022\/04\/2021-08-15-Bellagio-Villa-del-Balbianello-und-Menaggio_27-600x900.jpg 600w, https:\/\/simonschoenhoff.de\/wp-content\/uploads\/2022\/04\/2021-08-15-Bellagio-Villa-del-Balbianello-und-Menaggio_27.jpg 1333w\" sizes=\"(max-width: 682px) 100vw, 682px\">\t\t\t\t\t\t\t\t\t\t\t<figcaption class=\"widget-image-caption wp-caption-text\">Living at the Edge | 105 mm, f\/4, 1\/320 Sek., ISO&nbsp;100<\/figcaption>\n\t\t\t\t\t\t\t\t\t\t<\/figure>\n\t\t\t\t\t\t\t\t\t<\/div>\n\t\t\t\t<\/div>\n\t\t\t\t\t<\/div>\n\t\t\t\t<\/div>\n\t\t\t\t\t<\/div>\n\t\t\t\t<\/div>\n\t\t<div class=\"elementor-element elementor-element-6b3171b e-flex e-con-boxed e-con e-parent\" data-id=\"6b3171b\" data-element_type=\"container\" data-e-type=\"container\">\n\t\t\t\t\t<div class=\"e-con-inner\">\n\t\t\t\t<div class=\"elementor-element elementor-element-1e7492e elementor-widget elementor-widget-text-editor\" data-id=\"1e7492e\" data-element_type=\"widget\" data-e-type=\"widget\" data-widget_type=\"text-editor.default\">\n\t\t\t\t<div class=\"elementor-widget-container\">\n\t\t\t\t\t\t\t\t\t<p>Zur\u00fcck in Lenno nahmen wir die n\u00e4chste F\u00e4hre, um wieder Rich\u00adtung Norden zu fahren. Vorbei an den sch\u00f6nen D\u00f6rfern des Comer Sees, fuhren wir bis nach Menaggio. Dort wollten wir den Abend genie\u00dfen und noch etwas Essen&nbsp;gehen.&nbsp;<\/p>\t\t\t\t\t\t\t\t<\/div>\n\t\t\t\t<\/div>\n\t\t<div class=\"elementor-element elementor-element-cd73651 e-flex e-con-boxed e-con e-child\" data-id=\"cd73651\" data-element_type=\"container\" data-e-type=\"container\">\n\t\t\t\t\t<div class=\"e-con-inner\">\n\t\t\t\t<div class=\"elementor-element elementor-element-225e789 elementor-invisible elementor-widget elementor-widget-image\" data-id=\"225e789\" data-element_type=\"widget\" data-e-type=\"widget\" data-settings=\"{&quot;_animation&quot;:&quot;zoomIn&quot;}\" data-widget_type=\"image.default\">\n\t\t\t\t<div class=\"elementor-widget-container\">\n\t\t\t\t\t\t\t\t\t\t\t\t<figure class=\"wp-caption\">\n\t\t\t\t\t\t\t\t\t\t<img loading=\"lazy\" decoding=\"async\" width=\"682\" height=\"1024\" src=\"https:\/\/simonschoenhoff.de\/wp-content\/uploads\/2022\/04\/2021-08-15-Bellagio-Villa-del-Balbianello-und-Menaggio_28-682x1024.jpg\" class=\"attachment-large size-large wp-image-5558\" alt srcset=\"https:\/\/simonschoenhoff.de\/wp-content\/uploads\/2022\/04\/2021-08-15-Bellagio-Villa-del-Balbianello-und-Menaggio_28-682x1024.jpg 682w, https:\/\/simonschoenhoff.de\/wp-content\/uploads\/2022\/04\/2021-08-15-Bellagio-Villa-del-Balbianello-und-Menaggio_28-1200x1800.jpg 1200w, https:\/\/simonschoenhoff.de\/wp-content\/uploads\/2022\/04\/2021-08-15-Bellagio-Villa-del-Balbianello-und-Menaggio_28-200x300.jpg 200w, https:\/\/simonschoenhoff.de\/wp-content\/uploads\/2022\/04\/2021-08-15-Bellagio-Villa-del-Balbianello-und-Menaggio_28-768x1152.jpg 768w, https:\/\/simonschoenhoff.de\/wp-content\/uploads\/2022\/04\/2021-08-15-Bellagio-Villa-del-Balbianello-und-Menaggio_28-1024x1536.jpg 1024w, https:\/\/simonschoenhoff.de\/wp-content\/uploads\/2022\/04\/2021-08-15-Bellagio-Villa-del-Balbianello-und-Menaggio_28-600x900.jpg 600w, https:\/\/simonschoenhoff.de\/wp-content\/uploads\/2022\/04\/2021-08-15-Bellagio-Villa-del-Balbianello-und-Menaggio_28.jpg 1333w\" sizes=\"(max-width: 682px) 100vw, 682px\">\t\t\t\t\t\t\t\t\t\t\t<figcaption class=\"widget-image-caption wp-caption-text\">Am Hang gebaut | 167 mm, f\/11, 1\/40 Sek., ISO&nbsp;400<\/figcaption>\n\t\t\t\t\t\t\t\t\t\t<\/figure>\n\t\t\t\t\t\t\t\t\t<\/div>\n\t\t\t\t<\/div>\n\t\t\t\t<div class=\"elementor-element elementor-element-de037ff elementor-invisible elementor-widget elementor-widget-image\" data-id=\"de037ff\" data-element_type=\"widget\" data-e-type=\"widget\" data-settings=\"{&quot;_animation&quot;:&quot;zoomIn&quot;}\" data-widget_type=\"image.default\">\n\t\t\t\t<div class=\"elementor-widget-container\">\n\t\t\t\t\t\t\t\t\t\t\t\t<figure class=\"wp-caption\">\n\t\t\t\t\t\t\t\t\t\t<img loading=\"lazy\" decoding=\"async\" width=\"768\" height=\"1024\" src=\"https:\/\/simonschoenhoff.de\/wp-content\/uploads\/2022\/04\/2021-08-15-Bellagio-Villa-del-Balbianello-und-Menaggio_29-768x1024.jpg\" class=\"attachment-large size-large wp-image-5559\" alt srcset=\"https:\/\/simonschoenhoff.de\/wp-content\/uploads\/2022\/04\/2021-08-15-Bellagio-Villa-del-Balbianello-und-Menaggio_29-768x1024.jpg 768w, https:\/\/simonschoenhoff.de\/wp-content\/uploads\/2022\/04\/2021-08-15-Bellagio-Villa-del-Balbianello-und-Menaggio_29-1200x1600.jpg 1200w, https:\/\/simonschoenhoff.de\/wp-content\/uploads\/2022\/04\/2021-08-15-Bellagio-Villa-del-Balbianello-und-Menaggio_29-225x300.jpg 225w, https:\/\/simonschoenhoff.de\/wp-content\/uploads\/2022\/04\/2021-08-15-Bellagio-Villa-del-Balbianello-und-Menaggio_29-1152x1536.jpg 1152w, https:\/\/simonschoenhoff.de\/wp-content\/uploads\/2022\/04\/2021-08-15-Bellagio-Villa-del-Balbianello-und-Menaggio_29-600x800.jpg 600w, https:\/\/simonschoenhoff.de\/wp-content\/uploads\/2022\/04\/2021-08-15-Bellagio-Villa-del-Balbianello-und-Menaggio_29.jpg 1500w\" sizes=\"(max-width: 768px) 100vw, 768px\">\t\t\t\t\t\t\t\t\t\t\t<figcaption class=\"widget-image-caption wp-caption-text\">Entfer\u00adnung | 160 mm, f\/6.3, 1\/800 Sek., ISO&nbsp;100<\/figcaption>\n\t\t\t\t\t\t\t\t\t\t<\/figure>\n\t\t\t\t\t\t\t\t\t<\/div>\n\t\t\t\t<\/div>\n\t\t\t\t\t<\/div>\n\t\t\t\t<\/div>\n\t\t\t\t\t<\/div>\n\t\t\t\t<\/div>\n\t\t<div class=\"elementor-element elementor-element-99ca266 e-flex e-con-boxed e-con e-parent\" data-id=\"99ca266\" data-element_type=\"container\" data-e-type=\"container\">\n\t\t\t\t\t<div class=\"e-con-inner\">\n\t\t\t\t<div class=\"elementor-element elementor-element-41cf25e elementor-widget__width-initial elementor-widget-mobile__width-initial elementor-invisible elementor-widget elementor-widget-image\" data-id=\"41cf25e\" data-element_type=\"widget\" data-e-type=\"widget\" data-settings=\"{&quot;_animation&quot;:&quot;zoomIn&quot;}\" data-widget_type=\"image.default\">\n\t\t\t\t<div class=\"elementor-widget-container\">\n\t\t\t\t\t\t\t\t\t\t\t\t<figure class=\"wp-caption\">\n\t\t\t\t\t\t\t\t\t\t<img loading=\"lazy\" decoding=\"async\" width=\"2000\" height=\"1333\" src=\"https:\/\/simonschoenhoff.de\/wp-content\/uploads\/2022\/04\/2021-08-15-Bellagio-Villa-del-Balbianello-und-Menaggio_30.jpg\" class=\"attachment-full size-full wp-image-5560\" alt srcset=\"https:\/\/simonschoenhoff.de\/wp-content\/uploads\/2022\/04\/2021-08-15-Bellagio-Villa-del-Balbianello-und-Menaggio_30.jpg 2000w, https:\/\/simonschoenhoff.de\/wp-content\/uploads\/2022\/04\/2021-08-15-Bellagio-Villa-del-Balbianello-und-Menaggio_30-1200x800.jpg 1200w, https:\/\/simonschoenhoff.de\/wp-content\/uploads\/2022\/04\/2021-08-15-Bellagio-Villa-del-Balbianello-und-Menaggio_30-300x200.jpg 300w, https:\/\/simonschoenhoff.de\/wp-content\/uploads\/2022\/04\/2021-08-15-Bellagio-Villa-del-Balbianello-und-Menaggio_30-1024x682.jpg 1024w, https:\/\/simonschoenhoff.de\/wp-content\/uploads\/2022\/04\/2021-08-15-Bellagio-Villa-del-Balbianello-und-Menaggio_30-768x512.jpg 768w, https:\/\/simonschoenhoff.de\/wp-content\/uploads\/2022\/04\/2021-08-15-Bellagio-Villa-del-Balbianello-und-Menaggio_30-1536x1024.jpg 1536w, https:\/\/simonschoenhoff.de\/wp-content\/uploads\/2022\/04\/2021-08-15-Bellagio-Villa-del-Balbianello-und-Menaggio_30-600x400.jpg 600w\" sizes=\"(max-width: 2000px) 100vw, 2000px\">\t\t\t\t\t\t\t\t\t\t\t<figcaption class=\"widget-image-caption wp-caption-text\">Bell\u00adagio | 185 mm, f\/6.3, 1\/400 Sek., ISO&nbsp;100<\/figcaption>\n\t\t\t\t\t\t\t\t\t\t<\/figure>\n\t\t\t\t\t\t\t\t\t<\/div>\n\t\t\t\t<\/div>\n\t\t\t\t<div class=\"elementor-element elementor-element-da821e9 elementor-invisible elementor-widget elementor-widget-image\" data-id=\"da821e9\" data-element_type=\"widget\" data-e-type=\"widget\" data-settings=\"{&quot;_animation&quot;:&quot;zoomIn&quot;}\" data-widget_type=\"image.default\">\n\t\t\t\t<div class=\"elementor-widget-container\">\n\t\t\t\t\t\t\t\t\t\t\t\t<figure class=\"wp-caption\">\n\t\t\t\t\t\t\t\t\t\t<img loading=\"lazy\" decoding=\"async\" width=\"1333\" height=\"2000\" src=\"https:\/\/simonschoenhoff.de\/wp-content\/uploads\/2022\/04\/2021-08-15-Bellagio-Villa-del-Balbianello-und-Menaggio_31.jpg\" class=\"attachment-full size-full wp-image-5561\" alt srcset=\"https:\/\/simonschoenhoff.de\/wp-content\/uploads\/2022\/04\/2021-08-15-Bellagio-Villa-del-Balbianello-und-Menaggio_31.jpg 1333w, https:\/\/simonschoenhoff.de\/wp-content\/uploads\/2022\/04\/2021-08-15-Bellagio-Villa-del-Balbianello-und-Menaggio_31-1200x1800.jpg 1200w, https:\/\/simonschoenhoff.de\/wp-content\/uploads\/2022\/04\/2021-08-15-Bellagio-Villa-del-Balbianello-und-Menaggio_31-200x300.jpg 200w, https:\/\/simonschoenhoff.de\/wp-content\/uploads\/2022\/04\/2021-08-15-Bellagio-Villa-del-Balbianello-und-Menaggio_31-682x1024.jpg 682w, https:\/\/simonschoenhoff.de\/wp-content\/uploads\/2022\/04\/2021-08-15-Bellagio-Villa-del-Balbianello-und-Menaggio_31-768x1152.jpg 768w, https:\/\/simonschoenhoff.de\/wp-content\/uploads\/2022\/04\/2021-08-15-Bellagio-Villa-del-Balbianello-und-Menaggio_31-1024x1536.jpg 1024w, https:\/\/simonschoenhoff.de\/wp-content\/uploads\/2022\/04\/2021-08-15-Bellagio-Villa-del-Balbianello-und-Menaggio_31-600x900.jpg 600w\" sizes=\"(max-width: 1333px) 100vw, 1333px\">\t\t\t\t\t\t\t\t\t\t\t<figcaption class=\"widget-image-caption wp-caption-text\">T\u00fcrm\u00adchen | 366 mm, f\/7.1, 1\/800 Sek., ISO&nbsp;320<\/figcaption>\n\t\t\t\t\t\t\t\t\t\t<\/figure>\n\t\t\t\t\t\t\t\t\t<\/div>\n\t\t\t\t<\/div>\n\t\t\t\t\t<\/div>\n\t\t\t\t<\/div>\n\t\t<div class=\"elementor-element elementor-element-f7e38a5 e-flex e-con-boxed e-con e-parent\" data-id=\"f7e38a5\" data-element_type=\"container\" data-e-type=\"container\">\n\t\t\t\t\t<div class=\"e-con-inner\">\n\t\t\t\t<div class=\"elementor-element elementor-element-c3ef751 elementor-widget elementor-widget-heading\" data-id=\"c3ef751\" data-element_type=\"widget\" data-e-type=\"widget\" data-widget_type=\"heading.default\">\n\t\t\t\t<div class=\"elementor-widget-container\">\n\t\t\t\t\t<h3 class=\"elementor-heading-title elementor-size-default\">Menaggio<\/h3>\t\t\t\t<\/div>\n\t\t\t\t<\/div>\n\t\t\t\t<div class=\"elementor-element elementor-element-e0fd078 elementor-widget elementor-widget-text-editor\" data-id=\"e0fd078\" data-element_type=\"widget\" data-e-type=\"widget\" data-widget_type=\"text-editor.default\">\n\t\t\t\t<div class=\"elementor-widget-container\">\n\t\t\t\t\t\t\t\t\t<p>Menaggio, war am ersten Tag am Comer See unser Einstiegs\u00adpunkt. Von hier aus setzten wir mit der Auto\u00adf\u00e4hre nach Varenna \u00fcber. Heute wollten wir uns die kleine Stadt aus der N\u00e4he anschauen. In der langsam tiefer stehenden Sonne, aber dennoch beinahe uner\u00adtr\u00e4g\u00adli\u00adchen Hitze des Tages, schritten wir erst an der Prome\u00adnade entlang, ehe wir uns ein wenig die G\u00e4ss\u00adchen der Stadt anschauten.&nbsp;<\/p>\t\t\t\t\t\t\t\t<\/div>\n\t\t\t\t<\/div>\n\t\t\t\t<div class=\"elementor-element elementor-element-cdc14c6 elementor-widget elementor-widget-text-editor\" data-id=\"cdc14c6\" data-element_type=\"widget\" data-e-type=\"widget\" data-widget_type=\"text-editor.default\">\n\t\t\t\t<div class=\"elementor-widget-container\">\n\t\t\t\t\t\t\t\t\t<p>Im Nach\u00adhinein waren wir recht froh dar\u00fcber in Varenna eine Unter\u00adkunft bekommen zu haben. Obwohl Varenna nat\u00fcr\u00adlich einer der Touris\u00adtenhot\u00adspots am Comer See ist, so kam uns Menaggio irgendwie \u201elauter\u201c vor. Mehr Autos und Verkehr. Irgendwie nicht so idyllisch.<\/p>\t\t\t\t\t\t\t\t<\/div>\n\t\t\t\t<\/div>\n\t\t\t\t<div class=\"elementor-element elementor-element-37b9e98 elementor-invisible elementor-widget elementor-widget-image\" data-id=\"37b9e98\" data-element_type=\"widget\" data-e-type=\"widget\" data-settings=\"{&quot;_animation&quot;:&quot;zoomIn&quot;}\" data-widget_type=\"image.default\">\n\t\t\t\t<div class=\"elementor-widget-container\">\n\t\t\t\t\t\t\t\t\t\t\t\t<figure class=\"wp-caption\">\n\t\t\t\t\t\t\t\t\t\t<img loading=\"lazy\" decoding=\"async\" width=\"2000\" height=\"1333\" src=\"https:\/\/simonschoenhoff.de\/wp-content\/uploads\/2022\/04\/2021-08-15-Bellagio-Villa-del-Balbianello-und-Menaggio_32.jpg\" class=\"attachment-full size-full wp-image-5562\" alt srcset=\"https:\/\/simonschoenhoff.de\/wp-content\/uploads\/2022\/04\/2021-08-15-Bellagio-Villa-del-Balbianello-und-Menaggio_32.jpg 2000w, https:\/\/simonschoenhoff.de\/wp-content\/uploads\/2022\/04\/2021-08-15-Bellagio-Villa-del-Balbianello-und-Menaggio_32-1200x800.jpg 1200w, https:\/\/simonschoenhoff.de\/wp-content\/uploads\/2022\/04\/2021-08-15-Bellagio-Villa-del-Balbianello-und-Menaggio_32-300x200.jpg 300w, https:\/\/simonschoenhoff.de\/wp-content\/uploads\/2022\/04\/2021-08-15-Bellagio-Villa-del-Balbianello-und-Menaggio_32-1024x682.jpg 1024w, https:\/\/simonschoenhoff.de\/wp-content\/uploads\/2022\/04\/2021-08-15-Bellagio-Villa-del-Balbianello-und-Menaggio_32-768x512.jpg 768w, https:\/\/simonschoenhoff.de\/wp-content\/uploads\/2022\/04\/2021-08-15-Bellagio-Villa-del-Balbianello-und-Menaggio_32-1536x1024.jpg 1536w, https:\/\/simonschoenhoff.de\/wp-content\/uploads\/2022\/04\/2021-08-15-Bellagio-Villa-del-Balbianello-und-Menaggio_32-600x400.jpg 600w\" sizes=\"(max-width: 2000px) 100vw, 2000px\">\t\t\t\t\t\t\t\t\t\t\t<figcaption class=\"widget-image-caption wp-caption-text\">Dolce Vita a Menaggio | 68 mm, f\/8, 1\/320 Sek., ISO&nbsp;100<\/figcaption>\n\t\t\t\t\t\t\t\t\t\t<\/figure>\n\t\t\t\t\t\t\t\t\t<\/div>\n\t\t\t\t<\/div>\n\t\t<div class=\"elementor-element elementor-element-6d3e1b0 e-flex e-con-boxed e-con e-child\" data-id=\"6d3e1b0\" data-element_type=\"container\" data-e-type=\"container\">\n\t\t\t\t\t<div class=\"e-con-inner\">\n\t\t\t\t<div class=\"elementor-element elementor-element-0ad6b28 elementor-invisible elementor-widget elementor-widget-image\" data-id=\"0ad6b28\" data-element_type=\"widget\" data-e-type=\"widget\" data-settings=\"{&quot;_animation&quot;:&quot;zoomIn&quot;}\" data-widget_type=\"image.default\">\n\t\t\t\t<div class=\"elementor-widget-container\">\n\t\t\t\t\t\t\t\t\t\t\t\t<figure class=\"wp-caption\">\n\t\t\t\t\t\t\t\t\t\t<img loading=\"lazy\" decoding=\"async\" width=\"1333\" height=\"2000\" src=\"https:\/\/simonschoenhoff.de\/wp-content\/uploads\/2022\/04\/2021-08-15-Bellagio-Villa-del-Balbianello-und-Menaggio_33.jpg\" class=\"attachment-full size-full wp-image-5563\" alt srcset=\"https:\/\/simonschoenhoff.de\/wp-content\/uploads\/2022\/04\/2021-08-15-Bellagio-Villa-del-Balbianello-und-Menaggio_33.jpg 1333w, https:\/\/simonschoenhoff.de\/wp-content\/uploads\/2022\/04\/2021-08-15-Bellagio-Villa-del-Balbianello-und-Menaggio_33-1200x1800.jpg 1200w, https:\/\/simonschoenhoff.de\/wp-content\/uploads\/2022\/04\/2021-08-15-Bellagio-Villa-del-Balbianello-und-Menaggio_33-200x300.jpg 200w, https:\/\/simonschoenhoff.de\/wp-content\/uploads\/2022\/04\/2021-08-15-Bellagio-Villa-del-Balbianello-und-Menaggio_33-682x1024.jpg 682w, https:\/\/simonschoenhoff.de\/wp-content\/uploads\/2022\/04\/2021-08-15-Bellagio-Villa-del-Balbianello-und-Menaggio_33-768x1152.jpg 768w, https:\/\/simonschoenhoff.de\/wp-content\/uploads\/2022\/04\/2021-08-15-Bellagio-Villa-del-Balbianello-und-Menaggio_33-1024x1536.jpg 1024w, https:\/\/simonschoenhoff.de\/wp-content\/uploads\/2022\/04\/2021-08-15-Bellagio-Villa-del-Balbianello-und-Menaggio_33-600x900.jpg 600w\" sizes=\"(max-width: 1333px) 100vw, 1333px\">\t\t\t\t\t\t\t\t\t\t\t<figcaption class=\"widget-image-caption wp-caption-text\">Steile H\u00e4nge am Comer See | 202 mm, f\/11, 1\/500 Sek., ISO&nbsp;400<\/figcaption>\n\t\t\t\t\t\t\t\t\t\t<\/figure>\n\t\t\t\t\t\t\t\t\t<\/div>\n\t\t\t\t<\/div>\n\t\t\t\t<div class=\"elementor-element elementor-element-aa58624 elementor-invisible elementor-widget elementor-widget-image\" data-id=\"aa58624\" data-element_type=\"widget\" data-e-type=\"widget\" data-settings=\"{&quot;_animation&quot;:&quot;zoomIn&quot;}\" data-widget_type=\"image.default\">\n\t\t\t\t<div class=\"elementor-widget-container\">\n\t\t\t\t\t\t\t\t\t\t\t\t<figure class=\"wp-caption\">\n\t\t\t\t\t\t\t\t\t\t<img loading=\"lazy\" decoding=\"async\" width=\"1333\" height=\"2000\" src=\"https:\/\/simonschoenhoff.de\/wp-content\/uploads\/2022\/04\/2021-08-15-Bellagio-Villa-del-Balbianello-und-Menaggio_34.jpg\" class=\"attachment-full size-full wp-image-5564\" alt srcset=\"https:\/\/simonschoenhoff.de\/wp-content\/uploads\/2022\/04\/2021-08-15-Bellagio-Villa-del-Balbianello-und-Menaggio_34.jpg 1333w, https:\/\/simonschoenhoff.de\/wp-content\/uploads\/2022\/04\/2021-08-15-Bellagio-Villa-del-Balbianello-und-Menaggio_34-1200x1800.jpg 1200w, https:\/\/simonschoenhoff.de\/wp-content\/uploads\/2022\/04\/2021-08-15-Bellagio-Villa-del-Balbianello-und-Menaggio_34-200x300.jpg 200w, https:\/\/simonschoenhoff.de\/wp-content\/uploads\/2022\/04\/2021-08-15-Bellagio-Villa-del-Balbianello-und-Menaggio_34-682x1024.jpg 682w, https:\/\/simonschoenhoff.de\/wp-content\/uploads\/2022\/04\/2021-08-15-Bellagio-Villa-del-Balbianello-und-Menaggio_34-768x1152.jpg 768w, https:\/\/simonschoenhoff.de\/wp-content\/uploads\/2022\/04\/2021-08-15-Bellagio-Villa-del-Balbianello-und-Menaggio_34-1024x1536.jpg 1024w, https:\/\/simonschoenhoff.de\/wp-content\/uploads\/2022\/04\/2021-08-15-Bellagio-Villa-del-Balbianello-und-Menaggio_34-600x900.jpg 600w\" sizes=\"(max-width: 1333px) 100vw, 1333px\">\t\t\t\t\t\t\t\t\t\t\t<figcaption class=\"widget-image-caption wp-caption-text\">Spazier\u00adgang an der Prome\u00adnade | 24 mm, f\/11, 1\/125 Sek., ISO&nbsp;100<\/figcaption>\n\t\t\t\t\t\t\t\t\t\t<\/figure>\n\t\t\t\t\t\t\t\t\t<\/div>\n\t\t\t\t<\/div>\n\t\t\t\t\t<\/div>\n\t\t\t\t<\/div>\n\t\t\t\t\t<\/div>\n\t\t\t\t<\/div>\n\t\t<div class=\"elementor-element elementor-element-8b4e716 e-flex e-con-boxed e-con e-parent\" data-id=\"8b4e716\" data-element_type=\"container\" data-e-type=\"container\">\n\t\t\t\t\t<div class=\"e-con-inner\">\n\t\t\t\t<div class=\"elementor-element elementor-element-ece496d elementor-widget elementor-widget-text-editor\" data-id=\"ece496d\" data-element_type=\"widget\" data-e-type=\"widget\" data-widget_type=\"text-editor.default\">\n\t\t\t\t<div class=\"elementor-widget-container\">\n\t\t\t\t\t\t\t\t\t<p>Leider blieb auch unsere Suche nach einem Restau\u00adrant erfolglos. Entweder hatten sie Ruhetag, Urlaub, waren \u00dcber\u00adf\u00fcllt oder die \u00d6ffnungs\u00adzeiten stimmten nicht mit den in Google einge\u00adpflegten \u00fcberein. Etwas frus\u00adtriert und Hungrig fuhren wir nach Varenna, wo wir inner\u00adhalb k\u00fcrzester Zeit etwas zu Essen fanden.&nbsp;<\/p>\t\t\t\t\t\t\t\t<\/div>\n\t\t\t\t<\/div>\n\t\t\t\t<div class=\"elementor-element elementor-element-90a9879 elementor-invisible elementor-widget elementor-widget-image\" data-id=\"90a9879\" data-element_type=\"widget\" data-e-type=\"widget\" data-settings=\"{&quot;_animation&quot;:&quot;zoomIn&quot;}\" data-widget_type=\"image.default\">\n\t\t\t\t<div class=\"elementor-widget-container\">\n\t\t\t\t\t\t\t\t\t\t\t\t<figure class=\"wp-caption\">\n\t\t\t\t\t\t\t\t\t\t<img loading=\"lazy\" decoding=\"async\" width=\"2000\" height=\"417\" src=\"https:\/\/simonschoenhoff.de\/wp-content\/uploads\/2022\/04\/2021-08-15-Bellagio-Villa-del-Balbianello-und-Menaggio_35.jpg\" class=\"attachment-full size-full wp-image-5565\" alt srcset=\"https:\/\/simonschoenhoff.de\/wp-content\/uploads\/2022\/04\/2021-08-15-Bellagio-Villa-del-Balbianello-und-Menaggio_35.jpg 2000w, https:\/\/simonschoenhoff.de\/wp-content\/uploads\/2022\/04\/2021-08-15-Bellagio-Villa-del-Balbianello-und-Menaggio_35-1200x250.jpg 1200w, https:\/\/simonschoenhoff.de\/wp-content\/uploads\/2022\/04\/2021-08-15-Bellagio-Villa-del-Balbianello-und-Menaggio_35-300x63.jpg 300w, https:\/\/simonschoenhoff.de\/wp-content\/uploads\/2022\/04\/2021-08-15-Bellagio-Villa-del-Balbianello-und-Menaggio_35-1024x214.jpg 1024w, https:\/\/simonschoenhoff.de\/wp-content\/uploads\/2022\/04\/2021-08-15-Bellagio-Villa-del-Balbianello-und-Menaggio_35-768x160.jpg 768w, https:\/\/simonschoenhoff.de\/wp-content\/uploads\/2022\/04\/2021-08-15-Bellagio-Villa-del-Balbianello-und-Menaggio_35-1536x320.jpg 1536w, https:\/\/simonschoenhoff.de\/wp-content\/uploads\/2022\/04\/2021-08-15-Bellagio-Villa-del-Balbianello-und-Menaggio_35-600x125.jpg 600w\" sizes=\"(max-width: 2000px) 100vw, 2000px\">\t\t\t\t\t\t\t\t\t\t\t<figcaption class=\"widget-image-caption wp-caption-text\">Panorama um die Land\u00adzunge bei Bell\u00adagio | 101 mm, f\/5.6, 1\/800 Sek. ISO 100 (Panorma aus Hochkantaufnahmen)<\/figcaption>\n\t\t\t\t\t\t\t\t\t\t<\/figure>\n\t\t\t\t\t\t\t\t\t<\/div>\n\t\t\t\t<\/div>\n\t\t\t\t<div class=\"elementor-element elementor-element-befaf59 elementor-invisible elementor-widget elementor-widget-image\" data-id=\"befaf59\" data-element_type=\"widget\" data-e-type=\"widget\" data-settings=\"{&quot;_animation&quot;:&quot;zoomIn&quot;}\" data-widget_type=\"image.default\">\n\t\t\t\t<div class=\"elementor-widget-container\">\n\t\t\t\t\t\t\t\t\t\t\t\t<figure class=\"wp-caption\">\n\t\t\t\t\t\t\t\t\t\t<img loading=\"lazy\" decoding=\"async\" width=\"2000\" height=\"1337\" src=\"https:\/\/simonschoenhoff.de\/wp-content\/uploads\/2022\/04\/2021-08-15-Bellagio-Villa-del-Balbianello-und-Menaggio_36.jpg\" class=\"attachment-full size-full wp-image-5566\" alt srcset=\"https:\/\/simonschoenhoff.de\/wp-content\/uploads\/2022\/04\/2021-08-15-Bellagio-Villa-del-Balbianello-und-Menaggio_36.jpg 2000w, https:\/\/simonschoenhoff.de\/wp-content\/uploads\/2022\/04\/2021-08-15-Bellagio-Villa-del-Balbianello-und-Menaggio_36-1200x802.jpg 1200w, https:\/\/simonschoenhoff.de\/wp-content\/uploads\/2022\/04\/2021-08-15-Bellagio-Villa-del-Balbianello-und-Menaggio_36-300x201.jpg 300w, https:\/\/simonschoenhoff.de\/wp-content\/uploads\/2022\/04\/2021-08-15-Bellagio-Villa-del-Balbianello-und-Menaggio_36-1024x685.jpg 1024w, https:\/\/simonschoenhoff.de\/wp-content\/uploads\/2022\/04\/2021-08-15-Bellagio-Villa-del-Balbianello-und-Menaggio_36-768x513.jpg 768w, https:\/\/simonschoenhoff.de\/wp-content\/uploads\/2022\/04\/2021-08-15-Bellagio-Villa-del-Balbianello-und-Menaggio_36-1536x1027.jpg 1536w, https:\/\/simonschoenhoff.de\/wp-content\/uploads\/2022\/04\/2021-08-15-Bellagio-Villa-del-Balbianello-und-Menaggio_36-600x401.jpg 600w\" sizes=\"(max-width: 2000px) 100vw, 2000px\">\t\t\t\t\t\t\t\t\t\t\t<figcaption class=\"widget-image-caption wp-caption-text\">Varenna am Abend unter aufge\u00adgan\u00adgenem Mond | 27 mm, f\/8, 1\/320 Sek., ISO&nbsp;100<\/figcaption>\n\t\t\t\t\t\t\t\t\t\t<\/figure>\n\t\t\t\t\t\t\t\t\t<\/div>\n\t\t\t\t<\/div>\n\t\t\t\t\t<\/div>\n\t\t\t\t<\/div>\n\t\t<div class=\"elementor-element elementor-element-c4871f7 e-flex e-con-boxed e-con e-parent\" data-id=\"c4871f7\" data-element_type=\"container\" data-e-type=\"container\">\n\t\t\t\t\t<div class=\"e-con-inner\">\n\t\t\t\t<div class=\"elementor-element elementor-element-2328061 elementor-widget elementor-widget-heading\" data-id=\"2328061\" data-element_type=\"widget\" data-e-type=\"widget\" data-widget_type=\"heading.default\">\n\t\t\t\t<div class=\"elementor-widget-container\">\n\t\t\t\t\t<h3 class=\"elementor-heading-title elementor-size-default\">Castello di&nbsp;Vezio<\/h3>\t\t\t\t<\/div>\n\t\t\t\t<\/div>\n\t\t\t\t<div class=\"elementor-element elementor-element-76acbad elementor-widget elementor-widget-text-editor\" data-id=\"76acbad\" data-element_type=\"widget\" data-e-type=\"widget\" data-widget_type=\"text-editor.default\">\n\t\t\t\t<div class=\"elementor-widget-container\">\n\t\t\t\t\t\t\t\t\t<p>F\u00fcr alle die auf der Seite Varennas auf dem Comer See sind, gibt es die M\u00f6glich\u00adkeit das Castello di Vezio zu besu\u00adchen. Neben einem atem\u00adbe\u00adrau\u00adbenden Rund\u00adum\u00adblick \u00fcber die D\u00e4cher Varennas hinweg, gibt es dort ein paar pr\u00e4ch\u00adtige alte B\u00e4ume, eine kleine Burg\u00adruine und ein nettes kleines D\u00f6rf\u00adchen zu&nbsp;sehen.&nbsp;<\/p>\t\t\t\t\t\t\t\t<\/div>\n\t\t\t\t<\/div>\n\t\t\t\t<div class=\"elementor-element elementor-element-e1abbd5 elementor-invisible elementor-widget elementor-widget-image\" data-id=\"e1abbd5\" data-element_type=\"widget\" data-e-type=\"widget\" data-settings=\"{&quot;_animation&quot;:&quot;zoomIn&quot;}\" data-widget_type=\"image.default\">\n\t\t\t\t<div class=\"elementor-widget-container\">\n\t\t\t\t\t\t\t\t\t\t\t\t<figure class=\"wp-caption\">\n\t\t\t\t\t\t\t\t\t\t<img loading=\"lazy\" decoding=\"async\" width=\"2000\" height=\"1333\" src=\"https:\/\/simonschoenhoff.de\/wp-content\/uploads\/2022\/04\/2021-08-16-Castello-Vezio-Orrido-del-Belano-Kloster_37.jpg\" class=\"attachment-full size-full wp-image-5567\" alt srcset=\"https:\/\/simonschoenhoff.de\/wp-content\/uploads\/2022\/04\/2021-08-16-Castello-Vezio-Orrido-del-Belano-Kloster_37.jpg 2000w, https:\/\/simonschoenhoff.de\/wp-content\/uploads\/2022\/04\/2021-08-16-Castello-Vezio-Orrido-del-Belano-Kloster_37-1200x800.jpg 1200w, https:\/\/simonschoenhoff.de\/wp-content\/uploads\/2022\/04\/2021-08-16-Castello-Vezio-Orrido-del-Belano-Kloster_37-300x200.jpg 300w, https:\/\/simonschoenhoff.de\/wp-content\/uploads\/2022\/04\/2021-08-16-Castello-Vezio-Orrido-del-Belano-Kloster_37-1024x682.jpg 1024w, https:\/\/simonschoenhoff.de\/wp-content\/uploads\/2022\/04\/2021-08-16-Castello-Vezio-Orrido-del-Belano-Kloster_37-768x512.jpg 768w, https:\/\/simonschoenhoff.de\/wp-content\/uploads\/2022\/04\/2021-08-16-Castello-Vezio-Orrido-del-Belano-Kloster_37-1536x1024.jpg 1536w, https:\/\/simonschoenhoff.de\/wp-content\/uploads\/2022\/04\/2021-08-16-Castello-Vezio-Orrido-del-Belano-Kloster_37-600x400.jpg 600w\" sizes=\"(max-width: 2000px) 100vw, 2000px\">\t\t\t\t\t\t\t\t\t\t\t<figcaption class=\"widget-image-caption wp-caption-text\">D\u00e4cher Varennas | 49 mm, f\/4, 1\/125 Sek., ISO&nbsp;100<\/figcaption>\n\t\t\t\t\t\t\t\t\t\t<\/figure>\n\t\t\t\t\t\t\t\t\t<\/div>\n\t\t\t\t<\/div>\n\t\t\t\t<div class=\"elementor-element elementor-element-9334a85 elementor-widget elementor-widget-text-editor\" data-id=\"9334a85\" data-element_type=\"widget\" data-e-type=\"widget\" data-widget_type=\"text-editor.default\">\n\t\t\t\t<div class=\"elementor-widget-container\">\n\t\t\t\t\t\t\t\t\t<p>Zu einem beson\u00adderen Touris\u00adten\u00adma\u00adgneten sind die Statuen geworden, die einen wohl an den Tod, oder aber auch an die Demen\u00adtoren aus Harry Potter erin\u00adnern sollen. Zum Erhalt des Castellos wird auch hier mitt\u00adler\u00adweile eine kleine Summe als Eintritt verlangt. Einmal t\u00e4glich kann man wohl auch eine F\u00fchrung mit dem Falkner vor Ort buchen. Wir schauten uns das Castello aber f\u00fcr uns selbst an.&nbsp;<\/p>\t\t\t\t\t\t\t\t<\/div>\n\t\t\t\t<\/div>\n\t\t<div class=\"elementor-element elementor-element-3d73988 e-flex e-con-boxed e-con e-child\" data-id=\"3d73988\" data-element_type=\"container\" data-e-type=\"container\">\n\t\t\t\t\t<div class=\"e-con-inner\">\n\t\t\t\t<div class=\"elementor-element elementor-element-8112061 elementor-invisible elementor-widget elementor-widget-image\" data-id=\"8112061\" data-element_type=\"widget\" data-e-type=\"widget\" data-settings=\"{&quot;_animation&quot;:&quot;zoomIn&quot;}\" data-widget_type=\"image.default\">\n\t\t\t\t<div class=\"elementor-widget-container\">\n\t\t\t\t\t\t\t\t\t\t\t\t<figure class=\"wp-caption\">\n\t\t\t\t\t\t\t\t\t\t<img loading=\"lazy\" decoding=\"async\" width=\"1333\" height=\"2000\" src=\"https:\/\/simonschoenhoff.de\/wp-content\/uploads\/2022\/04\/2021-08-16-Castello-Vezio-Orrido-del-Belano-Kloster_38.jpg\" class=\"attachment-full size-full wp-image-5568\" alt srcset=\"https:\/\/simonschoenhoff.de\/wp-content\/uploads\/2022\/04\/2021-08-16-Castello-Vezio-Orrido-del-Belano-Kloster_38.jpg 1333w, https:\/\/simonschoenhoff.de\/wp-content\/uploads\/2022\/04\/2021-08-16-Castello-Vezio-Orrido-del-Belano-Kloster_38-1200x1800.jpg 1200w, https:\/\/simonschoenhoff.de\/wp-content\/uploads\/2022\/04\/2021-08-16-Castello-Vezio-Orrido-del-Belano-Kloster_38-200x300.jpg 200w, https:\/\/simonschoenhoff.de\/wp-content\/uploads\/2022\/04\/2021-08-16-Castello-Vezio-Orrido-del-Belano-Kloster_38-682x1024.jpg 682w, https:\/\/simonschoenhoff.de\/wp-content\/uploads\/2022\/04\/2021-08-16-Castello-Vezio-Orrido-del-Belano-Kloster_38-768x1152.jpg 768w, https:\/\/simonschoenhoff.de\/wp-content\/uploads\/2022\/04\/2021-08-16-Castello-Vezio-Orrido-del-Belano-Kloster_38-1024x1536.jpg 1024w, https:\/\/simonschoenhoff.de\/wp-content\/uploads\/2022\/04\/2021-08-16-Castello-Vezio-Orrido-del-Belano-Kloster_38-600x900.jpg 600w\" sizes=\"(max-width: 1333px) 100vw, 1333px\">\t\t\t\t\t\t\t\t\t\t\t<figcaption class=\"widget-image-caption wp-caption-text\">Varenna am Comer See | 24 mm, f\/11, 1\/60 Sek., ISO&nbsp;320<\/figcaption>\n\t\t\t\t\t\t\t\t\t\t<\/figure>\n\t\t\t\t\t\t\t\t\t<\/div>\n\t\t\t\t<\/div>\n\t\t\t\t<div class=\"elementor-element elementor-element-0d76e2d elementor-invisible elementor-widget elementor-widget-image\" data-id=\"0d76e2d\" data-element_type=\"widget\" data-e-type=\"widget\" data-settings=\"{&quot;_animation&quot;:&quot;zoomIn&quot;}\" data-widget_type=\"image.default\">\n\t\t\t\t<div class=\"elementor-widget-container\">\n\t\t\t\t\t\t\t\t\t\t\t\t<figure class=\"wp-caption\">\n\t\t\t\t\t\t\t\t\t\t<img loading=\"lazy\" decoding=\"async\" width=\"1333\" height=\"2000\" src=\"https:\/\/simonschoenhoff.de\/wp-content\/uploads\/2022\/04\/2021-08-16-Castello-Vezio-Orrido-del-Belano-Kloster_40.jpg\" class=\"attachment-full size-full wp-image-5570\" alt srcset=\"https:\/\/simonschoenhoff.de\/wp-content\/uploads\/2022\/04\/2021-08-16-Castello-Vezio-Orrido-del-Belano-Kloster_40.jpg 1333w, https:\/\/simonschoenhoff.de\/wp-content\/uploads\/2022\/04\/2021-08-16-Castello-Vezio-Orrido-del-Belano-Kloster_40-1200x1800.jpg 1200w, https:\/\/simonschoenhoff.de\/wp-content\/uploads\/2022\/04\/2021-08-16-Castello-Vezio-Orrido-del-Belano-Kloster_40-200x300.jpg 200w, https:\/\/simonschoenhoff.de\/wp-content\/uploads\/2022\/04\/2021-08-16-Castello-Vezio-Orrido-del-Belano-Kloster_40-682x1024.jpg 682w, https:\/\/simonschoenhoff.de\/wp-content\/uploads\/2022\/04\/2021-08-16-Castello-Vezio-Orrido-del-Belano-Kloster_40-768x1152.jpg 768w, https:\/\/simonschoenhoff.de\/wp-content\/uploads\/2022\/04\/2021-08-16-Castello-Vezio-Orrido-del-Belano-Kloster_40-1024x1536.jpg 1024w, https:\/\/simonschoenhoff.de\/wp-content\/uploads\/2022\/04\/2021-08-16-Castello-Vezio-Orrido-del-Belano-Kloster_40-600x900.jpg 600w\" sizes=\"(max-width: 1333px) 100vw, 1333px\">\t\t\t\t\t\t\t\t\t\t\t<figcaption class=\"widget-image-caption wp-caption-text\">Aussicht \u00fcber den See | 24 mm, f\/11, 1\/60 Sek., ISO&nbsp;500<\/figcaption>\n\t\t\t\t\t\t\t\t\t\t<\/figure>\n\t\t\t\t\t\t\t\t\t<\/div>\n\t\t\t\t<\/div>\n\t\t\t\t\t<\/div>\n\t\t\t\t<\/div>\n\t\t\t\t\t<\/div>\n\t\t\t\t<\/div>\n\t\t<div class=\"elementor-element elementor-element-105dd7f e-flex e-con-boxed e-con e-parent\" data-id=\"105dd7f\" data-element_type=\"container\" data-e-type=\"container\">\n\t\t\t\t\t<div class=\"e-con-inner\">\n\t\t\t\t<div class=\"elementor-element elementor-element-2572991 elementor-widget__width-initial elementor-widget-mobile__width-initial elementor-invisible elementor-widget elementor-widget-image\" data-id=\"2572991\" data-element_type=\"widget\" data-e-type=\"widget\" data-settings=\"{&quot;_animation&quot;:&quot;zoomIn&quot;}\" data-widget_type=\"image.default\">\n\t\t\t\t<div class=\"elementor-widget-container\">\n\t\t\t\t\t\t\t\t\t\t\t\t<figure class=\"wp-caption\">\n\t\t\t\t\t\t\t\t\t\t<img loading=\"lazy\" decoding=\"async\" width=\"1333\" height=\"2000\" src=\"https:\/\/simonschoenhoff.de\/wp-content\/uploads\/2022\/04\/2021-08-16-Castello-Vezio-Orrido-del-Belano-Kloster_41.jpg\" class=\"attachment-full size-full wp-image-5571\" alt srcset=\"https:\/\/simonschoenhoff.de\/wp-content\/uploads\/2022\/04\/2021-08-16-Castello-Vezio-Orrido-del-Belano-Kloster_41.jpg 1333w, https:\/\/simonschoenhoff.de\/wp-content\/uploads\/2022\/04\/2021-08-16-Castello-Vezio-Orrido-del-Belano-Kloster_41-1200x1800.jpg 1200w, https:\/\/simonschoenhoff.de\/wp-content\/uploads\/2022\/04\/2021-08-16-Castello-Vezio-Orrido-del-Belano-Kloster_41-200x300.jpg 200w, https:\/\/simonschoenhoff.de\/wp-content\/uploads\/2022\/04\/2021-08-16-Castello-Vezio-Orrido-del-Belano-Kloster_41-682x1024.jpg 682w, https:\/\/simonschoenhoff.de\/wp-content\/uploads\/2022\/04\/2021-08-16-Castello-Vezio-Orrido-del-Belano-Kloster_41-768x1152.jpg 768w, https:\/\/simonschoenhoff.de\/wp-content\/uploads\/2022\/04\/2021-08-16-Castello-Vezio-Orrido-del-Belano-Kloster_41-1024x1536.jpg 1024w, https:\/\/simonschoenhoff.de\/wp-content\/uploads\/2022\/04\/2021-08-16-Castello-Vezio-Orrido-del-Belano-Kloster_41-600x900.jpg 600w\" sizes=\"(max-width: 1333px) 100vw, 1333px\">\t\t\t\t\t\t\t\t\t\t\t<figcaption class=\"widget-image-caption wp-caption-text\">Wer sitzt da unter dem alten Baum | 24 mm, f\/11, 1\/60 Sek., ISO&nbsp;1250<\/figcaption>\n\t\t\t\t\t\t\t\t\t\t<\/figure>\n\t\t\t\t\t\t\t\t\t<\/div>\n\t\t\t\t<\/div>\n\t\t\t\t<div class=\"elementor-element elementor-element-8e2f427 elementor-invisible elementor-widget elementor-widget-image\" data-id=\"8e2f427\" data-element_type=\"widget\" data-e-type=\"widget\" data-settings=\"{&quot;_animation&quot;:&quot;zoomIn&quot;}\" data-widget_type=\"image.default\">\n\t\t\t\t<div class=\"elementor-widget-container\">\n\t\t\t\t\t\t\t\t\t\t\t\t<figure class=\"wp-caption\">\n\t\t\t\t\t\t\t\t\t\t<img loading=\"lazy\" decoding=\"async\" width=\"2000\" height=\"1333\" src=\"https:\/\/simonschoenhoff.de\/wp-content\/uploads\/2022\/04\/2021-08-16-Castello-Vezio-Orrido-del-Belano-Kloster_42.jpg\" class=\"attachment-full size-full wp-image-5572\" alt srcset=\"https:\/\/simonschoenhoff.de\/wp-content\/uploads\/2022\/04\/2021-08-16-Castello-Vezio-Orrido-del-Belano-Kloster_42.jpg 2000w, https:\/\/simonschoenhoff.de\/wp-content\/uploads\/2022\/04\/2021-08-16-Castello-Vezio-Orrido-del-Belano-Kloster_42-1200x800.jpg 1200w, https:\/\/simonschoenhoff.de\/wp-content\/uploads\/2022\/04\/2021-08-16-Castello-Vezio-Orrido-del-Belano-Kloster_42-300x200.jpg 300w, https:\/\/simonschoenhoff.de\/wp-content\/uploads\/2022\/04\/2021-08-16-Castello-Vezio-Orrido-del-Belano-Kloster_42-1024x682.jpg 1024w, https:\/\/simonschoenhoff.de\/wp-content\/uploads\/2022\/04\/2021-08-16-Castello-Vezio-Orrido-del-Belano-Kloster_42-768x512.jpg 768w, https:\/\/simonschoenhoff.de\/wp-content\/uploads\/2022\/04\/2021-08-16-Castello-Vezio-Orrido-del-Belano-Kloster_42-1536x1024.jpg 1536w, https:\/\/simonschoenhoff.de\/wp-content\/uploads\/2022\/04\/2021-08-16-Castello-Vezio-Orrido-del-Belano-Kloster_42-600x400.jpg 600w\" sizes=\"(max-width: 2000px) 100vw, 2000px\">\t\t\t\t\t\t\t\t\t\t\t<figcaption class=\"widget-image-caption wp-caption-text\">Medi\u00adta\u00adtion | 24 mm, f\/11, 1\/60 Sek., ISO&nbsp;1000<\/figcaption>\n\t\t\t\t\t\t\t\t\t\t<\/figure>\n\t\t\t\t\t\t\t\t\t<\/div>\n\t\t\t\t<\/div>\n\t\t\t\t\t<\/div>\n\t\t\t\t<\/div>\n\t\t<div class=\"elementor-element elementor-element-a6a91b1 e-flex e-con-boxed e-con e-parent\" data-id=\"a6a91b1\" data-element_type=\"container\" data-e-type=\"container\">\n\t\t\t\t\t<div class=\"e-con-inner\">\n\t\t\t\t<div class=\"elementor-element elementor-element-a45022c elementor-invisible elementor-widget elementor-widget-image\" data-id=\"a45022c\" data-element_type=\"widget\" data-e-type=\"widget\" data-settings=\"{&quot;_animation&quot;:&quot;zoomIn&quot;}\" data-widget_type=\"image.default\">\n\t\t\t\t<div class=\"elementor-widget-container\">\n\t\t\t\t\t\t\t\t\t\t\t\t<figure class=\"wp-caption\">\n\t\t\t\t\t\t\t\t\t\t<img loading=\"lazy\" decoding=\"async\" width=\"1333\" height=\"2000\" src=\"https:\/\/simonschoenhoff.de\/wp-content\/uploads\/2022\/04\/2021-08-16-Castello-Vezio-Orrido-del-Belano-Kloster_43.jpg\" class=\"attachment-full size-full wp-image-5573\" alt srcset=\"https:\/\/simonschoenhoff.de\/wp-content\/uploads\/2022\/04\/2021-08-16-Castello-Vezio-Orrido-del-Belano-Kloster_43.jpg 1333w, https:\/\/simonschoenhoff.de\/wp-content\/uploads\/2022\/04\/2021-08-16-Castello-Vezio-Orrido-del-Belano-Kloster_43-1200x1800.jpg 1200w, https:\/\/simonschoenhoff.de\/wp-content\/uploads\/2022\/04\/2021-08-16-Castello-Vezio-Orrido-del-Belano-Kloster_43-200x300.jpg 200w, https:\/\/simonschoenhoff.de\/wp-content\/uploads\/2022\/04\/2021-08-16-Castello-Vezio-Orrido-del-Belano-Kloster_43-682x1024.jpg 682w, https:\/\/simonschoenhoff.de\/wp-content\/uploads\/2022\/04\/2021-08-16-Castello-Vezio-Orrido-del-Belano-Kloster_43-768x1152.jpg 768w, https:\/\/simonschoenhoff.de\/wp-content\/uploads\/2022\/04\/2021-08-16-Castello-Vezio-Orrido-del-Belano-Kloster_43-1024x1536.jpg 1024w, https:\/\/simonschoenhoff.de\/wp-content\/uploads\/2022\/04\/2021-08-16-Castello-Vezio-Orrido-del-Belano-Kloster_43-600x900.jpg 600w\" sizes=\"(max-width: 1333px) 100vw, 1333px\">\t\t\t\t\t\t\t\t\t\t\t<figcaption class=\"widget-image-caption wp-caption-text\">Mauer des Castello Vezio | 91 mm, f\/4, 1\/200 Sek. ISO&nbsp;250<\/figcaption>\n\t\t\t\t\t\t\t\t\t\t<\/figure>\n\t\t\t\t\t\t\t\t\t<\/div>\n\t\t\t\t<\/div>\n\t\t\t\t<div class=\"elementor-element elementor-element-fc2303f elementor-widget__width-initial elementor-widget-mobile__width-initial elementor-invisible elementor-widget elementor-widget-image\" data-id=\"fc2303f\" data-element_type=\"widget\" data-e-type=\"widget\" data-settings=\"{&quot;_animation&quot;:&quot;zoomIn&quot;}\" data-widget_type=\"image.default\">\n\t\t\t\t<div class=\"elementor-widget-container\">\n\t\t\t\t\t\t\t\t\t\t\t\t<figure class=\"wp-caption\">\n\t\t\t\t\t\t\t\t\t\t<img loading=\"lazy\" decoding=\"async\" width=\"2000\" height=\"1333\" src=\"https:\/\/simonschoenhoff.de\/wp-content\/uploads\/2022\/04\/2021-08-16-Castello-Vezio-Orrido-del-Belano-Kloster_44.jpg\" class=\"attachment-full size-full wp-image-5574\" alt srcset=\"https:\/\/simonschoenhoff.de\/wp-content\/uploads\/2022\/04\/2021-08-16-Castello-Vezio-Orrido-del-Belano-Kloster_44.jpg 2000w, https:\/\/simonschoenhoff.de\/wp-content\/uploads\/2022\/04\/2021-08-16-Castello-Vezio-Orrido-del-Belano-Kloster_44-1200x800.jpg 1200w, https:\/\/simonschoenhoff.de\/wp-content\/uploads\/2022\/04\/2021-08-16-Castello-Vezio-Orrido-del-Belano-Kloster_44-300x200.jpg 300w, https:\/\/simonschoenhoff.de\/wp-content\/uploads\/2022\/04\/2021-08-16-Castello-Vezio-Orrido-del-Belano-Kloster_44-1024x682.jpg 1024w, https:\/\/simonschoenhoff.de\/wp-content\/uploads\/2022\/04\/2021-08-16-Castello-Vezio-Orrido-del-Belano-Kloster_44-768x512.jpg 768w, https:\/\/simonschoenhoff.de\/wp-content\/uploads\/2022\/04\/2021-08-16-Castello-Vezio-Orrido-del-Belano-Kloster_44-1536x1024.jpg 1536w, https:\/\/simonschoenhoff.de\/wp-content\/uploads\/2022\/04\/2021-08-16-Castello-Vezio-Orrido-del-Belano-Kloster_44-600x400.jpg 600w\" sizes=\"(max-width: 2000px) 100vw, 2000px\">\t\t\t\t\t\t\t\t\t\t\t<figcaption class=\"widget-image-caption wp-caption-text\">Gespens\u00adter\u00adwald am Comer See |  57 mm, f\/9, 1\/125 Sek. ISO&nbsp;2000<\/figcaption>\n\t\t\t\t\t\t\t\t\t\t<\/figure>\n\t\t\t\t\t\t\t\t\t<\/div>\n\t\t\t\t<\/div>\n\t\t\t\t\t<\/div>\n\t\t\t\t<\/div>\n\t\t<div class=\"elementor-element elementor-element-add777e e-flex e-con-boxed e-con e-parent\" data-id=\"add777e\" data-element_type=\"container\" data-e-type=\"container\">\n\t\t\t\t\t<div class=\"e-con-inner\">\n\t\t\t\t<div class=\"elementor-element elementor-element-56fb7e3 elementor-widget-tablet__width-initial elementor-invisible elementor-widget elementor-widget-image\" data-id=\"56fb7e3\" data-element_type=\"widget\" data-e-type=\"widget\" data-settings=\"{&quot;_animation&quot;:&quot;zoomIn&quot;}\" data-widget_type=\"image.default\">\n\t\t\t\t<div class=\"elementor-widget-container\">\n\t\t\t\t\t\t\t\t\t\t\t\t<figure class=\"wp-caption\">\n\t\t\t\t\t\t\t\t\t\t<img loading=\"lazy\" decoding=\"async\" width=\"1600\" height=\"2000\" src=\"https:\/\/simonschoenhoff.de\/wp-content\/uploads\/2022\/04\/2021-08-16-Castello-Vezio-Orrido-del-Belano-Kloster_45.jpg\" class=\"attachment-full size-full wp-image-5575\" alt srcset=\"https:\/\/simonschoenhoff.de\/wp-content\/uploads\/2022\/04\/2021-08-16-Castello-Vezio-Orrido-del-Belano-Kloster_45.jpg 1600w, https:\/\/simonschoenhoff.de\/wp-content\/uploads\/2022\/04\/2021-08-16-Castello-Vezio-Orrido-del-Belano-Kloster_45-1200x1500.jpg 1200w, https:\/\/simonschoenhoff.de\/wp-content\/uploads\/2022\/04\/2021-08-16-Castello-Vezio-Orrido-del-Belano-Kloster_45-240x300.jpg 240w, https:\/\/simonschoenhoff.de\/wp-content\/uploads\/2022\/04\/2021-08-16-Castello-Vezio-Orrido-del-Belano-Kloster_45-819x1024.jpg 819w, https:\/\/simonschoenhoff.de\/wp-content\/uploads\/2022\/04\/2021-08-16-Castello-Vezio-Orrido-del-Belano-Kloster_45-768x960.jpg 768w, https:\/\/simonschoenhoff.de\/wp-content\/uploads\/2022\/04\/2021-08-16-Castello-Vezio-Orrido-del-Belano-Kloster_45-1229x1536.jpg 1229w, https:\/\/simonschoenhoff.de\/wp-content\/uploads\/2022\/04\/2021-08-16-Castello-Vezio-Orrido-del-Belano-Kloster_45-600x750.jpg 600w\" sizes=\"(max-width: 1600px) 100vw, 1600px\">\t\t\t\t\t\t\t\t\t\t\t<figcaption class=\"widget-image-caption wp-caption-text\">Das Castello \u00fcber dem Comer See | 27 mm, f\/9, 1\/60 Sek., ISO&nbsp;160<\/figcaption>\n\t\t\t\t\t\t\t\t\t\t<\/figure>\n\t\t\t\t\t\t\t\t\t<\/div>\n\t\t\t\t<\/div>\n\t\t\t\t<div class=\"elementor-element elementor-element-082e99c elementor-widget-tablet__width-initial elementor-invisible elementor-widget elementor-widget-image\" data-id=\"082e99c\" data-element_type=\"widget\" data-e-type=\"widget\" data-settings=\"{&quot;_animation&quot;:&quot;zoomIn&quot;}\" data-widget_type=\"image.default\">\n\t\t\t\t<div class=\"elementor-widget-container\">\n\t\t\t\t\t\t\t\t\t\t\t\t<figure class=\"wp-caption\">\n\t\t\t\t\t\t\t\t\t\t<img loading=\"lazy\" decoding=\"async\" width=\"1333\" height=\"2000\" src=\"https:\/\/simonschoenhoff.de\/wp-content\/uploads\/2022\/04\/2021-08-16-Castello-Vezio-Orrido-del-Belano-Kloster_47.jpg\" class=\"attachment-full size-full wp-image-5577\" alt srcset=\"https:\/\/simonschoenhoff.de\/wp-content\/uploads\/2022\/04\/2021-08-16-Castello-Vezio-Orrido-del-Belano-Kloster_47.jpg 1333w, https:\/\/simonschoenhoff.de\/wp-content\/uploads\/2022\/04\/2021-08-16-Castello-Vezio-Orrido-del-Belano-Kloster_47-1200x1800.jpg 1200w, https:\/\/simonschoenhoff.de\/wp-content\/uploads\/2022\/04\/2021-08-16-Castello-Vezio-Orrido-del-Belano-Kloster_47-200x300.jpg 200w, https:\/\/simonschoenhoff.de\/wp-content\/uploads\/2022\/04\/2021-08-16-Castello-Vezio-Orrido-del-Belano-Kloster_47-682x1024.jpg 682w, https:\/\/simonschoenhoff.de\/wp-content\/uploads\/2022\/04\/2021-08-16-Castello-Vezio-Orrido-del-Belano-Kloster_47-768x1152.jpg 768w, https:\/\/simonschoenhoff.de\/wp-content\/uploads\/2022\/04\/2021-08-16-Castello-Vezio-Orrido-del-Belano-Kloster_47-1024x1536.jpg 1024w, https:\/\/simonschoenhoff.de\/wp-content\/uploads\/2022\/04\/2021-08-16-Castello-Vezio-Orrido-del-Belano-Kloster_47-600x900.jpg 600w\" sizes=\"(max-width: 1333px) 100vw, 1333px\">\t\t\t\t\t\t\t\t\t\t\t<figcaption class=\"widget-image-caption wp-caption-text\">Das Castello i Vezio | 24 mm, f\/9, 1\/100 Sek., ISO 100 (Hoch\u00adkant\u00adpan\u00adorama)<\/figcaption>\n\t\t\t\t\t\t\t\t\t\t<\/figure>\n\t\t\t\t\t\t\t\t\t<\/div>\n\t\t\t\t<\/div>\n\t\t\t\t<div class=\"elementor-element elementor-element-78d6d49 elementor-invisible elementor-widget elementor-widget-image\" data-id=\"78d6d49\" data-element_type=\"widget\" data-e-type=\"widget\" data-settings=\"{&quot;_animation&quot;:&quot;zoomIn&quot;}\" data-widget_type=\"image.default\">\n\t\t\t\t<div class=\"elementor-widget-container\">\n\t\t\t\t\t\t\t\t\t\t\t\t<figure class=\"wp-caption\">\n\t\t\t\t\t\t\t\t\t\t<img loading=\"lazy\" decoding=\"async\" width=\"1333\" height=\"2000\" src=\"https:\/\/simonschoenhoff.de\/wp-content\/uploads\/2022\/04\/2021-08-16-Castello-Vezio-Orrido-del-Belano-Kloster_48.jpg\" class=\"attachment-full size-full wp-image-5578\" alt srcset=\"https:\/\/simonschoenhoff.de\/wp-content\/uploads\/2022\/04\/2021-08-16-Castello-Vezio-Orrido-del-Belano-Kloster_48.jpg 1333w, https:\/\/simonschoenhoff.de\/wp-content\/uploads\/2022\/04\/2021-08-16-Castello-Vezio-Orrido-del-Belano-Kloster_48-1200x1800.jpg 1200w, https:\/\/simonschoenhoff.de\/wp-content\/uploads\/2022\/04\/2021-08-16-Castello-Vezio-Orrido-del-Belano-Kloster_48-200x300.jpg 200w, https:\/\/simonschoenhoff.de\/wp-content\/uploads\/2022\/04\/2021-08-16-Castello-Vezio-Orrido-del-Belano-Kloster_48-682x1024.jpg 682w, https:\/\/simonschoenhoff.de\/wp-content\/uploads\/2022\/04\/2021-08-16-Castello-Vezio-Orrido-del-Belano-Kloster_48-768x1152.jpg 768w, https:\/\/simonschoenhoff.de\/wp-content\/uploads\/2022\/04\/2021-08-16-Castello-Vezio-Orrido-del-Belano-Kloster_48-1024x1536.jpg 1024w, https:\/\/simonschoenhoff.de\/wp-content\/uploads\/2022\/04\/2021-08-16-Castello-Vezio-Orrido-del-Belano-Kloster_48-600x900.jpg 600w\" sizes=\"(max-width: 1333px) 100vw, 1333px\">\t\t\t\t\t\t\t\t\t\t\t<figcaption class=\"widget-image-caption wp-caption-text\">Folge mir auf dem Pfad | 24 mm, f\/9, 1\/60 Sek., ISO&nbsp;320<\/figcaption>\n\t\t\t\t\t\t\t\t\t\t<\/figure>\n\t\t\t\t\t\t\t\t\t<\/div>\n\t\t\t\t<\/div>\n\t\t\t\t\t<\/div>\n\t\t\t\t<\/div>\n\t\t<div class=\"elementor-element elementor-element-0534764 e-flex e-con-boxed e-con e-parent\" data-id=\"0534764\" data-element_type=\"container\" data-e-type=\"container\">\n\t\t\t\t\t<div class=\"e-con-inner\">\n\t\t\t\t<div class=\"elementor-element elementor-element-9526c11 elementor-widget elementor-widget-heading\" data-id=\"9526c11\" data-element_type=\"widget\" data-e-type=\"widget\" data-widget_type=\"heading.default\">\n\t\t\t\t<div class=\"elementor-widget-container\">\n\t\t\t\t\t<h3 class=\"elementor-heading-title elementor-size-default\">Orrido di Bellano<\/h3>\t\t\t\t<\/div>\n\t\t\t\t<\/div>\n\t\t\t\t<div class=\"elementor-element elementor-element-1bd49b0 elementor-widget elementor-widget-text-editor\" data-id=\"1bd49b0\" data-element_type=\"widget\" data-e-type=\"widget\" data-widget_type=\"text-editor.default\">\n\t\t\t\t<div class=\"elementor-widget-container\">\n\t\t\t\t\t\t\t\t\t<p>Ein wirk\u00adlich inter\u00ades\u00adsantes High\u00adlight der Natur kann man in Bellano, unweit von Varenna besich\u00adtigen. Eine 15 Millionen Jahre alte tiefe Schlucht, kann dort \u00fcber eine Br\u00fccke \u00fcber\u00adquert und besich\u00adtigt werden, die Orrido di Bellano.&nbsp;<\/p>\t\t\t\t\t\t\t\t<\/div>\n\t\t\t\t<\/div>\n\t\t\t\t<div class=\"elementor-element elementor-element-925b56f elementor-widget elementor-widget-text-editor\" data-id=\"925b56f\" data-element_type=\"widget\" data-e-type=\"widget\" data-widget_type=\"text-editor.default\">\n\t\t\t\t<div class=\"elementor-widget-container\">\n\t\t\t\t\t\t\t\t\t<p>Findet man den zentral gele\u00adgenen Park\u00adplatz an der Chiesa di Santa Marta, so muss man nicht lange den nur wenige Meter entfernten Einstiegs\u00adpunkt in die Schlucht suchen. In Zeiten der Pandemie musste man ein kleines Ticket l\u00f6sen und konnte dann in One-Way-Rich\u00adtung durch die Schlucht laufen.&nbsp;<\/p>\t\t\t\t\t\t\t\t<\/div>\n\t\t\t\t<\/div>\n\t\t<div class=\"elementor-element elementor-element-91132e7 e-flex e-con-boxed e-con e-child\" data-id=\"91132e7\" data-element_type=\"container\" data-e-type=\"container\">\n\t\t\t\t\t<div class=\"e-con-inner\">\n\t\t\t\t<div class=\"elementor-element elementor-element-b22676e elementor-invisible elementor-widget elementor-widget-image\" data-id=\"b22676e\" data-element_type=\"widget\" data-e-type=\"widget\" data-settings=\"{&quot;_animation&quot;:&quot;zoomIn&quot;}\" data-widget_type=\"image.default\">\n\t\t\t\t<div class=\"elementor-widget-container\">\n\t\t\t\t\t\t\t\t\t\t\t\t<figure class=\"wp-caption\">\n\t\t\t\t\t\t\t\t\t\t<img loading=\"lazy\" decoding=\"async\" width=\"682\" height=\"1024\" src=\"https:\/\/simonschoenhoff.de\/wp-content\/uploads\/2022\/04\/2021-08-16-Castello-Vezio-Orrido-del-Belano-Kloster_49-682x1024.jpg\" class=\"attachment-large size-large wp-image-5579\" alt srcset=\"https:\/\/simonschoenhoff.de\/wp-content\/uploads\/2022\/04\/2021-08-16-Castello-Vezio-Orrido-del-Belano-Kloster_49-682x1024.jpg 682w, https:\/\/simonschoenhoff.de\/wp-content\/uploads\/2022\/04\/2021-08-16-Castello-Vezio-Orrido-del-Belano-Kloster_49-1200x1800.jpg 1200w, https:\/\/simonschoenhoff.de\/wp-content\/uploads\/2022\/04\/2021-08-16-Castello-Vezio-Orrido-del-Belano-Kloster_49-200x300.jpg 200w, https:\/\/simonschoenhoff.de\/wp-content\/uploads\/2022\/04\/2021-08-16-Castello-Vezio-Orrido-del-Belano-Kloster_49-768x1152.jpg 768w, https:\/\/simonschoenhoff.de\/wp-content\/uploads\/2022\/04\/2021-08-16-Castello-Vezio-Orrido-del-Belano-Kloster_49-1024x1536.jpg 1024w, https:\/\/simonschoenhoff.de\/wp-content\/uploads\/2022\/04\/2021-08-16-Castello-Vezio-Orrido-del-Belano-Kloster_49-600x900.jpg 600w, https:\/\/simonschoenhoff.de\/wp-content\/uploads\/2022\/04\/2021-08-16-Castello-Vezio-Orrido-del-Belano-Kloster_49.jpg 1333w\" sizes=\"(max-width: 682px) 100vw, 682px\">\t\t\t\t\t\t\t\t\t\t\t<figcaption class=\"widget-image-caption wp-caption-text\">Chiesa di Santa Marta | 61 mm, f\/10, 1\/160 Sek., ISO&nbsp;125<\/figcaption>\n\t\t\t\t\t\t\t\t\t\t<\/figure>\n\t\t\t\t\t\t\t\t\t<\/div>\n\t\t\t\t<\/div>\n\t\t\t\t<div class=\"elementor-element elementor-element-591e8bb elementor-invisible elementor-widget elementor-widget-image\" data-id=\"591e8bb\" data-element_type=\"widget\" data-e-type=\"widget\" data-settings=\"{&quot;_animation&quot;:&quot;zoomIn&quot;}\" data-widget_type=\"image.default\">\n\t\t\t\t<div class=\"elementor-widget-container\">\n\t\t\t\t\t\t\t\t\t\t\t\t<figure class=\"wp-caption\">\n\t\t\t\t\t\t\t\t\t\t<img loading=\"lazy\" decoding=\"async\" width=\"682\" height=\"1024\" src=\"https:\/\/simonschoenhoff.de\/wp-content\/uploads\/2022\/04\/2021-08-16-Castello-Vezio-Orrido-del-Belano-Kloster_50-682x1024.jpg\" class=\"attachment-large size-large wp-image-5580\" alt srcset=\"https:\/\/simonschoenhoff.de\/wp-content\/uploads\/2022\/04\/2021-08-16-Castello-Vezio-Orrido-del-Belano-Kloster_50-682x1024.jpg 682w, https:\/\/simonschoenhoff.de\/wp-content\/uploads\/2022\/04\/2021-08-16-Castello-Vezio-Orrido-del-Belano-Kloster_50-1200x1800.jpg 1200w, https:\/\/simonschoenhoff.de\/wp-content\/uploads\/2022\/04\/2021-08-16-Castello-Vezio-Orrido-del-Belano-Kloster_50-200x300.jpg 200w, https:\/\/simonschoenhoff.de\/wp-content\/uploads\/2022\/04\/2021-08-16-Castello-Vezio-Orrido-del-Belano-Kloster_50-768x1152.jpg 768w, https:\/\/simonschoenhoff.de\/wp-content\/uploads\/2022\/04\/2021-08-16-Castello-Vezio-Orrido-del-Belano-Kloster_50-1024x1536.jpg 1024w, https:\/\/simonschoenhoff.de\/wp-content\/uploads\/2022\/04\/2021-08-16-Castello-Vezio-Orrido-del-Belano-Kloster_50-600x900.jpg 600w, https:\/\/simonschoenhoff.de\/wp-content\/uploads\/2022\/04\/2021-08-16-Castello-Vezio-Orrido-del-Belano-Kloster_50.jpg 1333w\" sizes=\"(max-width: 682px) 100vw, 682px\">\t\t\t\t\t\t\t\t\t\t\t<figcaption class=\"widget-image-caption wp-caption-text\">Eingangs der Schlucht | 35 mm, f\/8, 1\/80 Sek., ISO&nbsp;5000<\/figcaption>\n\t\t\t\t\t\t\t\t\t\t<\/figure>\n\t\t\t\t\t\t\t\t\t<\/div>\n\t\t\t\t<\/div>\n\t\t\t\t\t<\/div>\n\t\t\t\t<\/div>\n\t\t\t\t\t<\/div>\n\t\t\t\t<\/div>\n\t\t<div class=\"elementor-element elementor-element-3add30c e-flex e-con-boxed e-con e-parent\" data-id=\"3add30c\" data-element_type=\"container\" data-e-type=\"container\">\n\t\t\t\t\t<div class=\"e-con-inner\">\n\t\t\t\t<div class=\"elementor-element elementor-element-1122fa2 elementor-widget elementor-widget-text-editor\" data-id=\"1122fa2\" data-element_type=\"widget\" data-e-type=\"widget\" data-widget_type=\"text-editor.default\">\n\t\t\t\t<div class=\"elementor-widget-container\">\n\t\t\t\t\t\t\t\t\t<p>Als Natur\u00adlieb\u00adhaber wie wir es sind, ist es immer wieder toll solche Natur\u00adschau\u00adspiele zu besu\u00adchen. Einiges zu staunen gibt es allemal. Schade war, dass der Fluss recht wenig Wasser trug, aber das kann im Hoch\u00adsommer nat\u00fcr\u00adlich schon einmal passieren. Andern\u00adfalls h\u00e4tte er noch impo\u00adsanter aussehen k\u00f6nnen.&nbsp;<\/p>\t\t\t\t\t\t\t\t<\/div>\n\t\t\t\t<\/div>\n\t\t<div class=\"elementor-element elementor-element-7d72aa9 e-flex e-con-boxed e-con e-child\" data-id=\"7d72aa9\" data-element_type=\"container\" data-e-type=\"container\">\n\t\t\t\t\t<div class=\"e-con-inner\">\n\t\t\t\t<div class=\"elementor-element elementor-element-aefc995 elementor-invisible elementor-widget elementor-widget-image\" data-id=\"aefc995\" data-element_type=\"widget\" data-e-type=\"widget\" data-settings=\"{&quot;_animation&quot;:&quot;zoomIn&quot;}\" data-widget_type=\"image.default\">\n\t\t\t\t<div class=\"elementor-widget-container\">\n\t\t\t\t\t\t\t\t\t\t\t\t<figure class=\"wp-caption\">\n\t\t\t\t\t\t\t\t\t\t<img loading=\"lazy\" decoding=\"async\" width=\"682\" height=\"1024\" src=\"https:\/\/simonschoenhoff.de\/wp-content\/uploads\/2022\/04\/2021-08-16-Castello-Vezio-Orrido-del-Belano-Kloster_51-682x1024.jpg\" class=\"attachment-large size-large wp-image-5581\" alt srcset=\"https:\/\/simonschoenhoff.de\/wp-content\/uploads\/2022\/04\/2021-08-16-Castello-Vezio-Orrido-del-Belano-Kloster_51-682x1024.jpg 682w, https:\/\/simonschoenhoff.de\/wp-content\/uploads\/2022\/04\/2021-08-16-Castello-Vezio-Orrido-del-Belano-Kloster_51-1200x1800.jpg 1200w, https:\/\/simonschoenhoff.de\/wp-content\/uploads\/2022\/04\/2021-08-16-Castello-Vezio-Orrido-del-Belano-Kloster_51-200x300.jpg 200w, https:\/\/simonschoenhoff.de\/wp-content\/uploads\/2022\/04\/2021-08-16-Castello-Vezio-Orrido-del-Belano-Kloster_51-768x1152.jpg 768w, https:\/\/simonschoenhoff.de\/wp-content\/uploads\/2022\/04\/2021-08-16-Castello-Vezio-Orrido-del-Belano-Kloster_51-1024x1536.jpg 1024w, https:\/\/simonschoenhoff.de\/wp-content\/uploads\/2022\/04\/2021-08-16-Castello-Vezio-Orrido-del-Belano-Kloster_51-600x900.jpg 600w, https:\/\/simonschoenhoff.de\/wp-content\/uploads\/2022\/04\/2021-08-16-Castello-Vezio-Orrido-del-Belano-Kloster_51.jpg 1333w\" sizes=\"(max-width: 682px) 100vw, 682px\">\t\t\t\t\t\t\t\t\t\t\t<figcaption class=\"widget-image-caption wp-caption-text\">Kaskaden in der Schlucht | 22 mm, f\/8, 1\/60 Sek. ISO&nbsp;500<\/figcaption>\n\t\t\t\t\t\t\t\t\t\t<\/figure>\n\t\t\t\t\t\t\t\t\t<\/div>\n\t\t\t\t<\/div>\n\t\t\t\t<div class=\"elementor-element elementor-element-57950d8 elementor-invisible elementor-widget elementor-widget-image\" data-id=\"57950d8\" data-element_type=\"widget\" data-e-type=\"widget\" data-settings=\"{&quot;_animation&quot;:&quot;zoomIn&quot;}\" data-widget_type=\"image.default\">\n\t\t\t\t<div class=\"elementor-widget-container\">\n\t\t\t\t\t\t\t\t\t\t\t\t<figure class=\"wp-caption\">\n\t\t\t\t\t\t\t\t\t\t<img loading=\"lazy\" decoding=\"async\" width=\"746\" height=\"1024\" src=\"https:\/\/simonschoenhoff.de\/wp-content\/uploads\/2022\/04\/2021-08-16-Castello-Vezio-Orrido-del-Belano-Kloster_54-746x1024.jpg\" class=\"attachment-large size-large wp-image-5584\" alt srcset=\"https:\/\/simonschoenhoff.de\/wp-content\/uploads\/2022\/04\/2021-08-16-Castello-Vezio-Orrido-del-Belano-Kloster_54-746x1024.jpg 746w, https:\/\/simonschoenhoff.de\/wp-content\/uploads\/2022\/04\/2021-08-16-Castello-Vezio-Orrido-del-Belano-Kloster_54-1200x1647.jpg 1200w, https:\/\/simonschoenhoff.de\/wp-content\/uploads\/2022\/04\/2021-08-16-Castello-Vezio-Orrido-del-Belano-Kloster_54-219x300.jpg 219w, https:\/\/simonschoenhoff.de\/wp-content\/uploads\/2022\/04\/2021-08-16-Castello-Vezio-Orrido-del-Belano-Kloster_54-768x1054.jpg 768w, https:\/\/simonschoenhoff.de\/wp-content\/uploads\/2022\/04\/2021-08-16-Castello-Vezio-Orrido-del-Belano-Kloster_54-1119x1536.jpg 1119w, https:\/\/simonschoenhoff.de\/wp-content\/uploads\/2022\/04\/2021-08-16-Castello-Vezio-Orrido-del-Belano-Kloster_54-600x824.jpg 600w, https:\/\/simonschoenhoff.de\/wp-content\/uploads\/2022\/04\/2021-08-16-Castello-Vezio-Orrido-del-Belano-Kloster_54.jpg 1457w\" sizes=\"(max-width: 746px) 100vw, 746px\">\t\t\t\t\t\t\t\t\t\t\t<figcaption class=\"widget-image-caption wp-caption-text\">Blick von Oben in die Schlucht | 16 mm, f\/9, 1\/60 Sek., ISO&nbsp;800<\/figcaption>\n\t\t\t\t\t\t\t\t\t\t<\/figure>\n\t\t\t\t\t\t\t\t\t<\/div>\n\t\t\t\t<\/div>\n\t\t\t\t\t<\/div>\n\t\t\t\t<\/div>\n\t\t\t\t<div class=\"elementor-element elementor-element-e044153 elementor-invisible elementor-widget elementor-widget-image\" data-id=\"e044153\" data-element_type=\"widget\" data-e-type=\"widget\" data-settings=\"{&quot;_animation&quot;:&quot;zoomIn&quot;}\" data-widget_type=\"image.default\">\n\t\t\t\t<div class=\"elementor-widget-container\">\n\t\t\t\t\t\t\t\t\t\t\t\t<figure class=\"wp-caption\">\n\t\t\t\t\t\t\t\t\t\t<img loading=\"lazy\" decoding=\"async\" width=\"2000\" height=\"1125\" src=\"https:\/\/simonschoenhoff.de\/wp-content\/uploads\/2022\/04\/2021-08-16-Castello-Vezio-Orrido-del-Belano-Kloster_52.jpg\" class=\"attachment-full size-full wp-image-5582\" alt srcset=\"https:\/\/simonschoenhoff.de\/wp-content\/uploads\/2022\/04\/2021-08-16-Castello-Vezio-Orrido-del-Belano-Kloster_52.jpg 2000w, https:\/\/simonschoenhoff.de\/wp-content\/uploads\/2022\/04\/2021-08-16-Castello-Vezio-Orrido-del-Belano-Kloster_52-1200x675.jpg 1200w, https:\/\/simonschoenhoff.de\/wp-content\/uploads\/2022\/04\/2021-08-16-Castello-Vezio-Orrido-del-Belano-Kloster_52-300x169.jpg 300w, https:\/\/simonschoenhoff.de\/wp-content\/uploads\/2022\/04\/2021-08-16-Castello-Vezio-Orrido-del-Belano-Kloster_52-1024x576.jpg 1024w, https:\/\/simonschoenhoff.de\/wp-content\/uploads\/2022\/04\/2021-08-16-Castello-Vezio-Orrido-del-Belano-Kloster_52-768x432.jpg 768w, https:\/\/simonschoenhoff.de\/wp-content\/uploads\/2022\/04\/2021-08-16-Castello-Vezio-Orrido-del-Belano-Kloster_52-1536x864.jpg 1536w, https:\/\/simonschoenhoff.de\/wp-content\/uploads\/2022\/04\/2021-08-16-Castello-Vezio-Orrido-del-Belano-Kloster_52-600x338.jpg 600w\" sizes=\"(max-width: 2000px) 100vw, 2000px\">\t\t\t\t\t\t\t\t\t\t\t<figcaption class=\"widget-image-caption wp-caption-text\">Stahl\u00adbr\u00fccke \u00fcber die Orrida die Bellano | 16 mm, f\/11, 1\/60 Sek., ISO&nbsp;1000<\/figcaption>\n\t\t\t\t\t\t\t\t\t\t<\/figure>\n\t\t\t\t\t\t\t\t\t<\/div>\n\t\t\t\t<\/div>\n\t\t<div class=\"elementor-element elementor-element-50b0250 e-flex e-con-boxed e-con e-child\" data-id=\"50b0250\" data-element_type=\"container\" data-e-type=\"container\">\n\t\t\t\t\t<div class=\"e-con-inner\">\n\t\t\t\t<div class=\"elementor-element elementor-element-b02b00f elementor-invisible elementor-widget elementor-widget-image\" data-id=\"b02b00f\" data-element_type=\"widget\" data-e-type=\"widget\" data-settings=\"{&quot;_animation&quot;:&quot;zoomIn&quot;}\" data-widget_type=\"image.default\">\n\t\t\t\t<div class=\"elementor-widget-container\">\n\t\t\t\t\t\t\t\t\t\t\t\t<figure class=\"wp-caption\">\n\t\t\t\t\t\t\t\t\t\t<img loading=\"lazy\" decoding=\"async\" width=\"1600\" height=\"2000\" src=\"https:\/\/simonschoenhoff.de\/wp-content\/uploads\/2022\/04\/2021-08-16-Castello-Vezio-Orrido-del-Belano-Kloster_53.jpg\" class=\"attachment-full size-full wp-image-5583\" alt srcset=\"https:\/\/simonschoenhoff.de\/wp-content\/uploads\/2022\/04\/2021-08-16-Castello-Vezio-Orrido-del-Belano-Kloster_53.jpg 1600w, https:\/\/simonschoenhoff.de\/wp-content\/uploads\/2022\/04\/2021-08-16-Castello-Vezio-Orrido-del-Belano-Kloster_53-1200x1500.jpg 1200w, https:\/\/simonschoenhoff.de\/wp-content\/uploads\/2022\/04\/2021-08-16-Castello-Vezio-Orrido-del-Belano-Kloster_53-240x300.jpg 240w, https:\/\/simonschoenhoff.de\/wp-content\/uploads\/2022\/04\/2021-08-16-Castello-Vezio-Orrido-del-Belano-Kloster_53-819x1024.jpg 819w, https:\/\/simonschoenhoff.de\/wp-content\/uploads\/2022\/04\/2021-08-16-Castello-Vezio-Orrido-del-Belano-Kloster_53-768x960.jpg 768w, https:\/\/simonschoenhoff.de\/wp-content\/uploads\/2022\/04\/2021-08-16-Castello-Vezio-Orrido-del-Belano-Kloster_53-1229x1536.jpg 1229w, https:\/\/simonschoenhoff.de\/wp-content\/uploads\/2022\/04\/2021-08-16-Castello-Vezio-Orrido-del-Belano-Kloster_53-600x750.jpg 600w\" sizes=\"(max-width: 1600px) 100vw, 1600px\">\t\t\t\t\t\t\t\t\t\t\t<figcaption class=\"widget-image-caption wp-caption-text\">Hinaus aus der Schlucht |  16 mm, f\/2.8, 1\/5000 Sek., ISO&nbsp;100<\/figcaption>\n\t\t\t\t\t\t\t\t\t\t<\/figure>\n\t\t\t\t\t\t\t\t\t<\/div>\n\t\t\t\t<\/div>\n\t\t\t\t<div class=\"elementor-element elementor-element-22d1c55 elementor-invisible elementor-widget elementor-widget-image\" data-id=\"22d1c55\" data-element_type=\"widget\" data-e-type=\"widget\" data-settings=\"{&quot;_animation&quot;:&quot;zoomIn&quot;}\" data-widget_type=\"image.default\">\n\t\t\t\t<div class=\"elementor-widget-container\">\n\t\t\t\t\t\t\t\t\t\t\t\t<figure class=\"wp-caption\">\n\t\t\t\t\t\t\t\t\t\t<img loading=\"lazy\" decoding=\"async\" width=\"1500\" height=\"2000\" src=\"https:\/\/simonschoenhoff.de\/wp-content\/uploads\/2022\/04\/2021-08-16-Castello-Vezio-Orrido-del-Belano-Kloster_55.jpg\" class=\"attachment-full size-full wp-image-5585\" alt srcset=\"https:\/\/simonschoenhoff.de\/wp-content\/uploads\/2022\/04\/2021-08-16-Castello-Vezio-Orrido-del-Belano-Kloster_55.jpg 1500w, https:\/\/simonschoenhoff.de\/wp-content\/uploads\/2022\/04\/2021-08-16-Castello-Vezio-Orrido-del-Belano-Kloster_55-1200x1600.jpg 1200w, https:\/\/simonschoenhoff.de\/wp-content\/uploads\/2022\/04\/2021-08-16-Castello-Vezio-Orrido-del-Belano-Kloster_55-225x300.jpg 225w, https:\/\/simonschoenhoff.de\/wp-content\/uploads\/2022\/04\/2021-08-16-Castello-Vezio-Orrido-del-Belano-Kloster_55-768x1024.jpg 768w, https:\/\/simonschoenhoff.de\/wp-content\/uploads\/2022\/04\/2021-08-16-Castello-Vezio-Orrido-del-Belano-Kloster_55-1152x1536.jpg 1152w, https:\/\/simonschoenhoff.de\/wp-content\/uploads\/2022\/04\/2021-08-16-Castello-Vezio-Orrido-del-Belano-Kloster_55-600x800.jpg 600w\" sizes=\"(max-width: 1500px) 100vw, 1500px\">\t\t\t\t\t\t\t\t\t\t\t<figcaption class=\"widget-image-caption wp-caption-text\">Treppen hinab nach Bellano | 16 mm, f\/9, 1\/125 Sek., ISO&nbsp;100<\/figcaption>\n\t\t\t\t\t\t\t\t\t\t<\/figure>\n\t\t\t\t\t\t\t\t\t<\/div>\n\t\t\t\t<\/div>\n\t\t\t\t\t<\/div>\n\t\t\t\t<\/div>\n\t\t\t\t\t<\/div>\n\t\t\t\t<\/div>\n\t\t<div class=\"elementor-element elementor-element-2f76689 e-flex e-con-boxed e-con e-parent\" data-id=\"2f76689\" data-element_type=\"container\" data-e-type=\"container\">\n\t\t\t\t\t<div class=\"e-con-inner\">\n\t\t\t\t<div class=\"elementor-element elementor-element-4b9a8e4 elementor-widget elementor-widget-heading\" data-id=\"4b9a8e4\" data-element_type=\"widget\" data-e-type=\"widget\" data-widget_type=\"heading.default\">\n\t\t\t\t<div class=\"elementor-widget-container\">\n\t\t\t\t\t<h3 class=\"elementor-heading-title elementor-size-default\">Abbazia di&nbsp;Piona<\/h3>\t\t\t\t<\/div>\n\t\t\t\t<\/div>\n\t\t\t\t<div class=\"elementor-element elementor-element-ef5ff16 elementor-widget elementor-widget-text-editor\" data-id=\"ef5ff16\" data-element_type=\"widget\" data-e-type=\"widget\" data-widget_type=\"text-editor.default\">\n\t\t\t\t<div class=\"elementor-widget-container\">\n\t\t\t\t\t\t\t\t\t<p>Weiter n\u00f6rd\u00adlich liegt ein wenig Abseits ein Kloster direkt am Comer See. Ausge\u00adschrieben h\u00f6rt es auf den Namen Abbazia Cister\u00adcense di Santa Maria di Piona. Schon der Weg zum Kloster ist eine Reise Wert. Gute Sto\u00df\u00add\u00e4mpfer sollte das Auto aller\u00addings noch haben, denn diese werden nicht wenig beansprucht.&nbsp;<\/p>\t\t\t\t\t\t\t\t<\/div>\n\t\t\t\t<\/div>\n\t\t<div class=\"elementor-element elementor-element-ddfe757 e-flex e-con-boxed e-con e-child\" data-id=\"ddfe757\" data-element_type=\"container\" data-e-type=\"container\">\n\t\t\t\t\t<div class=\"e-con-inner\">\n\t\t\t\t<div class=\"elementor-element elementor-element-40aaf2d elementor-invisible elementor-widget elementor-widget-image\" data-id=\"40aaf2d\" data-element_type=\"widget\" data-e-type=\"widget\" data-settings=\"{&quot;_animation&quot;:&quot;zoomIn&quot;}\" data-widget_type=\"image.default\">\n\t\t\t\t<div class=\"elementor-widget-container\">\n\t\t\t\t\t\t\t\t\t\t\t\t<figure class=\"wp-caption\">\n\t\t\t\t\t\t\t\t\t\t<img loading=\"lazy\" decoding=\"async\" width=\"2000\" height=\"1429\" src=\"https:\/\/simonschoenhoff.de\/wp-content\/uploads\/2022\/04\/2021-08-16-Castello-Vezio-Orrido-del-Belano-Kloster_63.jpg\" class=\"attachment-full size-full wp-image-5593\" alt srcset=\"https:\/\/simonschoenhoff.de\/wp-content\/uploads\/2022\/04\/2021-08-16-Castello-Vezio-Orrido-del-Belano-Kloster_63.jpg 2000w, https:\/\/simonschoenhoff.de\/wp-content\/uploads\/2022\/04\/2021-08-16-Castello-Vezio-Orrido-del-Belano-Kloster_63-1200x857.jpg 1200w, https:\/\/simonschoenhoff.de\/wp-content\/uploads\/2022\/04\/2021-08-16-Castello-Vezio-Orrido-del-Belano-Kloster_63-300x214.jpg 300w, https:\/\/simonschoenhoff.de\/wp-content\/uploads\/2022\/04\/2021-08-16-Castello-Vezio-Orrido-del-Belano-Kloster_63-1024x732.jpg 1024w, https:\/\/simonschoenhoff.de\/wp-content\/uploads\/2022\/04\/2021-08-16-Castello-Vezio-Orrido-del-Belano-Kloster_63-768x549.jpg 768w, https:\/\/simonschoenhoff.de\/wp-content\/uploads\/2022\/04\/2021-08-16-Castello-Vezio-Orrido-del-Belano-Kloster_63-1536x1097.jpg 1536w, https:\/\/simonschoenhoff.de\/wp-content\/uploads\/2022\/04\/2021-08-16-Castello-Vezio-Orrido-del-Belano-Kloster_63-600x429.jpg 600w\" sizes=\"(max-width: 2000px) 100vw, 2000px\">\t\t\t\t\t\t\t\t\t\t\t<figcaption class=\"widget-image-caption wp-caption-text\">Das Kloster Abbazia di Piona | 24 mm, f\/2.8, 1\/640 Sek., ISO&nbsp;100<\/figcaption>\n\t\t\t\t\t\t\t\t\t\t<\/figure>\n\t\t\t\t\t\t\t\t\t<\/div>\n\t\t\t\t<\/div>\n\t\t\t\t<div class=\"elementor-element elementor-element-550c6e8 elementor-widget elementor-widget-text-editor\" data-id=\"550c6e8\" data-element_type=\"widget\" data-e-type=\"widget\" data-widget_type=\"text-editor.default\">\n\t\t\t\t<div class=\"elementor-widget-container\">\n\t\t\t\t\t\t\t\t\t<p>Ange\u00adkommen kann man sich aller\u00addins auf ein herr\u00adli\u00adches Fleck\u00adchen freuen. Man kann durch einen kleinen Garten schlen\u00addern, die Kapelle besich\u00adtigen und sogar bis ans Wasser laufen. Ein gut gelaunter M\u00f6nch empfing uns freund\u00adlich auf dem Vorplatz des Klos\u00adters und prab\u00adbelte etwas auf italie\u00adnisch mit uns. Aller\u00addings konnten wir nicht alles verstehen.&nbsp;<\/p>\t\t\t\t\t\t\t\t<\/div>\n\t\t\t\t<\/div>\n\t\t<div class=\"elementor-element elementor-element-7f10645 e-flex e-con-boxed e-con e-child\" data-id=\"7f10645\" data-element_type=\"container\" data-e-type=\"container\">\n\t\t\t\t\t<div class=\"e-con-inner\">\n\t\t\t\t<div class=\"elementor-element elementor-element-2391b3f elementor-invisible elementor-widget elementor-widget-image\" data-id=\"2391b3f\" data-element_type=\"widget\" data-e-type=\"widget\" data-settings=\"{&quot;_animation&quot;:&quot;zoomIn&quot;}\" data-widget_type=\"image.default\">\n\t\t\t\t<div class=\"elementor-widget-container\">\n\t\t\t\t\t\t\t\t\t\t\t\t<figure class=\"wp-caption\">\n\t\t\t\t\t\t\t\t\t\t<img loading=\"lazy\" decoding=\"async\" width=\"1333\" height=\"2000\" src=\"https:\/\/simonschoenhoff.de\/wp-content\/uploads\/2022\/04\/2021-08-16-Castello-Vezio-Orrido-del-Belano-Kloster_58.jpg\" class=\"attachment-full size-full wp-image-5588\" alt srcset=\"https:\/\/simonschoenhoff.de\/wp-content\/uploads\/2022\/04\/2021-08-16-Castello-Vezio-Orrido-del-Belano-Kloster_58.jpg 1333w, https:\/\/simonschoenhoff.de\/wp-content\/uploads\/2022\/04\/2021-08-16-Castello-Vezio-Orrido-del-Belano-Kloster_58-1200x1800.jpg 1200w, https:\/\/simonschoenhoff.de\/wp-content\/uploads\/2022\/04\/2021-08-16-Castello-Vezio-Orrido-del-Belano-Kloster_58-200x300.jpg 200w, https:\/\/simonschoenhoff.de\/wp-content\/uploads\/2022\/04\/2021-08-16-Castello-Vezio-Orrido-del-Belano-Kloster_58-682x1024.jpg 682w, https:\/\/simonschoenhoff.de\/wp-content\/uploads\/2022\/04\/2021-08-16-Castello-Vezio-Orrido-del-Belano-Kloster_58-768x1152.jpg 768w, https:\/\/simonschoenhoff.de\/wp-content\/uploads\/2022\/04\/2021-08-16-Castello-Vezio-Orrido-del-Belano-Kloster_58-1024x1536.jpg 1024w, https:\/\/simonschoenhoff.de\/wp-content\/uploads\/2022\/04\/2021-08-16-Castello-Vezio-Orrido-del-Belano-Kloster_58-600x900.jpg 600w\" sizes=\"(max-width: 1333px) 100vw, 1333px\">\t\t\t\t\t\t\t\t\t\t\t<figcaption class=\"widget-image-caption wp-caption-text\">Korridor im Kloster | 27 mm, f\/5, 1\/100 Sek., ISO&nbsp;100<\/figcaption>\n\t\t\t\t\t\t\t\t\t\t<\/figure>\n\t\t\t\t\t\t\t\t\t<\/div>\n\t\t\t\t<\/div>\n\t\t\t\t<div class=\"elementor-element elementor-element-5477cb7 elementor-invisible elementor-widget elementor-widget-image\" data-id=\"5477cb7\" data-element_type=\"widget\" data-e-type=\"widget\" data-settings=\"{&quot;_animation&quot;:&quot;zoomIn&quot;}\" data-widget_type=\"image.default\">\n\t\t\t\t<div class=\"elementor-widget-container\">\n\t\t\t\t\t\t\t\t\t\t\t\t<figure class=\"wp-caption\">\n\t\t\t\t\t\t\t\t\t\t<img loading=\"lazy\" decoding=\"async\" width=\"1333\" height=\"2000\" src=\"https:\/\/simonschoenhoff.de\/wp-content\/uploads\/2022\/04\/2021-08-16-Castello-Vezio-Orrido-del-Belano-Kloster_59.jpg\" class=\"attachment-full size-full wp-image-5589\" alt srcset=\"https:\/\/simonschoenhoff.de\/wp-content\/uploads\/2022\/04\/2021-08-16-Castello-Vezio-Orrido-del-Belano-Kloster_59.jpg 1333w, https:\/\/simonschoenhoff.de\/wp-content\/uploads\/2022\/04\/2021-08-16-Castello-Vezio-Orrido-del-Belano-Kloster_59-1200x1800.jpg 1200w, https:\/\/simonschoenhoff.de\/wp-content\/uploads\/2022\/04\/2021-08-16-Castello-Vezio-Orrido-del-Belano-Kloster_59-200x300.jpg 200w, https:\/\/simonschoenhoff.de\/wp-content\/uploads\/2022\/04\/2021-08-16-Castello-Vezio-Orrido-del-Belano-Kloster_59-682x1024.jpg 682w, https:\/\/simonschoenhoff.de\/wp-content\/uploads\/2022\/04\/2021-08-16-Castello-Vezio-Orrido-del-Belano-Kloster_59-768x1152.jpg 768w, https:\/\/simonschoenhoff.de\/wp-content\/uploads\/2022\/04\/2021-08-16-Castello-Vezio-Orrido-del-Belano-Kloster_59-1024x1536.jpg 1024w, https:\/\/simonschoenhoff.de\/wp-content\/uploads\/2022\/04\/2021-08-16-Castello-Vezio-Orrido-del-Belano-Kloster_59-600x900.jpg 600w\" sizes=\"(max-width: 1333px) 100vw, 1333px\">\t\t\t\t\t\t\t\t\t\t\t<figcaption class=\"widget-image-caption wp-caption-text\">Die Abtei von Innen | 16 mm, f\/5, 1\/250 Sek., ISO&nbsp;100<\/figcaption>\n\t\t\t\t\t\t\t\t\t\t<\/figure>\n\t\t\t\t\t\t\t\t\t<\/div>\n\t\t\t\t<\/div>\n\t\t\t\t\t<\/div>\n\t\t\t\t<\/div>\n\t\t\t\t\t<\/div>\n\t\t\t\t<\/div>\n\t\t\t\t\t<\/div>\n\t\t\t\t<\/div>\n\t\t<div class=\"elementor-element elementor-element-c16fcd4 e-flex e-con-boxed e-con e-parent\" data-id=\"c16fcd4\" data-element_type=\"container\" data-e-type=\"container\">\n\t\t\t\t\t<div class=\"e-con-inner\">\n\t\t\t\t<div class=\"elementor-element elementor-element-11d41a8 elementor-invisible elementor-widget elementor-widget-image\" data-id=\"11d41a8\" data-element_type=\"widget\" data-e-type=\"widget\" data-settings=\"{&quot;_animation&quot;:&quot;zoomIn&quot;}\" data-widget_type=\"image.default\">\n\t\t\t\t<div class=\"elementor-widget-container\">\n\t\t\t\t\t\t\t\t\t\t\t\t<figure class=\"wp-caption\">\n\t\t\t\t\t\t\t\t\t\t<img loading=\"lazy\" decoding=\"async\" width=\"682\" height=\"1024\" src=\"https:\/\/simonschoenhoff.de\/wp-content\/uploads\/2022\/04\/2021-08-16-Castello-Vezio-Orrido-del-Belano-Kloster_60-682x1024.jpg\" class=\"attachment-large size-large wp-image-5590\" alt srcset=\"https:\/\/simonschoenhoff.de\/wp-content\/uploads\/2022\/04\/2021-08-16-Castello-Vezio-Orrido-del-Belano-Kloster_60-682x1024.jpg 682w, https:\/\/simonschoenhoff.de\/wp-content\/uploads\/2022\/04\/2021-08-16-Castello-Vezio-Orrido-del-Belano-Kloster_60-1200x1800.jpg 1200w, https:\/\/simonschoenhoff.de\/wp-content\/uploads\/2022\/04\/2021-08-16-Castello-Vezio-Orrido-del-Belano-Kloster_60-200x300.jpg 200w, https:\/\/simonschoenhoff.de\/wp-content\/uploads\/2022\/04\/2021-08-16-Castello-Vezio-Orrido-del-Belano-Kloster_60-768x1152.jpg 768w, https:\/\/simonschoenhoff.de\/wp-content\/uploads\/2022\/04\/2021-08-16-Castello-Vezio-Orrido-del-Belano-Kloster_60-1024x1536.jpg 1024w, https:\/\/simonschoenhoff.de\/wp-content\/uploads\/2022\/04\/2021-08-16-Castello-Vezio-Orrido-del-Belano-Kloster_60-600x900.jpg 600w, https:\/\/simonschoenhoff.de\/wp-content\/uploads\/2022\/04\/2021-08-16-Castello-Vezio-Orrido-del-Belano-Kloster_60.jpg 1333w\" sizes=\"(max-width: 682px) 100vw, 682px\">\t\t\t\t\t\t\t\t\t\t\t<figcaption class=\"widget-image-caption wp-caption-text\">Der Innenhof 1 | 27 mm, f\/5, 1\/400 Sek., ISO&nbsp;100<\/figcaption>\n\t\t\t\t\t\t\t\t\t\t<\/figure>\n\t\t\t\t\t\t\t\t\t<\/div>\n\t\t\t\t<\/div>\n\t\t\t\t<div class=\"elementor-element elementor-element-76f1b09 elementor-invisible elementor-widget elementor-widget-image\" data-id=\"76f1b09\" data-element_type=\"widget\" data-e-type=\"widget\" data-settings=\"{&quot;_animation&quot;:&quot;zoomIn&quot;}\" data-widget_type=\"image.default\">\n\t\t\t\t<div class=\"elementor-widget-container\">\n\t\t\t\t\t\t\t\t\t\t\t\t<figure class=\"wp-caption\">\n\t\t\t\t\t\t\t\t\t\t<img loading=\"lazy\" decoding=\"async\" width=\"682\" height=\"1024\" src=\"https:\/\/simonschoenhoff.de\/wp-content\/uploads\/2022\/04\/2021-08-16-Castello-Vezio-Orrido-del-Belano-Kloster_61-682x1024.jpg\" class=\"attachment-large size-large wp-image-5591\" alt srcset=\"https:\/\/simonschoenhoff.de\/wp-content\/uploads\/2022\/04\/2021-08-16-Castello-Vezio-Orrido-del-Belano-Kloster_61-682x1024.jpg 682w, https:\/\/simonschoenhoff.de\/wp-content\/uploads\/2022\/04\/2021-08-16-Castello-Vezio-Orrido-del-Belano-Kloster_61-1200x1800.jpg 1200w, https:\/\/simonschoenhoff.de\/wp-content\/uploads\/2022\/04\/2021-08-16-Castello-Vezio-Orrido-del-Belano-Kloster_61-200x300.jpg 200w, https:\/\/simonschoenhoff.de\/wp-content\/uploads\/2022\/04\/2021-08-16-Castello-Vezio-Orrido-del-Belano-Kloster_61-768x1152.jpg 768w, https:\/\/simonschoenhoff.de\/wp-content\/uploads\/2022\/04\/2021-08-16-Castello-Vezio-Orrido-del-Belano-Kloster_61-1024x1536.jpg 1024w, https:\/\/simonschoenhoff.de\/wp-content\/uploads\/2022\/04\/2021-08-16-Castello-Vezio-Orrido-del-Belano-Kloster_61-600x900.jpg 600w, https:\/\/simonschoenhoff.de\/wp-content\/uploads\/2022\/04\/2021-08-16-Castello-Vezio-Orrido-del-Belano-Kloster_61.jpg 1333w\" sizes=\"(max-width: 682px) 100vw, 682px\">\t\t\t\t\t\t\t\t\t\t\t<figcaption class=\"widget-image-caption wp-caption-text\">Der Innenhof 2 | 34 mm, f\/2.8, 1\/1250 Sek., ISO&nbsp;100<\/figcaption>\n\t\t\t\t\t\t\t\t\t\t<\/figure>\n\t\t\t\t\t\t\t\t\t<\/div>\n\t\t\t\t<\/div>\n\t\t\t\t\t<\/div>\n\t\t\t\t<\/div>\n\t\t<div class=\"elementor-element elementor-element-f7b4f68 e-flex e-con-boxed e-con e-parent\" data-id=\"f7b4f68\" data-element_type=\"container\" data-e-type=\"container\">\n\t\t\t\t\t<div class=\"e-con-inner\">\n\t\t<div class=\"elementor-element elementor-element-10c6282 e-flex e-con-boxed e-con e-child\" data-id=\"10c6282\" data-element_type=\"container\" data-e-type=\"container\">\n\t\t\t\t\t<div class=\"e-con-inner\">\n\t\t\t\t<div class=\"elementor-element elementor-element-6eb29af elementor-invisible elementor-widget elementor-widget-image\" data-id=\"6eb29af\" data-element_type=\"widget\" data-e-type=\"widget\" data-settings=\"{&quot;_animation&quot;:&quot;zoomIn&quot;}\" data-widget_type=\"image.default\">\n\t\t\t\t<div class=\"elementor-widget-container\">\n\t\t\t\t\t\t\t\t\t\t\t\t<figure class=\"wp-caption\">\n\t\t\t\t\t\t\t\t\t\t<img loading=\"lazy\" decoding=\"async\" width=\"2000\" height=\"1429\" src=\"https:\/\/simonschoenhoff.de\/wp-content\/uploads\/2022\/04\/2021-08-16-Castello-Vezio-Orrido-del-Belano-Kloster_64.jpg\" class=\"attachment-full size-full wp-image-5594\" alt srcset=\"https:\/\/simonschoenhoff.de\/wp-content\/uploads\/2022\/04\/2021-08-16-Castello-Vezio-Orrido-del-Belano-Kloster_64.jpg 2000w, https:\/\/simonschoenhoff.de\/wp-content\/uploads\/2022\/04\/2021-08-16-Castello-Vezio-Orrido-del-Belano-Kloster_64-1200x857.jpg 1200w, https:\/\/simonschoenhoff.de\/wp-content\/uploads\/2022\/04\/2021-08-16-Castello-Vezio-Orrido-del-Belano-Kloster_64-300x214.jpg 300w, https:\/\/simonschoenhoff.de\/wp-content\/uploads\/2022\/04\/2021-08-16-Castello-Vezio-Orrido-del-Belano-Kloster_64-1024x732.jpg 1024w, https:\/\/simonschoenhoff.de\/wp-content\/uploads\/2022\/04\/2021-08-16-Castello-Vezio-Orrido-del-Belano-Kloster_64-768x549.jpg 768w, https:\/\/simonschoenhoff.de\/wp-content\/uploads\/2022\/04\/2021-08-16-Castello-Vezio-Orrido-del-Belano-Kloster_64-1536x1097.jpg 1536w, https:\/\/simonschoenhoff.de\/wp-content\/uploads\/2022\/04\/2021-08-16-Castello-Vezio-Orrido-del-Belano-Kloster_64-600x429.jpg 600w\" sizes=\"(max-width: 2000px) 100vw, 2000px\">\t\t\t\t\t\t\t\t\t\t\t<figcaption class=\"widget-image-caption wp-caption-text\">Das Kloster von Oben | 24 mm, f\/2.8, 1\/320 Sek., ISO&nbsp;110<\/figcaption>\n\t\t\t\t\t\t\t\t\t\t<\/figure>\n\t\t\t\t\t\t\t\t\t<\/div>\n\t\t\t\t<\/div>\n\t\t\t\t\t<\/div>\n\t\t\t\t<\/div>\n\t\t\t\t\t<\/div>\n\t\t\t\t<\/div>\n\t\t<div class=\"elementor-element elementor-element-5305941 e-flex e-con-boxed e-con e-parent\" data-id=\"5305941\" data-element_type=\"container\" data-e-type=\"container\">\n\t\t\t\t\t<div class=\"e-con-inner\">\n\t\t\t\t<div class=\"elementor-element elementor-element-38ef03c elementor-widget elementor-widget-text-editor\" data-id=\"38ef03c\" data-element_type=\"widget\" data-e-type=\"widget\" data-widget_type=\"text-editor.default\">\n\t\t\t\t<div class=\"elementor-widget-container\">\n\t\t\t\t\t\t\t\t\t<p>Wir genossen ein wenig die Zeit und liefen zwischen Zypressen und Oliven\u00adb\u00e4umen umher. Danach ging es wieder in Rich\u00adtung S\u00fcden zu unserer Unter\u00adkunft in Varenna.&nbsp;<\/p>\t\t\t\t\t\t\t\t<\/div>\n\t\t\t\t<\/div>\n\t\t<div class=\"elementor-element elementor-element-1352f98 e-flex e-con-boxed e-con e-child\" data-id=\"1352f98\" data-element_type=\"container\" data-e-type=\"container\">\n\t\t\t\t\t<div class=\"e-con-inner\">\n\t\t\t\t<div class=\"elementor-element elementor-element-7124665 elementor-invisible elementor-widget elementor-widget-image\" data-id=\"7124665\" data-element_type=\"widget\" data-e-type=\"widget\" data-settings=\"{&quot;_animation&quot;:&quot;zoomIn&quot;}\" data-widget_type=\"image.default\">\n\t\t\t\t<div class=\"elementor-widget-container\">\n\t\t\t\t\t\t\t\t\t\t\t\t<figure class=\"wp-caption\">\n\t\t\t\t\t\t\t\t\t\t<img loading=\"lazy\" decoding=\"async\" width=\"1333\" height=\"2000\" src=\"https:\/\/simonschoenhoff.de\/wp-content\/uploads\/2022\/04\/2021-08-16-Castello-Vezio-Orrido-del-Belano-Kloster_57.jpg\" class=\"attachment-full size-full wp-image-5587\" alt srcset=\"https:\/\/simonschoenhoff.de\/wp-content\/uploads\/2022\/04\/2021-08-16-Castello-Vezio-Orrido-del-Belano-Kloster_57.jpg 1333w, https:\/\/simonschoenhoff.de\/wp-content\/uploads\/2022\/04\/2021-08-16-Castello-Vezio-Orrido-del-Belano-Kloster_57-1200x1800.jpg 1200w, https:\/\/simonschoenhoff.de\/wp-content\/uploads\/2022\/04\/2021-08-16-Castello-Vezio-Orrido-del-Belano-Kloster_57-200x300.jpg 200w, https:\/\/simonschoenhoff.de\/wp-content\/uploads\/2022\/04\/2021-08-16-Castello-Vezio-Orrido-del-Belano-Kloster_57-682x1024.jpg 682w, https:\/\/simonschoenhoff.de\/wp-content\/uploads\/2022\/04\/2021-08-16-Castello-Vezio-Orrido-del-Belano-Kloster_57-768x1152.jpg 768w, https:\/\/simonschoenhoff.de\/wp-content\/uploads\/2022\/04\/2021-08-16-Castello-Vezio-Orrido-del-Belano-Kloster_57-1024x1536.jpg 1024w, https:\/\/simonschoenhoff.de\/wp-content\/uploads\/2022\/04\/2021-08-16-Castello-Vezio-Orrido-del-Belano-Kloster_57-600x900.jpg 600w\" sizes=\"(max-width: 1333px) 100vw, 1333px\">\t\t\t\t\t\t\t\t\t\t\t<figcaption class=\"widget-image-caption wp-caption-text\">Einsamer Baum | 400 mm, f\/9, 1\/1000 Sek., ISO&nbsp;250<\/figcaption>\n\t\t\t\t\t\t\t\t\t\t<\/figure>\n\t\t\t\t\t\t\t\t\t<\/div>\n\t\t\t\t<\/div>\n\t\t\t\t<div class=\"elementor-element elementor-element-77bca00 elementor-invisible elementor-widget elementor-widget-image\" data-id=\"77bca00\" data-element_type=\"widget\" data-e-type=\"widget\" data-settings=\"{&quot;_animation&quot;:&quot;zoomIn&quot;}\" data-widget_type=\"image.default\">\n\t\t\t\t<div class=\"elementor-widget-container\">\n\t\t\t\t\t\t\t\t\t\t\t\t<figure class=\"wp-caption\">\n\t\t\t\t\t\t\t\t\t\t<img loading=\"lazy\" decoding=\"async\" width=\"1333\" height=\"2000\" src=\"https:\/\/simonschoenhoff.de\/wp-content\/uploads\/2022\/04\/2021-08-16-Castello-Vezio-Orrido-del-Belano-Kloster_62.jpg\" class=\"attachment-full size-full wp-image-5592\" alt srcset=\"https:\/\/simonschoenhoff.de\/wp-content\/uploads\/2022\/04\/2021-08-16-Castello-Vezio-Orrido-del-Belano-Kloster_62.jpg 1333w, https:\/\/simonschoenhoff.de\/wp-content\/uploads\/2022\/04\/2021-08-16-Castello-Vezio-Orrido-del-Belano-Kloster_62-1200x1800.jpg 1200w, https:\/\/simonschoenhoff.de\/wp-content\/uploads\/2022\/04\/2021-08-16-Castello-Vezio-Orrido-del-Belano-Kloster_62-200x300.jpg 200w, https:\/\/simonschoenhoff.de\/wp-content\/uploads\/2022\/04\/2021-08-16-Castello-Vezio-Orrido-del-Belano-Kloster_62-682x1024.jpg 682w, https:\/\/simonschoenhoff.de\/wp-content\/uploads\/2022\/04\/2021-08-16-Castello-Vezio-Orrido-del-Belano-Kloster_62-768x1152.jpg 768w, https:\/\/simonschoenhoff.de\/wp-content\/uploads\/2022\/04\/2021-08-16-Castello-Vezio-Orrido-del-Belano-Kloster_62-1024x1536.jpg 1024w, https:\/\/simonschoenhoff.de\/wp-content\/uploads\/2022\/04\/2021-08-16-Castello-Vezio-Orrido-del-Belano-Kloster_62-600x900.jpg 600w\" sizes=\"(max-width: 1333px) 100vw, 1333px\">\t\t\t\t\t\t\t\t\t\t\t<figcaption class=\"widget-image-caption wp-caption-text\">Sch\u00f6n\u00adheit des Comer Sees an jeder Ecke | 33 mm, f\/5, 1\/250 Sek., ISO&nbsp;100<\/figcaption>\n\t\t\t\t\t\t\t\t\t\t<\/figure>\n\t\t\t\t\t\t\t\t\t<\/div>\n\t\t\t\t<\/div>\n\t\t\t\t\t<\/div>\n\t\t\t\t<\/div>\n\t\t\t\t\t<\/div>\n\t\t\t\t<\/div>\n\t\t<div class=\"elementor-element elementor-element-5e7ccbb e-flex e-con-boxed e-con e-parent\" data-id=\"5e7ccbb\" data-element_type=\"container\" data-e-type=\"container\">\n\t\t\t\t\t<div class=\"e-con-inner\">\n\t\t\t\t<div class=\"elementor-element elementor-element-62f415d elementor-widget elementor-widget-text-editor\" data-id=\"62f415d\" data-element_type=\"widget\" data-e-type=\"widget\" data-widget_type=\"text-editor.default\">\n\t\t\t\t<div class=\"elementor-widget-container\">\n\t\t\t\t\t\t\t\t\t<p>Der Abend bescherrte uns noch&nbsp; einmal ein richtig kr\u00e4f\u00adtiges Gewitter. Nach dem es davon gezogen war, konnten wir eine tolle abge\u00adk\u00fchlte Luft und ein tolles Abend\u00adlicht genie\u00dfen. Uns hielt es nicht mehr in unserer Unter\u00adkunft und so zogen wir noch einmal los, um die Drohne steigen zu lassen und einige tolle Tele-Aufnahmen von Varenna aus zumachen.&nbsp;<\/p>\t\t\t\t\t\t\t\t<\/div>\n\t\t\t\t<\/div>\n\t\t\t\t\t<\/div>\n\t\t\t\t<\/div>\n\t\t<div class=\"elementor-element elementor-element-19a5fd1 e-flex e-con-boxed e-con e-parent\" data-id=\"19a5fd1\" data-element_type=\"container\" data-e-type=\"container\">\n\t\t\t\t\t<div class=\"e-con-inner\">\n\t\t\t\t<div class=\"elementor-element elementor-element-24634fb elementor-invisible elementor-widget elementor-widget-image\" data-id=\"24634fb\" data-element_type=\"widget\" data-e-type=\"widget\" data-settings=\"{&quot;_animation&quot;:&quot;zoomIn&quot;}\" data-widget_type=\"image.default\">\n\t\t\t\t<div class=\"elementor-widget-container\">\n\t\t\t\t\t\t\t\t\t\t\t\t<figure class=\"wp-caption\">\n\t\t\t\t\t\t\t\t\t\t<img loading=\"lazy\" decoding=\"async\" width=\"1333\" height=\"2000\" src=\"https:\/\/simonschoenhoff.de\/wp-content\/uploads\/2022\/04\/2021-08-16-Castello-Vezio-Orrido-del-Belano-Kloster_65.jpg\" class=\"attachment-full size-full wp-image-5595\" alt srcset=\"https:\/\/simonschoenhoff.de\/wp-content\/uploads\/2022\/04\/2021-08-16-Castello-Vezio-Orrido-del-Belano-Kloster_65.jpg 1333w, https:\/\/simonschoenhoff.de\/wp-content\/uploads\/2022\/04\/2021-08-16-Castello-Vezio-Orrido-del-Belano-Kloster_65-1200x1800.jpg 1200w, https:\/\/simonschoenhoff.de\/wp-content\/uploads\/2022\/04\/2021-08-16-Castello-Vezio-Orrido-del-Belano-Kloster_65-200x300.jpg 200w, https:\/\/simonschoenhoff.de\/wp-content\/uploads\/2022\/04\/2021-08-16-Castello-Vezio-Orrido-del-Belano-Kloster_65-682x1024.jpg 682w, https:\/\/simonschoenhoff.de\/wp-content\/uploads\/2022\/04\/2021-08-16-Castello-Vezio-Orrido-del-Belano-Kloster_65-768x1152.jpg 768w, https:\/\/simonschoenhoff.de\/wp-content\/uploads\/2022\/04\/2021-08-16-Castello-Vezio-Orrido-del-Belano-Kloster_65-1024x1536.jpg 1024w, https:\/\/simonschoenhoff.de\/wp-content\/uploads\/2022\/04\/2021-08-16-Castello-Vezio-Orrido-del-Belano-Kloster_65-600x900.jpg 600w\" sizes=\"(max-width: 1333px) 100vw, 1333px\">\t\t\t\t\t\t\t\t\t\t\t<figcaption class=\"widget-image-caption wp-caption-text\">GEwit\u00adter\u00adwolken ziehen auf | 83 mm, f\/5, 1\/200 Sek., ISO&nbsp;640<\/figcaption>\n\t\t\t\t\t\t\t\t\t\t<\/figure>\n\t\t\t\t\t\t\t\t\t<\/div>\n\t\t\t\t<\/div>\n\t\t\t\t<div class=\"elementor-element elementor-element-858ae62 elementor-invisible elementor-widget elementor-widget-image\" data-id=\"858ae62\" data-element_type=\"widget\" data-e-type=\"widget\" data-settings=\"{&quot;_animation&quot;:&quot;zoomIn&quot;}\" data-widget_type=\"image.default\">\n\t\t\t\t<div class=\"elementor-widget-container\">\n\t\t\t\t\t\t\t\t\t\t\t\t<figure class=\"wp-caption\">\n\t\t\t\t\t\t\t\t\t\t<img loading=\"lazy\" decoding=\"async\" width=\"1600\" height=\"2000\" src=\"https:\/\/simonschoenhoff.de\/wp-content\/uploads\/2022\/04\/2021-08-16-Castello-Vezio-Orrido-del-Belano-Kloster_67.jpg\" class=\"attachment-full size-full wp-image-5597\" alt srcset=\"https:\/\/simonschoenhoff.de\/wp-content\/uploads\/2022\/04\/2021-08-16-Castello-Vezio-Orrido-del-Belano-Kloster_67.jpg 1600w, https:\/\/simonschoenhoff.de\/wp-content\/uploads\/2022\/04\/2021-08-16-Castello-Vezio-Orrido-del-Belano-Kloster_67-1200x1500.jpg 1200w, https:\/\/simonschoenhoff.de\/wp-content\/uploads\/2022\/04\/2021-08-16-Castello-Vezio-Orrido-del-Belano-Kloster_67-240x300.jpg 240w, https:\/\/simonschoenhoff.de\/wp-content\/uploads\/2022\/04\/2021-08-16-Castello-Vezio-Orrido-del-Belano-Kloster_67-819x1024.jpg 819w, https:\/\/simonschoenhoff.de\/wp-content\/uploads\/2022\/04\/2021-08-16-Castello-Vezio-Orrido-del-Belano-Kloster_67-768x960.jpg 768w, https:\/\/simonschoenhoff.de\/wp-content\/uploads\/2022\/04\/2021-08-16-Castello-Vezio-Orrido-del-Belano-Kloster_67-1229x1536.jpg 1229w, https:\/\/simonschoenhoff.de\/wp-content\/uploads\/2022\/04\/2021-08-16-Castello-Vezio-Orrido-del-Belano-Kloster_67-600x750.jpg 600w\" sizes=\"(max-width: 1600px) 100vw, 1600px\">\t\t\t\t\t\t\t\t\t\t\t<figcaption class=\"widget-image-caption wp-caption-text\">Goldene Wolken \u00fcber den Bergen nach dem Regen | 85 mm, f\/5, 1\/250 Sek., ISO&nbsp;100<\/figcaption>\n\t\t\t\t\t\t\t\t\t\t<\/figure>\n\t\t\t\t\t\t\t\t\t<\/div>\n\t\t\t\t<\/div>\n\t\t\t\t\t<\/div>\n\t\t\t\t<\/div>\n\t\t<div class=\"elementor-element elementor-element-7fe2009 e-flex e-con-boxed e-con e-parent\" data-id=\"7fe2009\" data-element_type=\"container\" data-e-type=\"container\">\n\t\t\t\t\t<div class=\"e-con-inner\">\n\t\t\t\t<div class=\"elementor-element elementor-element-5cf23d5 elementor-invisible elementor-widget elementor-widget-image\" data-id=\"5cf23d5\" data-element_type=\"widget\" data-e-type=\"widget\" data-settings=\"{&quot;_animation&quot;:&quot;zoomIn&quot;}\" data-widget_type=\"image.default\">\n\t\t\t\t<div class=\"elementor-widget-container\">\n\t\t\t\t\t\t\t\t\t\t\t\t<figure class=\"wp-caption\">\n\t\t\t\t\t\t\t\t\t\t<img loading=\"lazy\" decoding=\"async\" width=\"2000\" height=\"1333\" src=\"https:\/\/simonschoenhoff.de\/wp-content\/uploads\/2022\/04\/2021-08-16-Castello-Vezio-Orrido-del-Belano-Kloster_66.jpg\" class=\"attachment-full size-full wp-image-5596\" alt srcset=\"https:\/\/simonschoenhoff.de\/wp-content\/uploads\/2022\/04\/2021-08-16-Castello-Vezio-Orrido-del-Belano-Kloster_66.jpg 2000w, https:\/\/simonschoenhoff.de\/wp-content\/uploads\/2022\/04\/2021-08-16-Castello-Vezio-Orrido-del-Belano-Kloster_66-1200x800.jpg 1200w, https:\/\/simonschoenhoff.de\/wp-content\/uploads\/2022\/04\/2021-08-16-Castello-Vezio-Orrido-del-Belano-Kloster_66-300x200.jpg 300w, https:\/\/simonschoenhoff.de\/wp-content\/uploads\/2022\/04\/2021-08-16-Castello-Vezio-Orrido-del-Belano-Kloster_66-1024x682.jpg 1024w, https:\/\/simonschoenhoff.de\/wp-content\/uploads\/2022\/04\/2021-08-16-Castello-Vezio-Orrido-del-Belano-Kloster_66-768x512.jpg 768w, https:\/\/simonschoenhoff.de\/wp-content\/uploads\/2022\/04\/2021-08-16-Castello-Vezio-Orrido-del-Belano-Kloster_66-1536x1024.jpg 1536w, https:\/\/simonschoenhoff.de\/wp-content\/uploads\/2022\/04\/2021-08-16-Castello-Vezio-Orrido-del-Belano-Kloster_66-600x400.jpg 600w\" sizes=\"(max-width: 2000px) 100vw, 2000px\">\t\t\t\t\t\t\t\t\t\t\t<figcaption class=\"widget-image-caption wp-caption-text\">Varenna im goldenen Abend\u00adlicht | 24 mm, f\/2.8, 1\/200 Sek., ISO&nbsp;100<\/figcaption>\n\t\t\t\t\t\t\t\t\t\t<\/figure>\n\t\t\t\t\t\t\t\t\t<\/div>\n\t\t\t\t<\/div>\n\t\t\t\t\t<\/div>\n\t\t\t\t<\/div>\n\t\t\t\t<\/div>","protected":false},"excerpt":{"rendered":"<p>In unserem letzt\u00adj\u00e4h\u00adrigen Urlaub verschlug es uns auch einige Tage an den para\u00addie\u00adsi\u00adschen Lago di Como, den Comer See in Nord\u00adita\u00adlien. W\u00e4hrend unseres Aufent\u00adhaltes konnte ich einige wirk\u00adlich foto\u00adgene Orte ausfindig machen.<\/p>","protected":false},"author":1,"featured_media":8136,"comment_status":"open","ping_status":"open","sticky":false,"template":"","format":"standard","meta":{"wp_typography_post_enhancements_disabled":false,"footnotes":""},"categories":[4,7,55],"tags":[175,173,144,90,174,176,177],"class_list":["post-5598","post","type-post","status-publish","format-standard","has-post-thumbnail","hentry","category-blog","category-foto-locations","category-italien","tag-bellagio","tag-comer-see","tag-foto-spots","tag-italien","tag-lago-die-como","tag-varenna","tag-villa-balbianello"],"_links":{"self":[{"href":"https:\/\/simonschoenhoff.de\/en\/wp-json\/wp\/v2\/posts\/5598","targetHints":{"allow":["GET"]}}],"collection":[{"href":"https:\/\/simonschoenhoff.de\/en\/wp-json\/wp\/v2\/posts"}],"about":[{"href":"https:\/\/simonschoenhoff.de\/en\/wp-json\/wp\/v2\/types\/post"}],"author":[{"embeddable":true,"href":"https:\/\/simonschoenhoff.de\/en\/wp-json\/wp\/v2\/users\/1"}],"replies":[{"embeddable":true,"href":"https:\/\/simonschoenhoff.de\/en\/wp-json\/wp\/v2\/comments?post=5598"}],"version-history":[{"count":105,"href":"https:\/\/simonschoenhoff.de\/en\/wp-json\/wp\/v2\/posts\/5598\/revisions"}],"predecessor-version":[{"id":10151,"href":"https:\/\/simonschoenhoff.de\/en\/wp-json\/wp\/v2\/posts\/5598\/revisions\/10151"}],"wp:featuredmedia":[{"embeddable":true,"href":"https:\/\/simonschoenhoff.de\/en\/wp-json\/wp\/v2\/media\/8136"}],"wp:attachment":[{"href":"https:\/\/simonschoenhoff.de\/en\/wp-json\/wp\/v2\/media?parent=5598"}],"wp:term":[{"taxonomy":"category","embeddable":true,"href":"https:\/\/simonschoenhoff.de\/en\/wp-json\/wp\/v2\/categories?post=5598"},{"taxonomy":"post_tag","embeddable":true,"href":"https:\/\/simonschoenhoff.de\/en\/wp-json\/wp\/v2\/tags?post=5598"}],"curies":[{"name":"wp","href":"https:\/\/api.w.org\/{rel}","templated":true}]}}