{"id":3831,"date":"2022-01-04T14:49:48","date_gmt":"2022-01-04T14:49:48","guid":{"rendered":"https:\/\/simonschoenhoff.de\/?p=3831"},"modified":"2022-12-31T11:09:06","modified_gmt":"2022-12-31T11:09:06","slug":"foto-spots-in-der-saechsischen-schweiz-teil-1","status":"publish","type":"post","link":"https:\/\/simonschoenhoff.de\/en\/foto-spots-in-der-saechsischen-schweiz-teil-1\/","title":{"rendered":"Foto-Spots in der S\u00e4ch\u00adsi\u00adschen Schweiz \u2013 Teil&nbsp;1"},"content":{"rendered":"<div data-elementor-type=\"wp-post\" data-elementor-id=\"3831\" class=\"elementor elementor-3831\" data-elementor-post-type=\"post\">\n\t\t\t\t<div class=\"elementor-element elementor-element-0b6f2e3 e-flex e-con-boxed e-con e-parent\" data-id=\"0b6f2e3\" data-element_type=\"container\" data-e-type=\"container\">\n\t\t\t\t\t<div class=\"e-con-inner\">\n\t\t<div class=\"elementor-element elementor-element-b646fc4 e-con-full e-flex e-con e-child\" data-id=\"b646fc4\" data-element_type=\"container\" data-e-type=\"container\">\n\t\t\t\t<div class=\"elementor-element elementor-element-1db1ab4 elementor-widget elementor-widget-menu-anchor\" data-id=\"1db1ab4\" data-element_type=\"widget\" data-e-type=\"widget\" data-widget_type=\"menu-anchor.default\">\n\t\t\t\t<div class=\"elementor-widget-container\">\n\t\t\t\t\t\t\t<div class=\"elementor-menu-anchor\" id=\"seite\"><\/div>\n\t\t\t\t\t\t<\/div>\n\t\t\t\t<\/div>\n\t\t\t\t<div class=\"elementor-element elementor-element-5b695be elementor-widget elementor-widget-heading\" data-id=\"5b695be\" data-element_type=\"widget\" data-e-type=\"widget\" data-widget_type=\"heading.default\">\n\t\t\t\t<div class=\"elementor-widget-container\">\n\t\t\t\t\t<h2 class=\"elementor-heading-title elementor-size-default\">Foto-Spots in der s\u00e4ch\u00adsi\u00adschen Schweiz<\/h2>\t\t\t\t<\/div>\n\t\t\t\t<\/div>\n\t\t\t\t<div class=\"elementor-element elementor-element-0e32309 elementor-widget elementor-widget-heading\" data-id=\"0e32309\" data-element_type=\"widget\" data-e-type=\"widget\" data-widget_type=\"heading.default\">\n\t\t\t\t<div class=\"elementor-widget-container\">\n\t\t\t\t\t<h3 class=\"elementor-heading-title elementor-size-default\">Die Bastei\u00adbr\u00fccke mit Blick auf den Lilienstein<\/h3>\t\t\t\t<\/div>\n\t\t\t\t<\/div>\n\t\t\t\t<div class=\"elementor-element elementor-element-428b0a2 elementor-widget elementor-widget-text-editor\" data-id=\"428b0a2\" data-element_type=\"widget\" data-e-type=\"widget\" data-widget_type=\"text-editor.default\">\n\t\t\t\t<div class=\"elementor-widget-container\">\n\t\t\t\t\t\t\t\t\t<p lang=\"de\">Stephan Wiesner hat der Ausgabe seines Ziel\u00adfoto-Maga\u00adzins \u201eFoto-Spots im Harz und Elbsand\u00adstein\u00adge\u00adbirge\u201c eine zweite Version geschenkt. Ich habe drei der Spots aufge\u00adsucht und war au\u00dferdem noch am Schloss Moritz\u00adburg, in Dresden und an der Burg Hohn\u00adstein. In diesen Blog-Beitr\u00e4gen teile euch meine pers\u00f6n\u00adliche und ehrliche Meinung zu allen Schau\u00adpl\u00e4tzen. Zuerst: die Basteibr\u00fccke.<\/p>\t\t\t\t\t\t\t\t<\/div>\n\t\t\t\t<\/div>\n\t\t\t\t<div class=\"elementor-element elementor-element-8155299 elementor-widget elementor-widget-text-editor\" data-id=\"8155299\" data-element_type=\"widget\" data-e-type=\"widget\" data-widget_type=\"text-editor.default\">\n\t\t\t\t<div class=\"elementor-widget-container\">\n\t\t\t\t\t\t\t\t\t<p style=\"text-align: center;\"><span style=\"font-size: 10pt;\">Gear:<\/span><\/p><p style=\"text-align: center;\"><span style=\"font-size: 10pt;\">Sony a7 III<\/span><br><span style=\"font-size: 10pt;\">Sony FE 2.8\/16\u201335 mm GM<\/span><br><span style=\"font-size: 10pt;\">Sony FE 4\/24\u2013105 mm G<\/span><br><span style=\"font-size: 10pt;\">Sigma 100\u2013400 mm DG&nbsp;DN<\/span><\/p>\t\t\t\t\t\t\t\t<\/div>\n\t\t\t\t<\/div>\n\t\t<div class=\"elementor-element elementor-element-4a06c71 e-con-full e-flex e-con e-child\" data-id=\"4a06c71\" data-element_type=\"container\" data-e-type=\"container\">\n\t\t<div class=\"elementor-element elementor-element-46c92f1 e-con-full e-flex e-con e-child\" data-id=\"46c92f1\" data-element_type=\"container\" data-e-type=\"container\">\n\t\t\t\t<div class=\"elementor-element elementor-element-ba68356 elementor-view-default elementor-widget elementor-widget-icon\" data-id=\"ba68356\" data-element_type=\"widget\" data-e-type=\"widget\" data-widget_type=\"icon.default\">\n\t\t\t\t<div class=\"elementor-widget-container\">\n\t\t\t\t\t\t\t<div class=\"elementor-icon-wrapper\">\n\t\t\t<div class=\"elementor-icon\">\n\t\t\t<i aria-hidden=\"true\" class=\"fas fa-paper-plane\"><\/i>\t\t\t<\/div>\n\t\t<\/div>\n\t\t\t\t\t\t<\/div>\n\t\t\t\t<\/div>\n\t\t\t\t<\/div>\n\t\t<div class=\"elementor-element elementor-element-80376e0 e-con-full e-flex e-con e-child\" data-id=\"80376e0\" data-element_type=\"container\" data-e-type=\"container\">\n\t\t\t\t<div class=\"elementor-element elementor-element-f675aa9 elementor-widget elementor-widget-text-editor\" data-id=\"f675aa9\" data-element_type=\"widget\" data-e-type=\"widget\" data-widget_type=\"text-editor.default\">\n\t\t\t\t<div class=\"elementor-widget-container\">\n\t\t\t\t\t\t\t\t\t<p>Allen Fans der Droh\u00adnen\u00adfo\u00adto\u00adgrafie und Video\u00adgrafie sei vorab gesagt, dies ist kein Beitrag f\u00fcr euch. Denn, das ganze Gebiet des Elbsand\u00adstein\u00adge\u00adbirges ist ein ausge\u00adwie\u00adsener Natur\u00adpark und das Droh\u00adnen\u00adfliegen ist hier prak\u00adtisch an jeder Ecke unter\u00adsagt. Deshalb am Besten das Flug\u00adger\u00e4t gleich ganz zu Hause lassen.<\/p>\t\t\t\t\t\t\t\t<\/div>\n\t\t\t\t<\/div>\n\t\t\t\t<\/div>\n\t\t\t\t<\/div>\n\t\t\t\t<\/div>\n\t\t\t\t\t<\/div>\n\t\t\t\t<\/div>\n\t\t<div class=\"elementor-element elementor-element-ff28a91 e-flex e-con-boxed e-con e-parent\" data-id=\"ff28a91\" data-element_type=\"container\" data-e-type=\"container\">\n\t\t\t\t\t<div class=\"e-con-inner\">\n\t\t<div class=\"elementor-element elementor-element-2a8b444 e-con-full e-flex e-con e-child\" data-id=\"2a8b444\" data-element_type=\"container\" data-e-type=\"container\">\n\t\t\t\t<div class=\"elementor-element elementor-element-7367d94 elementor-widget elementor-widget-heading\" data-id=\"7367d94\" data-element_type=\"widget\" data-e-type=\"widget\" data-widget_type=\"heading.default\">\n\t\t\t\t<div class=\"elementor-widget-container\">\n\t\t\t\t\t<h3 class=\"elementor-heading-title elementor-size-default\">Die Bastei\u00adbr\u00fccke<\/h3>\t\t\t\t<\/div>\n\t\t\t\t<\/div>\n\t\t\t\t<div class=\"elementor-element elementor-element-e59aef7 elementor-widget elementor-widget-image\" data-id=\"e59aef7\" data-element_type=\"widget\" data-e-type=\"widget\" data-widget_type=\"image.default\">\n\t\t\t\t<div class=\"elementor-widget-container\">\n\t\t\t\t\t\t\t\t\t\t\t\t<figure class=\"wp-caption\">\n\t\t\t\t\t\t\t\t\t\t<img fetchpriority=\"high\" decoding=\"async\" width=\"2000\" height=\"1333\" src=\"https:\/\/simonschoenhoff.de\/wp-content\/uploads\/2022\/01\/2021-10-08-Bastei-und-Gamrig_1.jpg\" class=\"attachment-2048x2048 size-2048x2048 wp-image-3846\" alt srcset=\"https:\/\/simonschoenhoff.de\/wp-content\/uploads\/2022\/01\/2021-10-08-Bastei-und-Gamrig_1.jpg 2000w, https:\/\/simonschoenhoff.de\/wp-content\/uploads\/2022\/01\/2021-10-08-Bastei-und-Gamrig_1-1200x800.jpg 1200w, https:\/\/simonschoenhoff.de\/wp-content\/uploads\/2022\/01\/2021-10-08-Bastei-und-Gamrig_1-300x200.jpg 300w, https:\/\/simonschoenhoff.de\/wp-content\/uploads\/2022\/01\/2021-10-08-Bastei-und-Gamrig_1-1024x682.jpg 1024w, https:\/\/simonschoenhoff.de\/wp-content\/uploads\/2022\/01\/2021-10-08-Bastei-und-Gamrig_1-768x512.jpg 768w, https:\/\/simonschoenhoff.de\/wp-content\/uploads\/2022\/01\/2021-10-08-Bastei-und-Gamrig_1-1536x1024.jpg 1536w, https:\/\/simonschoenhoff.de\/wp-content\/uploads\/2022\/01\/2021-10-08-Bastei-und-Gamrig_1-500x333.jpg 500w, https:\/\/simonschoenhoff.de\/wp-content\/uploads\/2022\/01\/2021-10-08-Bastei-und-Gamrig_1-800x533.jpg 800w, https:\/\/simonschoenhoff.de\/wp-content\/uploads\/2022\/01\/2021-10-08-Bastei-und-Gamrig_1-1280x853.jpg 1280w, https:\/\/simonschoenhoff.de\/wp-content\/uploads\/2022\/01\/2021-10-08-Bastei-und-Gamrig_1-1920x1280.jpg 1920w, https:\/\/simonschoenhoff.de\/wp-content\/uploads\/2022\/01\/2021-10-08-Bastei-und-Gamrig_1-600x400.jpg 600w\" sizes=\"(max-width: 2000px) 100vw, 2000px\">\t\t\t\t\t\t\t\t\t\t\t<figcaption class=\"widget-image-caption wp-caption-text\">Die Bastei\u00adbr\u00fccke in der blauen Stunde | 24 mm, f\/5.6, 30 Sek. ISO&nbsp;1600<\/figcaption>\n\t\t\t\t\t\t\t\t\t\t<\/figure>\n\t\t\t\t\t\t\t\t\t<\/div>\n\t\t\t\t<\/div>\n\t\t\t\t<div class=\"elementor-element elementor-element-a241fc6 elementor-widget elementor-widget-text-editor\" data-id=\"a241fc6\" data-element_type=\"widget\" data-e-type=\"widget\" data-widget_type=\"text-editor.default\">\n\t\t\t\t<div class=\"elementor-widget-container\">\n\t\t\t\t\t\t\t\t\t<p>Doch kommen wir zur Sache. Der Top-Spot schlechthin im Elbsand\u00adstein\u00adge\u00adbirge stellt die Bastei\u00adbr\u00fccke dar, doch ist sie es tats\u00e4ch\u00adlich? Einer\u00adseits wirkt die von Menschen\u00adhand erbaute Br\u00fccke schon im impo\u00adsant, ande\u00adrer\u00adseits, in Bezug auf die monu\u00admen\u00adtalen, natur\u00adge\u00adformten Steine des Elbsand\u00adstein\u00adge\u00adbirges, ist sie eben doch nur eine Br\u00fccke.&nbsp;<\/p>\t\t\t\t\t\t\t\t<\/div>\n\t\t\t\t<\/div>\n\t\t<div class=\"elementor-element elementor-element-b97165f e-con-full e-flex e-con e-child\" data-id=\"b97165f\" data-element_type=\"container\" data-e-type=\"container\">\n\t\t<div class=\"elementor-element elementor-element-0b82242 e-con-full e-flex e-con e-child\" data-id=\"0b82242\" data-element_type=\"container\" data-e-type=\"container\">\n\t\t\t\t<div class=\"elementor-element elementor-element-dda210d elementor-widget elementor-widget-image\" data-id=\"dda210d\" data-element_type=\"widget\" data-e-type=\"widget\" data-widget_type=\"image.default\">\n\t\t\t\t<div class=\"elementor-widget-container\">\n\t\t\t\t\t\t\t\t\t\t\t\t<figure class=\"wp-caption\">\n\t\t\t\t\t\t\t\t\t\t<img decoding=\"async\" width=\"800\" height=\"1000\" src=\"https:\/\/simonschoenhoff.de\/wp-content\/uploads\/2022\/01\/2021-10-08-Bastei-und-Gamrig_2-819x1024.jpg\" class=\"attachment-large size-large wp-image-3847\" alt srcset=\"https:\/\/simonschoenhoff.de\/wp-content\/uploads\/2022\/01\/2021-10-08-Bastei-und-Gamrig_2-819x1024.jpg 819w, https:\/\/simonschoenhoff.de\/wp-content\/uploads\/2022\/01\/2021-10-08-Bastei-und-Gamrig_2-1200x1500.jpg 1200w, https:\/\/simonschoenhoff.de\/wp-content\/uploads\/2022\/01\/2021-10-08-Bastei-und-Gamrig_2-240x300.jpg 240w, https:\/\/simonschoenhoff.de\/wp-content\/uploads\/2022\/01\/2021-10-08-Bastei-und-Gamrig_2-768x960.jpg 768w, https:\/\/simonschoenhoff.de\/wp-content\/uploads\/2022\/01\/2021-10-08-Bastei-und-Gamrig_2-1229x1536.jpg 1229w, https:\/\/simonschoenhoff.de\/wp-content\/uploads\/2022\/01\/2021-10-08-Bastei-und-Gamrig_2-500x625.jpg 500w, https:\/\/simonschoenhoff.de\/wp-content\/uploads\/2022\/01\/2021-10-08-Bastei-und-Gamrig_2-800x1000.jpg 800w, https:\/\/simonschoenhoff.de\/wp-content\/uploads\/2022\/01\/2021-10-08-Bastei-und-Gamrig_2-1280x1600.jpg 1280w, https:\/\/simonschoenhoff.de\/wp-content\/uploads\/2022\/01\/2021-10-08-Bastei-und-Gamrig_2-600x750.jpg 600w, https:\/\/simonschoenhoff.de\/wp-content\/uploads\/2022\/01\/2021-10-08-Bastei-und-Gamrig_2.jpg 1600w\" sizes=\"(max-width: 800px) 100vw, 800px\">\t\t\t\t\t\t\t\t\t\t\t<figcaption class=\"widget-image-caption wp-caption-text\">Blick von der Br\u00fccke | 26 mm, f\/11, 1\/25 Sek. ISO&nbsp;800<\/figcaption>\n\t\t\t\t\t\t\t\t\t\t<\/figure>\n\t\t\t\t\t\t\t\t\t<\/div>\n\t\t\t\t<\/div>\n\t\t\t\t<\/div>\n\t\t<div class=\"elementor-element elementor-element-1ad9939 e-con-full e-flex e-con e-child\" data-id=\"1ad9939\" data-element_type=\"container\" data-e-type=\"container\">\n\t\t\t\t<div class=\"elementor-element elementor-element-1e5b29b elementor-widget elementor-widget-text-editor\" data-id=\"1e5b29b\" data-element_type=\"widget\" data-e-type=\"widget\" data-widget_type=\"text-editor.default\">\n\t\t\t\t<div class=\"elementor-widget-container\">\n\t\t\t\t\t\t\t\t\t<p>Mein Plan war es eigent\u00adlich unter der Woche anzu\u00adreisen und gleich den ersten Morgen zu nutzen, um Aufnahmen der Br\u00fccke zu machen, da ich bereits erahnte, dass viel los sein wird. Zuerst dachte ich der Plan w\u00fcrde aufgehen. Eine Stunde vor Sonnen\u00adauf\u00adgang waren wir bereits zu dritt auf der Ferdi\u00adnands\u00adaus\u00adsicht. Zum Sonnen\u00adauf\u00adgang selbst sollten wir nur zu f\u00fcnft auf der kleinen Platt\u00adform sein. Aller\u00addings lie\u00df uns trotz guter Wetter\u00advor\u00adher\u00adsage der Nebel im Stich. Einige hundert Meter h\u00f6her, als ange\u00adk\u00fcn\u00addigt, versperrte er die Sicht auf den Himmel und damit die Sonne. Mein Plan f\u00fcr die kommenden Tage war also bereits am ersten Tag obsolet.&nbsp;<\/p>\t\t\t\t\t\t\t\t<\/div>\n\t\t\t\t<\/div>\n\t\t\t\t<div class=\"elementor-element elementor-element-8196c30 elementor-widget elementor-widget-text-editor\" data-id=\"8196c30\" data-element_type=\"widget\" data-e-type=\"widget\" data-widget_type=\"text-editor.default\">\n\t\t\t\t<div class=\"elementor-widget-container\">\n\t\t\t\t\t\t\t\t\t<p>So werde ich wohl mindes\u00adtens ein anderen Spot opfern m\u00fcssen, um bei besseren Bedin\u00adgungen wieder an die Bastei zu kommen. Das doofe dabei: Vermut\u00adlich wird dieser Tag auf das Wochen\u00adende fallen.&nbsp;<\/p>\t\t\t\t\t\t\t\t<\/div>\n\t\t\t\t<\/div>\n\t\t\t\t<div class=\"elementor-element elementor-element-df4e508 elementor-widget elementor-widget-text-editor\" data-id=\"df4e508\" data-element_type=\"widget\" data-e-type=\"widget\" data-widget_type=\"text-editor.default\">\n\t\t\t\t<div class=\"elementor-widget-container\">\n\t\t\t\t\t\t\t\t\t<p>Ich nutzte die Zeit an der Bastei\u00adbr\u00fccke, bei wenig bis gar keinem foto\u00adgra\u00adfi\u00adschen Licht, um ein wenig die Gegend zu erkunden und andere Motive zu scouten. Dies sollte sich im nach\u00adhinein als \u00e4u\u00dferst n\u00fctz\u00adlich erweisen. Denn kennt man die ein oder andere Ecke, so hat man auch den ein oder anderen Plan B im Hinter\u00adst\u00fcb\u00adchen. F\u00fcr alle&nbsp;F\u00e4lle.<\/p>\t\t\t\t\t\t\t\t<\/div>\n\t\t\t\t<\/div>\n\t\t\t\t<\/div>\n\t\t\t\t<\/div>\n\t\t\t\t<div class=\"elementor-element elementor-element-66814c7 elementor-widget elementor-widget-text-editor\" data-id=\"66814c7\" data-element_type=\"widget\" data-e-type=\"widget\" data-widget_type=\"text-editor.default\">\n\t\t\t\t<div class=\"elementor-widget-container\">\n\t\t\t\t\t\t\t\t\t<p>Wie sollte es anders sein. Nat\u00fcr\u00adlich waren die perfekten Wetter\u00adver\u00adh\u00e4lt\u00adnisse f\u00fcr einen Sonn\u00adtag\u00admorgen ange\u00adk\u00fcn\u00addigt. Aber es hilft ja nichts. Also raus aus den Federn und wieder mindes\u00adtens eine Stunde vor Sonnen\u00adauf\u00adgang vor Ort sein, um sich einen guten Standort zu sichern.&nbsp;<\/p>\t\t\t\t\t\t\t\t<\/div>\n\t\t\t\t<\/div>\n\t\t\t\t<div class=\"elementor-element elementor-element-2071ef3 elementor-widget elementor-widget-image\" data-id=\"2071ef3\" data-element_type=\"widget\" data-e-type=\"widget\" data-widget_type=\"image.default\">\n\t\t\t\t<div class=\"elementor-widget-container\">\n\t\t\t\t\t\t\t\t\t\t\t\t<figure class=\"wp-caption\">\n\t\t\t\t\t\t\t\t\t\t<img decoding=\"async\" width=\"2000\" height=\"1333\" src=\"https:\/\/simonschoenhoff.de\/wp-content\/uploads\/2022\/01\/2021-10-10-Bastei-Barberine-und-Burg-Hohenstein_11.jpg\" class=\"attachment-2048x2048 size-2048x2048 wp-image-3856\" alt srcset=\"https:\/\/simonschoenhoff.de\/wp-content\/uploads\/2022\/01\/2021-10-10-Bastei-Barberine-und-Burg-Hohenstein_11.jpg 2000w, https:\/\/simonschoenhoff.de\/wp-content\/uploads\/2022\/01\/2021-10-10-Bastei-Barberine-und-Burg-Hohenstein_11-1200x800.jpg 1200w, https:\/\/simonschoenhoff.de\/wp-content\/uploads\/2022\/01\/2021-10-10-Bastei-Barberine-und-Burg-Hohenstein_11-300x200.jpg 300w, https:\/\/simonschoenhoff.de\/wp-content\/uploads\/2022\/01\/2021-10-10-Bastei-Barberine-und-Burg-Hohenstein_11-1024x682.jpg 1024w, https:\/\/simonschoenhoff.de\/wp-content\/uploads\/2022\/01\/2021-10-10-Bastei-Barberine-und-Burg-Hohenstein_11-768x512.jpg 768w, https:\/\/simonschoenhoff.de\/wp-content\/uploads\/2022\/01\/2021-10-10-Bastei-Barberine-und-Burg-Hohenstein_11-1536x1024.jpg 1536w, https:\/\/simonschoenhoff.de\/wp-content\/uploads\/2022\/01\/2021-10-10-Bastei-Barberine-und-Burg-Hohenstein_11-500x333.jpg 500w, https:\/\/simonschoenhoff.de\/wp-content\/uploads\/2022\/01\/2021-10-10-Bastei-Barberine-und-Burg-Hohenstein_11-800x533.jpg 800w, https:\/\/simonschoenhoff.de\/wp-content\/uploads\/2022\/01\/2021-10-10-Bastei-Barberine-und-Burg-Hohenstein_11-1280x853.jpg 1280w, https:\/\/simonschoenhoff.de\/wp-content\/uploads\/2022\/01\/2021-10-10-Bastei-Barberine-und-Burg-Hohenstein_11-1920x1280.jpg 1920w, https:\/\/simonschoenhoff.de\/wp-content\/uploads\/2022\/01\/2021-10-10-Bastei-Barberine-und-Burg-Hohenstein_11-600x400.jpg 600w\" sizes=\"(max-width: 2000px) 100vw, 2000px\">\t\t\t\t\t\t\t\t\t\t\t<figcaption class=\"widget-image-caption wp-caption-text\">Blick ins Elbsand\u00adstein\u00adge\u00adbirge | 73 mm, f\/11, 1\/160 Sek. ISO&nbsp;2000<\/figcaption>\n\t\t\t\t\t\t\t\t\t\t<\/figure>\n\t\t\t\t\t\t\t\t\t<\/div>\n\t\t\t\t<\/div>\n\t\t\t\t<div class=\"elementor-element elementor-element-1039aea elementor-widget elementor-widget-text-editor\" data-id=\"1039aea\" data-element_type=\"widget\" data-e-type=\"widget\" data-widget_type=\"text-editor.default\">\n\t\t\t\t<div class=\"elementor-widget-container\">\n\t\t\t\t\t\t\t\t\t<p>Schon am Park\u00adplatz ahnte ich nichts gutes. Schon jetzt standen unge\u00adf\u00e4hr die 5\u2011fache Menge an Fahr\u00adzeugen in den Park\u00adbuchten. Nichts\u00addes\u00adto\u00adtrotz bog ich zu Fu\u00df ab in Rich\u00adtung Ferdi\u00adnands\u00adaus\u00adsicht. Die kleine Aussichts\u00adstelle war bereits jetzt, gut eine Stunde vor Sonnen\u00adauf\u00adgang \u2013 und trotz immer noch anhal\u00adtender Pandemie \u2013 geram\u00admelt voll. Stativ an Stativ, Foto\u00adgraf an Foto\u00adgraf. Kein Platz f\u00fcr einen weiteren Menschen, wie mich, dachte ich mir und kehrte um. Sch**\u00df drauf. Zumin\u00addest auf dieses eine Motiv. Wurde ja so oder so schon tausend\u00adfach fotografiert.&nbsp;<\/p>\t\t\t\t\t\t\t\t<\/div>\n\t\t\t\t<\/div>\n\t\t<div class=\"elementor-element elementor-element-0d25827 e-con-full e-flex e-con e-child\" data-id=\"0d25827\" data-element_type=\"container\" data-e-type=\"container\">\n\t\t<div class=\"elementor-element elementor-element-f886f1c e-con-full e-flex e-con e-child\" data-id=\"f886f1c\" data-element_type=\"container\" data-e-type=\"container\">\n\t\t\t\t<div class=\"elementor-element elementor-element-a5cc88a elementor-widget elementor-widget-image\" data-id=\"a5cc88a\" data-element_type=\"widget\" data-e-type=\"widget\" data-widget_type=\"image.default\">\n\t\t\t\t<div class=\"elementor-widget-container\">\n\t\t\t\t\t\t\t\t\t\t\t\t\t\t\t<img loading=\"lazy\" decoding=\"async\" width=\"768\" height=\"1024\" src=\"https:\/\/simonschoenhoff.de\/wp-content\/uploads\/2022\/01\/2021-10-10-Bastei-Barberine-und-Burg-Hohenstein_10-768x1024.jpg\" class=\"attachment-large size-large wp-image-3855\" alt srcset=\"https:\/\/simonschoenhoff.de\/wp-content\/uploads\/2022\/01\/2021-10-10-Bastei-Barberine-und-Burg-Hohenstein_10-768x1024.jpg 768w, https:\/\/simonschoenhoff.de\/wp-content\/uploads\/2022\/01\/2021-10-10-Bastei-Barberine-und-Burg-Hohenstein_10-1200x1600.jpg 1200w, https:\/\/simonschoenhoff.de\/wp-content\/uploads\/2022\/01\/2021-10-10-Bastei-Barberine-und-Burg-Hohenstein_10-225x300.jpg 225w, https:\/\/simonschoenhoff.de\/wp-content\/uploads\/2022\/01\/2021-10-10-Bastei-Barberine-und-Burg-Hohenstein_10-1152x1536.jpg 1152w, https:\/\/simonschoenhoff.de\/wp-content\/uploads\/2022\/01\/2021-10-10-Bastei-Barberine-und-Burg-Hohenstein_10-500x667.jpg 500w, https:\/\/simonschoenhoff.de\/wp-content\/uploads\/2022\/01\/2021-10-10-Bastei-Barberine-und-Burg-Hohenstein_10-800x1067.jpg 800w, https:\/\/simonschoenhoff.de\/wp-content\/uploads\/2022\/01\/2021-10-10-Bastei-Barberine-und-Burg-Hohenstein_10-1280x1707.jpg 1280w, https:\/\/simonschoenhoff.de\/wp-content\/uploads\/2022\/01\/2021-10-10-Bastei-Barberine-und-Burg-Hohenstein_10-600x800.jpg 600w, https:\/\/simonschoenhoff.de\/wp-content\/uploads\/2022\/01\/2021-10-10-Bastei-Barberine-und-Burg-Hohenstein_10.jpg 1500w\" sizes=\"(max-width: 768px) 100vw, 768px\">\t\t\t\t\t\t\t\t\t\t\t\t\t\t\t<\/div>\n\t\t\t\t<\/div>\n\t\t\t\t<\/div>\n\t\t<div class=\"elementor-element elementor-element-e5082d7 e-con-full e-flex e-con e-child\" data-id=\"e5082d7\" data-element_type=\"container\" data-e-type=\"container\">\n\t\t\t\t<div class=\"elementor-element elementor-element-8dd7199 elementor-widget elementor-widget-text-editor\" data-id=\"8dd7199\" data-element_type=\"widget\" data-e-type=\"widget\" data-widget_type=\"text-editor.default\">\n\t\t\t\t<div class=\"elementor-widget-container\">\n\t\t\t\t\t\t\t\t\t<p>Chall\u00adenge accepted. Ich werde an diesem Morgen ein Bild machen, dass keiner von den Main\u00adstream-Foto\u00adgrafen auf der Ferdi\u00adnands\u00adaus\u00adsicht unter diesen ph\u00e4no\u00adme\u00adnalen Bedin\u00adgungen an diesem Morgen machen wird. Und dieses Bild wird besser sein, als das x\u2011te mal das gleiche Bild von der Bastei\u00adbr\u00fccke! So stapfte ich&nbsp;davon.&nbsp;<\/p>\t\t\t\t\t\t\t\t<\/div>\n\t\t\t\t<\/div>\n\t\t\t\t<\/div>\n\t\t\t\t<\/div>\n\t\t\t\t<div class=\"elementor-element elementor-element-2bb82c8 elementor-widget elementor-widget-text-editor\" data-id=\"2bb82c8\" data-element_type=\"widget\" data-e-type=\"widget\" data-widget_type=\"text-editor.default\">\n\t\t\t\t<div class=\"elementor-widget-container\">\n\t\t\t\t\t\t\t\t\t<p>Mein Gedanke galt der P\u00f6lking-Kiefer. Das Licht k\u00f6nnte passen, sobald die Sonne \u00fcber den Hori\u00adzont kommt. Der Nebel reicht viel\u00adleicht auch aus f\u00fcr ein beson\u00adders&nbsp;Bild.&nbsp;<\/p>\t\t\t\t\t\t\t\t<\/div>\n\t\t\t\t<\/div>\n\t\t\t\t<div class=\"elementor-element elementor-element-50a4dbe elementor-widget elementor-widget-image\" data-id=\"50a4dbe\" data-element_type=\"widget\" data-e-type=\"widget\" data-widget_type=\"image.default\">\n\t\t\t\t<div class=\"elementor-widget-container\">\n\t\t\t\t\t\t\t\t\t\t\t\t<figure class=\"wp-caption\">\n\t\t\t\t\t\t\t\t\t\t<img loading=\"lazy\" decoding=\"async\" width=\"2000\" height=\"1333\" src=\"https:\/\/simonschoenhoff.de\/wp-content\/uploads\/2022\/01\/2021-10-10-Bastei-Barberine-und-Burg-Hohenstein_1-2.jpg\" class=\"attachment-2048x2048 size-2048x2048 wp-image-3883\" alt srcset=\"https:\/\/simonschoenhoff.de\/wp-content\/uploads\/2022\/01\/2021-10-10-Bastei-Barberine-und-Burg-Hohenstein_1-2.jpg 2000w, https:\/\/simonschoenhoff.de\/wp-content\/uploads\/2022\/01\/2021-10-10-Bastei-Barberine-und-Burg-Hohenstein_1-2-1200x800.jpg 1200w, https:\/\/simonschoenhoff.de\/wp-content\/uploads\/2022\/01\/2021-10-10-Bastei-Barberine-und-Burg-Hohenstein_1-2-300x200.jpg 300w, https:\/\/simonschoenhoff.de\/wp-content\/uploads\/2022\/01\/2021-10-10-Bastei-Barberine-und-Burg-Hohenstein_1-2-1024x682.jpg 1024w, https:\/\/simonschoenhoff.de\/wp-content\/uploads\/2022\/01\/2021-10-10-Bastei-Barberine-und-Burg-Hohenstein_1-2-768x512.jpg 768w, https:\/\/simonschoenhoff.de\/wp-content\/uploads\/2022\/01\/2021-10-10-Bastei-Barberine-und-Burg-Hohenstein_1-2-1536x1024.jpg 1536w, https:\/\/simonschoenhoff.de\/wp-content\/uploads\/2022\/01\/2021-10-10-Bastei-Barberine-und-Burg-Hohenstein_1-2-500x333.jpg 500w, https:\/\/simonschoenhoff.de\/wp-content\/uploads\/2022\/01\/2021-10-10-Bastei-Barberine-und-Burg-Hohenstein_1-2-800x533.jpg 800w, https:\/\/simonschoenhoff.de\/wp-content\/uploads\/2022\/01\/2021-10-10-Bastei-Barberine-und-Burg-Hohenstein_1-2-1280x853.jpg 1280w, https:\/\/simonschoenhoff.de\/wp-content\/uploads\/2022\/01\/2021-10-10-Bastei-Barberine-und-Burg-Hohenstein_1-2-1920x1280.jpg 1920w, https:\/\/simonschoenhoff.de\/wp-content\/uploads\/2022\/01\/2021-10-10-Bastei-Barberine-und-Burg-Hohenstein_1-2-600x400.jpg 600w\" sizes=\"(max-width: 2000px) 100vw, 2000px\">\t\t\t\t\t\t\t\t\t\t\t<figcaption class=\"widget-image-caption wp-caption-text\">Es war einmal in Pangea | 49 mm, f\/11, 1 Sek. ISO&nbsp;800<\/figcaption>\n\t\t\t\t\t\t\t\t\t\t<\/figure>\n\t\t\t\t\t\t\t\t\t<\/div>\n\t\t\t\t<\/div>\n\t\t\t\t<div class=\"elementor-element elementor-element-69bf3c2 elementor-widget elementor-widget-heading\" data-id=\"69bf3c2\" data-element_type=\"widget\" data-e-type=\"widget\" data-widget_type=\"heading.default\">\n\t\t\t\t<div class=\"elementor-widget-container\">\n\t\t\t\t\t<h3 class=\"elementor-heading-title elementor-size-default\">The P\u00f6lking pine<\/h3>\t\t\t\t<\/div>\n\t\t\t\t<\/div>\n\t\t<div class=\"elementor-element elementor-element-3088c01 e-con-full e-flex e-con e-child\" data-id=\"3088c01\" data-element_type=\"container\" data-e-type=\"container\">\n\t\t<div class=\"elementor-element elementor-element-f1b42d5 e-con-full e-flex e-con e-child\" data-id=\"f1b42d5\" data-element_type=\"container\" data-e-type=\"container\">\n\t\t\t\t<div class=\"elementor-element elementor-element-bb0376f elementor-widget elementor-widget-image\" data-id=\"bb0376f\" data-element_type=\"widget\" data-e-type=\"widget\" data-widget_type=\"image.default\">\n\t\t\t\t<div class=\"elementor-widget-container\">\n\t\t\t\t\t\t\t\t\t\t\t\t<figure class=\"wp-caption\">\n\t\t\t\t\t\t\t\t\t\t<img loading=\"lazy\" decoding=\"async\" width=\"768\" height=\"1024\" src=\"https:\/\/simonschoenhoff.de\/wp-content\/uploads\/2022\/01\/2021-10-10-Bastei-Barberine-und-Burg-Hohenstein_3-768x1024.jpg\" class=\"attachment-large size-large wp-image-3885\" alt srcset=\"https:\/\/simonschoenhoff.de\/wp-content\/uploads\/2022\/01\/2021-10-10-Bastei-Barberine-und-Burg-Hohenstein_3-768x1024.jpg 768w, https:\/\/simonschoenhoff.de\/wp-content\/uploads\/2022\/01\/2021-10-10-Bastei-Barberine-und-Burg-Hohenstein_3-1200x1600.jpg 1200w, https:\/\/simonschoenhoff.de\/wp-content\/uploads\/2022\/01\/2021-10-10-Bastei-Barberine-und-Burg-Hohenstein_3-225x300.jpg 225w, https:\/\/simonschoenhoff.de\/wp-content\/uploads\/2022\/01\/2021-10-10-Bastei-Barberine-und-Burg-Hohenstein_3-1152x1536.jpg 1152w, https:\/\/simonschoenhoff.de\/wp-content\/uploads\/2022\/01\/2021-10-10-Bastei-Barberine-und-Burg-Hohenstein_3-500x667.jpg 500w, https:\/\/simonschoenhoff.de\/wp-content\/uploads\/2022\/01\/2021-10-10-Bastei-Barberine-und-Burg-Hohenstein_3-800x1067.jpg 800w, https:\/\/simonschoenhoff.de\/wp-content\/uploads\/2022\/01\/2021-10-10-Bastei-Barberine-und-Burg-Hohenstein_3-1280x1707.jpg 1280w, https:\/\/simonschoenhoff.de\/wp-content\/uploads\/2022\/01\/2021-10-10-Bastei-Barberine-und-Burg-Hohenstein_3-600x800.jpg 600w, https:\/\/simonschoenhoff.de\/wp-content\/uploads\/2022\/01\/2021-10-10-Bastei-Barberine-und-Burg-Hohenstein_3.jpg 1500w\" sizes=\"(max-width: 768px) 100vw, 768px\">\t\t\t\t\t\t\t\t\t\t\t<figcaption class=\"widget-image-caption wp-caption-text\">Die P\u00f6lking\u00adkiefer | 16 mm, f\/11, 1\/6 sek. ISO&nbsp;400<\/figcaption>\n\t\t\t\t\t\t\t\t\t\t<\/figure>\n\t\t\t\t\t\t\t\t\t<\/div>\n\t\t\t\t<\/div>\n\t\t\t\t<\/div>\n\t\t<div class=\"elementor-element elementor-element-3f68a2e e-con-full e-flex e-con e-child\" data-id=\"3f68a2e\" data-element_type=\"container\" data-e-type=\"container\">\n\t\t\t\t<div class=\"elementor-element elementor-element-95f0ac2 elementor-widget elementor-widget-text-editor\" data-id=\"95f0ac2\" data-element_type=\"widget\" data-e-type=\"widget\" data-widget_type=\"text-editor.default\">\n\t\t\t\t<div class=\"elementor-widget-container\">\n\t\t\t\t\t\t\t\t\t<p>Die P\u00f6lking\u00adkiefer, benannt nacht dem bekannten deut\u00adschen Natur\u00adfo\u00adto\u00adgraf Fritz P\u00f6lking. Dieser hatte diese, aus dem Fels heraus wach\u00adsende Kiefer abge\u00adlichtet, weshalb sie nun seinen Namen tr\u00e4gt. Stephan Wiesner schrieb von ihr, in seinem Zielfoto-Magazin.&nbsp;<\/p>\t\t\t\t\t\t\t\t<\/div>\n\t\t\t\t<\/div>\n\t\t\t\t<div class=\"elementor-element elementor-element-9dee406 elementor-widget elementor-widget-text-editor\" data-id=\"9dee406\" data-element_type=\"widget\" data-e-type=\"widget\" data-widget_type=\"text-editor.default\">\n\t\t\t\t<div class=\"elementor-widget-container\">\n\t\t\t\t\t\t\t\t\t<p>F\u00fcr meinen Geschmack, war die Luft etwas zu wenig dunstig, etwas zu wenig Nebel ober\u00adhalb der Baum\u00adwip\u00adfeln, weshalb es f\u00fcr die P\u00f6lking\u00adkiefer nicht die perfekten Bedin\u00adgungen waren. Zumin\u00addest der Fakt, dass die B\u00e4ume unter\u00adhalb, noch im Schatten lagen und die Kiefer bereits von der Sonne ange\u00adstrahlt wurde, rettete das&nbsp;Bild.<\/p>\t\t\t\t\t\t\t\t<\/div>\n\t\t\t\t<\/div>\n\t\t\t\t<div class=\"elementor-element elementor-element-624f58d elementor-widget elementor-widget-text-editor\" data-id=\"624f58d\" data-element_type=\"widget\" data-e-type=\"widget\" data-widget_type=\"text-editor.default\">\n\t\t\t\t<div class=\"elementor-widget-container\">\n\t\t\t\t\t\t\t\t\t<p>Aber dort zu stehen und zu foto\u00adgra\u00adfieren war in diesem Sinne schon erfolg\u00adreich, da ich einen sehr netten Foto\u00adgra\u00adfen\u00adkol\u00adlegen getroffen habe und mich sehr nett mit ihm unter\u00adhalten konnte.&nbsp;<\/p>\t\t\t\t\t\t\t\t<\/div>\n\t\t\t\t<\/div>\n\t\t\t\t<\/div>\n\t\t\t\t<\/div>\n\t\t\t\t<div class=\"elementor-element elementor-element-391abb8 elementor-widget elementor-widget-text-editor\" data-id=\"391abb8\" data-element_type=\"widget\" data-e-type=\"widget\" data-widget_type=\"text-editor.default\">\n\t\t\t\t<div class=\"elementor-widget-container\">\n\t\t\t\t\t\t\t\t\t<p>Ich wusste irgendwo musste noch er Shot des Tages sein. Ich hatte die Ecken der Gegend um die Bastei\u00adbr\u00fccke ja zuvor bereits erkundet und konnte gezielt einige Punkte anlaufen.<\/p>\t\t\t\t\t\t\t\t<\/div>\n\t\t\t\t<\/div>\n\t\t\t\t<div class=\"elementor-element elementor-element-14ae0a9 elementor-widget elementor-widget-text-editor\" data-id=\"14ae0a9\" data-element_type=\"widget\" data-e-type=\"widget\" data-widget_type=\"text-editor.default\">\n\t\t\t\t<div class=\"elementor-widget-container\">\n\t\t\t\t\t\t\t\t\t<p>Auf der von der Elbe abge\u00adwandten Seite der Bastei\u00adbr\u00fccke war der Nebel etwas zu d\u00fcnn und zu fragil, so dass es schwierig war dort den einen Schuss zu machen.&nbsp;<\/p>\t\t\t\t\t\t\t\t<\/div>\n\t\t\t\t<\/div>\n\t\t\t\t<div class=\"elementor-element elementor-element-93704d7 elementor-widget elementor-widget-image\" data-id=\"93704d7\" data-element_type=\"widget\" data-e-type=\"widget\" data-widget_type=\"image.default\">\n\t\t\t\t<div class=\"elementor-widget-container\">\n\t\t\t\t\t\t\t\t\t\t\t\t<figure class=\"wp-caption\">\n\t\t\t\t\t\t\t\t\t\t<img loading=\"lazy\" decoding=\"async\" width=\"2000\" height=\"1333\" src=\"https:\/\/simonschoenhoff.de\/wp-content\/uploads\/2022\/01\/2021-10-10-Bastei-Barberine-und-Burg-Hohenstein_2.jpg\" class=\"attachment-2048x2048 size-2048x2048 wp-image-3884\" alt srcset=\"https:\/\/simonschoenhoff.de\/wp-content\/uploads\/2022\/01\/2021-10-10-Bastei-Barberine-und-Burg-Hohenstein_2.jpg 2000w, https:\/\/simonschoenhoff.de\/wp-content\/uploads\/2022\/01\/2021-10-10-Bastei-Barberine-und-Burg-Hohenstein_2-1200x800.jpg 1200w, https:\/\/simonschoenhoff.de\/wp-content\/uploads\/2022\/01\/2021-10-10-Bastei-Barberine-und-Burg-Hohenstein_2-300x200.jpg 300w, https:\/\/simonschoenhoff.de\/wp-content\/uploads\/2022\/01\/2021-10-10-Bastei-Barberine-und-Burg-Hohenstein_2-1024x682.jpg 1024w, https:\/\/simonschoenhoff.de\/wp-content\/uploads\/2022\/01\/2021-10-10-Bastei-Barberine-und-Burg-Hohenstein_2-768x512.jpg 768w, https:\/\/simonschoenhoff.de\/wp-content\/uploads\/2022\/01\/2021-10-10-Bastei-Barberine-und-Burg-Hohenstein_2-1536x1024.jpg 1536w, https:\/\/simonschoenhoff.de\/wp-content\/uploads\/2022\/01\/2021-10-10-Bastei-Barberine-und-Burg-Hohenstein_2-500x333.jpg 500w, https:\/\/simonschoenhoff.de\/wp-content\/uploads\/2022\/01\/2021-10-10-Bastei-Barberine-und-Burg-Hohenstein_2-800x533.jpg 800w, https:\/\/simonschoenhoff.de\/wp-content\/uploads\/2022\/01\/2021-10-10-Bastei-Barberine-und-Burg-Hohenstein_2-1280x853.jpg 1280w, https:\/\/simonschoenhoff.de\/wp-content\/uploads\/2022\/01\/2021-10-10-Bastei-Barberine-und-Burg-Hohenstein_2-1920x1280.jpg 1920w, https:\/\/simonschoenhoff.de\/wp-content\/uploads\/2022\/01\/2021-10-10-Bastei-Barberine-und-Burg-Hohenstein_2-600x400.jpg 600w\" sizes=\"(max-width: 2000px) 100vw, 2000px\">\t\t\t\t\t\t\t\t\t\t\t<figcaption class=\"widget-image-caption wp-caption-text\">Aus einer anderen Zeit | 20 mm, f\/11, 1\/2 Sek. ISO&nbsp;800<\/figcaption>\n\t\t\t\t\t\t\t\t\t\t<\/figure>\n\t\t\t\t\t\t\t\t\t<\/div>\n\t\t\t\t<\/div>\n\t\t\t\t<div class=\"elementor-element elementor-element-19a4693 elementor-widget elementor-widget-heading\" data-id=\"19a4693\" data-element_type=\"widget\" data-e-type=\"widget\" data-widget_type=\"heading.default\">\n\t\t\t\t<div class=\"elementor-widget-container\">\n\t\t\t\t\t<h3 class=\"elementor-heading-title elementor-size-default\">Der Blick auf den Lilienstein<\/h3>\t\t\t\t<\/div>\n\t\t\t\t<\/div>\n\t\t\t\t<div class=\"elementor-element elementor-element-f98ba0e elementor-widget elementor-widget-text-editor\" data-id=\"f98ba0e\" data-element_type=\"widget\" data-e-type=\"widget\" data-widget_type=\"text-editor.default\">\n\t\t\t\t<div class=\"elementor-widget-container\">\n\t\t\t\t\t\t\t\t\t<p>Dieser Fakt brachte mich dazu einen Blick auf die andere Seite der Bastei\u00adbr\u00fccke zu werfen, um \u00fcber das Elbtal mit dem dichten Nebel hinweg ein Motiv aus etwas weiterer Entfer\u00adnung einzufangen.&nbsp;<\/p>\t\t\t\t\t\t\t\t<\/div>\n\t\t\t\t<\/div>\n\t\t\t\t<div class=\"elementor-element elementor-element-06701dc elementor-widget elementor-widget-image\" data-id=\"06701dc\" data-element_type=\"widget\" data-e-type=\"widget\" data-widget_type=\"image.default\">\n\t\t\t\t<div class=\"elementor-widget-container\">\n\t\t\t\t\t\t\t\t\t\t\t\t<figure class=\"wp-caption\">\n\t\t\t\t\t\t\t\t\t\t<img loading=\"lazy\" decoding=\"async\" width=\"2000\" height=\"1333\" src=\"https:\/\/simonschoenhoff.de\/wp-content\/uploads\/2022\/01\/2021-10-10-Bastei-Barberine-und-Burg-Hohenstein_13.jpg\" class=\"attachment-2048x2048 size-2048x2048 wp-image-3858\" alt srcset=\"https:\/\/simonschoenhoff.de\/wp-content\/uploads\/2022\/01\/2021-10-10-Bastei-Barberine-und-Burg-Hohenstein_13.jpg 2000w, https:\/\/simonschoenhoff.de\/wp-content\/uploads\/2022\/01\/2021-10-10-Bastei-Barberine-und-Burg-Hohenstein_13-1200x800.jpg 1200w, https:\/\/simonschoenhoff.de\/wp-content\/uploads\/2022\/01\/2021-10-10-Bastei-Barberine-und-Burg-Hohenstein_13-300x200.jpg 300w, https:\/\/simonschoenhoff.de\/wp-content\/uploads\/2022\/01\/2021-10-10-Bastei-Barberine-und-Burg-Hohenstein_13-1024x682.jpg 1024w, https:\/\/simonschoenhoff.de\/wp-content\/uploads\/2022\/01\/2021-10-10-Bastei-Barberine-und-Burg-Hohenstein_13-768x512.jpg 768w, https:\/\/simonschoenhoff.de\/wp-content\/uploads\/2022\/01\/2021-10-10-Bastei-Barberine-und-Burg-Hohenstein_13-1536x1024.jpg 1536w, https:\/\/simonschoenhoff.de\/wp-content\/uploads\/2022\/01\/2021-10-10-Bastei-Barberine-und-Burg-Hohenstein_13-500x333.jpg 500w, https:\/\/simonschoenhoff.de\/wp-content\/uploads\/2022\/01\/2021-10-10-Bastei-Barberine-und-Burg-Hohenstein_13-800x533.jpg 800w, https:\/\/simonschoenhoff.de\/wp-content\/uploads\/2022\/01\/2021-10-10-Bastei-Barberine-und-Burg-Hohenstein_13-1280x853.jpg 1280w, https:\/\/simonschoenhoff.de\/wp-content\/uploads\/2022\/01\/2021-10-10-Bastei-Barberine-und-Burg-Hohenstein_13-1920x1280.jpg 1920w, https:\/\/simonschoenhoff.de\/wp-content\/uploads\/2022\/01\/2021-10-10-Bastei-Barberine-und-Burg-Hohenstein_13-600x400.jpg 600w\" sizes=\"(max-width: 2000px) 100vw, 2000px\">\t\t\t\t\t\t\t\t\t\t\t<figcaption class=\"widget-image-caption wp-caption-text\">An der Felsen\u00adburg | 105 mm, f\/11, 1\/250 Sek. ISO&nbsp;500<\/figcaption>\n\t\t\t\t\t\t\t\t\t\t<\/figure>\n\t\t\t\t\t\t\t\t\t<\/div>\n\t\t\t\t<\/div>\n\t\t\t\t<div class=\"elementor-element elementor-element-7dd2910 elementor-widget elementor-widget-text-editor\" data-id=\"7dd2910\" data-element_type=\"widget\" data-e-type=\"widget\" data-widget_type=\"text-editor.default\">\n\t\t\t\t<div class=\"elementor-widget-container\">\n\t\t\t\t\t\t\t\t\t<p>Schon am Ende der Felsen\u00adburg von Rathen war zu erkennen, das wirk\u00adliche foto\u00adgra\u00adfi\u00adsche High\u00adlight an diesem Morgen ist nicht die Bastei.&nbsp; Ober\u00adhalb der Elbe war ein atem\u00adbe\u00adrau\u00adbendes Nebel\u00admeer, dessen H\u00f6he absolut perfekt f\u00fcr ein Foto des Lili\u00aden\u00adst\u00adeins sein musste.&nbsp;<\/p>\t\t\t\t\t\t\t\t<\/div>\n\t\t\t\t<\/div>\n\t\t\t\t<div class=\"elementor-element elementor-element-c60cd57 elementor-widget elementor-widget-text-editor\" data-id=\"c60cd57\" data-element_type=\"widget\" data-e-type=\"widget\" data-widget_type=\"text-editor.default\">\n\t\t\t\t<div class=\"elementor-widget-container\">\n\t\t\t\t\t\t\t\t\t<p>Von meinem Scou\u00adting wusste ich, wo ich freie Sicht auf den Lili\u00aden\u00adstein und ggf. sogar dem Gohrisch und K\u00f6nig\u00adstein haben sollte. So nahm ich meine F\u00fc\u00dfe in die Hand und zog los. Stativ hinge\u00adstellt. Objektiv auf die Kamera. Eine Test\u00adauf\u00adnahme. Zwei. Dann nahm ich einige Zugv\u00f6gel \u00fcber meinen K\u00f6pfen war, die in Rich\u00adtung des Lili\u00aden\u00adst\u00adeins flogen. Warten. Abdr\u00fccken.&nbsp;<\/p>\t\t\t\t\t\t\t\t<\/div>\n\t\t\t\t<\/div>\n\t\t\t\t<div class=\"elementor-element elementor-element-db435cc elementor-widget elementor-widget-text-editor\" data-id=\"db435cc\" data-element_type=\"widget\" data-e-type=\"widget\" data-widget_type=\"text-editor.default\">\n\t\t\t\t<div class=\"elementor-widget-container\">\n\t\t\t\t\t\t\t\t\t<p>Ein Foto an diesem Morgen, dass kein anderer hat. Das war es. Und in meinen Augen sch\u00f6ner als die olle Bastei.&nbsp;<\/p>\t\t\t\t\t\t\t\t<\/div>\n\t\t\t\t<\/div>\n\t\t\t\t<div class=\"elementor-element elementor-element-a4d5877 elementor-widget elementor-widget-image\" data-id=\"a4d5877\" data-element_type=\"widget\" data-e-type=\"widget\" data-widget_type=\"image.default\">\n\t\t\t\t<div class=\"elementor-widget-container\">\n\t\t\t\t\t\t\t\t\t\t\t\t<figure class=\"wp-caption\">\n\t\t\t\t\t\t\t\t\t\t<img loading=\"lazy\" decoding=\"async\" width=\"2000\" height=\"1333\" src=\"https:\/\/simonschoenhoff.de\/wp-content\/uploads\/2022\/01\/2021-10-10-Bastei-Barberine-und-Burg-Hohenstein_1.jpg\" class=\"attachment-2048x2048 size-2048x2048 wp-image-3882\" alt srcset=\"https:\/\/simonschoenhoff.de\/wp-content\/uploads\/2022\/01\/2021-10-10-Bastei-Barberine-und-Burg-Hohenstein_1.jpg 2000w, https:\/\/simonschoenhoff.de\/wp-content\/uploads\/2022\/01\/2021-10-10-Bastei-Barberine-und-Burg-Hohenstein_1-1200x800.jpg 1200w, https:\/\/simonschoenhoff.de\/wp-content\/uploads\/2022\/01\/2021-10-10-Bastei-Barberine-und-Burg-Hohenstein_1-300x200.jpg 300w, https:\/\/simonschoenhoff.de\/wp-content\/uploads\/2022\/01\/2021-10-10-Bastei-Barberine-und-Burg-Hohenstein_1-1024x682.jpg 1024w, https:\/\/simonschoenhoff.de\/wp-content\/uploads\/2022\/01\/2021-10-10-Bastei-Barberine-und-Burg-Hohenstein_1-768x512.jpg 768w, https:\/\/simonschoenhoff.de\/wp-content\/uploads\/2022\/01\/2021-10-10-Bastei-Barberine-und-Burg-Hohenstein_1-1536x1024.jpg 1536w, https:\/\/simonschoenhoff.de\/wp-content\/uploads\/2022\/01\/2021-10-10-Bastei-Barberine-und-Burg-Hohenstein_1-500x333.jpg 500w, https:\/\/simonschoenhoff.de\/wp-content\/uploads\/2022\/01\/2021-10-10-Bastei-Barberine-und-Burg-Hohenstein_1-800x533.jpg 800w, https:\/\/simonschoenhoff.de\/wp-content\/uploads\/2022\/01\/2021-10-10-Bastei-Barberine-und-Burg-Hohenstein_1-1280x853.jpg 1280w, https:\/\/simonschoenhoff.de\/wp-content\/uploads\/2022\/01\/2021-10-10-Bastei-Barberine-und-Burg-Hohenstein_1-1920x1280.jpg 1920w, https:\/\/simonschoenhoff.de\/wp-content\/uploads\/2022\/01\/2021-10-10-Bastei-Barberine-und-Burg-Hohenstein_1-600x400.jpg 600w\" sizes=\"(max-width: 2000px) 100vw, 2000px\">\t\t\t\t\t\t\t\t\t\t\t<figcaption class=\"widget-image-caption wp-caption-text\">Nebel\u00admeer am Lili\u00aden\u00adstein | 84 mm, f\/11, 1\/200 Sek. ISO&nbsp;320<\/figcaption>\n\t\t\t\t\t\t\t\t\t\t<\/figure>\n\t\t\t\t\t\t\t\t\t<\/div>\n\t\t\t\t<\/div>\n\t\t<div class=\"elementor-element elementor-element-b5c4059 e-flex e-con-boxed elementor-invisible e-con e-child\" data-id=\"b5c4059\" data-element_type=\"container\" data-e-type=\"container\" data-settings=\"{&quot;background_background&quot;:&quot;classic&quot;,&quot;animation&quot;:&quot;zoomIn&quot;}\">\n\t\t\t\t\t<div class=\"e-con-inner\">\n\t\t\t\t\t<\/div>\n\t\t\t\t<\/div>\n\t\t\t\t<div class=\"elementor-element elementor-element-e3a3fbe elementor-widget elementor-widget-text-editor\" data-id=\"e3a3fbe\" data-element_type=\"widget\" data-e-type=\"widget\" data-widget_type=\"text-editor.default\">\n\t\t\t\t<div class=\"elementor-widget-container\">\n\t\t\t\t\t\t\t\t\t<p>Voller Genug\u00adtuung, mit dem Wissen \u00fcber diese tolle Aufnahme, ging ich zur\u00fcck Rich\u00adtung Ferdi\u00adnands\u00adaus\u00adsicht. Die Kollegen dort sollten doch langsam mal soweit sein, damit ich auch noch eine Aufnahme der der Bastei\u00adbr\u00fccke machen kann.&nbsp;<\/p>\t\t\t\t\t\t\t\t<\/div>\n\t\t\t\t<\/div>\n\t\t\t\t<div class=\"elementor-element elementor-element-3ceae4d elementor-widget elementor-widget-heading\" data-id=\"3ceae4d\" data-element_type=\"widget\" data-e-type=\"widget\" data-widget_type=\"heading.default\">\n\t\t\t\t<div class=\"elementor-widget-container\">\n\t\t\t\t\t<h3 class=\"elementor-heading-title elementor-size-default\">Der Blick von der Basteibr\u00fccke<\/h3>\t\t\t\t<\/div>\n\t\t\t\t<\/div>\n\t\t\t\t<div class=\"elementor-element elementor-element-a4244af elementor-widget elementor-widget-text-editor\" data-id=\"a4244af\" data-element_type=\"widget\" data-e-type=\"widget\" data-widget_type=\"text-editor.default\">\n\t\t\t\t<div class=\"elementor-widget-container\">\n\t\t\t\t\t\t\t\t\t<p>Aber bereits vom Standort der Aussichts\u00adkanzel der Bastei\u00adbr\u00fccke (die Ferdi\u00adnands\u00adaus\u00adsicht befindet sich knapp links au\u00dfer\u00adhalb des Bildes) konnte ich erkennen, dass die Herr\u00adschaften wie ange\u00adwur\u00adzelt oben standen und wohl auf ein Wunder warteten. Jeden\u00adfalls machte kaum einer den Anschein sich weg zu bewegen, als g\u00e4be es nur dieses eine&nbsp;Motiv.<\/p>\t\t\t\t\t\t\t\t<\/div>\n\t\t\t\t<\/div>\n\t\t\t\t<div class=\"elementor-element elementor-element-5706bb9 elementor-widget elementor-widget-image\" data-id=\"5706bb9\" data-element_type=\"widget\" data-e-type=\"widget\" data-widget_type=\"image.default\">\n\t\t\t\t<div class=\"elementor-widget-container\">\n\t\t\t\t\t\t\t\t\t\t\t\t<figure class=\"wp-caption\">\n\t\t\t\t\t\t\t\t\t\t<img loading=\"lazy\" decoding=\"async\" width=\"2000\" height=\"1333\" src=\"https:\/\/simonschoenhoff.de\/wp-content\/uploads\/2022\/01\/2021-10-10-Bastei-Barberine-und-Burg-Hohenstein_15.jpg\" class=\"attachment-2048x2048 size-2048x2048 wp-image-3860\" alt srcset=\"https:\/\/simonschoenhoff.de\/wp-content\/uploads\/2022\/01\/2021-10-10-Bastei-Barberine-und-Burg-Hohenstein_15.jpg 2000w, https:\/\/simonschoenhoff.de\/wp-content\/uploads\/2022\/01\/2021-10-10-Bastei-Barberine-und-Burg-Hohenstein_15-1200x800.jpg 1200w, https:\/\/simonschoenhoff.de\/wp-content\/uploads\/2022\/01\/2021-10-10-Bastei-Barberine-und-Burg-Hohenstein_15-300x200.jpg 300w, https:\/\/simonschoenhoff.de\/wp-content\/uploads\/2022\/01\/2021-10-10-Bastei-Barberine-und-Burg-Hohenstein_15-1024x682.jpg 1024w, https:\/\/simonschoenhoff.de\/wp-content\/uploads\/2022\/01\/2021-10-10-Bastei-Barberine-und-Burg-Hohenstein_15-768x512.jpg 768w, https:\/\/simonschoenhoff.de\/wp-content\/uploads\/2022\/01\/2021-10-10-Bastei-Barberine-und-Burg-Hohenstein_15-1536x1024.jpg 1536w, https:\/\/simonschoenhoff.de\/wp-content\/uploads\/2022\/01\/2021-10-10-Bastei-Barberine-und-Burg-Hohenstein_15-500x333.jpg 500w, https:\/\/simonschoenhoff.de\/wp-content\/uploads\/2022\/01\/2021-10-10-Bastei-Barberine-und-Burg-Hohenstein_15-800x533.jpg 800w, https:\/\/simonschoenhoff.de\/wp-content\/uploads\/2022\/01\/2021-10-10-Bastei-Barberine-und-Burg-Hohenstein_15-1280x853.jpg 1280w, https:\/\/simonschoenhoff.de\/wp-content\/uploads\/2022\/01\/2021-10-10-Bastei-Barberine-und-Burg-Hohenstein_15-1920x1280.jpg 1920w, https:\/\/simonschoenhoff.de\/wp-content\/uploads\/2022\/01\/2021-10-10-Bastei-Barberine-und-Burg-Hohenstein_15-600x400.jpg 600w\" sizes=\"(max-width: 2000px) 100vw, 2000px\">\t\t\t\t\t\t\t\t\t\t\t<figcaption class=\"widget-image-caption wp-caption-text\">Ausichts\u00adkanzel der Bastei\u00adbr\u00fccke | 31 mm, f\/11f 1\/80 Sek. ISO&nbsp;800<\/figcaption>\n\t\t\t\t\t\t\t\t\t\t<\/figure>\n\t\t\t\t\t\t\t\t\t<\/div>\n\t\t\t\t<\/div>\n\t\t\t\t<div class=\"elementor-element elementor-element-a08bda9 elementor-widget elementor-widget-text-editor\" data-id=\"a08bda9\" data-element_type=\"widget\" data-e-type=\"widget\" data-widget_type=\"text-editor.default\">\n\t\t\t\t<div class=\"elementor-widget-container\">\n\t\t\t\t\t\t\t\t\t<p>Ich nutzte das sch\u00f6ne Licht um einige weitere sch\u00f6ne Details von B\u00e4umen und Sand\u00adstein einzu\u00adfangen. Denn, meines Erach\u00adtens war der Morgen viel zu sch\u00f6n, um wie ange\u00adwur\u00adzelt an einer Stelle zu stehen.&nbsp;<\/p>\t\t\t\t\t\t\t\t<\/div>\n\t\t\t\t<\/div>\n\t\t<div class=\"elementor-element elementor-element-09a85f8 e-con-full e-flex e-con e-child\" data-id=\"09a85f8\" data-element_type=\"container\" data-e-type=\"container\">\n\t\t<div class=\"elementor-element elementor-element-c3701cd e-con-full e-flex e-con e-child\" data-id=\"c3701cd\" data-element_type=\"container\" data-e-type=\"container\">\n\t\t\t\t<div class=\"elementor-element elementor-element-74169f7 elementor-widget elementor-widget-image\" data-id=\"74169f7\" data-element_type=\"widget\" data-e-type=\"widget\" data-widget_type=\"image.default\">\n\t\t\t\t<div class=\"elementor-widget-container\">\n\t\t\t\t\t\t\t\t\t\t\t\t\t\t\t<img loading=\"lazy\" decoding=\"async\" width=\"682\" height=\"1024\" src=\"https:\/\/simonschoenhoff.de\/wp-content\/uploads\/2022\/01\/2021-10-10-Bastei-Barberine-und-Burg-Hohenstein_12-682x1024.jpg\" class=\"attachment-large size-large wp-image-3857\" alt srcset=\"https:\/\/simonschoenhoff.de\/wp-content\/uploads\/2022\/01\/2021-10-10-Bastei-Barberine-und-Burg-Hohenstein_12-682x1024.jpg 682w, https:\/\/simonschoenhoff.de\/wp-content\/uploads\/2022\/01\/2021-10-10-Bastei-Barberine-und-Burg-Hohenstein_12-1200x1800.jpg 1200w, https:\/\/simonschoenhoff.de\/wp-content\/uploads\/2022\/01\/2021-10-10-Bastei-Barberine-und-Burg-Hohenstein_12-200x300.jpg 200w, https:\/\/simonschoenhoff.de\/wp-content\/uploads\/2022\/01\/2021-10-10-Bastei-Barberine-und-Burg-Hohenstein_12-768x1152.jpg 768w, https:\/\/simonschoenhoff.de\/wp-content\/uploads\/2022\/01\/2021-10-10-Bastei-Barberine-und-Burg-Hohenstein_12-1024x1536.jpg 1024w, https:\/\/simonschoenhoff.de\/wp-content\/uploads\/2022\/01\/2021-10-10-Bastei-Barberine-und-Burg-Hohenstein_12-500x750.jpg 500w, https:\/\/simonschoenhoff.de\/wp-content\/uploads\/2022\/01\/2021-10-10-Bastei-Barberine-und-Burg-Hohenstein_12-800x1200.jpg 800w, https:\/\/simonschoenhoff.de\/wp-content\/uploads\/2022\/01\/2021-10-10-Bastei-Barberine-und-Burg-Hohenstein_12-1280x1920.jpg 1280w, https:\/\/simonschoenhoff.de\/wp-content\/uploads\/2022\/01\/2021-10-10-Bastei-Barberine-und-Burg-Hohenstein_12-600x900.jpg 600w, https:\/\/simonschoenhoff.de\/wp-content\/uploads\/2022\/01\/2021-10-10-Bastei-Barberine-und-Burg-Hohenstein_12.jpg 1333w\" sizes=\"(max-width: 682px) 100vw, 682px\">\t\t\t\t\t\t\t\t\t\t\t\t\t\t\t<\/div>\n\t\t\t\t<\/div>\n\t\t\t\t<\/div>\n\t\t<div class=\"elementor-element elementor-element-bb83fe1 e-con-full e-flex e-con e-child\" data-id=\"bb83fe1\" data-element_type=\"container\" data-e-type=\"container\">\n\t\t\t\t<div class=\"elementor-element elementor-element-de54c62 elementor-widget elementor-widget-image\" data-id=\"de54c62\" data-element_type=\"widget\" data-e-type=\"widget\" data-widget_type=\"image.default\">\n\t\t\t\t<div class=\"elementor-widget-container\">\n\t\t\t\t\t\t\t\t\t\t\t\t\t\t\t<img loading=\"lazy\" decoding=\"async\" width=\"768\" height=\"1024\" src=\"https:\/\/simonschoenhoff.de\/wp-content\/uploads\/2022\/01\/2021-10-10-Bastei-Barberine-und-Burg-Hohenstein_25-768x1024.jpg\" class=\"attachment-large size-large wp-image-3870\" alt srcset=\"https:\/\/simonschoenhoff.de\/wp-content\/uploads\/2022\/01\/2021-10-10-Bastei-Barberine-und-Burg-Hohenstein_25-768x1024.jpg 768w, https:\/\/simonschoenhoff.de\/wp-content\/uploads\/2022\/01\/2021-10-10-Bastei-Barberine-und-Burg-Hohenstein_25-1200x1600.jpg 1200w, https:\/\/simonschoenhoff.de\/wp-content\/uploads\/2022\/01\/2021-10-10-Bastei-Barberine-und-Burg-Hohenstein_25-225x300.jpg 225w, https:\/\/simonschoenhoff.de\/wp-content\/uploads\/2022\/01\/2021-10-10-Bastei-Barberine-und-Burg-Hohenstein_25-1152x1536.jpg 1152w, https:\/\/simonschoenhoff.de\/wp-content\/uploads\/2022\/01\/2021-10-10-Bastei-Barberine-und-Burg-Hohenstein_25-500x667.jpg 500w, https:\/\/simonschoenhoff.de\/wp-content\/uploads\/2022\/01\/2021-10-10-Bastei-Barberine-und-Burg-Hohenstein_25-800x1067.jpg 800w, https:\/\/simonschoenhoff.de\/wp-content\/uploads\/2022\/01\/2021-10-10-Bastei-Barberine-und-Burg-Hohenstein_25-1280x1707.jpg 1280w, https:\/\/simonschoenhoff.de\/wp-content\/uploads\/2022\/01\/2021-10-10-Bastei-Barberine-und-Burg-Hohenstein_25-600x800.jpg 600w, https:\/\/simonschoenhoff.de\/wp-content\/uploads\/2022\/01\/2021-10-10-Bastei-Barberine-und-Burg-Hohenstein_25.jpg 1500w\" sizes=\"(max-width: 768px) 100vw, 768px\">\t\t\t\t\t\t\t\t\t\t\t\t\t\t\t<\/div>\n\t\t\t\t<\/div>\n\t\t\t\t<\/div>\n\t\t\t\t<\/div>\n\t\t<div class=\"elementor-element elementor-element-e1650d0 e-con-full e-flex e-con e-child\" data-id=\"e1650d0\" data-element_type=\"container\" data-e-type=\"container\">\n\t\t<div class=\"elementor-element elementor-element-465990f e-con-full e-flex e-con e-child\" data-id=\"465990f\" data-element_type=\"container\" data-e-type=\"container\">\n\t\t\t\t<div class=\"elementor-element elementor-element-d154e2e elementor-widget elementor-widget-image\" data-id=\"d154e2e\" data-element_type=\"widget\" data-e-type=\"widget\" data-widget_type=\"image.default\">\n\t\t\t\t<div class=\"elementor-widget-container\">\n\t\t\t\t\t\t\t\t\t\t\t\t\t\t\t<img loading=\"lazy\" decoding=\"async\" width=\"800\" height=\"533\" src=\"https:\/\/simonschoenhoff.de\/wp-content\/uploads\/2022\/01\/2021-10-10-Bastei-Barberine-und-Burg-Hohenstein_24-1024x682.jpg\" class=\"attachment-large size-large wp-image-3869\" alt srcset=\"https:\/\/simonschoenhoff.de\/wp-content\/uploads\/2022\/01\/2021-10-10-Bastei-Barberine-und-Burg-Hohenstein_24-1024x682.jpg 1024w, https:\/\/simonschoenhoff.de\/wp-content\/uploads\/2022\/01\/2021-10-10-Bastei-Barberine-und-Burg-Hohenstein_24-1200x800.jpg 1200w, https:\/\/simonschoenhoff.de\/wp-content\/uploads\/2022\/01\/2021-10-10-Bastei-Barberine-und-Burg-Hohenstein_24-300x200.jpg 300w, https:\/\/simonschoenhoff.de\/wp-content\/uploads\/2022\/01\/2021-10-10-Bastei-Barberine-und-Burg-Hohenstein_24-768x512.jpg 768w, https:\/\/simonschoenhoff.de\/wp-content\/uploads\/2022\/01\/2021-10-10-Bastei-Barberine-und-Burg-Hohenstein_24-1536x1024.jpg 1536w, https:\/\/simonschoenhoff.de\/wp-content\/uploads\/2022\/01\/2021-10-10-Bastei-Barberine-und-Burg-Hohenstein_24-500x333.jpg 500w, https:\/\/simonschoenhoff.de\/wp-content\/uploads\/2022\/01\/2021-10-10-Bastei-Barberine-und-Burg-Hohenstein_24-800x533.jpg 800w, https:\/\/simonschoenhoff.de\/wp-content\/uploads\/2022\/01\/2021-10-10-Bastei-Barberine-und-Burg-Hohenstein_24-1280x853.jpg 1280w, https:\/\/simonschoenhoff.de\/wp-content\/uploads\/2022\/01\/2021-10-10-Bastei-Barberine-und-Burg-Hohenstein_24-1920x1280.jpg 1920w, https:\/\/simonschoenhoff.de\/wp-content\/uploads\/2022\/01\/2021-10-10-Bastei-Barberine-und-Burg-Hohenstein_24-600x400.jpg 600w, https:\/\/simonschoenhoff.de\/wp-content\/uploads\/2022\/01\/2021-10-10-Bastei-Barberine-und-Burg-Hohenstein_24.jpg 2000w\" sizes=\"(max-width: 800px) 100vw, 800px\">\t\t\t\t\t\t\t\t\t\t\t\t\t\t\t<\/div>\n\t\t\t\t<\/div>\n\t\t\t\t<\/div>\n\t\t<div class=\"elementor-element elementor-element-868ba62 e-con-full e-flex e-con e-child\" data-id=\"868ba62\" data-element_type=\"container\" data-e-type=\"container\">\n\t\t\t\t<div class=\"elementor-element elementor-element-07a2a8a elementor-widget elementor-widget-image\" data-id=\"07a2a8a\" data-element_type=\"widget\" data-e-type=\"widget\" data-widget_type=\"image.default\">\n\t\t\t\t<div class=\"elementor-widget-container\">\n\t\t\t\t\t\t\t\t\t\t\t\t\t\t\t<img loading=\"lazy\" decoding=\"async\" width=\"682\" height=\"1024\" src=\"https:\/\/simonschoenhoff.de\/wp-content\/uploads\/2022\/01\/2021-10-10-Bastei-Barberine-und-Burg-Hohenstein_14-682x1024.jpg\" class=\"attachment-large size-large wp-image-3859\" alt srcset=\"https:\/\/simonschoenhoff.de\/wp-content\/uploads\/2022\/01\/2021-10-10-Bastei-Barberine-und-Burg-Hohenstein_14-682x1024.jpg 682w, https:\/\/simonschoenhoff.de\/wp-content\/uploads\/2022\/01\/2021-10-10-Bastei-Barberine-und-Burg-Hohenstein_14-1200x1800.jpg 1200w, https:\/\/simonschoenhoff.de\/wp-content\/uploads\/2022\/01\/2021-10-10-Bastei-Barberine-und-Burg-Hohenstein_14-200x300.jpg 200w, https:\/\/simonschoenhoff.de\/wp-content\/uploads\/2022\/01\/2021-10-10-Bastei-Barberine-und-Burg-Hohenstein_14-768x1152.jpg 768w, https:\/\/simonschoenhoff.de\/wp-content\/uploads\/2022\/01\/2021-10-10-Bastei-Barberine-und-Burg-Hohenstein_14-1024x1536.jpg 1024w, https:\/\/simonschoenhoff.de\/wp-content\/uploads\/2022\/01\/2021-10-10-Bastei-Barberine-und-Burg-Hohenstein_14-500x750.jpg 500w, https:\/\/simonschoenhoff.de\/wp-content\/uploads\/2022\/01\/2021-10-10-Bastei-Barberine-und-Burg-Hohenstein_14-800x1200.jpg 800w, https:\/\/simonschoenhoff.de\/wp-content\/uploads\/2022\/01\/2021-10-10-Bastei-Barberine-und-Burg-Hohenstein_14-1280x1920.jpg 1280w, https:\/\/simonschoenhoff.de\/wp-content\/uploads\/2022\/01\/2021-10-10-Bastei-Barberine-und-Burg-Hohenstein_14-600x900.jpg 600w, https:\/\/simonschoenhoff.de\/wp-content\/uploads\/2022\/01\/2021-10-10-Bastei-Barberine-und-Burg-Hohenstein_14.jpg 1333w\" sizes=\"(max-width: 682px) 100vw, 682px\">\t\t\t\t\t\t\t\t\t\t\t\t\t\t\t<\/div>\n\t\t\t\t<\/div>\n\t\t\t\t<\/div>\n\t\t\t\t<\/div>\n\t\t<div class=\"elementor-element elementor-element-c023868 e-con-full e-flex e-con e-child\" data-id=\"c023868\" data-element_type=\"container\" data-e-type=\"container\">\n\t\t<div class=\"elementor-element elementor-element-944d46a e-con-full e-flex e-con e-child\" data-id=\"944d46a\" data-element_type=\"container\" data-e-type=\"container\">\n\t\t\t\t<div class=\"elementor-element elementor-element-28214cf elementor-widget elementor-widget-image\" data-id=\"28214cf\" data-element_type=\"widget\" data-e-type=\"widget\" data-widget_type=\"image.default\">\n\t\t\t\t<div class=\"elementor-widget-container\">\n\t\t\t\t\t\t\t\t\t\t\t\t\t\t\t<img loading=\"lazy\" decoding=\"async\" width=\"682\" height=\"1024\" src=\"https:\/\/simonschoenhoff.de\/wp-content\/uploads\/2022\/01\/2021-10-10-Bastei-Barberine-und-Burg-Hohenstein_16-682x1024.jpg\" class=\"attachment-large size-large wp-image-3861\" alt srcset=\"https:\/\/simonschoenhoff.de\/wp-content\/uploads\/2022\/01\/2021-10-10-Bastei-Barberine-und-Burg-Hohenstein_16-682x1024.jpg 682w, https:\/\/simonschoenhoff.de\/wp-content\/uploads\/2022\/01\/2021-10-10-Bastei-Barberine-und-Burg-Hohenstein_16-1200x1800.jpg 1200w, https:\/\/simonschoenhoff.de\/wp-content\/uploads\/2022\/01\/2021-10-10-Bastei-Barberine-und-Burg-Hohenstein_16-200x300.jpg 200w, https:\/\/simonschoenhoff.de\/wp-content\/uploads\/2022\/01\/2021-10-10-Bastei-Barberine-und-Burg-Hohenstein_16-768x1152.jpg 768w, https:\/\/simonschoenhoff.de\/wp-content\/uploads\/2022\/01\/2021-10-10-Bastei-Barberine-und-Burg-Hohenstein_16-1024x1536.jpg 1024w, https:\/\/simonschoenhoff.de\/wp-content\/uploads\/2022\/01\/2021-10-10-Bastei-Barberine-und-Burg-Hohenstein_16-500x750.jpg 500w, https:\/\/simonschoenhoff.de\/wp-content\/uploads\/2022\/01\/2021-10-10-Bastei-Barberine-und-Burg-Hohenstein_16-800x1200.jpg 800w, https:\/\/simonschoenhoff.de\/wp-content\/uploads\/2022\/01\/2021-10-10-Bastei-Barberine-und-Burg-Hohenstein_16-1280x1920.jpg 1280w, https:\/\/simonschoenhoff.de\/wp-content\/uploads\/2022\/01\/2021-10-10-Bastei-Barberine-und-Burg-Hohenstein_16-600x900.jpg 600w, https:\/\/simonschoenhoff.de\/wp-content\/uploads\/2022\/01\/2021-10-10-Bastei-Barberine-und-Burg-Hohenstein_16.jpg 1333w\" sizes=\"(max-width: 682px) 100vw, 682px\">\t\t\t\t\t\t\t\t\t\t\t\t\t\t\t<\/div>\n\t\t\t\t<\/div>\n\t\t\t\t<\/div>\n\t\t<div class=\"elementor-element elementor-element-fb86488 e-con-full e-flex e-con e-child\" data-id=\"fb86488\" data-element_type=\"container\" data-e-type=\"container\">\n\t\t\t\t<div class=\"elementor-element elementor-element-c413b82 elementor-widget elementor-widget-image\" data-id=\"c413b82\" data-element_type=\"widget\" data-e-type=\"widget\" data-widget_type=\"image.default\">\n\t\t\t\t<div class=\"elementor-widget-container\">\n\t\t\t\t\t\t\t\t\t\t\t\t\t\t\t<img loading=\"lazy\" decoding=\"async\" width=\"800\" height=\"533\" src=\"https:\/\/simonschoenhoff.de\/wp-content\/uploads\/2022\/01\/2021-10-10-Bastei-Barberine-und-Burg-Hohenstein_21-1024x682.jpg\" class=\"attachment-large size-large wp-image-3866\" alt srcset=\"https:\/\/simonschoenhoff.de\/wp-content\/uploads\/2022\/01\/2021-10-10-Bastei-Barberine-und-Burg-Hohenstein_21-1024x682.jpg 1024w, https:\/\/simonschoenhoff.de\/wp-content\/uploads\/2022\/01\/2021-10-10-Bastei-Barberine-und-Burg-Hohenstein_21-1200x800.jpg 1200w, https:\/\/simonschoenhoff.de\/wp-content\/uploads\/2022\/01\/2021-10-10-Bastei-Barberine-und-Burg-Hohenstein_21-300x200.jpg 300w, https:\/\/simonschoenhoff.de\/wp-content\/uploads\/2022\/01\/2021-10-10-Bastei-Barberine-und-Burg-Hohenstein_21-768x512.jpg 768w, https:\/\/simonschoenhoff.de\/wp-content\/uploads\/2022\/01\/2021-10-10-Bastei-Barberine-und-Burg-Hohenstein_21-1536x1024.jpg 1536w, https:\/\/simonschoenhoff.de\/wp-content\/uploads\/2022\/01\/2021-10-10-Bastei-Barberine-und-Burg-Hohenstein_21-500x333.jpg 500w, https:\/\/simonschoenhoff.de\/wp-content\/uploads\/2022\/01\/2021-10-10-Bastei-Barberine-und-Burg-Hohenstein_21-800x533.jpg 800w, https:\/\/simonschoenhoff.de\/wp-content\/uploads\/2022\/01\/2021-10-10-Bastei-Barberine-und-Burg-Hohenstein_21-1280x853.jpg 1280w, https:\/\/simonschoenhoff.de\/wp-content\/uploads\/2022\/01\/2021-10-10-Bastei-Barberine-und-Burg-Hohenstein_21-1920x1280.jpg 1920w, https:\/\/simonschoenhoff.de\/wp-content\/uploads\/2022\/01\/2021-10-10-Bastei-Barberine-und-Burg-Hohenstein_21-600x400.jpg 600w, https:\/\/simonschoenhoff.de\/wp-content\/uploads\/2022\/01\/2021-10-10-Bastei-Barberine-und-Burg-Hohenstein_21.jpg 2000w\" sizes=\"(max-width: 800px) 100vw, 800px\">\t\t\t\t\t\t\t\t\t\t\t\t\t\t\t<\/div>\n\t\t\t\t<\/div>\n\t\t\t\t<\/div>\n\t\t\t\t<\/div>\n\t\t<div class=\"elementor-element elementor-element-d5dc47d e-con-full e-flex e-con e-child\" data-id=\"d5dc47d\" data-element_type=\"container\" data-e-type=\"container\">\n\t\t<div class=\"elementor-element elementor-element-4ba608b e-con-full e-flex e-con e-child\" data-id=\"4ba608b\" data-element_type=\"container\" data-e-type=\"container\">\n\t\t\t\t<div class=\"elementor-element elementor-element-4efec5a elementor-widget elementor-widget-image\" data-id=\"4efec5a\" data-element_type=\"widget\" data-e-type=\"widget\" data-widget_type=\"image.default\">\n\t\t\t\t<div class=\"elementor-widget-container\">\n\t\t\t\t\t\t\t\t\t\t\t\t\t\t\t<img loading=\"lazy\" decoding=\"async\" width=\"800\" height=\"533\" src=\"https:\/\/simonschoenhoff.de\/wp-content\/uploads\/2022\/01\/2021-10-10-Bastei-Barberine-und-Burg-Hohenstein_20-1024x682.jpg\" class=\"attachment-large size-large wp-image-3865\" alt srcset=\"https:\/\/simonschoenhoff.de\/wp-content\/uploads\/2022\/01\/2021-10-10-Bastei-Barberine-und-Burg-Hohenstein_20-1024x682.jpg 1024w, https:\/\/simonschoenhoff.de\/wp-content\/uploads\/2022\/01\/2021-10-10-Bastei-Barberine-und-Burg-Hohenstein_20-1200x800.jpg 1200w, https:\/\/simonschoenhoff.de\/wp-content\/uploads\/2022\/01\/2021-10-10-Bastei-Barberine-und-Burg-Hohenstein_20-300x200.jpg 300w, https:\/\/simonschoenhoff.de\/wp-content\/uploads\/2022\/01\/2021-10-10-Bastei-Barberine-und-Burg-Hohenstein_20-768x512.jpg 768w, https:\/\/simonschoenhoff.de\/wp-content\/uploads\/2022\/01\/2021-10-10-Bastei-Barberine-und-Burg-Hohenstein_20-1536x1024.jpg 1536w, https:\/\/simonschoenhoff.de\/wp-content\/uploads\/2022\/01\/2021-10-10-Bastei-Barberine-und-Burg-Hohenstein_20-500x333.jpg 500w, https:\/\/simonschoenhoff.de\/wp-content\/uploads\/2022\/01\/2021-10-10-Bastei-Barberine-und-Burg-Hohenstein_20-800x533.jpg 800w, https:\/\/simonschoenhoff.de\/wp-content\/uploads\/2022\/01\/2021-10-10-Bastei-Barberine-und-Burg-Hohenstein_20-1280x853.jpg 1280w, https:\/\/simonschoenhoff.de\/wp-content\/uploads\/2022\/01\/2021-10-10-Bastei-Barberine-und-Burg-Hohenstein_20-1920x1280.jpg 1920w, https:\/\/simonschoenhoff.de\/wp-content\/uploads\/2022\/01\/2021-10-10-Bastei-Barberine-und-Burg-Hohenstein_20-600x400.jpg 600w, https:\/\/simonschoenhoff.de\/wp-content\/uploads\/2022\/01\/2021-10-10-Bastei-Barberine-und-Burg-Hohenstein_20.jpg 2000w\" sizes=\"(max-width: 800px) 100vw, 800px\">\t\t\t\t\t\t\t\t\t\t\t\t\t\t\t<\/div>\n\t\t\t\t<\/div>\n\t\t\t\t<\/div>\n\t\t<div class=\"elementor-element elementor-element-f389c7e e-con-full e-flex e-con e-child\" data-id=\"f389c7e\" data-element_type=\"container\" data-e-type=\"container\">\n\t\t\t\t<div class=\"elementor-element elementor-element-0e2f1b6 elementor-widget elementor-widget-image\" data-id=\"0e2f1b6\" data-element_type=\"widget\" data-e-type=\"widget\" data-widget_type=\"image.default\">\n\t\t\t\t<div class=\"elementor-widget-container\">\n\t\t\t\t\t\t\t\t\t\t\t\t\t\t\t<img loading=\"lazy\" decoding=\"async\" width=\"682\" height=\"1024\" src=\"https:\/\/simonschoenhoff.de\/wp-content\/uploads\/2022\/01\/2021-10-10-Bastei-Barberine-und-Burg-Hohenstein_23-682x1024.jpg\" class=\"attachment-large size-large wp-image-3868\" alt srcset=\"https:\/\/simonschoenhoff.de\/wp-content\/uploads\/2022\/01\/2021-10-10-Bastei-Barberine-und-Burg-Hohenstein_23-682x1024.jpg 682w, https:\/\/simonschoenhoff.de\/wp-content\/uploads\/2022\/01\/2021-10-10-Bastei-Barberine-und-Burg-Hohenstein_23-1200x1800.jpg 1200w, https:\/\/simonschoenhoff.de\/wp-content\/uploads\/2022\/01\/2021-10-10-Bastei-Barberine-und-Burg-Hohenstein_23-200x300.jpg 200w, https:\/\/simonschoenhoff.de\/wp-content\/uploads\/2022\/01\/2021-10-10-Bastei-Barberine-und-Burg-Hohenstein_23-768x1152.jpg 768w, https:\/\/simonschoenhoff.de\/wp-content\/uploads\/2022\/01\/2021-10-10-Bastei-Barberine-und-Burg-Hohenstein_23-1024x1536.jpg 1024w, https:\/\/simonschoenhoff.de\/wp-content\/uploads\/2022\/01\/2021-10-10-Bastei-Barberine-und-Burg-Hohenstein_23-500x750.jpg 500w, https:\/\/simonschoenhoff.de\/wp-content\/uploads\/2022\/01\/2021-10-10-Bastei-Barberine-und-Burg-Hohenstein_23-800x1200.jpg 800w, https:\/\/simonschoenhoff.de\/wp-content\/uploads\/2022\/01\/2021-10-10-Bastei-Barberine-und-Burg-Hohenstein_23-1280x1920.jpg 1280w, https:\/\/simonschoenhoff.de\/wp-content\/uploads\/2022\/01\/2021-10-10-Bastei-Barberine-und-Burg-Hohenstein_23-600x900.jpg 600w, https:\/\/simonschoenhoff.de\/wp-content\/uploads\/2022\/01\/2021-10-10-Bastei-Barberine-und-Burg-Hohenstein_23.jpg 1333w\" sizes=\"(max-width: 682px) 100vw, 682px\">\t\t\t\t\t\t\t\t\t\t\t\t\t\t\t<\/div>\n\t\t\t\t<\/div>\n\t\t\t\t<\/div>\n\t\t\t\t<\/div>\n\t\t\t\t<div class=\"elementor-element elementor-element-ea5c982 elementor-widget elementor-widget-text-editor\" data-id=\"ea5c982\" data-element_type=\"widget\" data-e-type=\"widget\" data-widget_type=\"text-editor.default\">\n\t\t\t\t<div class=\"elementor-widget-container\">\n\t\t\t\t\t\t\t\t\t<p>Nat\u00fcr\u00adlich sind es nicht die Motive, bei denen der Wieder\u00aderken\u00adnungs\u00adwert so hoch ist, wie bei der Bastei. Und wahr\u00adschein\u00adlich erreicht man damit auch weniger Likes, oder sonst was. Aber es sind wunder\u00adsch\u00f6ne Motive der Natur, die sich hier an allen Ecken und Enden pr\u00e4sen\u00adtieren. Man sollte nur nicht aufh\u00f6ren den Ausl\u00f6ser zu dr\u00fccken. Durch den sich schnell bewe\u00adgenden Nebel und die Sonne die von Minute zu Minute h\u00f6her stieg, ergab sich immer wieder eine andere Licht\u00adstim\u00admung und die Natur wandelte sich inner\u00adhalb von Sekunden.<\/p>\t\t\t\t\t\t\t\t<\/div>\n\t\t\t\t<\/div>\n\t\t\t\t<div class=\"elementor-element elementor-element-6a438d1 elementor-widget elementor-widget-text-editor\" data-id=\"6a438d1\" data-element_type=\"widget\" data-e-type=\"widget\" data-widget_type=\"text-editor.default\">\n\t\t\t\t<div class=\"elementor-widget-container\">\n\t\t\t\t\t\t\t\t\t<p>Eben\u00adfalls ein Bild, dass mit zu meinen Lieb\u00adlings\u00adbilder des Morgens geh\u00f6rt, ist die \u201eEinsame Kiefer\u201c. Hell- und Dunkel-Kontrast, sowie der Farb\u00adkon\u00adtrast des im&nbsp; bl\u00e4u\u00adli\u00adchen Schatten liegenden Felsen, zu den warm gelb-orange vom Sonnen\u00adlicht erstrah\u00adlenden B\u00e4umen im Hinter\u00adgrund geben dem Bild etwas Beson\u00adderes. Um die Balance des Bildes zu halten ist der dunkle Bereich ein wenig kleiner als der helle Bereich des Bildes kompo\u00adniert, so dass dieser nicht zu schwer wirkt.&nbsp;<\/p>\t\t\t\t\t\t\t\t<\/div>\n\t\t\t\t<\/div>\n\t\t\t\t<div class=\"elementor-element elementor-element-066a6b0 elementor-widget elementor-widget-image\" data-id=\"066a6b0\" data-element_type=\"widget\" data-e-type=\"widget\" data-widget_type=\"image.default\">\n\t\t\t\t<div class=\"elementor-widget-container\">\n\t\t\t\t\t\t\t\t\t\t\t\t<figure class=\"wp-caption\">\n\t\t\t\t\t\t\t\t\t\t<img loading=\"lazy\" decoding=\"async\" width=\"2000\" height=\"1125\" src=\"https:\/\/simonschoenhoff.de\/wp-content\/uploads\/2022\/01\/2021-10-10-Bastei-Barberine-und-Burg-Hohenstein_19.jpg\" class=\"attachment-2048x2048 size-2048x2048 wp-image-3864\" alt srcset=\"https:\/\/simonschoenhoff.de\/wp-content\/uploads\/2022\/01\/2021-10-10-Bastei-Barberine-und-Burg-Hohenstein_19.jpg 2000w, https:\/\/simonschoenhoff.de\/wp-content\/uploads\/2022\/01\/2021-10-10-Bastei-Barberine-und-Burg-Hohenstein_19-1200x675.jpg 1200w, https:\/\/simonschoenhoff.de\/wp-content\/uploads\/2022\/01\/2021-10-10-Bastei-Barberine-und-Burg-Hohenstein_19-300x169.jpg 300w, https:\/\/simonschoenhoff.de\/wp-content\/uploads\/2022\/01\/2021-10-10-Bastei-Barberine-und-Burg-Hohenstein_19-1024x576.jpg 1024w, https:\/\/simonschoenhoff.de\/wp-content\/uploads\/2022\/01\/2021-10-10-Bastei-Barberine-und-Burg-Hohenstein_19-768x432.jpg 768w, https:\/\/simonschoenhoff.de\/wp-content\/uploads\/2022\/01\/2021-10-10-Bastei-Barberine-und-Burg-Hohenstein_19-1536x864.jpg 1536w, https:\/\/simonschoenhoff.de\/wp-content\/uploads\/2022\/01\/2021-10-10-Bastei-Barberine-und-Burg-Hohenstein_19-500x281.jpg 500w, https:\/\/simonschoenhoff.de\/wp-content\/uploads\/2022\/01\/2021-10-10-Bastei-Barberine-und-Burg-Hohenstein_19-800x450.jpg 800w, https:\/\/simonschoenhoff.de\/wp-content\/uploads\/2022\/01\/2021-10-10-Bastei-Barberine-und-Burg-Hohenstein_19-1280x720.jpg 1280w, https:\/\/simonschoenhoff.de\/wp-content\/uploads\/2022\/01\/2021-10-10-Bastei-Barberine-und-Burg-Hohenstein_19-1920x1080.jpg 1920w, https:\/\/simonschoenhoff.de\/wp-content\/uploads\/2022\/01\/2021-10-10-Bastei-Barberine-und-Burg-Hohenstein_19-600x338.jpg 600w\" sizes=\"(max-width: 2000px) 100vw, 2000px\">\t\t\t\t\t\t\t\t\t\t\t<figcaption class=\"widget-image-caption wp-caption-text\">Einsame Kiefer | 326 mm, f\/10, 1\/800 Sek., ISO&nbsp;1000&nbsp;<\/figcaption>\n\t\t\t\t\t\t\t\t\t\t<\/figure>\n\t\t\t\t\t\t\t\t\t<\/div>\n\t\t\t\t<\/div>\n\t\t\t\t<div class=\"elementor-element elementor-element-5f1f5e6 elementor-widget elementor-widget-text-editor\" data-id=\"5f1f5e6\" data-element_type=\"widget\" data-e-type=\"widget\" data-widget_type=\"text-editor.default\">\n\t\t\t\t<div class=\"elementor-widget-container\">\n\t\t\t\t\t\t\t\t\t<p>Als die Sonne dann fast zu hoch stieg, merkte ich, wie die J\u00fcnger auf dem \u00d6lberg, pardon, die Foto\u00adgrafen auf der Ferdi\u00adnands\u00adaus\u00adsicht so langsam ihren Platz frei\u00adgaben. Als ich gen\u00fc\u00adgend Platz vermu\u00adtete, um mich Corona-Konform mit auf den Felsen zu stellen, machte ich mich auf, um auch noch mein Bild von der Bastei\u00adbr\u00fccke zu knipsen, so denn das Licht nicht all zu mies&nbsp;ist.&nbsp;<\/p>\t\t\t\t\t\t\t\t<\/div>\n\t\t\t\t<\/div>\n\t\t\t\t<div class=\"elementor-element elementor-element-8197b3b elementor-widget elementor-widget-text-editor\" data-id=\"8197b3b\" data-element_type=\"widget\" data-e-type=\"widget\" data-widget_type=\"text-editor.default\">\n\t\t\t\t<div class=\"elementor-widget-container\">\n\t\t\t\t\t\t\t\t\t<p>Einige Sekunden Zeit nahm ich mir aller\u00addings noch f\u00fcr diese Aufnahme.<\/p>\t\t\t\t\t\t\t\t<\/div>\n\t\t\t\t<\/div>\n\t\t<div class=\"elementor-element elementor-element-c7033c3 e-con-full e-flex e-con e-child\" data-id=\"c7033c3\" data-element_type=\"container\" data-e-type=\"container\">\n\t\t<div class=\"elementor-element elementor-element-aadda1d e-con-full e-flex e-con e-child\" data-id=\"aadda1d\" data-element_type=\"container\" data-e-type=\"container\">\n\t\t\t\t<div class=\"elementor-element elementor-element-fb31e72 elementor-widget elementor-widget-image\" data-id=\"fb31e72\" data-element_type=\"widget\" data-e-type=\"widget\" data-widget_type=\"image.default\">\n\t\t\t\t<div class=\"elementor-widget-container\">\n\t\t\t\t\t\t\t\t\t\t\t\t<figure class=\"wp-caption\">\n\t\t\t\t\t\t\t\t\t\t<img loading=\"lazy\" decoding=\"async\" width=\"1333\" height=\"2000\" src=\"https:\/\/simonschoenhoff.de\/wp-content\/uploads\/2022\/01\/2021-10-10-Bastei-Barberine-und-Burg-Hohenstein_17.jpg\" class=\"attachment-2048x2048 size-2048x2048 wp-image-3862\" alt srcset=\"https:\/\/simonschoenhoff.de\/wp-content\/uploads\/2022\/01\/2021-10-10-Bastei-Barberine-und-Burg-Hohenstein_17.jpg 1333w, https:\/\/simonschoenhoff.de\/wp-content\/uploads\/2022\/01\/2021-10-10-Bastei-Barberine-und-Burg-Hohenstein_17-1200x1800.jpg 1200w, https:\/\/simonschoenhoff.de\/wp-content\/uploads\/2022\/01\/2021-10-10-Bastei-Barberine-und-Burg-Hohenstein_17-200x300.jpg 200w, https:\/\/simonschoenhoff.de\/wp-content\/uploads\/2022\/01\/2021-10-10-Bastei-Barberine-und-Burg-Hohenstein_17-682x1024.jpg 682w, https:\/\/simonschoenhoff.de\/wp-content\/uploads\/2022\/01\/2021-10-10-Bastei-Barberine-und-Burg-Hohenstein_17-768x1152.jpg 768w, https:\/\/simonschoenhoff.de\/wp-content\/uploads\/2022\/01\/2021-10-10-Bastei-Barberine-und-Burg-Hohenstein_17-1024x1536.jpg 1024w, https:\/\/simonschoenhoff.de\/wp-content\/uploads\/2022\/01\/2021-10-10-Bastei-Barberine-und-Burg-Hohenstein_17-500x750.jpg 500w, https:\/\/simonschoenhoff.de\/wp-content\/uploads\/2022\/01\/2021-10-10-Bastei-Barberine-und-Burg-Hohenstein_17-800x1200.jpg 800w, https:\/\/simonschoenhoff.de\/wp-content\/uploads\/2022\/01\/2021-10-10-Bastei-Barberine-und-Burg-Hohenstein_17-1280x1920.jpg 1280w, https:\/\/simonschoenhoff.de\/wp-content\/uploads\/2022\/01\/2021-10-10-Bastei-Barberine-und-Burg-Hohenstein_17-600x900.jpg 600w\" sizes=\"(max-width: 1333px) 100vw, 1333px\">\t\t\t\t\t\t\t\t\t\t\t<figcaption class=\"widget-image-caption wp-caption-text\">Unter\u00adhalb der Ferdi\u00adnands\u00adaus\u00adsicht | 24 mm f\/11, 1\/60 Sek. ISO&nbsp;250<\/figcaption>\n\t\t\t\t\t\t\t\t\t\t<\/figure>\n\t\t\t\t\t\t\t\t\t<\/div>\n\t\t\t\t<\/div>\n\t\t\t\t<div class=\"elementor-element elementor-element-1a211c9 elementor-widget elementor-widget-text-editor\" data-id=\"1a211c9\" data-element_type=\"widget\" data-e-type=\"widget\" data-widget_type=\"text-editor.default\">\n\t\t\t\t<div class=\"elementor-widget-container\">\n\t\t\t\t\t\t\t\t\t<p>Ange\u00adkommen auf dem Aussichts\u00adfelsen, stellte ich fest, dass das ideale Licht, wahr\u00adschein\u00adlich gerade vor wenigen Minuten verflogen ist. Ein wenig Trost, dass der Nebel etwas mehr herein zog.&nbsp; Aber h\u00e4tte ich die zwei Stunden dort oben gekauert, ich h\u00e4tte ein Bild mit nach Hause gebracht. Keine Frage es w\u00e4re sch\u00f6n geworden, aber so habe ich ein Dutzend sch\u00f6ne Fotos und eins, vom Lili\u00aden\u00adstein, dass ich mir an die Wand h\u00e4ngen werde. Und ein sch\u00f6nes, nicht perfektes Bild, von der Bastei\u00adbr\u00fccke. Keine&nbsp;Frage!&nbsp;\ud83d\ude09<\/p>\t\t\t\t\t\t\t\t<\/div>\n\t\t\t\t<\/div>\n\t\t\t\t<div class=\"elementor-element elementor-element-77d3db2 elementor-widget elementor-widget-image\" data-id=\"77d3db2\" data-element_type=\"widget\" data-e-type=\"widget\" data-widget_type=\"image.default\">\n\t\t\t\t<div class=\"elementor-widget-container\">\n\t\t\t\t\t\t\t\t\t\t\t\t<figure class=\"wp-caption\">\n\t\t\t\t\t\t\t\t\t\t<img loading=\"lazy\" decoding=\"async\" width=\"2000\" height=\"1333\" src=\"https:\/\/simonschoenhoff.de\/wp-content\/uploads\/2022\/01\/2021-10-10-Bastei-Barberine-und-Burg-Hohenstein_26.jpg\" class=\"attachment-2048x2048 size-2048x2048 wp-image-3871\" alt srcset=\"https:\/\/simonschoenhoff.de\/wp-content\/uploads\/2022\/01\/2021-10-10-Bastei-Barberine-und-Burg-Hohenstein_26.jpg 2000w, https:\/\/simonschoenhoff.de\/wp-content\/uploads\/2022\/01\/2021-10-10-Bastei-Barberine-und-Burg-Hohenstein_26-1200x800.jpg 1200w, https:\/\/simonschoenhoff.de\/wp-content\/uploads\/2022\/01\/2021-10-10-Bastei-Barberine-und-Burg-Hohenstein_26-300x200.jpg 300w, https:\/\/simonschoenhoff.de\/wp-content\/uploads\/2022\/01\/2021-10-10-Bastei-Barberine-und-Burg-Hohenstein_26-1024x682.jpg 1024w, https:\/\/simonschoenhoff.de\/wp-content\/uploads\/2022\/01\/2021-10-10-Bastei-Barberine-und-Burg-Hohenstein_26-768x512.jpg 768w, https:\/\/simonschoenhoff.de\/wp-content\/uploads\/2022\/01\/2021-10-10-Bastei-Barberine-und-Burg-Hohenstein_26-1536x1024.jpg 1536w, https:\/\/simonschoenhoff.de\/wp-content\/uploads\/2022\/01\/2021-10-10-Bastei-Barberine-und-Burg-Hohenstein_26-500x333.jpg 500w, https:\/\/simonschoenhoff.de\/wp-content\/uploads\/2022\/01\/2021-10-10-Bastei-Barberine-und-Burg-Hohenstein_26-800x533.jpg 800w, https:\/\/simonschoenhoff.de\/wp-content\/uploads\/2022\/01\/2021-10-10-Bastei-Barberine-und-Burg-Hohenstein_26-1280x853.jpg 1280w, https:\/\/simonschoenhoff.de\/wp-content\/uploads\/2022\/01\/2021-10-10-Bastei-Barberine-und-Burg-Hohenstein_26-1920x1280.jpg 1920w, https:\/\/simonschoenhoff.de\/wp-content\/uploads\/2022\/01\/2021-10-10-Bastei-Barberine-und-Burg-Hohenstein_26-600x400.jpg 600w\" sizes=\"(max-width: 2000px) 100vw, 2000px\">\t\t\t\t\t\t\t\t\t\t\t<figcaption class=\"widget-image-caption wp-caption-text\">Die Bastei\u00adbr\u00fccke (unter fast perfektem Licht) | 20 mm, f\/11, 1\/160 Sek. ISO&nbsp;100<\/figcaption>\n\t\t\t\t\t\t\t\t\t\t<\/figure>\n\t\t\t\t\t\t\t\t\t<\/div>\n\t\t\t\t<\/div>\n\t\t\t\t<\/div>\n\t\t\t\t<\/div>\n\t\t\t\t<div class=\"elementor-element elementor-element-fbf03f2 elementor-widget elementor-widget-text-editor\" data-id=\"fbf03f2\" data-element_type=\"widget\" data-e-type=\"widget\" data-widget_type=\"text-editor.default\">\n\t\t\t\t<div class=\"elementor-widget-container\">\n\t\t\t\t\t\t\t\t\t<p>Wenn ihr wissen wollt, ob ich in meinen anderen Spots auch so erfolg\u00adreich war, dann lest <a href=\"https:\/\/simonschoenhoff.de\/en\/foto-spots-in-der-saechsischen-schweiz-teil-2\/\">hier wie es weitergeht.<\/a><\/p>\t\t\t\t\t\t\t\t<\/div>\n\t\t\t\t<\/div>\n\t\t\t\t<\/div>\n\t\t\t\t\t<\/div>\n\t\t\t\t<\/div>\n\t\t\t\t<\/div>","protected":false},"excerpt":{"rendered":"<p>Stephan Wiesner hat der Ausgabe seines Ziel\u00adfoto-Maga\u00adzins \u201eFoto-Spots im Harz und Elbsand\u00adstein\u00adge\u00adbirge\u201c eine zweite Version geschenkt. Ich habe drei der Spots aufge\u00adsucht und war au\u00dferdem noch am Schloss Moritz\u00adburg, in Dresden und an der Burg Hohen\u00adstein. In diesem Blog-Beitrag teile euch meine pers\u00f6n\u00adliche und ehrliche Meinung zu allen Schau\u00adpl\u00e4tzen. Zuerst: die Basteibr\u00fccke.<\/p>","protected":false},"author":1,"featured_media":8179,"comment_status":"open","ping_status":"open","sticky":false,"template":"","format":"standard","meta":{"wp_typography_post_enhancements_disabled":false,"footnotes":""},"categories":[53,7],"tags":[140,143,139,144,141,142,145],"class_list":["post-3831","post","type-post","status-publish","format-standard","has-post-thumbnail","hentry","category-deutschland","category-foto-locations","tag-basteibruecke","tag-deutschland","tag-elbsandsteingebirge","tag-foto-spots","tag-lilienstein","tag-nebelmeer","tag-saechsische-schweiz"],"_links":{"self":[{"href":"https:\/\/simonschoenhoff.de\/en\/wp-json\/wp\/v2\/posts\/3831","targetHints":{"allow":["GET"]}}],"collection":[{"href":"https:\/\/simonschoenhoff.de\/en\/wp-json\/wp\/v2\/posts"}],"about":[{"href":"https:\/\/simonschoenhoff.de\/en\/wp-json\/wp\/v2\/types\/post"}],"author":[{"embeddable":true,"href":"https:\/\/simonschoenhoff.de\/en\/wp-json\/wp\/v2\/users\/1"}],"replies":[{"embeddable":true,"href":"https:\/\/simonschoenhoff.de\/en\/wp-json\/wp\/v2\/comments?post=3831"}],"version-history":[{"count":52,"href":"https:\/\/simonschoenhoff.de\/en\/wp-json\/wp\/v2\/posts\/3831\/revisions"}],"predecessor-version":[{"id":10154,"href":"https:\/\/simonschoenhoff.de\/en\/wp-json\/wp\/v2\/posts\/3831\/revisions\/10154"}],"wp:featuredmedia":[{"embeddable":true,"href":"https:\/\/simonschoenhoff.de\/en\/wp-json\/wp\/v2\/media\/8179"}],"wp:attachment":[{"href":"https:\/\/simonschoenhoff.de\/en\/wp-json\/wp\/v2\/media?parent=3831"}],"wp:term":[{"taxonomy":"category","embeddable":true,"href":"https:\/\/simonschoenhoff.de\/en\/wp-json\/wp\/v2\/categories?post=3831"},{"taxonomy":"post_tag","embeddable":true,"href":"https:\/\/simonschoenhoff.de\/en\/wp-json\/wp\/v2\/tags?post=3831"}],"curies":[{"name":"wp","href":"https:\/\/api.w.org\/{rel}","templated":true}]}}