{"id":2305,"date":"2021-07-28T04:48:00","date_gmt":"2021-07-28T04:48:00","guid":{"rendered":"https:\/\/simonschoenhoff.de\/?p=2305"},"modified":"2022-12-31T11:17:25","modified_gmt":"2022-12-31T11:17:25","slug":"aufnahmetechniken-fuer-perfekt-belichtete-himmel","status":"publish","type":"post","link":"https:\/\/simonschoenhoff.de\/en\/aufnahmetechniken-fuer-perfekt-belichtete-himmel\/","title":{"rendered":"Aufnah\u00adme\u00adtech\u00adniken f\u00fcr perfekt belich\u00adtete Himmel"},"content":{"rendered":"<div data-elementor-type=\"wp-post\" data-elementor-id=\"2305\" class=\"elementor elementor-2305\" data-elementor-post-type=\"post\">\n\t\t\t\t<div class=\"elementor-element elementor-element-c81cbc7 e-flex e-con-boxed e-con e-parent\" data-id=\"c81cbc7\" data-element_type=\"container\" data-e-type=\"container\">\n\t\t\t\t\t<div class=\"e-con-inner\">\n\t\t<div class=\"elementor-element elementor-element-d092f27 e-con-full e-flex e-con e-child\" data-id=\"d092f27\" data-element_type=\"container\" data-e-type=\"container\">\n\t\t\t\t<div class=\"elementor-element elementor-element-4c96e4a elementor-widget elementor-widget-menu-anchor\" data-id=\"4c96e4a\" data-element_type=\"widget\" data-e-type=\"widget\" data-widget_type=\"menu-anchor.default\">\n\t\t\t\t<div class=\"elementor-widget-container\">\n\t\t\t\t\t\t\t<div class=\"elementor-menu-anchor\" id=\"seite\"><\/div>\n\t\t\t\t\t\t<\/div>\n\t\t\t\t<\/div>\n\t\t\t\t<div class=\"elementor-element elementor-element-ff0a5ec elementor-widget elementor-widget-heading\" data-id=\"ff0a5ec\" data-element_type=\"widget\" data-e-type=\"widget\" data-widget_type=\"heading.default\">\n\t\t\t\t<div class=\"elementor-widget-container\">\n\t\t\t\t\t<h2 class=\"elementor-heading-title elementor-size-default\">Aufnah\u00adme\u00adtech\u00adniken<\/h2>\t\t\t\t<\/div>\n\t\t\t\t<\/div>\n\t\t\t\t<div class=\"elementor-element elementor-element-0ef8af7 elementor-widget elementor-widget-heading\" data-id=\"0ef8af7\" data-element_type=\"widget\" data-e-type=\"widget\" data-widget_type=\"heading.default\">\n\t\t\t\t<div class=\"elementor-widget-container\">\n\t\t\t\t\t<h3 class=\"elementor-heading-title elementor-size-default\">F\u00fcr perfekt belich\u00adtete Himmel<\/h3>\t\t\t\t<\/div>\n\t\t\t\t<\/div>\n\t\t\t\t<div class=\"elementor-element elementor-element-144107c elementor-widget elementor-widget-text-editor\" data-id=\"144107c\" data-element_type=\"widget\" data-e-type=\"widget\" data-widget_type=\"text-editor.default\">\n\t\t\t\t<div class=\"elementor-widget-container\">\n\t\t\t\t\t\t\t\t\t<p lang=\"de\">In der Land\u00adschafts\u00adfo\u00adto\u00adgrafie macht der Himmel in vielen F\u00e4llen einen gro\u00dfen Teil des Bildes aus. Nicht umsonst warten die Profis oft stun\u00adden\u00adlang an einer Loca\u00adtion, bis sie die gew\u00fcnschte Dramatik in den Wolken haben. Aber den Himmel immer ideal zu belichten ist nicht ganz einfach. Belichtet man ihn zu dunkel, gehen even\u00adtuell Details im Vorder\u00adgrund verloren, da diese einfach zu dunkel sind oder man f\u00e4ngt sich unn\u00f6\u00adtiges Rauschen ein, wenn man diesen sp\u00e4ter wieder aufhellt. Belichtet man mit der Kame\u00adra\u00adau\u00adto\u00admatik, gehen je nach Licht\u00adsi\u00adtua\u00adtion, Details in den High\u00adlights verloren, da kleine Bereiche \u00fcber\u00adbe\u00adlichtet werden, denn die Kamera orien\u00adtiert sich an einem Mittelwert.<\/p>\t\t\t\t\t\t\t\t<\/div>\n\t\t\t\t<\/div>\n\t\t\t\t<div class=\"elementor-element elementor-element-ab90bd6 elementor-widget elementor-widget-text-editor\" data-id=\"ab90bd6\" data-element_type=\"widget\" data-e-type=\"widget\" data-widget_type=\"text-editor.default\">\n\t\t\t\t<div class=\"elementor-widget-container\">\n\t\t\t\t\t\t\t\t\t<p lang=\"de\">Zum Gl\u00fcck gibt es Abhilfen f\u00fcr dieses Problem. Genauer gesagt gibt es drei Aufnah\u00adme\u00adtech\u00adniken, die ihr bereits im Feld an der Kamera benutzen k\u00f6nnt. Damit habt ihr sicher das perfekte Bild im Kasten.<\/p>\t\t\t\t\t\t\t\t<\/div>\n\t\t\t\t<\/div>\n\t\t\t\t<\/div>\n\t\t\t\t\t<\/div>\n\t\t\t\t<\/div>\n\t\t<div class=\"elementor-element elementor-element-bba8fe0 e-flex e-con-boxed e-con e-parent\" data-id=\"bba8fe0\" data-element_type=\"container\" data-e-type=\"container\">\n\t\t\t\t\t<div class=\"e-con-inner\">\n\t\t<div class=\"elementor-element elementor-element-a585416 e-con-full e-flex e-con e-child\" data-id=\"a585416\" data-element_type=\"container\" data-e-type=\"container\">\n\t\t\t\t<div class=\"elementor-element elementor-element-08cb1e2 elementor-widget elementor-widget-heading\" data-id=\"08cb1e2\" data-element_type=\"widget\" data-e-type=\"widget\" data-widget_type=\"heading.default\">\n\t\t\t\t<div class=\"elementor-widget-container\">\n\t\t\t\t\t<h3 class=\"elementor-heading-title elementor-size-default\">Grau\u00adver\u00adlaufs\u00adfilter<\/h3>\t\t\t\t<\/div>\n\t\t\t\t<\/div>\n\t\t\t\t<div class=\"elementor-element elementor-element-ef09768 elementor-widget elementor-widget-text-editor\" data-id=\"ef09768\" data-element_type=\"widget\" data-e-type=\"widget\" data-widget_type=\"text-editor.default\">\n\t\t\t\t<div class=\"elementor-widget-container\">\n\t\t\t\t\t\t\t\t\t<p lang=\"de\">Der Grau\u00adver\u00adlaufs\u00adfilter, die L\u00f6sung f\u00fcr Puristen, ist ein \u00dcber\u00adbleibsel aus der analogen Foto\u00adgrafie, aber dennoch schw\u00f6ren noch immer viele Foto\u00adgrafen darauf. \u00dcber ein Steck\u00adfil\u00adter\u00adsystem wird der Grau\u00adver\u00adlaufs\u00adfilter vor die Linse geschoben und der \u00dcber\u00adgang vom hellen zum dunkeln Bereich des Filters wird an der Hori\u00adzont\u00adlinie orien\u00adtiert. Somit kann man den Himmel bereits w\u00e4hrend der Aufnahme abdun\u00adkeln und die Raw-Aufnahme kommt dem Endergebnis bereits ziem\u00adlich&nbsp;nahe.<\/p>\t\t\t\t\t\t\t\t<\/div>\n\t\t\t\t<\/div>\n\t\t\t\t<div class=\"elementor-element elementor-element-ccbdf85 elementor-widget elementor-widget-text-editor\" data-id=\"ccbdf85\" data-element_type=\"widget\" data-e-type=\"widget\" data-widget_type=\"text-editor.default\">\n\t\t\t\t<div class=\"elementor-widget-container\">\n\t\t\t\t\t\t\t\t\t<p lang=\"de\">Die Filter gibt es mit weichen und harten \u00dcber\u00adg\u00e4ngen, die je nach Situa\u00adtion besser geeignet sind. F\u00fcr Sonnen\u00adun\u00adter\u00adg\u00e4nge am Meer sogar mit r\u00fcck\u00adw\u00e4r\u00adtigen Verlauf. Der Nach\u00adteil ist, dass leider auch Bereiche von Motiven, die nach oben \u00fcber die Hori\u00adzont\u00adlinie ragen, was Bild\u00adkom\u00adpo\u00adsi\u00adto\u00adrisch oft durchaus Sinn macht, abge\u00addun\u00adkelt werden. Diese muss man dann bei Bedarf wieder in der Nach\u00adbe\u00adar\u00adbei\u00adtung aufhellen. Der Einsatz des Filters ist aller\u00addings unpro\u00adble\u00adma\u00adtisch, wenn die Hori\u00adzont\u00adlinie recht gerade ist, oder Objekte die in den Himmel ragen so oder so als Silhou\u00adette darge\u00adstellt werden sollen.&nbsp;<\/p>\t\t\t\t\t\t\t\t<\/div>\n\t\t\t\t<\/div>\n\t\t\t\t<div class=\"elementor-element elementor-element-7856f2b elementor-widget elementor-widget-image\" data-id=\"7856f2b\" data-element_type=\"widget\" data-e-type=\"widget\" data-widget_type=\"image.default\">\n\t\t\t\t<div class=\"elementor-widget-container\">\n\t\t\t\t\t\t\t\t\t\t\t\t<figure class=\"wp-caption\">\n\t\t\t\t\t\t\t\t\t\t<img fetchpriority=\"high\" decoding=\"async\" width=\"1536\" height=\"898\" src=\"https:\/\/simonschoenhoff.de\/wp-content\/uploads\/2021\/09\/202105_PerfekterHimmel_DSC01193-HDR-e1642087785200-1536x898.jpg\" class=\"attachment-1536x1536 size-1536x1536 wp-image-2301\" alt srcset=\"https:\/\/simonschoenhoff.de\/wp-content\/uploads\/2021\/09\/202105_PerfekterHimmel_DSC01193-HDR-e1642087785200-1536x898.jpg 1536w, https:\/\/simonschoenhoff.de\/wp-content\/uploads\/2021\/09\/202105_PerfekterHimmel_DSC01193-HDR-e1642087785200-1200x702.jpg 1200w, https:\/\/simonschoenhoff.de\/wp-content\/uploads\/2021\/09\/202105_PerfekterHimmel_DSC01193-HDR-e1642087785200-300x175.jpg 300w, https:\/\/simonschoenhoff.de\/wp-content\/uploads\/2021\/09\/202105_PerfekterHimmel_DSC01193-HDR-e1642087785200-768x449.jpg 768w, https:\/\/simonschoenhoff.de\/wp-content\/uploads\/2021\/09\/202105_PerfekterHimmel_DSC01193-HDR-e1642087785200-1024x599.jpg 1024w, https:\/\/simonschoenhoff.de\/wp-content\/uploads\/2021\/09\/202105_PerfekterHimmel_DSC01193-HDR-e1642087785200-500x292.jpg 500w, https:\/\/simonschoenhoff.de\/wp-content\/uploads\/2021\/09\/202105_PerfekterHimmel_DSC01193-HDR-e1642087785200-800x468.jpg 800w, https:\/\/simonschoenhoff.de\/wp-content\/uploads\/2021\/09\/202105_PerfekterHimmel_DSC01193-HDR-e1642087785200-1280x748.jpg 1280w, https:\/\/simonschoenhoff.de\/wp-content\/uploads\/2021\/09\/202105_PerfekterHimmel_DSC01193-HDR-e1642087785200-1920x1123.jpg 1920w, https:\/\/simonschoenhoff.de\/wp-content\/uploads\/2021\/09\/202105_PerfekterHimmel_DSC01193-HDR-e1642087785200-600x351.jpg 600w, https:\/\/simonschoenhoff.de\/wp-content\/uploads\/2021\/09\/202105_PerfekterHimmel_DSC01193-HDR-e1642087785200.jpg 1965w\" sizes=\"(max-width: 1536px) 100vw, 1536px\">\t\t\t\t\t\t\t\t\t\t\t<figcaption class=\"widget-image-caption wp-caption-text\">Sony a7III + Sony FE 4\/24\u2013205 mm G @59mm, f\/18, 1\/25 s, ISO&nbsp;100<\/figcaption>\n\t\t\t\t\t\t\t\t\t\t<\/figure>\n\t\t\t\t\t\t\t\t\t<\/div>\n\t\t\t\t<\/div>\n\t\t\t\t<div class=\"elementor-element elementor-element-dedba2d elementor-widget elementor-widget-text-editor\" data-id=\"dedba2d\" data-element_type=\"widget\" data-e-type=\"widget\" data-widget_type=\"text-editor.default\">\n\t\t\t\t<div class=\"elementor-widget-container\">\n\t\t\t\t\t\t\t\t\t<p lang=\"de\">Da ich diesen Effekt recht einfach mit Ligh\u00adt\u00adroom erzeugen kann, wesent\u00adlich pr\u00e4ziser und eine Nach\u00adbe\u00adar\u00adbei\u00adtung sowieso notwendig ist, spar ich mir Grau\u00adver\u00adlaufs\u00adfilter und habe dadurch auch noch weniger Gep\u00e4ck (und einen volleren Geld\u00adbeutel). Bei schwie\u00adrigen Licht\u00adver\u00adh\u00e4lt\u00adnissen helfen mir die beiden n\u00e4chsten Techniken.<\/p>\t\t\t\t\t\t\t\t<\/div>\n\t\t\t\t<\/div>\n\t\t\t\t<\/div>\n\t\t\t\t\t<\/div>\n\t\t\t\t<\/div>\n\t\t<div class=\"elementor-element elementor-element-b9d0ec3 e-flex e-con-boxed e-con e-parent\" data-id=\"b9d0ec3\" data-element_type=\"container\" data-e-type=\"container\">\n\t\t\t\t\t<div class=\"e-con-inner\">\n\t\t<div class=\"elementor-element elementor-element-9f1bedf e-con-full e-flex e-con e-child\" data-id=\"9f1bedf\" data-element_type=\"container\" data-e-type=\"container\">\n\t\t\t\t<div class=\"elementor-element elementor-element-eb87f39 elementor-widget elementor-widget-heading\" data-id=\"eb87f39\" data-element_type=\"widget\" data-e-type=\"widget\" data-widget_type=\"heading.default\">\n\t\t\t\t<div class=\"elementor-widget-container\">\n\t\t\t\t\t<h3 class=\"elementor-heading-title elementor-size-default\">ETTR (Expose to the&nbsp;Right)<\/h3>\t\t\t\t<\/div>\n\t\t\t\t<\/div>\n\t\t\t\t<div class=\"elementor-element elementor-element-58ccac5 elementor-widget elementor-widget-text-editor\" data-id=\"58ccac5\" data-element_type=\"widget\" data-e-type=\"widget\" data-widget_type=\"text-editor.default\">\n\t\t\t\t<div class=\"elementor-widget-container\">\n\t\t\t\t\t\t\t\t\t<p lang=\"de\">Eine M\u00f6glich\u00adkeit ist die ETTR-Technik. ETTR steht f\u00fcr Expose to the right und bedeutet so viel, wie die Belich\u00adtung dahin\u00adge\u00adhend zu korri\u00adgieren, dass wir m\u00f6glichst hell, also auf dem Histo\u00adgramm gesehen, m\u00f6glichst weit nach rechts belichten. Wichtig dabei ist, dass wir nicht so weit \u00fcber\u00adbe\u00adlichten, dass Bild\u00adin\u00adfor\u00adma\u00adtionen verloren gehen, also rechts abge\u00adschnitten werden. Wir belichten quasi so hell wie m\u00f6glich, aber so dunkel wie n\u00f6tig. Deshalb unbe\u00addingt das Histo\u00adgramm beachten.<\/p>\t\t\t\t\t\t\t\t<\/div>\n\t\t\t\t<\/div>\n\t\t\t\t<div class=\"elementor-element elementor-element-d74e26c elementor-widget elementor-widget-text-editor\" data-id=\"d74e26c\" data-element_type=\"widget\" data-e-type=\"widget\" data-widget_type=\"text-editor.default\">\n\t\t\t\t<div class=\"elementor-widget-container\">\n\t\t\t\t\t\t\t\t\t<p lang=\"de\">Gerade bei Bildern direkt nach Sonnen\u00adun\u00adter\u00adgang wende ich diese Technik gerne an. Auf dem Raw-Bild sieht das erst einmal \u201efalsch\u201c belichtet aus und so manch einer wird sich fragen, ob wir als Foto\u00adgraf eigent\u00adlich wissen, was wir tun, aber in der Nach\u00adbe\u00adar\u00adbei\u00adtung wird sich zeigen, dass wir dadurch m\u00f6glichst viel Bild\u00adin\u00adfor\u00adma\u00adtion geschaffen haben. In den High\u00adlights ist nichts abge\u00adschnitten und der dunkle Bild\u00adbe\u00adreich ist m\u00f6glichst hell foto\u00adgra\u00adfiert, so dass wir m\u00f6glichst viele Infor\u00adma\u00adtionen haben.<\/p>\t\t\t\t\t\t\t\t<\/div>\n\t\t\t\t<\/div>\n\t\t\t\t<div class=\"elementor-element elementor-element-ad74784 elementor-widget elementor-widget-text-editor\" data-id=\"ad74784\" data-element_type=\"widget\" data-e-type=\"widget\" data-widget_type=\"text-editor.default\">\n\t\t\t\t<div class=\"elementor-widget-container\">\n\t\t\t\t\t\t\t\t\t<p>\u00dcber den Verschie\u00adbe\u00adregler im n\u00e4chsten Bild k\u00f6nnt ihr die Roh-Belich\u00adtung und die Belich\u00adtung nach der Bear\u00adbei\u00adtung vergleichen:<\/p>\t\t\t\t\t\t\t\t<\/div>\n\t\t\t\t<\/div>\n\t\t\t\t<div class=\"elementor-element elementor-element-a5723d2 elementor-widget elementor-widget-text-editor\" data-id=\"a5723d2\" data-element_type=\"widget\" data-e-type=\"widget\" data-widget_type=\"text-editor.default\">\n\t\t\t\t<div class=\"elementor-widget-container\">\n\t\t\t\t\t\t\t\t\t<p style=\"text-align: center;\"><span style=\"font-size: 10pt; color: #999999;\"><em>Sony a7III + Sony FE 2.8\/16\u201325 mm GM @20 mm, f\/11, 3\/10 s, ISO&nbsp;100<\/em><\/span><\/p>\t\t\t\t\t\t\t\t<\/div>\n\t\t\t\t<\/div>\n\t\t\t\t<\/div>\n\t\t\t\t\t<\/div>\n\t\t\t\t<\/div>\n\t\t<div class=\"elementor-element elementor-element-c729315 e-flex e-con-boxed e-con e-parent\" data-id=\"c729315\" data-element_type=\"container\" data-e-type=\"container\">\n\t\t\t\t\t<div class=\"e-con-inner\">\n\t\t<div class=\"elementor-element elementor-element-3beb576 e-con-full e-flex e-con e-child\" data-id=\"3beb576\" data-element_type=\"container\" data-e-type=\"container\">\n\t\t\t\t<div class=\"elementor-element elementor-element-c60dac7 elementor-widget elementor-widget-heading\" data-id=\"c60dac7\" data-element_type=\"widget\" data-e-type=\"widget\" data-widget_type=\"heading.default\">\n\t\t\t\t<div class=\"elementor-widget-container\">\n\t\t\t\t\t<h3 class=\"elementor-heading-title elementor-size-default\">Belich\u00adtungs\u00adreihe (Bracke\u00adting)<\/h3>\t\t\t\t<\/div>\n\t\t\t\t<\/div>\n\t\t\t\t<div class=\"elementor-element elementor-element-928496d elementor-widget elementor-widget-text-editor\" data-id=\"928496d\" data-element_type=\"widget\" data-e-type=\"widget\" data-widget_type=\"text-editor.default\">\n\t\t\t\t<div class=\"elementor-widget-container\">\n\t\t\t\t\t\t\t\t\t<p lang=\"de\">Bei Licht\u00adsi\u00adtua\u00adtionen mit sehr gro\u00dfen Dyna\u00admik\u00adum\u00adf\u00e4ngen, bspw. in einem Tal bei Sonnen\u00adun\u00adter\u00adgang, nutze ich die M\u00f6glich\u00adkeit einer Belich\u00adtungs\u00adreihe. Das Tal liegt even\u00adtuell schon komplett im Schatten der Himmel aller\u00addings ist noch sehr hell, da die Sonne noch vor dem Sonnen\u00adun\u00adter\u00adgang am Himmel steht. In diesem Fall nutze ich die Bracke\u00adting Funk\u00adtion meiner Kamera und erstelle eine Bilder\u00adreihe von 3 oder 5 Bildern, mit unter\u00adschied\u00adli\u00adcher Belichtung.<\/p>\t\t\t\t\t\t\t\t<\/div>\n\t\t\t\t<\/div>\n\t\t\t\t<div class=\"elementor-element elementor-element-a2dd17e elementor-widget elementor-widget-text-editor\" data-id=\"a2dd17e\" data-element_type=\"widget\" data-e-type=\"widget\" data-widget_type=\"text-editor.default\">\n\t\t\t\t<div class=\"elementor-widget-container\">\n\t\t\t\t\t\t\t\t\t<p lang=\"de\">Mit Hilfe von Ligh\u00adt\u00adroom erstelle ich in der Nach\u00adbe\u00adar\u00adbei\u00adtung ein HDR oder aber f\u00fcge die Bilder \u00fcber Lumi\u00adnanz\u00admasken auf mehreren Ebenen in Photo\u00adshop zusammen. Oftmals reichen mir sogar zwei Belich\u00adtungen aus. Eine f\u00fcr den Himmel und eine f\u00fcr den Vorder\u00adgrund, denn ich m\u00f6chte keine unna\u00adt\u00fcr\u00adliche Belich\u00adtung haben, d.h. der Vorder\u00adgrund soll schon auch dunkler als der Himmel und kein \u201eEinheits\u00adbrei\u201c aus Mittelt\u00f6nen.<\/p>\t\t\t\t\t\t\t\t<\/div>\n\t\t\t\t<\/div>\n\t\t\t\t<div class=\"elementor-element elementor-element-0374e26 elementor-widget elementor-widget-text-editor\" data-id=\"0374e26\" data-element_type=\"widget\" data-e-type=\"widget\" data-widget_type=\"text-editor.default\">\n\t\t\t\t<div class=\"elementor-widget-container\">\n\t\t\t\t\t\t\t\t\t<p>Dieses Bild der Schin\u00addel\u00adberg\u00adka\u00adpelle im Kraichgau ist mittels HDR-Belich\u00adtungs\u00adreihe entstanden.<\/p>\t\t\t\t\t\t\t\t<\/div>\n\t\t\t\t<\/div>\n\t\t\t\t<div class=\"elementor-element elementor-element-ccd4d2d elementor-widget elementor-widget-image\" data-id=\"ccd4d2d\" data-element_type=\"widget\" data-e-type=\"widget\" data-widget_type=\"image.default\">\n\t\t\t\t<div class=\"elementor-widget-container\">\n\t\t\t\t\t\t\t\t\t\t\t\t<figure class=\"wp-caption\">\n\t\t\t\t\t\t\t\t\t\t<img decoding=\"async\" width=\"1536\" height=\"1024\" src=\"https:\/\/simonschoenhoff.de\/wp-content\/uploads\/2021\/09\/202105_PerfekterHimmel__DSC3954-HDR-1536x1024.jpg\" class=\"attachment-1536x1536 size-1536x1536 wp-image-2300\" alt srcset=\"https:\/\/simonschoenhoff.de\/wp-content\/uploads\/2021\/09\/202105_PerfekterHimmel__DSC3954-HDR-1536x1024.jpg 1536w, https:\/\/simonschoenhoff.de\/wp-content\/uploads\/2021\/09\/202105_PerfekterHimmel__DSC3954-HDR-1200x800.jpg 1200w, https:\/\/simonschoenhoff.de\/wp-content\/uploads\/2021\/09\/202105_PerfekterHimmel__DSC3954-HDR-300x200.jpg 300w, https:\/\/simonschoenhoff.de\/wp-content\/uploads\/2021\/09\/202105_PerfekterHimmel__DSC3954-HDR-1024x682.jpg 1024w, https:\/\/simonschoenhoff.de\/wp-content\/uploads\/2021\/09\/202105_PerfekterHimmel__DSC3954-HDR-768x512.jpg 768w, https:\/\/simonschoenhoff.de\/wp-content\/uploads\/2021\/09\/202105_PerfekterHimmel__DSC3954-HDR-500x333.jpg 500w, https:\/\/simonschoenhoff.de\/wp-content\/uploads\/2021\/09\/202105_PerfekterHimmel__DSC3954-HDR-800x533.jpg 800w, https:\/\/simonschoenhoff.de\/wp-content\/uploads\/2021\/09\/202105_PerfekterHimmel__DSC3954-HDR-1280x853.jpg 1280w, https:\/\/simonschoenhoff.de\/wp-content\/uploads\/2021\/09\/202105_PerfekterHimmel__DSC3954-HDR-1920x1280.jpg 1920w, https:\/\/simonschoenhoff.de\/wp-content\/uploads\/2021\/09\/202105_PerfekterHimmel__DSC3954-HDR-1320x880.jpg 1320w, https:\/\/simonschoenhoff.de\/wp-content\/uploads\/2021\/09\/202105_PerfekterHimmel__DSC3954-HDR-600x400.jpg 600w, https:\/\/simonschoenhoff.de\/wp-content\/uploads\/2021\/09\/202105_PerfekterHimmel__DSC3954-HDR.jpg 2000w\" sizes=\"(max-width: 1536px) 100vw, 1536px\">\t\t\t\t\t\t\t\t\t\t\t<figcaption class=\"widget-image-caption wp-caption-text\">Sony a7III + Sony FE 4\/24\u2013205 mm G @24 mm, f\/14, 1\/15 s, ISO&nbsp;100<\/figcaption>\n\t\t\t\t\t\t\t\t\t\t<\/figure>\n\t\t\t\t\t\t\t\t\t<\/div>\n\t\t\t\t<\/div>\n\t\t<div class=\"elementor-element elementor-element-da1588f e-flex e-con-boxed elementor-invisible e-con e-child\" data-id=\"da1588f\" data-element_type=\"container\" data-e-type=\"container\" data-settings=\"{&quot;background_background&quot;:&quot;classic&quot;,&quot;animation&quot;:&quot;zoomIn&quot;}\">\n\t\t\t\t\t<div class=\"e-con-inner\">\n\t\t\t\t<div class=\"elementor-element elementor-element-7ca343a elementor-widget__width-initial elementor-widget elementor-widget-text-editor\" data-id=\"7ca343a\" data-element_type=\"widget\" data-e-type=\"widget\" data-widget_type=\"text-editor.default\">\n\t\t\t\t<div class=\"elementor-widget-container\">\n\t\t\t\t\t\t\t\t\t<p style=\"text-align: center;\">Diese und andere Aufnahmen als als Kunst\u00addruck f\u00fcr dein Zuhause kannst du jeder\u00adzeit unter \u201ePrints\u201c direkt bei mir anfragen. Herge\u00adstellt von einem der welt\u00adweit f\u00fchrenden Foto\u00adla\u00adbore in h\u00f6chster Qualit\u00e4t.&nbsp;<\/p>\t\t\t\t\t\t\t\t<\/div>\n\t\t\t\t<\/div>\n\t\t\t\t<div class=\"elementor-element elementor-element-6dd1a79 elementor-widget elementor-widget-button\" data-id=\"6dd1a79\" data-element_type=\"widget\" data-e-type=\"widget\" data-settings=\"{&quot;_animation_mobile&quot;:&quot;fadeIn&quot;}\" data-widget_type=\"button.default\">\n\t\t\t\t<div class=\"elementor-widget-container\">\n\t\t\t\t\t\t\t\t\t<div class=\"elementor-button-wrapper\">\n\t\t\t\t\t<a class=\"elementor-button elementor-button-link elementor-size-sm elementor-animation-grow\" href=\"https:\/\/simonschoenhoff.de\/en\/prints\/\">\n\t\t\t\t\t\t<span class=\"elementor-button-content-wrapper\">\n\t\t\t\t\t\t<span class=\"elementor-button-icon\">\n\t\t\t\t<i aria-hidden=\"true\" class=\"fas fa-shopping-cart\"><\/i>\t\t\t<\/span>\n\t\t\t\t\t\t\t\t\t<span class=\"elementor-button-text\">Prints<\/span>\n\t\t\t\t\t<\/span>\n\t\t\t\t\t<\/a>\n\t\t\t\t<\/div>\n\t\t\t\t\t\t\t\t<\/div>\n\t\t\t\t<\/div>\n\t\t\t\t\t<\/div>\n\t\t\t\t<\/div>\n\t\t\t\t<div class=\"elementor-element elementor-element-d025963 elementor-widget elementor-widget-text-editor\" data-id=\"d025963\" data-element_type=\"widget\" data-e-type=\"widget\" data-widget_type=\"text-editor.default\">\n\t\t\t\t<div class=\"elementor-widget-container\">\n\t\t\t\t\t\t\t\t\t<p lang=\"de\">Wichtig ist, diese extreme Licht\u00adsi\u00adtua\u00adtion zu erkennen und dann die entspre\u00adchende Technik zu nutzen. So jeden\u00adfalls bekommt ihr das Optimum aus dem Himmel heraus. Denn, wie ihr wisst, kann der Himmel einen gro\u00dfen Teil eines Bildes in der Land\u00adschafts\u00adfo\u00adto\u00adgrafie ausmachen.<\/p>\t\t\t\t\t\t\t\t<\/div>\n\t\t\t\t<\/div>\n\t\t\t\t<\/div>\n\t\t\t\t\t<\/div>\n\t\t\t\t<\/div>\n\t\t\t\t<\/div>","protected":false},"excerpt":{"rendered":"<p>In der Land\u00adschafts\u00adfo\u00adto\u00adgrafie macht der Himmel in vielen F\u00e4llen einen gro\u00dfen Teil des Bildes aus. Aber den Himmel immer ideal zu belichten ist nicht ganz einfach. Hier gibt es drei Tipps, wie es garan\u00adtiert funktioniert.<\/p>","protected":false},"author":1,"featured_media":2302,"comment_status":"open","ping_status":"open","sticky":false,"template":"","format":"standard","meta":{"wp_typography_post_enhancements_disabled":false,"footnotes":""},"categories":[4,5],"tags":[80,82,81],"class_list":["post-2305","post","type-post","status-publish","format-standard","has-post-thumbnail","hentry","category-blog","category-fotografie-tipps","tag-belichtung","tag-ettr","tag-hdr"],"_links":{"self":[{"href":"https:\/\/simonschoenhoff.de\/en\/wp-json\/wp\/v2\/posts\/2305","targetHints":{"allow":["GET"]}}],"collection":[{"href":"https:\/\/simonschoenhoff.de\/en\/wp-json\/wp\/v2\/posts"}],"about":[{"href":"https:\/\/simonschoenhoff.de\/en\/wp-json\/wp\/v2\/types\/post"}],"author":[{"embeddable":true,"href":"https:\/\/simonschoenhoff.de\/en\/wp-json\/wp\/v2\/users\/1"}],"replies":[{"embeddable":true,"href":"https:\/\/simonschoenhoff.de\/en\/wp-json\/wp\/v2\/comments?post=2305"}],"version-history":[{"count":38,"href":"https:\/\/simonschoenhoff.de\/en\/wp-json\/wp\/v2\/posts\/2305\/revisions"}],"predecessor-version":[{"id":10164,"href":"https:\/\/simonschoenhoff.de\/en\/wp-json\/wp\/v2\/posts\/2305\/revisions\/10164"}],"wp:featuredmedia":[{"embeddable":true,"href":"https:\/\/simonschoenhoff.de\/en\/wp-json\/wp\/v2\/media\/2302"}],"wp:attachment":[{"href":"https:\/\/simonschoenhoff.de\/en\/wp-json\/wp\/v2\/media?parent=2305"}],"wp:term":[{"taxonomy":"category","embeddable":true,"href":"https:\/\/simonschoenhoff.de\/en\/wp-json\/wp\/v2\/categories?post=2305"},{"taxonomy":"post_tag","embeddable":true,"href":"https:\/\/simonschoenhoff.de\/en\/wp-json\/wp\/v2\/tags?post=2305"}],"curies":[{"name":"wp","href":"https:\/\/api.w.org\/{rel}","templated":true}]}}