{"id":2284,"date":"2021-05-27T16:14:00","date_gmt":"2021-05-27T16:14:00","guid":{"rendered":"https:\/\/simonschoenhoff.de\/?p=2284"},"modified":"2022-12-31T11:18:31","modified_gmt":"2022-12-31T11:18:31","slug":"einsatz-von-filtern","status":"publish","type":"post","link":"https:\/\/simonschoenhoff.de\/en\/einsatz-von-filtern\/","title":{"rendered":"Einsatz von Filter in der Landschaftsfotografie"},"content":{"rendered":"<div data-elementor-type=\"wp-post\" data-elementor-id=\"2284\" class=\"elementor elementor-2284\" data-elementor-post-type=\"post\">\n\t\t\t\t<div class=\"elementor-element elementor-element-0e6e705 e-flex e-con-boxed e-con e-parent\" data-id=\"0e6e705\" data-element_type=\"container\" data-e-type=\"container\">\n\t\t\t\t\t<div class=\"e-con-inner\">\n\t\t<div class=\"elementor-element elementor-element-d213fe5 e-con-full e-flex e-con e-child\" data-id=\"d213fe5\" data-element_type=\"container\" data-e-type=\"container\">\n\t\t\t\t<div class=\"elementor-element elementor-element-6937f16 elementor-widget elementor-widget-menu-anchor\" data-id=\"6937f16\" data-element_type=\"widget\" data-e-type=\"widget\" data-widget_type=\"menu-anchor.default\">\n\t\t\t\t<div class=\"elementor-widget-container\">\n\t\t\t\t\t\t\t<div class=\"elementor-menu-anchor\" id=\"seite\"><\/div>\n\t\t\t\t\t\t<\/div>\n\t\t\t\t<\/div>\n\t\t\t\t<div class=\"elementor-element elementor-element-58ce7fc elementor-widget elementor-widget-heading\" data-id=\"58ce7fc\" data-element_type=\"widget\" data-e-type=\"widget\" data-widget_type=\"heading.default\">\n\t\t\t\t<div class=\"elementor-widget-container\">\n\t\t\t\t\t<h2 class=\"elementor-heading-title elementor-size-default\">Einsatz von Filter<\/h2>\t\t\t\t<\/div>\n\t\t\t\t<\/div>\n\t\t\t\t<div class=\"elementor-element elementor-element-12fc344 elementor-widget elementor-widget-heading\" data-id=\"12fc344\" data-element_type=\"widget\" data-e-type=\"widget\" data-widget_type=\"heading.default\">\n\t\t\t\t<div class=\"elementor-widget-container\">\n\t\t\t\t\t<h3 class=\"elementor-heading-title elementor-size-default\">in der Landschaftsfotografie<\/h3>\t\t\t\t<\/div>\n\t\t\t\t<\/div>\n\t\t\t\t<div class=\"elementor-element elementor-element-7016407 elementor-widget elementor-widget-text-editor\" data-id=\"7016407\" data-element_type=\"widget\" data-e-type=\"widget\" data-widget_type=\"text-editor.default\">\n\t\t\t\t<div class=\"elementor-widget-container\">\n\t\t\t\t\t\t\t\t\t<p>Was sind Filter? Welche Filter gibt es? Wann und f\u00fcr was setze ich sie in die Land\u00adschafts\u00adfo\u00adto\u00adgrafie ein? In diesem Blog-Beitrag gibt es die Antworten.<\/p>\t\t\t\t\t\t\t\t<\/div>\n\t\t\t\t<\/div>\n\t\t\t\t<div class=\"elementor-element elementor-element-d04e176 elementor-widget elementor-widget-heading\" data-id=\"d04e176\" data-element_type=\"widget\" data-e-type=\"widget\" data-widget_type=\"heading.default\">\n\t\t\t\t<div class=\"elementor-widget-container\">\n\t\t\t\t\t<h3 class=\"elementor-heading-title elementor-size-default\">Grund\u00adle\u00adgendes zu Filter<\/h3>\t\t\t\t<\/div>\n\t\t\t\t<\/div>\n\t\t\t\t<div class=\"elementor-element elementor-element-1b823b7 elementor-widget elementor-widget-text-editor\" data-id=\"1b823b7\" data-element_type=\"widget\" data-e-type=\"widget\" data-widget_type=\"text-editor.default\">\n\t\t\t\t<div class=\"elementor-widget-container\">\n\t\t\t\t\t\t\t\t\t<p>Zu diesem Thema, einen grund\u00adle\u00adgenden Gedanken vorab: Beim Einsatz von Filtern muss man sich immer vor Augen f\u00fchren, dass jedes einge\u00adf\u00fcgte Element zwischen Motiv und Kame\u00adra\u00adsensor ein Verlust der Bild\u00adqua\u00adlit\u00e4t mit sich bringt. Dies liegt daran, dass das Licht, egal wie d\u00fcnn der Filter auch sein mag, zwei weitere Mediums-\u00dcber\u00adg\u00e4nge auf seinem Weg in Kamera hat (Luft -&gt; Filter, Filter -&gt; Luft). Das bedeutet zweimal mehr wird das Licht gebro\u00adchen, was zu mini\u00admalen Quali\u00adt\u00e4ts\u00adein\u00adbu\u00dfen f\u00fchren kann.<\/p>\t\t\t\t\t\t\t\t<\/div>\n\t\t\t\t<\/div>\n\t\t\t\t<div class=\"elementor-element elementor-element-e2fa1c5 elementor-widget elementor-widget-text-editor\" data-id=\"e2fa1c5\" data-element_type=\"widget\" data-e-type=\"widget\" data-widget_type=\"text-editor.default\">\n\t\t\t\t<div class=\"elementor-widget-container\">\n\t\t\t\t\t\t\t\t\t<p>Es empfiehlt sich daher gerade auch bei Filtern, \u00e4hnlich wie bei Objek\u00adtiven, auf eine gute opti\u00adsche Qualit\u00e4t zu achten. Der Einsatz von Filter macht manchmal n\u00e4mlich durchaus Sinn. Nicht st\u00e4ndig, nicht immer, nicht in jeder Situa\u00adtion, aber es gibt die Anwen\u00addungs\u00adf\u00e4lle, da ist es besser Filter zu benutzen, als keine Filter zu benutzen. Deshalb sollten Filter nicht dauer\u00adhaft auf der Linse ange\u00adschraubt sein, sondern bewusst einge\u00adsetzt werden, wenn die Notwen\u00addig\u00adkeit besteht.<\/p>\t\t\t\t\t\t\t\t<\/div>\n\t\t\t\t<\/div>\n\t\t\t\t<div class=\"elementor-element elementor-element-2af399a elementor-widget elementor-widget-text-editor\" data-id=\"2af399a\" data-element_type=\"widget\" data-e-type=\"widget\" data-widget_type=\"text-editor.default\">\n\t\t\t\t<div class=\"elementor-widget-container\">\n\t\t\t\t\t\t\t\t\t<p>In meinen Augen gibt es noch zwei Filter-Typen, die es geschafft haben im modernen Zeit\u00adalter der digi\u00adtalen Foto\u00adgrafie zu \u00fcber\u00adleben und heute wirk\u00adlich noch eine Daseins-Berech\u00adti\u00adgung zu&nbsp;haben:<\/p><ul><li>Zirku\u00adlare Polfilter<\/li><li>Neutral Density Filter<\/li><\/ul>\t\t\t\t\t\t\t\t<\/div>\n\t\t\t\t<\/div>\n\t\t\t\t<div class=\"elementor-element elementor-element-1a01bba elementor-widget elementor-widget-heading\" data-id=\"1a01bba\" data-element_type=\"widget\" data-e-type=\"widget\" data-widget_type=\"heading.default\">\n\t\t\t\t<div class=\"elementor-widget-container\">\n\t\t\t\t\t<h3 class=\"elementor-heading-title elementor-size-default\">Der Grau\u00adver\u00adlaufs\u00adfilter<\/h3>\t\t\t\t<\/div>\n\t\t\t\t<\/div>\n\t\t\t\t<div class=\"elementor-element elementor-element-0b0fca7 elementor-widget elementor-widget-text-editor\" data-id=\"0b0fca7\" data-element_type=\"widget\" data-e-type=\"widget\" data-widget_type=\"text-editor.default\">\n\t\t\t\t<div class=\"elementor-widget-container\">\n\t\t\t\t\t\t\t\t\t<p>Den Grau\u00adver\u00adlaufs\u00adfilter hat die moderne Bild\u00adbe\u00adar\u00adbei\u00adtung, in meinen Augen, obsolet gemacht. Dies hat vor allen Dingen zwei Gr\u00fcnde:<\/p><ol><li>Der hohe Dyna\u00admik\u00adum\u00adfang moderner Digi\u00adtal\u00adka\u00admeras, noch dazu das (mitt\u00adler\u00adweile) sehr einfach gewor\u00addene Erstellen soge\u00adnannter HDR-Aufnahmen und die sehr gut gewor\u00addenen Ergeb\u00adnisse daraus.<\/li><li>In der Post-Proces\u00adsing Soft\u00adware kann ich wesent\u00adlich pr\u00e4ziser einen Grau\u00adver\u00adlauf steuern und einzelne B\u00e4ume, Berge, oder Elemente die in den Himmel ragen aussparen. Voraus\u00adset\u00adzung ist, dass ich ideal belichte (nicht korrekt). <a href=\"https:\/\/simonschoenhoff.de\/en\/aufnahmetechniken-fuer-perfekt-belichtete-himmel\/\">Wie erfahrt ihr&nbsp;hier.<\/a><\/li><\/ol><p>Der einzige Nach\u00adteil, das Ergebnis ist erst nach dem Bear\u00adbeiten zu sehen und nicht direkt bereits in der Kamera.<\/p>\t\t\t\t\t\t\t\t<\/div>\n\t\t\t\t<\/div>\n\t\t\t\t<div class=\"elementor-element elementor-element-f5d97fc elementor-widget elementor-widget-text-editor\" data-id=\"f5d97fc\" data-element_type=\"widget\" data-e-type=\"widget\" data-widget_type=\"text-editor.default\">\n\t\t\t\t<div class=\"elementor-widget-container\">\n\t\t\t\t\t\t\t\t\t<p>Nichts\u00addes\u00adto\u00adtrotz gibt es viele Foto\u00adgrafen, die gerne mit Grau\u00adver\u00adlaufs\u00adfilter arbeiten. Mich (in manchen Situa\u00adtionen) einge\u00adschlossen. Es entschleu\u00adnigt ein wenig und man l\u00e4sst sich selbst, bewusster mehr Zeit f\u00fcr die Aufnahme. Man kann etwas l\u00e4nger belichten, da der bpsw. der Himmel sp\u00e4ter ausbrennt und hat so weniger Rauschen im m\u00f6gli\u00adcher\u00adweise dunklen Vorder\u00adgrund. Noch dazu gibt es viele Motive, bei denen man nicht darauf achten muss, dass sie durch den Grau\u00adver\u00adlaufs\u00adfilter zu dunkel werden, so wie dieser Baum. Er sollte so oder so als Silhou\u00adette gegen den Sonnen\u00adun\u00adter\u00adgang gestaltet sein.&nbsp;<\/p>\t\t\t\t\t\t\t\t<\/div>\n\t\t\t\t<\/div>\n\t\t\t\t<div class=\"elementor-element elementor-element-34da699 elementor-widget elementor-widget-image\" data-id=\"34da699\" data-element_type=\"widget\" data-e-type=\"widget\" data-widget_type=\"image.default\">\n\t\t\t\t<div class=\"elementor-widget-container\">\n\t\t\t\t\t\t\t\t\t\t\t\t<figure class=\"wp-caption\">\n\t\t\t\t\t\t\t\t\t\t<img fetchpriority=\"high\" decoding=\"async\" width=\"1536\" height=\"1024\" src=\"https:\/\/simonschoenhoff.de\/wp-content\/uploads\/2021\/09\/202106Filter-Einsatz__DSC5325-1536x1024.jpg\" class=\"attachment-1536x1536 size-1536x1536 wp-image-2279\" alt srcset=\"https:\/\/simonschoenhoff.de\/wp-content\/uploads\/2021\/09\/202106Filter-Einsatz__DSC5325-1536x1024.jpg 1536w, https:\/\/simonschoenhoff.de\/wp-content\/uploads\/2021\/09\/202106Filter-Einsatz__DSC5325-1200x800.jpg 1200w, https:\/\/simonschoenhoff.de\/wp-content\/uploads\/2021\/09\/202106Filter-Einsatz__DSC5325-300x200.jpg 300w, https:\/\/simonschoenhoff.de\/wp-content\/uploads\/2021\/09\/202106Filter-Einsatz__DSC5325-1024x682.jpg 1024w, https:\/\/simonschoenhoff.de\/wp-content\/uploads\/2021\/09\/202106Filter-Einsatz__DSC5325-768x512.jpg 768w, https:\/\/simonschoenhoff.de\/wp-content\/uploads\/2021\/09\/202106Filter-Einsatz__DSC5325-500x333.jpg 500w, https:\/\/simonschoenhoff.de\/wp-content\/uploads\/2021\/09\/202106Filter-Einsatz__DSC5325-800x533.jpg 800w, https:\/\/simonschoenhoff.de\/wp-content\/uploads\/2021\/09\/202106Filter-Einsatz__DSC5325-1280x853.jpg 1280w, https:\/\/simonschoenhoff.de\/wp-content\/uploads\/2021\/09\/202106Filter-Einsatz__DSC5325-1920x1280.jpg 1920w, https:\/\/simonschoenhoff.de\/wp-content\/uploads\/2021\/09\/202106Filter-Einsatz__DSC5325-1320x880.jpg 1320w, https:\/\/simonschoenhoff.de\/wp-content\/uploads\/2021\/09\/202106Filter-Einsatz__DSC5325-600x400.jpg 600w, https:\/\/simonschoenhoff.de\/wp-content\/uploads\/2021\/09\/202106Filter-Einsatz__DSC5325.jpg 2000w\" sizes=\"(max-width: 1536px) 100vw, 1536px\">\t\t\t\t\t\t\t\t\t\t\t<figcaption class=\"widget-image-caption wp-caption-text\">Sony a7III + Sony FE 2.8\/16\u201335 mm GM @21 mm, f\/11, 1\/13 s, ISO&nbsp;100<\/figcaption>\n\t\t\t\t\t\t\t\t\t\t<\/figure>\n\t\t\t\t\t\t\t\t\t<\/div>\n\t\t\t\t<\/div>\n\t\t<div class=\"elementor-element elementor-element-f51c314 e-flex e-con-boxed elementor-invisible e-con e-child\" data-id=\"f51c314\" data-element_type=\"container\" data-e-type=\"container\" data-settings=\"{&quot;background_background&quot;:&quot;classic&quot;,&quot;animation&quot;:&quot;zoomIn&quot;}\">\n\t\t\t\t\t<div class=\"e-con-inner\">\n\t\t\t\t<div class=\"elementor-element elementor-element-b71bb1e elementor-widget__width-initial elementor-widget elementor-widget-text-editor\" data-id=\"b71bb1e\" data-element_type=\"widget\" data-e-type=\"widget\" data-widget_type=\"text-editor.default\">\n\t\t\t\t<div class=\"elementor-widget-container\">\n\t\t\t\t\t\t\t\t\t<p style=\"text-align: center;\">Diese und andere Aufnahmen als als Kunst\u00addruck f\u00fcr dein Zuhause kannst du jeder\u00adzeit unter \u201ePrints\u201c direkt bei mir anfragen. Herge\u00adstellt von einem der welt\u00adweit f\u00fchrenden Foto\u00adla\u00adbore in h\u00f6chster Qualit\u00e4t.&nbsp;<\/p>\t\t\t\t\t\t\t\t<\/div>\n\t\t\t\t<\/div>\n\t\t\t\t<div class=\"elementor-element elementor-element-02e6e68 elementor-widget elementor-widget-button\" data-id=\"02e6e68\" data-element_type=\"widget\" data-e-type=\"widget\" data-settings=\"{&quot;_animation_mobile&quot;:&quot;fadeIn&quot;}\" data-widget_type=\"button.default\">\n\t\t\t\t<div class=\"elementor-widget-container\">\n\t\t\t\t\t\t\t\t\t<div class=\"elementor-button-wrapper\">\n\t\t\t\t\t<a class=\"elementor-button elementor-button-link elementor-size-sm elementor-animation-grow\" href=\"https:\/\/simonschoenhoff.de\/en\/prints\/\">\n\t\t\t\t\t\t<span class=\"elementor-button-content-wrapper\">\n\t\t\t\t\t\t<span class=\"elementor-button-icon\">\n\t\t\t\t<i aria-hidden=\"true\" class=\"fas fa-shopping-cart\"><\/i>\t\t\t<\/span>\n\t\t\t\t\t\t\t\t\t<span class=\"elementor-button-text\">Prints<\/span>\n\t\t\t\t\t<\/span>\n\t\t\t\t\t<\/a>\n\t\t\t\t<\/div>\n\t\t\t\t\t\t\t\t<\/div>\n\t\t\t\t<\/div>\n\t\t\t\t\t<\/div>\n\t\t\t\t<\/div>\n\t\t\t\t<div class=\"elementor-element elementor-element-e67a6a4 elementor-widget elementor-widget-text-editor\" data-id=\"e67a6a4\" data-element_type=\"widget\" data-e-type=\"widget\" data-widget_type=\"text-editor.default\">\n\t\t\t\t<div class=\"elementor-widget-container\">\n\t\t\t\t\t\t\t\t\t<p>Der zirku\u00adlare Polfilter und der Grau\u00adfilter erm\u00f6g\u00adli\u00adchen Effekte, die man nicht in der Nach\u00adbe\u00adar\u00adbei\u00adtung erzeugen kann, oder ggf. nur mit sehr viel Aufwand.<\/p>\t\t\t\t\t\t\t\t<\/div>\n\t\t\t\t<\/div>\n\t\t\t\t<\/div>\n\t\t\t\t\t<\/div>\n\t\t\t\t<\/div>\n\t\t<div class=\"elementor-element elementor-element-5c13ffe e-flex e-con-boxed e-con e-parent\" data-id=\"5c13ffe\" data-element_type=\"container\" data-e-type=\"container\">\n\t\t\t\t\t<div class=\"e-con-inner\">\n\t\t<div class=\"elementor-element elementor-element-1b13d31 e-con-full e-flex e-con e-child\" data-id=\"1b13d31\" data-element_type=\"container\" data-e-type=\"container\">\n\t\t\t\t<div class=\"elementor-element elementor-element-fd655b7 elementor-widget elementor-widget-heading\" data-id=\"fd655b7\" data-element_type=\"widget\" data-e-type=\"widget\" data-widget_type=\"heading.default\">\n\t\t\t\t<div class=\"elementor-widget-container\">\n\t\t\t\t\t<h3 class=\"elementor-heading-title elementor-size-default\">Neutral Density Filter<\/h3>\t\t\t\t<\/div>\n\t\t\t\t<\/div>\n\t\t\t\t<div class=\"elementor-element elementor-element-7e98ed3 elementor-widget elementor-widget-text-editor\" data-id=\"7e98ed3\" data-element_type=\"widget\" data-e-type=\"widget\" data-widget_type=\"text-editor.default\">\n\t\t\t\t<div class=\"elementor-widget-container\">\n\t\t\t\t\t\t\t\t\t<p lang=\"de\">Einfach gesagt, verrin\u00adgert der Grau\u00adfilter das Licht, das auf den Sensor trifft. \u00c4hnlich wie eine Sonnen\u00adbrille. Dadurch erm\u00f6g\u00adlicht man l\u00e4ngere Verschluss\u00adzeiten bei glei\u00adchen Kame\u00adra\u00adein\u00adstel\u00adlungen. Und mit Hilfe der l\u00e4ngeren Verschluss\u00adzeiten k\u00f6nnen wiederum verschie\u00addene foto\u00adgra\u00adfi\u00adsche Effekte erzeugt werden. Zum Beispiel<\/p><ul type=\"disc\"><li lang=\"de\">Wasser von Gew\u00e4sser gl\u00e4tten,<\/li><li lang=\"de\">Licht\u00adstreifen vorbei\u00adfah\u00adrender Fahrzeuge,<\/li><li lang=\"de\">Menschen\u00adleere Pl\u00e4tze und&nbsp;Orte,<\/li><li lang=\"de\">Vorbei\u00adzie\u00adhende Wolken als Streifen, etc.<\/li><\/ul>\t\t\t\t\t\t\t\t<\/div>\n\t\t\t\t<\/div>\n\t\t\t\t<div class=\"elementor-element elementor-element-220f814 elementor-widget elementor-widget-heading\" data-id=\"220f814\" data-element_type=\"widget\" data-e-type=\"widget\" data-widget_type=\"heading.default\">\n\t\t\t\t<div class=\"elementor-widget-container\">\n\t\t\t\t\t<h4 class=\"elementor-heading-title elementor-size-default\">Arbeiten mit dem Graufilter<\/h4>\t\t\t\t<\/div>\n\t\t\t\t<\/div>\n\t\t\t\t<div class=\"elementor-element elementor-element-28b99ee elementor-widget elementor-widget-text-editor\" data-id=\"28b99ee\" data-element_type=\"widget\" data-e-type=\"widget\" data-widget_type=\"text-editor.default\">\n\t\t\t\t<div class=\"elementor-widget-container\">\n\t\t\t\t\t\t\t\t\t<p lang=\"de\">In den meisten F\u00e4llen ben\u00f6\u00adtigt man beim Arbeiten mit Grau\u00adfil\u00adtern ein Stativ. Sobald man das Motiv und seine Kompo\u00adsi\u00adtion gefunden hat, nimmt man ohne Filter eine Test\u00adauf\u00adnahme, mit vorein\u00adge\u00adstellter Blende und ISO-Wert auf. \u00dcber das Histo\u00adgramm betrachtet man, ob korrekt belichtet wurde und keine High\u00adlights ausge\u00adbrannt sind und ob der Auto\u00adfokus sa\u00df. Ist die Aufnahme korrekt merkt man sich die verwen\u00addete Belich\u00adtungs\u00adzeit und stellt auf manu\u00adellen Fokus. Letz\u00adteres ist wichtig, weil je nach Filter\u00adst\u00e4rke der Auto\u00adfokus nicht mehr funk\u00adtio\u00adnieren kann.<\/p>\t\t\t\t\t\t\t\t<\/div>\n\t\t\t\t<\/div>\n\t\t\t\t<div class=\"elementor-element elementor-element-d5433db elementor-widget elementor-widget-text-editor\" data-id=\"d5433db\" data-element_type=\"widget\" data-e-type=\"widget\" data-widget_type=\"text-editor.default\">\n\t\t\t\t<div class=\"elementor-widget-container\">\n\t\t\t\t\t\t\t\t\t<p lang=\"de\">Nun empfiehlt es sich auf den manu\u00adellen Modus der Kamera zu stellen. ISO-Wert, Blende einstellen. Je nach Filter\u00adst\u00e4rke wird jetzt die Belich\u00adtungs\u00adzeit berechnet und diese eben\u00adfalls einge\u00adstellt. Ausl\u00f6ser abdr\u00fc\u00adcken fertig. Welche Filter\u00adst\u00e4rke man nutzt, h\u00e4ngt ab davon welchen Effekt man haben m\u00f6chte.<\/p>\t\t\t\t\t\t\t\t<\/div>\n\t\t\t\t<\/div>\n\t\t\t\t<div class=\"elementor-element elementor-element-d6e5a65 elementor-widget elementor-widget-image\" data-id=\"d6e5a65\" data-element_type=\"widget\" data-e-type=\"widget\" data-widget_type=\"image.default\">\n\t\t\t\t<div class=\"elementor-widget-container\">\n\t\t\t\t\t\t\t\t\t\t\t\t<figure class=\"wp-caption\">\n\t\t\t\t\t\t\t\t\t\t<img decoding=\"async\" width=\"1536\" height=\"1024\" src=\"https:\/\/simonschoenhoff.de\/wp-content\/uploads\/2021\/09\/202106Filter-Einsatz_DSC_2053-1536x1024.jpg\" class=\"attachment-1536x1536 size-1536x1536 wp-image-2280\" alt srcset=\"https:\/\/simonschoenhoff.de\/wp-content\/uploads\/2021\/09\/202106Filter-Einsatz_DSC_2053-1536x1024.jpg 1536w, https:\/\/simonschoenhoff.de\/wp-content\/uploads\/2021\/09\/202106Filter-Einsatz_DSC_2053-1200x800.jpg 1200w, https:\/\/simonschoenhoff.de\/wp-content\/uploads\/2021\/09\/202106Filter-Einsatz_DSC_2053-300x200.jpg 300w, https:\/\/simonschoenhoff.de\/wp-content\/uploads\/2021\/09\/202106Filter-Einsatz_DSC_2053-1024x682.jpg 1024w, https:\/\/simonschoenhoff.de\/wp-content\/uploads\/2021\/09\/202106Filter-Einsatz_DSC_2053-768x512.jpg 768w, https:\/\/simonschoenhoff.de\/wp-content\/uploads\/2021\/09\/202106Filter-Einsatz_DSC_2053-500x333.jpg 500w, https:\/\/simonschoenhoff.de\/wp-content\/uploads\/2021\/09\/202106Filter-Einsatz_DSC_2053-800x533.jpg 800w, https:\/\/simonschoenhoff.de\/wp-content\/uploads\/2021\/09\/202106Filter-Einsatz_DSC_2053-1280x853.jpg 1280w, https:\/\/simonschoenhoff.de\/wp-content\/uploads\/2021\/09\/202106Filter-Einsatz_DSC_2053-1920x1280.jpg 1920w, https:\/\/simonschoenhoff.de\/wp-content\/uploads\/2021\/09\/202106Filter-Einsatz_DSC_2053-1320x880.jpg 1320w, https:\/\/simonschoenhoff.de\/wp-content\/uploads\/2021\/09\/202106Filter-Einsatz_DSC_2053-600x400.jpg 600w, https:\/\/simonschoenhoff.de\/wp-content\/uploads\/2021\/09\/202106Filter-Einsatz_DSC_2053.jpg 2000w\" sizes=\"(max-width: 1536px) 100vw, 1536px\">\t\t\t\t\t\t\t\t\t\t\t<figcaption class=\"widget-image-caption wp-caption-text\">Nikon D7200 + Sigma 18\u201335 mm f1:1.8 A @28 mm, f\/16, 2 s, ISO&nbsp;100<\/figcaption>\n\t\t\t\t\t\t\t\t\t\t<\/figure>\n\t\t\t\t\t\t\t\t\t<\/div>\n\t\t\t\t<\/div>\n\t\t\t\t<div class=\"elementor-element elementor-element-c32c718 elementor-widget elementor-widget-heading\" data-id=\"c32c718\" data-element_type=\"widget\" data-e-type=\"widget\" data-widget_type=\"heading.default\">\n\t\t\t\t<div class=\"elementor-widget-container\">\n\t\t\t\t\t<h4 class=\"elementor-heading-title elementor-size-default\">Berech\u00adnung der Belich\u00adtungs\u00adzeit und Auswahl der Filter-St\u00e4rke<\/h4>\t\t\t\t<\/div>\n\t\t\t\t<\/div>\n\t\t\t\t<div class=\"elementor-element elementor-element-ce4943b elementor-widget elementor-widget-text-editor\" data-id=\"ce4943b\" data-element_type=\"widget\" data-e-type=\"widget\" data-widget_type=\"text-editor.default\">\n\t\t\t\t<div class=\"elementor-widget-container\">\n\t\t\t\t\t\t\t\t\t<p lang=\"de\">Hierzu gibt es gen\u00fc\u00adgend ND-Filter-Kalku\u00adlator-Apps, wie Photo Pills, o.\u00e4. Nehmen wir an, wir hatten bei der Test\u00adauf\u00adnahme eine Belich\u00adtungs\u00adzeit von 1\/100&nbsp;Sek.<\/p>\t\t\t\t\t\t\t\t<\/div>\n\t\t\t\t<\/div>\n\t\t\t\t<div class=\"elementor-element elementor-element-131a043 elementor-widget elementor-widget-text-editor\" data-id=\"131a043\" data-element_type=\"widget\" data-e-type=\"widget\" data-widget_type=\"text-editor.default\">\n\t\t\t\t<div class=\"elementor-widget-container\">\n\t\t\t\t\t\t\t\t\t<p lang=\"de\">M\u00f6chte ich einen Fluss\u00adlauf oder einen Wasser\u00adfall mit sch\u00f6nem weichen Wasser darstellen, so ist das Wasser zwar nicht mehr einge\u00adfroren, die Belich\u00adtungs\u00adzeit aber noch etwas zu kurz. Ein ND0.9 (manche sagen auch ND8) Filter verl\u00e4n\u00adgert die Belich\u00adtungs\u00adzeit um das 8\u2011fache.<\/p><p lang=\"de\">1\/100 Sek = 0,01 Sek \u2013&gt; mal 8 = 0,08 Sek. Was in etwa 1\/15 Sek. (Einstell\u00adbarer Wert in der Kamera) entspricht. Das w\u00fcrde f\u00fcr unseren Effekt gege\u00adbe\u00adnen\u00adfalls schon reichen.<\/p>\t\t\t\t\t\t\t\t<\/div>\n\t\t\t\t<\/div>\n\t\t\t\t<div class=\"elementor-element elementor-element-c7950e3 elementor-widget elementor-widget-text-editor\" data-id=\"c7950e3\" data-element_type=\"widget\" data-e-type=\"widget\" data-widget_type=\"text-editor.default\">\n\t\t\t\t<div class=\"elementor-widget-container\">\n\t\t\t\t\t\t\t\t\t<p lang=\"de\">Besser w\u00e4re wahr\u00adschein\u00adlich ein ND1.8 (oder wie auch gesagt wird ND64). Er verl\u00e4n\u00adgert die Belich\u00adtungs\u00adzeit um den Faktor 64.<\/p><p lang=\"de\">1\/100 Sek. = 0,01 Sek. \u2013&gt; mal 64 = 0,6&nbsp;Sek.<\/p>\t\t\t\t\t\t\t\t<\/div>\n\t\t\t\t<\/div>\n\t\t\t\t<div class=\"elementor-element elementor-element-20cf89e elementor-widget elementor-widget-text-editor\" data-id=\"20cf89e\" data-element_type=\"widget\" data-e-type=\"widget\" data-widget_type=\"text-editor.default\">\n\t\t\t\t<div class=\"elementor-widget-container\">\n\t\t\t\t\t\t\t\t\t<p lang=\"de\">In Kombi\u00adna\u00adtion der beiden Filter errei\u00adchen wir 0,01 Sek x 8 x 64 = 5,1&nbsp;Sek.<\/p><p lang=\"de\">Wir k\u00f6nnten also gut 5 Sek. Belichten<\/p>\t\t\t\t\t\t\t\t<\/div>\n\t\t\t\t<\/div>\n\t\t<div class=\"elementor-element elementor-element-0f3b55d e-con-full e-flex e-con e-child\" data-id=\"0f3b55d\" data-element_type=\"container\" data-e-type=\"container\">\n\t\t<div class=\"elementor-element elementor-element-b0a8593 e-con-full e-flex e-con e-child\" data-id=\"b0a8593\" data-element_type=\"container\" data-e-type=\"container\">\n\t\t\t\t<div class=\"elementor-element elementor-element-7d51698 elementor-widget elementor-widget-image\" data-id=\"7d51698\" data-element_type=\"widget\" data-e-type=\"widget\" data-widget_type=\"image.default\">\n\t\t\t\t<div class=\"elementor-widget-container\">\n\t\t\t\t\t\t\t\t\t\t\t\t<figure class=\"wp-caption\">\n\t\t\t\t\t\t\t\t\t\t<img decoding=\"async\" width=\"1152\" height=\"1536\" src=\"https:\/\/simonschoenhoff.de\/wp-content\/uploads\/2021\/09\/202106Filter-Einsatz_DSC07891-1152x1536.jpg\" class=\"attachment-1536x1536 size-1536x1536 wp-image-2283\" alt srcset=\"https:\/\/simonschoenhoff.de\/wp-content\/uploads\/2021\/09\/202106Filter-Einsatz_DSC07891-1152x1536.jpg 1152w, https:\/\/simonschoenhoff.de\/wp-content\/uploads\/2021\/09\/202106Filter-Einsatz_DSC07891-1200x1600.jpg 1200w, https:\/\/simonschoenhoff.de\/wp-content\/uploads\/2021\/09\/202106Filter-Einsatz_DSC07891-225x300.jpg 225w, https:\/\/simonschoenhoff.de\/wp-content\/uploads\/2021\/09\/202106Filter-Einsatz_DSC07891-768x1024.jpg 768w, https:\/\/simonschoenhoff.de\/wp-content\/uploads\/2021\/09\/202106Filter-Einsatz_DSC07891-500x667.jpg 500w, https:\/\/simonschoenhoff.de\/wp-content\/uploads\/2021\/09\/202106Filter-Einsatz_DSC07891-800x1067.jpg 800w, https:\/\/simonschoenhoff.de\/wp-content\/uploads\/2021\/09\/202106Filter-Einsatz_DSC07891-1280x1707.jpg 1280w, https:\/\/simonschoenhoff.de\/wp-content\/uploads\/2021\/09\/202106Filter-Einsatz_DSC07891-1320x1760.jpg 1320w, https:\/\/simonschoenhoff.de\/wp-content\/uploads\/2021\/09\/202106Filter-Einsatz_DSC07891-600x800.jpg 600w, https:\/\/simonschoenhoff.de\/wp-content\/uploads\/2021\/09\/202106Filter-Einsatz_DSC07891.jpg 1500w\" sizes=\"(max-width: 1152px) 100vw, 1152px\">\t\t\t\t\t\t\t\t\t\t\t<figcaption class=\"widget-image-caption wp-caption-text\">Sony a7III + Sony FE 2.8\/16\u201335 mm GM @16 mm, f\/13, 30 s, ISO&nbsp;100<\/figcaption>\n\t\t\t\t\t\t\t\t\t\t<\/figure>\n\t\t\t\t\t\t\t\t\t<\/div>\n\t\t\t\t<\/div>\n\t\t\t\t<\/div>\n\t\t<div class=\"elementor-element elementor-element-5912452 e-con-full e-flex e-con e-child\" data-id=\"5912452\" data-element_type=\"container\" data-e-type=\"container\">\n\t\t\t\t<div class=\"elementor-element elementor-element-b59fb92 elementor-widget elementor-widget-text-editor\" data-id=\"b59fb92\" data-element_type=\"widget\" data-e-type=\"widget\" data-widget_type=\"text-editor.default\">\n\t\t\t\t<div class=\"elementor-widget-container\">\n\t\t\t\t\t\t\t\t\t<p>M\u00f6chte ich aber keinen Wasser\u00adfall, sondern Leucht\u00adstreifen der Lichter vorbei\u00adfah\u00adrender Autos foto\u00adgra\u00adfieren, so m\u00f6chte ich wahr\u00adschein\u00adlich eine noch l\u00e4ngere Belich\u00adtungs\u00adzeit. Also w\u00e4hle ich den ND3.0 (oder anders benannt, den ND1000). Aus 0,01 Sek. mache ich, durch den Faktor 1000 eine Belich\u00adtungs\u00adzeit von 10&nbsp;Sek.<\/p>\t\t\t\t\t\t\t\t<\/div>\n\t\t\t\t<\/div>\n\t\t\t\t<div class=\"elementor-element elementor-element-137c71f elementor-widget elementor-widget-text-editor\" data-id=\"137c71f\" data-element_type=\"widget\" data-e-type=\"widget\" data-widget_type=\"text-editor.default\">\n\t\t\t\t<div class=\"elementor-widget-container\">\n\t\t\t\t\t\t\t\t\t<p lang=\"de\">F\u00fcr einen Menschen\u00adleeren Platz oder vorbei\u00adzie\u00adhenden Wolken w\u00fcrde ich vorschlagen Minuten lang zu belichten, also ben\u00f6\u00adtigen wir wieder eine Kombi\u00adna\u00adtion von zwei Filtern. Beispiels\u00adweise ND1000 +&nbsp;ND64:<\/p><p lang=\"de\">0,01 Sek * 1000 * 64 = 640 Sek. Was ca. 10min und 40 Sek. Belich\u00adtungs\u00adzeit entspricht.<\/p>\t\t\t\t\t\t\t\t<\/div>\n\t\t\t\t<\/div>\n\t\t\t\t<div class=\"elementor-element elementor-element-57b0c3e elementor-widget elementor-widget-text-editor\" data-id=\"57b0c3e\" data-element_type=\"widget\" data-e-type=\"widget\" data-widget_type=\"text-editor.default\">\n\t\t\t\t<div class=\"elementor-widget-container\">\n\t\t\t\t\t\t\t\t\t<p>Wem das wiederum zu lange ist, kann den ISO-Wert verdop\u00adpeln (bspw. von 100 auf 200, oder von 200 auf 400) und erh\u00e4lt eine halbierte Belich\u00adtungs\u00adzeit von 5min und 20 Sek. So kann man mit Hilfe von Grau\u00adfil\u00adtern seine Belich\u00adtungs\u00adzeit steuern und f\u00fcr seine Effekte nutzen.<\/p>\t\t\t\t\t\t\t\t<\/div>\n\t\t\t\t<\/div>\n\t\t\t\t<div class=\"elementor-element elementor-element-7b5e307 elementor-widget elementor-widget-text-editor\" data-id=\"7b5e307\" data-element_type=\"widget\" data-e-type=\"widget\" data-widget_type=\"text-editor.default\">\n\t\t\t\t<div class=\"elementor-widget-container\">\n\t\t\t\t\t\t\t\t\t<p>\u00dcbri\u00adgens bei solch langen Belich\u00adtungs\u00adzeiten kommt es nicht auf Sekunden an. Wenn man etwas l\u00e4nger oder k\u00fcrzer belichtet ist der unter\u00adschied kaum merk\u00adlich, d.h. die Zeit zu stoppen ist sinn\u00advoll, aber reicht grob&nbsp;aus.<\/p>\t\t\t\t\t\t\t\t<\/div>\n\t\t\t\t<\/div>\n\t\t\t\t<div class=\"elementor-element elementor-element-78ca66a elementor-widget elementor-widget-text-editor\" data-id=\"78ca66a\" data-element_type=\"widget\" data-e-type=\"widget\" data-widget_type=\"text-editor.default\">\n\t\t\t\t<div class=\"elementor-widget-container\">\n\t\t\t\t\t\t\t\t\t<p lang=\"de\">Ein weiterer wich\u00adtiger Hinweis: Bei Lang\u00adzeit\u00adbe\u00adlich\u00adtungen in den Morgen und Abend\u00adstunden \u00e4ndert sich das verf\u00fcg\u00adbare Licht ziem\u00adlich schnell. Solltet ihr eben bei der Test\u00adauf\u00adnahme noch 1\/100 Sek. Gemessen haben, so kann schon eine Minute sp\u00e4ter nur noch 1\/80 oder 1\/50 korrekt sein. Lang\u00adzeit\u00adbe\u00adlich\u00adtungen also unbe\u00addingt l\u00e4nger laufen lassen als berechnet. Dabei kann es sich schnell um Minuten handeln.<\/p>\t\t\t\t\t\t\t\t<\/div>\n\t\t\t\t<\/div>\n\t\t\t\t<\/div>\n\t\t\t\t<\/div>\n\t\t\t\t<\/div>\n\t\t\t\t\t<\/div>\n\t\t\t\t<\/div>\n\t\t<div class=\"elementor-element elementor-element-20d4784 e-flex e-con-boxed e-con e-parent\" data-id=\"20d4784\" data-element_type=\"container\" data-e-type=\"container\">\n\t\t\t\t\t<div class=\"e-con-inner\">\n\t\t<div class=\"elementor-element elementor-element-98efab8 e-con-full e-flex e-con e-child\" data-id=\"98efab8\" data-element_type=\"container\" data-e-type=\"container\">\n\t\t\t\t<div class=\"elementor-element elementor-element-7b7cb38 elementor-widget elementor-widget-heading\" data-id=\"7b7cb38\" data-element_type=\"widget\" data-e-type=\"widget\" data-widget_type=\"heading.default\">\n\t\t\t\t<div class=\"elementor-widget-container\">\n\t\t\t\t\t<h3 class=\"elementor-heading-title elementor-size-default\">Zirku\u00adlarer Polfilter<\/h3>\t\t\t\t<\/div>\n\t\t\t\t<\/div>\n\t\t\t\t<div class=\"elementor-element elementor-element-ba22aeb elementor-widget elementor-widget-text-editor\" data-id=\"ba22aeb\" data-element_type=\"widget\" data-e-type=\"widget\" data-widget_type=\"text-editor.default\">\n\t\t\t\t<div class=\"elementor-widget-container\">\n\t\t\t\t\t\t\t\t\t<p lang=\"de\">Die Wirk\u00adweise des Polfil\u00adters kann man sich verein\u00adfacht so vorstellen, dass er Licht, dass in alle Rich\u00adtungen von Licht\u00adquellen und reflek\u00adtie\u00adrenden Ober\u00adfl\u00e4\u00adchen ausge\u00adstreut wird, nur in einer bestimmten Rich\u00adtung hindurch\u00adl\u00e4sst. Er gilt als der einzige Filter, dessen Effekt man nicht wirk\u00adlich durch die Bild\u00adnach\u00adbe\u00adar\u00adbei\u00adtung erzeugen kann. Foto\u00adgra\u00adfisch nutzen l\u00e4sst sich der Filter f\u00fcr<\/p><ul type=\"disc\"><li lang=\"de\">S\u00e4ttigen eines blauen Himmels und verst\u00e4rken von Wolkenstrukturen,<\/li><li lang=\"de\">Farben eines Regen\u00adbogen verst\u00e4rken<\/li><li lang=\"de\">S\u00e4ttigen der von feuchten Bl\u00e4t\u00adtern durch wegnehmen von Reflektionen,<\/li><li lang=\"de\">Reflek\u00adtionen an ruhigen Gew\u00e4s\u00adsern, Scheiben, o.\u00e4. verst\u00e4rken oder abschw\u00e4\u00adchen,&nbsp;etc.<\/li><\/ul><p lang=\"de\">Auch der zirku\u00adlare Polfilter nimmt ein wenig Licht weg, wodurch man meist eine 1 \u2013 2 Stops l\u00e4ngere Belich\u00adtungs\u00adzeit ben\u00f6tigt.<\/p>\t\t\t\t\t\t\t\t<\/div>\n\t\t\t\t<\/div>\n\t\t\t\t<div class=\"elementor-element elementor-element-f78f7e6 elementor-widget elementor-widget-heading\" data-id=\"f78f7e6\" data-element_type=\"widget\" data-e-type=\"widget\" data-widget_type=\"heading.default\">\n\t\t\t\t<div class=\"elementor-widget-container\">\n\t\t\t\t\t<h4 class=\"elementor-heading-title elementor-size-default\">Einsatz des Polfilters<\/h4>\t\t\t\t<\/div>\n\t\t\t\t<\/div>\n\t\t\t\t<div class=\"elementor-element elementor-element-57fc903 elementor-widget elementor-widget-text-editor\" data-id=\"57fc903\" data-element_type=\"widget\" data-e-type=\"widget\" data-widget_type=\"text-editor.default\">\n\t\t\t\t<div class=\"elementor-widget-container\">\n\t\t\t\t\t\t\t\t\t<p>Das Arbeiten mit Polfil\u00adtern ist nicht ganz so mathe\u00adma\u00adtisch, erfor\u00addert dennoch ein wenig \u00dcbung und Geschick.<\/p><p>M\u00f6chte ich den Polfilter nutzen, um Himmels\u00adblau und Wolken\u00adstruk\u00adturen zu verst\u00e4rken, so ist es ideal 90\u00b0 zur Licht\u00adquelle (Sonne) zu stehen. Steht die Sonne im S\u00fcden, so foto\u00adgra\u00adfiere ich also am Besten in Rich\u00adtung Westen oder Osten f\u00fcr den gr\u00f6\u00dften Effekt. Durch drehen des Filters am Objektiv kann ich den Effekt verst\u00e4rken oder abschw\u00e4\u00adchen. Nicht immer ist es sinn\u00advoll den Effekt komplett hinein\u00adzu\u00addrehen. Manchmal kann der Kontrast dadurch unna\u00adt\u00fcr\u00adlich hoch werden.&nbsp;<\/p><p>Foto\u00adgra\u00adfiert man im Weit\u00adwin\u00adkel\u00adbe\u00adreich, kann es zudem vorkommen, dass beson\u00adders bei sehr kleinen Brenn\u00adweiten, bei denen der Blick\u00adwinkel an die 90\u00b0 (Brenn\u00adweite &lt;20mm) ist, der Effekt nur an einem Bild\u00adbe\u00adreich wirkt, da die Licht\u00adrich\u00adtung durch den weiten Blick\u00adwinkel an den R\u00e4ndern nicht mehr 90\u00b0 zu Sonne sondern nur noch 45\u00b0 betr\u00e4gt.<\/p><p>Wenn ich in den Wald gehe zum Foto\u00adgra\u00adfieren ist der Polfilter schon fast unab\u00addingbar. H\u00e4ufig sind die Bl\u00e4tter leicht feucht und reflek\u00adtieren somit viel wei\u00dfes Licht. Daher fehlen Farben der Natur und die Bilder wirken fad. Mit dem eindrehen des Polfilter-Effektes nehme ich diese Reflek\u00adtionen von der Ober\u00adfl\u00e4che der Pflanzen und erreiche wie von Zauber\u00adhand eine sch\u00f6n ges\u00e4t\u00adtigte, m\u00e4rchen\u00adhafte Stim\u00admung im&nbsp;Wald.<\/p><p>In folgendem Bild, wird der Effekt des Polfil\u00adters deut\u00adlich. Vorher: ohne Polfilter, Nachher: mit einge\u00addrehtem Polfilter.<\/p>\t\t\t\t\t\t\t\t<\/div>\n\t\t\t\t<\/div>\n\t\t\t\t<div class=\"elementor-element elementor-element-e21238c elementor-widget elementor-widget-text-editor\" data-id=\"e21238c\" data-element_type=\"widget\" data-e-type=\"widget\" data-widget_type=\"text-editor.default\">\n\t\t\t\t<div class=\"elementor-widget-container\">\n\t\t\t\t\t\t\t\t\t<p style=\"text-align: center;\"><span style=\"font-size: 10pt; color: #999999;\"><em>Sony a7III + Sony SEL 4\/16\u201335 mm Zeiss @16 mm, f\/16, 6 s, ISO&nbsp;100<\/em><\/span><\/p>\t\t\t\t\t\t\t\t<\/div>\n\t\t\t\t<\/div>\n\t\t\t\t<div class=\"elementor-element elementor-element-e3791fa elementor-widget elementor-widget-text-editor\" data-id=\"e3791fa\" data-element_type=\"widget\" data-e-type=\"widget\" data-widget_type=\"text-editor.default\">\n\t\t\t\t<div class=\"elementor-widget-container\">\n\t\t\t\t\t\t\t\t\t<p>In ruhigen Gew\u00e4s\u00adsern, kann es f\u00fcr die Kompo\u00adsi\u00adtion sch\u00f6n sein, Reflek\u00adtionen der Wasser\u00adober\u00adfl\u00e4che mit dem Polfilter heraus\u00adzu\u00addrehen. So kann ich beispiels\u00adweise Steine unter\u00adhalb der Ober\u00adfl\u00e4che sichtbar machen. Au\u00dferdem ist es m\u00f6glich die Farbe des Wassers wesent\u00adlich deut\u00adli\u00adcher auf das Foto zu bringen. Nat\u00fcr\u00adlich kann ich auch das Gegen\u00adtei\u00adlige erzeugen und so Reflek\u00adtionen verst\u00e4rken, wenn ich das haben m\u00f6chte. Ich empfehle daher immer beide Aufnahmen zu machen, denn zu Hause l\u00f6schen kann man es immer&nbsp;noch.<\/p>\t\t\t\t\t\t\t\t<\/div>\n\t\t\t\t<\/div>\n\t\t\t\t<\/div>\n\t\t\t\t\t<\/div>\n\t\t\t\t<\/div>\n\t\t\t\t<\/div>","protected":false},"excerpt":{"rendered":"<p>Was sind Filter? Welche Filter gibt es? Wann und f\u00fcr was setze ich sie in die Land\u00adschafts\u00adfo\u00adto\u00adgrafie ein? In diesem Blog-Beitrag gibt es die Antworten.<\/p>","protected":false},"author":1,"featured_media":8204,"comment_status":"open","ping_status":"open","sticky":false,"template":"","format":"standard","meta":{"wp_typography_post_enhancements_disabled":false,"footnotes":""},"categories":[4,5],"tags":[79],"class_list":["post-2284","post","type-post","status-publish","format-standard","has-post-thumbnail","hentry","category-blog","category-fotografie-tipps","tag-filter"],"_links":{"self":[{"href":"https:\/\/simonschoenhoff.de\/en\/wp-json\/wp\/v2\/posts\/2284","targetHints":{"allow":["GET"]}}],"collection":[{"href":"https:\/\/simonschoenhoff.de\/en\/wp-json\/wp\/v2\/posts"}],"about":[{"href":"https:\/\/simonschoenhoff.de\/en\/wp-json\/wp\/v2\/types\/post"}],"author":[{"embeddable":true,"href":"https:\/\/simonschoenhoff.de\/en\/wp-json\/wp\/v2\/users\/1"}],"replies":[{"embeddable":true,"href":"https:\/\/simonschoenhoff.de\/en\/wp-json\/wp\/v2\/comments?post=2284"}],"version-history":[{"count":41,"href":"https:\/\/simonschoenhoff.de\/en\/wp-json\/wp\/v2\/posts\/2284\/revisions"}],"predecessor-version":[{"id":10170,"href":"https:\/\/simonschoenhoff.de\/en\/wp-json\/wp\/v2\/posts\/2284\/revisions\/10170"}],"wp:featuredmedia":[{"embeddable":true,"href":"https:\/\/simonschoenhoff.de\/en\/wp-json\/wp\/v2\/media\/8204"}],"wp:attachment":[{"href":"https:\/\/simonschoenhoff.de\/en\/wp-json\/wp\/v2\/media?parent=2284"}],"wp:term":[{"taxonomy":"category","embeddable":true,"href":"https:\/\/simonschoenhoff.de\/en\/wp-json\/wp\/v2\/categories?post=2284"},{"taxonomy":"post_tag","embeddable":true,"href":"https:\/\/simonschoenhoff.de\/en\/wp-json\/wp\/v2\/tags?post=2284"}],"curies":[{"name":"wp","href":"https:\/\/api.w.org\/{rel}","templated":true}]}}