{"id":17472,"date":"2026-05-01T18:45:00","date_gmt":"2026-05-01T16:45:00","guid":{"rendered":"https:\/\/simonschoenhoff.de\/?p=17472"},"modified":"2026-05-01T17:25:40","modified_gmt":"2026-05-01T15:25:40","slug":"berchtesgaden-watzmann-gesucht-zeigt-er-sich","status":"publish","type":"post","link":"https:\/\/simonschoenhoff.de\/en\/berchtesgaden-watzmann-gesucht-zeigt-er-sich\/","title":{"rendered":"Berch\u00adtes\u00adgaden: Watz\u00admann gesucht! Zeigt er&nbsp;sich?"},"content":{"rendered":"<div data-elementor-type=\"wp-post\" data-elementor-id=\"17472\" class=\"elementor elementor-17472\" data-elementor-post-type=\"post\">\n\t\t\t\t<div class=\"elementor-element elementor-element-3148865 e-flex e-con-boxed e-con e-parent\" data-id=\"3148865\" data-element_type=\"container\" data-e-type=\"container\">\n\t\t\t\t\t<div class=\"e-con-inner\">\n\t\t\t\t<div class=\"elementor-element elementor-element-a6d9875 elementor-widget elementor-widget-menu-anchor\" data-id=\"a6d9875\" data-element_type=\"widget\" data-e-type=\"widget\" data-widget_type=\"menu-anchor.default\">\n\t\t\t\t<div class=\"elementor-widget-container\">\n\t\t\t\t\t\t\t<div class=\"elementor-menu-anchor\" id=\"seite\"><\/div>\n\t\t\t\t\t\t<\/div>\n\t\t\t\t<\/div>\n\t\t\t\t<div class=\"elementor-element elementor-element-59d4a69 elementor-widget elementor-widget-heading\" data-id=\"59d4a69\" data-element_type=\"widget\" data-e-type=\"widget\" data-widget_type=\"heading.default\">\n\t\t\t\t<div class=\"elementor-widget-container\">\n\t\t\t\t\t<h2 class=\"elementor-heading-title elementor-size-default\">Berch\u00adtes\u00adgaden: Watz\u00admann gesucht! Zeigt er&nbsp;sich?<\/h2>\t\t\t\t<\/div>\n\t\t\t\t<\/div>\n\t\t\t\t<div class=\"elementor-element elementor-element-c706a87 elementor-widget elementor-widget-text-editor\" data-id=\"c706a87\" data-element_type=\"widget\" data-e-type=\"widget\" data-widget_type=\"text-editor.default\">\n\t\t\t\t<div class=\"elementor-widget-container\">\n\t\t\t\t\t\t\t\t\t<a href=\"https:\/\/simonschoenhoff.de\/en\/tag\/berchtesgaden\/\" rel=\"tag\">Berch\u00adtes\u00adgaden<\/a>, <a href=\"https:\/\/simonschoenhoff.de\/en\/tag\/deutschland\/\" rel=\"tag\">Germany<\/a>, <a href=\"https:\/\/simonschoenhoff.de\/en\/tag\/foto-spots\/\" rel=\"tag\">Foto-Spots<\/a>, <a href=\"https:\/\/simonschoenhoff.de\/en\/tag\/landschaftsfotografie\/\" rel=\"tag\">land\u00adsca\u00adpe\u00adpho\u00adto\u00adgraphy<\/a>\t\t\t\t\t\t\t\t<\/div>\n\t\t\t\t<\/div>\n\t\t\t\t<div class=\"elementor-element elementor-element-48bdcae elementor-widget elementor-widget-text-editor\" data-id=\"48bdcae\" data-element_type=\"widget\" data-e-type=\"widget\" data-widget_type=\"text-editor.default\">\n\t\t\t\t<div class=\"elementor-widget-container\">\n\t\t\t\t\t\t\t\t\tDie Woche in Berch\u00adtes\u00adgaden ist schon fast um und immer noch liegt diese winter\u00adliche K\u00e4lte in den T\u00e4lern und der Schnee der vergan\u00adgenen Wochen auf den Bergen um uns herum. Zuge\u00adgeben, von den Bergen bekamen wir noch nicht allzu viel zu sehen. St\u00e4ndig hingen die Wolken auf 2000m, darunter h\u00e4ufig auch Nebel in den Niede\u00adrungen. An sich, kann das foto\u00adgra\u00adfisch ja durchaus inter\u00ades\u00adsant sein, aber nicht, wenn man Berge auf den Bildern sehen m\u00f6chte. Den Hoch\u00adkalter am Hintersee oder den Watz\u00admann hinter Berch\u00adtes\u00adgaden. Bereit dazu jeden Augen\u00adblick zu nutzen, wenn er sich bietet schaute ich gespannt auf den Wetter\u00adbe\u00adricht f\u00fcr die letzten zwei Morgen in Berchtesgaden.&nbsp;<\/div>\n\t\t\t\t<\/div>\n\t\t\t\t\t<\/div>\n\t\t\t\t<\/div>\n\t\t<div class=\"elementor-element elementor-element-f0391a6 e-con-full e-flex e-con e-parent\" data-id=\"f0391a6\" data-element_type=\"container\" data-e-type=\"container\" data-settings=\"{&quot;background_background&quot;:&quot;classic&quot;}\">\n\t\t\t\t<div class=\"elementor-element elementor-element-03684d9 elementor-widget elementor-widget-text-editor\" data-id=\"03684d9\" data-element_type=\"widget\" data-e-type=\"widget\" data-widget_type=\"text-editor.default\">\n\t\t\t\t<div class=\"elementor-widget-container\">\n\t\t\t\t\t\t\t\t\t<p style=\"text-align: center;\">You can see the VLOG to the BLOG at the bottom of the page or you can reach it via this button:<\/p>\t\t\t\t\t\t\t\t<\/div>\n\t\t\t\t<\/div>\n\t\t\t\t<div class=\"elementor-element elementor-element-c35a469 elementor-align-center elementor-widget elementor-widget-button\" data-id=\"c35a469\" data-element_type=\"widget\" data-e-type=\"widget\" data-widget_type=\"button.default\">\n\t\t\t\t<div class=\"elementor-widget-container\">\n\t\t\t\t\t\t\t\t\t<div class=\"elementor-button-wrapper\">\n\t\t\t\t\t<a class=\"elementor-button elementor-button-link elementor-size-sm\" href=\"#vlog\">\n\t\t\t\t\t\t<span class=\"elementor-button-content-wrapper\">\n\t\t\t\t\t\t\t\t\t<span class=\"elementor-button-text\">Directly to the&nbsp;video<\/span>\n\t\t\t\t\t<\/span>\n\t\t\t\t\t<\/a>\n\t\t\t\t<\/div>\n\t\t\t\t\t\t\t\t<\/div>\n\t\t\t\t<\/div>\n\t\t\t\t<\/div>\n\t\t<div class=\"elementor-element elementor-element-6a5c094 e-flex e-con-boxed e-con e-parent\" data-id=\"6a5c094\" data-element_type=\"container\" data-e-type=\"container\">\n\t\t\t\t\t<div class=\"e-con-inner\">\n\t\t\t\t<div class=\"elementor-element elementor-element-aab5bf1 elementor-widget elementor-widget-heading\" data-id=\"aab5bf1\" data-element_type=\"widget\" data-e-type=\"widget\" data-widget_type=\"heading.default\">\n\t\t\t\t<div class=\"elementor-widget-container\">\n\t\t\t\t\t<h3 class=\"elementor-heading-title elementor-size-default\">Der letzte Tag vor der Abreise<\/h3>\t\t\t\t<\/div>\n\t\t\t\t<\/div>\n\t\t\t\t<div class=\"elementor-element elementor-element-2cb2e7c elementor-widget elementor-widget-text-editor\" data-id=\"2cb2e7c\" data-element_type=\"widget\" data-e-type=\"widget\" data-widget_type=\"text-editor.default\">\n\t\t\t\t<div class=\"elementor-widget-container\">\n\t\t\t\t\t\t\t\t\t<p>Es war der Tag vor Ostern und damit der letzte Tag vor unserer Abreise. Oster\u00adsonn\u00adtags sollte es schon wieder nach Hause gehen. Also musste ich diesen Morgen nutzen, um noch irgendwas span\u00adnendes zu foto\u00adgra\u00adfieren. Der Wetter\u00adbe\u00adricht sagte f\u00fcr Berch\u00adtes\u00adgaden keine gute Bedin\u00adgungen voraus, einzig am Hintersee, 15 min entfernt mit dem Auto, besteht die kleine Wahr\u00adschein\u00adlich\u00adkeit auf eine Wolken\u00adl\u00fccke. Ob sie gro\u00df genug sein sollte, dass die Sonne auch im rich\u00adtigen Moment durch\u00adkommt, das wird sich zeigen. Die Chance war jeden\u00adfalls nicht beson\u00adders&nbsp;gro\u00df.&nbsp;<\/p><p>Ich w\u00fcrde mich hinterher jeden\u00adfalls \u00e4rgern, wenn ich es nicht versucht h\u00e4tte, mehr noch, als wenn ich umsonst aufge\u00adstanden w\u00e4re, da bin ich mir sicher. Also schlich ich mich aus unserer Feri\u00aden\u00adwoh\u00adnung, so gut es ging, und war bereits eine Vier\u00adtel\u00adstunde sp\u00e4ter am Park\u00adplatz am Hintersee. Von unserem <span style=\"color: #ff9900;\"><a style=\"color: #ff9900;\" href=\"https:\/\/simonschoenhoff.de\/en\/berchtesgaden-fruehling-geplant-winter-bekommen\/\">Besuch im Schnee\u00adge\u00adst\u00f6ber<\/a><\/span> ein paar Tage zuvor, kannte ich den Weg zu den kleinen Inseln im See, auf denen die B\u00e4ume wuchsen, die gepaart mit dem Hoch\u00adkalter im Hinter\u00adgrund eine tolle Szene abgaben. Schon bei Ankunft war das Berg\u00admassiv zu sehen und die Wolken\u00addecke wirkte \u201ebr\u00fcchiger\u201c als an den Tagen zuvor. Die Hoff\u00adnung also blieb, viel\u00adleicht ein wenig Licht auf den Berg\u00adgip\u00adfeln zu bekommen.&nbsp;<\/p><p>Ich tauschte mein <span style=\"color: #ff9900;\"><a style=\"color: #ff9900;\" href=\"https:\/\/amzn.to\/4uhcIMm\">24\u2013105<\/a><\/span>(*) gegen mein <span style=\"color: #ff9900;\"><a style=\"color: #ff9900;\" href=\"https:\/\/amzn.to\/3OKxHbp\">16\u201335<\/a><\/span>(*) an meiner <span style=\"color: #ff9900;\"><a style=\"color: #ff9900;\" href=\"https:\/\/amzn.to\/4t3GAe2\">camera<\/a><\/span>(*) aus, um das Berg\u00adpan\u00adorama mit auf das Bild zu bekommen. Ein Ort, an dem&nbsp; 24mm einfach nicht ausrei\u00adchen. Selbst die 16 mm fand ich in manchen Kompo\u00adsi\u00adtionen echt knapp. An der ersten Posi\u00adtion an der ich mich befand gefiel mir noch nicht ganz das Zusam\u00admen\u00adspiel der einzelnen Elemente. Das Bild war unaus\u00adge\u00adwogen, kippte in Sachen visu\u00adelle Balance etwas nach rechts. Ein nicht ganz symme\u00adtri\u00adsches Bild, mit dem Haupt\u00admotiv auf einer \u201eDrit\u00adtel\u00adlinie\u201c ist ja im Grunde etwas Gutes. Aber es braucht einen entspre\u00adchenden Gegen\u00adspieler oder auch eine ausba\u00adlan\u00adcierte leere Fl\u00e4che (empty space). Aber das fand ich nicht. Die Anord\u00adnung der Felsen im Wasser, die Insell und ihre Posi\u00adtion zum Hoch\u00adkalter im Hinter\u00adgrund. Ich versuchte noch ein paar Dinge, aber merkte schnell, ein paar Schritte weiter, sollte es besser passen.&nbsp;<\/p><p>Und das tat es. Mehr M\u00f6glich\u00adkeiten die Inseln zu posi\u00adtio\u00adnieren und vor allen Dingen eine Wurzel, die man herr\u00adlich im Bild\u00adaufbau mit einbringen konnte. Mehr davon seht ihr im Video&nbsp;unten.&nbsp;<\/p>\t\t\t\t\t\t\t\t<\/div>\n\t\t\t\t<\/div>\n\t\t\t\t<div class=\"elementor-element elementor-element-5dc97c3 elementor-invisible elementor-widget elementor-widget-image\" data-id=\"5dc97c3\" data-element_type=\"widget\" data-e-type=\"widget\" data-settings=\"{&quot;_animation&quot;:&quot;zoomIn&quot;}\" data-widget_type=\"image.default\">\n\t\t\t\t<div class=\"elementor-widget-container\">\n\t\t\t\t\t\t\t\t\t\t\t\t<figure class=\"wp-caption\">\n\t\t\t\t\t\t\t\t\t\t<img fetchpriority=\"high\" decoding=\"async\" width=\"1706\" height=\"2560\" src=\"https:\/\/simonschoenhoff.de\/wp-content\/uploads\/2026\/04\/Berchtesgaden-1-14-scaled.jpg\" class=\"attachment-full size-full wp-image-17433\" alt srcset=\"https:\/\/simonschoenhoff.de\/wp-content\/uploads\/2026\/04\/Berchtesgaden-1-14-scaled.jpg 1706w, https:\/\/simonschoenhoff.de\/wp-content\/uploads\/2026\/04\/Berchtesgaden-1-14-1365x2048.jpg 1365w, https:\/\/simonschoenhoff.de\/wp-content\/uploads\/2026\/04\/Berchtesgaden-1-14-200x300.jpg 200w, https:\/\/simonschoenhoff.de\/wp-content\/uploads\/2026\/04\/Berchtesgaden-1-14-768x1152.jpg 768w, https:\/\/simonschoenhoff.de\/wp-content\/uploads\/2026\/04\/Berchtesgaden-1-14-1024x1536.jpg 1024w, https:\/\/simonschoenhoff.de\/wp-content\/uploads\/2026\/04\/Berchtesgaden-1-14-8x12.jpg 8w, https:\/\/simonschoenhoff.de\/wp-content\/uploads\/2026\/04\/Berchtesgaden-1-14-1200x1800.jpg 1200w\" sizes=\"(max-width: 1706px) 100vw, 1706px\">\t\t\t\t\t\t\t\t\t\t\t<figcaption class=\"widget-image-caption wp-caption-text\">Endlich Licht am Hintersee | Sony a7 IV + Sony FE 2.8\/16\u201335 mm&nbsp;GM<\/figcaption>\n\t\t\t\t\t\t\t\t\t\t<\/figure>\n\t\t\t\t\t\t\t\t\t<\/div>\n\t\t\t\t<\/div>\n\t\t\t\t\t<\/div>\n\t\t\t\t<\/div>\n\t\t<div class=\"elementor-element elementor-element-93fd4fa e-con-full e-flex e-con e-child\" data-id=\"93fd4fa\" data-element_type=\"container\" data-e-type=\"container\" data-settings=\"{&quot;background_background&quot;:&quot;classic&quot;}\">\n\t\t\t\t<div class=\"elementor-element elementor-element-0c46fa4 elementor-headline--style-highlight elementor-widget elementor-widget-animated-headline\" data-id=\"0c46fa4\" data-element_type=\"widget\" data-e-type=\"widget\" data-settings=\"{&quot;marker&quot;:&quot;double_underline&quot;,&quot;highlighted_text&quot;:&quot;Luminar Neo&quot;,&quot;headline_style&quot;:&quot;highlight&quot;,&quot;loop&quot;:&quot;yes&quot;,&quot;highlight_animation_duration&quot;:1200,&quot;highlight_iteration_delay&quot;:8000}\" data-widget_type=\"animated-headline.default\">\n\t\t\t\t<div class=\"elementor-widget-container\">\n\t\t\t\t\t\t\t<h3 class=\"elementor-headline\">\n\t\t\t\t\t<span class=\"elementor-headline-plain-text elementor-headline-text-wrapper\">Save 10%&nbsp;on<\/span>\n\t\t\t\t<span class=\"elementor-headline-dynamic-wrapper elementor-headline-text-wrapper\">\n\t\t\t\t\t<span class=\"elementor-headline-dynamic-text elementor-headline-text-active\">Luminar Neo<\/span>\n\t\t\t\t<\/span>\n\t\t\t\t<\/h3>\n\t\t\t\t\t\t<\/div>\n\t\t\t\t<\/div>\n\t\t\t\t<div class=\"elementor-element elementor-element-b7da0b8 elementor-widget elementor-widget-text-editor\" data-id=\"b7da0b8\" data-element_type=\"widget\" data-e-type=\"widget\" data-widget_type=\"text-editor.default\">\n\t\t\t\t<div class=\"elementor-widget-container\">\n\t\t\t\t\t\t\t\t\t<p style=\"text-align: center;\">If you would like to try or buy Luminar Neo yourself, you can use the code \u2018<strong>Sphoto10\u00b4<\/strong>&nbsp;to save an addi\u00adtional 10% on Luminar Neo!<\/p><p style=\"text-align: center;\">Click here for <span style=\"color: #ff9900;\"><a style=\"color: #ff9900;\" href=\"https:\/\/skylum.evyy.net\/c\/6239808\/1688203\/3255\">Luminar Neo<\/a><\/span> (*)<\/p>\t\t\t\t\t\t\t\t<\/div>\n\t\t\t\t<\/div>\n\t\t\t\t<\/div>\n\t\t<div class=\"elementor-element elementor-element-e4e9c01 e-flex e-con-boxed e-con e-parent\" data-id=\"e4e9c01\" data-element_type=\"container\" data-e-type=\"container\">\n\t\t\t\t\t<div class=\"e-con-inner\">\n\t\t\t\t<div class=\"elementor-element elementor-element-d7ce12f elementor-widget elementor-widget-heading\" data-id=\"d7ce12f\" data-element_type=\"widget\" data-e-type=\"widget\" data-widget_type=\"heading.default\">\n\t\t\t\t<div class=\"elementor-widget-container\">\n\t\t\t\t\t<h3 class=\"elementor-heading-title elementor-size-default\">Wetter\u00adbes\u00adse\u00adrung im letzten Moment<\/h3>\t\t\t\t<\/div>\n\t\t\t\t<\/div>\n\t\t\t\t<div class=\"elementor-element elementor-element-bb1e4fd elementor-widget elementor-widget-text-editor\" data-id=\"bb1e4fd\" data-element_type=\"widget\" data-e-type=\"widget\" data-widget_type=\"text-editor.default\">\n\t\t\t\t<div class=\"elementor-widget-container\">\n\t\t\t\t\t\t\t\t\t<p>Gegen Ende unseres Urlaubs hatten wir echt noch ein wenig Gl\u00fcck mit dem Wetter. 5\u201310 min Morgen\u00adlicht reichten am Hintersee f\u00fcr ein paar sch\u00f6ne Bilder und am Tag hatten wir herr\u00adli\u00adchen Sonnen\u00adschein am K\u00f6nigsee f\u00fcr einen Ausflug mit der ganzen Familie inklu\u00adsive Boots\u00adfahrt nach St. Bartho\u00adlom\u00e4. Irgendwie immer ein Must-Do, wenn man im Berch\u00adtes\u00adga\u00addener Land unter\u00adwegs&nbsp;ist.&nbsp;<\/p><p>Mit etwas gemischten Gef\u00fchlen dann, schaute ich auf den Wetter\u00adbe\u00adricht f\u00fcr den Oster\u00adsonntag, unser Abrei\u00adsetag. F\u00fcr die Zeit mit dem besten Licht am Tag, die morgend\u00adliche blaue und goldene Stunde, waren kaum Wolken vorher\u00adge\u00adsagt. Der Weg des Lichts der Sonne zu den Alpen sollte frei sein. Eine kleine Chance auf ein Morgenrot inklu\u00adsive. Nebel in den Nieder\u00adrungen ist auch sehr wahr\u00adschein\u00adlich. Aber es war eben unser Abrei\u00adsetag. Und der Morgen ab Abrei\u00adsetag ist immer etwas kritisch. Koffer m\u00fcssen gepackt werden, die Wohnung aufge\u00adr\u00e4umt werden, Kinder sind aufge\u00adregt und m\u00fcssen besch\u00e4f\u00adtigt werden. Aber es war die letzte Chance f\u00fcr mich ein Wunsch\u00adfoto aufzunehmen.&nbsp;<\/p><p>Ich sprach mit meiner Frau: Begeis\u00adtert war sie nicht, aber es sollte ja nicht allzu sp\u00e4t werden. Sobald die Sonne aufge\u00adgangen ist, werde ich mich auf die Socken machen, verspro\u00adchen. Also stellte ich den Wecker und hoffte auf die Morgen\u00adstunde am Ostersonntag.<\/p>\t\t\t\t\t\t\t\t<\/div>\n\t\t\t\t<\/div>\n\t\t\t\t<div class=\"elementor-element elementor-element-d043aa1 elementor-invisible elementor-widget elementor-widget-image\" data-id=\"d043aa1\" data-element_type=\"widget\" data-e-type=\"widget\" data-settings=\"{&quot;_animation&quot;:&quot;zoomIn&quot;}\" data-widget_type=\"image.default\">\n\t\t\t\t<div class=\"elementor-widget-container\">\n\t\t\t\t\t\t\t\t\t\t\t\t<figure class=\"wp-caption\">\n\t\t\t\t\t\t\t\t\t\t<img decoding=\"async\" width=\"2560\" height=\"1440\" src=\"https:\/\/simonschoenhoff.de\/wp-content\/uploads\/2026\/04\/Berchtesgaden-1-18-scaled.jpg\" class=\"attachment-full size-full wp-image-17437\" alt srcset=\"https:\/\/simonschoenhoff.de\/wp-content\/uploads\/2026\/04\/Berchtesgaden-1-18-scaled.jpg 2560w, https:\/\/simonschoenhoff.de\/wp-content\/uploads\/2026\/04\/Berchtesgaden-1-18-2048x1152.jpg 2048w, https:\/\/simonschoenhoff.de\/wp-content\/uploads\/2026\/04\/Berchtesgaden-1-18-300x169.jpg 300w, https:\/\/simonschoenhoff.de\/wp-content\/uploads\/2026\/04\/Berchtesgaden-1-18-768x432.jpg 768w, https:\/\/simonschoenhoff.de\/wp-content\/uploads\/2026\/04\/Berchtesgaden-1-18-1536x864.jpg 1536w, https:\/\/simonschoenhoff.de\/wp-content\/uploads\/2026\/04\/Berchtesgaden-1-18-18x10.jpg 18w, https:\/\/simonschoenhoff.de\/wp-content\/uploads\/2026\/04\/Berchtesgaden-1-18-1200x675.jpg 1200w\" sizes=\"(max-width: 2560px) 100vw, 2560px\">\t\t\t\t\t\t\t\t\t\t\t<figcaption class=\"widget-image-caption wp-caption-text\">Alpen\u00adgl\u00fchen an der Sch\u00f6n\u00adfeld\u00adspitze | Sony a7 IV + Sony FE 100\u2013400 mm&nbsp;GM<\/figcaption>\n\t\t\t\t\t\t\t\t\t\t<\/figure>\n\t\t\t\t\t\t\t\t\t<\/div>\n\t\t\t\t<\/div>\n\t\t\t\t\t<\/div>\n\t\t\t\t<\/div>\n\t\t<div class=\"elementor-element elementor-element-d400eae e-flex e-con-boxed e-con e-parent\" data-id=\"d400eae\" data-element_type=\"container\" data-e-type=\"container\">\n\t\t\t\t\t<div class=\"e-con-inner\">\n\t\t\t\t<div class=\"elementor-element elementor-element-5732adb elementor-widget elementor-widget-heading\" data-id=\"5732adb\" data-element_type=\"widget\" data-e-type=\"widget\" data-widget_type=\"heading.default\">\n\t\t\t\t<div class=\"elementor-widget-container\">\n\t\t\t\t\t<h3 class=\"elementor-heading-title elementor-size-default\">Kirch\u00adleitn Kapelle &amp; Watzmann<\/h3>\t\t\t\t<\/div>\n\t\t\t\t<\/div>\n\t\t\t\t<div class=\"elementor-element elementor-element-d216509 elementor-widget elementor-widget-text-editor\" data-id=\"d216509\" data-element_type=\"widget\" data-e-type=\"widget\" data-widget_type=\"text-editor.default\">\n\t\t\t\t<div class=\"elementor-widget-container\">\n\t\t\t\t\t\t\t\t\t<p>Ich fuhr durch die morgend\u00adliche D\u00e4mme\u00adrung. Obwohl ich sogar ein paar Minuten fr\u00fcher unter\u00adwegs war, war es bereits heller. Wolken gab es wirk\u00adlich keine zu sehen, daf\u00fcr aber etwas anderes: den Mond. Und er stand gar nicht schlecht hinter dem Watz\u00admann. Das gibt ein tolles Bild ab, so oder so. Mit Kapelle oder ohne, denn der Watz\u00admann zeigte sich. Und er bekam sogar schon etwas Licht ab, was ihn sch\u00f6n plas\u00adtisch, drei\u00addi\u00admen\u00adsional wirken l\u00e4sst.<\/p><p>Um 6 Uhr des Oster\u00admor\u00adgens dann l\u00e4uteten die Glocken der umlie\u00adgenden Kirchen den Ostertag ein, da waren einige erste Aufnahmen schon gemacht. Wie die Aufnahmen geworden sind seht ihr hier und im Video auf Youtube!<\/p>\t\t\t\t\t\t\t\t<\/div>\n\t\t\t\t<\/div>\n\t\t\t\t<div class=\"elementor-element elementor-element-930c3e0 elementor-invisible elementor-widget elementor-widget-image\" data-id=\"930c3e0\" data-element_type=\"widget\" data-e-type=\"widget\" data-settings=\"{&quot;_animation&quot;:&quot;zoomIn&quot;}\" data-widget_type=\"image.default\">\n\t\t\t\t<div class=\"elementor-widget-container\">\n\t\t\t\t\t\t\t\t\t\t\t\t<figure class=\"wp-caption\">\n\t\t\t\t\t\t\t\t\t\t<img decoding=\"async\" width=\"2560\" height=\"1707\" src=\"https:\/\/simonschoenhoff.de\/wp-content\/uploads\/2026\/04\/Berchtesgaden-1-21-scaled.jpg\" class=\"attachment-full size-full wp-image-17440\" alt srcset=\"https:\/\/simonschoenhoff.de\/wp-content\/uploads\/2026\/04\/Berchtesgaden-1-21-scaled.jpg 2560w, https:\/\/simonschoenhoff.de\/wp-content\/uploads\/2026\/04\/Berchtesgaden-1-21-2048x1366.jpg 2048w, https:\/\/simonschoenhoff.de\/wp-content\/uploads\/2026\/04\/Berchtesgaden-1-21-300x200.jpg 300w, https:\/\/simonschoenhoff.de\/wp-content\/uploads\/2026\/04\/Berchtesgaden-1-21-768x512.jpg 768w, https:\/\/simonschoenhoff.de\/wp-content\/uploads\/2026\/04\/Berchtesgaden-1-21-1536x1024.jpg 1536w, https:\/\/simonschoenhoff.de\/wp-content\/uploads\/2026\/04\/Berchtesgaden-1-21-18x12.jpg 18w, https:\/\/simonschoenhoff.de\/wp-content\/uploads\/2026\/04\/Berchtesgaden-1-21-1200x800.jpg 1200w\" sizes=\"(max-width: 2560px) 100vw, 2560px\">\t\t\t\t\t\t\t\t\t\t\t<figcaption class=\"widget-image-caption wp-caption-text\">Kirch\u00adleitn Kapelle im Schnee | Sony a7 IV + Sony FE 2.8\/16\u201335 mm&nbsp;GM<\/figcaption>\n\t\t\t\t\t\t\t\t\t\t<\/figure>\n\t\t\t\t\t\t\t\t\t<\/div>\n\t\t\t\t<\/div>\n\t\t\t\t\t<\/div>\n\t\t\t\t<\/div>\n\t\t<div class=\"elementor-element elementor-element-ea77514 e-flex e-con-boxed e-con e-parent\" data-id=\"ea77514\" data-element_type=\"container\" data-e-type=\"container\">\n\t\t\t\t\t<div class=\"e-con-inner\">\n\t\t\t\t<div class=\"elementor-element elementor-element-44a31f0 elementor-widget elementor-widget-menu-anchor\" data-id=\"44a31f0\" data-element_type=\"widget\" data-e-type=\"widget\" data-widget_type=\"menu-anchor.default\">\n\t\t\t\t<div class=\"elementor-widget-container\">\n\t\t\t\t\t\t\t<div class=\"elementor-menu-anchor\" id=\"vlog\"><\/div>\n\t\t\t\t\t\t<\/div>\n\t\t\t\t<\/div>\n\t\t\t\t<div class=\"elementor-element elementor-element-2565619 elementor-widget elementor-widget-heading\" data-id=\"2565619\" data-element_type=\"widget\" data-e-type=\"widget\" data-widget_type=\"heading.default\">\n\t\t\t\t<div class=\"elementor-widget-container\">\n\t\t\t\t\t<h3 class=\"elementor-heading-title elementor-size-default\">VLOG to the&nbsp;BLOG<\/h3>\t\t\t\t<\/div>\n\t\t\t\t<\/div>\n\t\t\t\t<div class=\"elementor-element elementor-element-0312204 elementor-widget elementor-widget-text-editor\" data-id=\"0312204\" data-element_type=\"widget\" data-e-type=\"widget\" data-widget_type=\"text-editor.default\">\n\t\t\t\t<div class=\"elementor-widget-container\">\n\t\t\t\t\t\t\t\t\t<p>Der Fr\u00fch\u00adling startet durch. \u00dcberall bl\u00fcht es und es beginnt gr\u00fcner zu werden. Mit der Familie geht es nach Berch\u00adtes\u00adgaden, ein paar sch\u00f6ne Tage in den Bergen und am K\u00f6nigsee genie\u00dfen. Nebenbei ein paar sch\u00f6ne Land\u00adschafts\u00adfotos schie\u00dfen, mit den ber\u00fchmten Motiven im S\u00fcden von Bayern. So der Plan. Doch dann, \u00fcber Nacht, 15 cm Neuschnee. Begleite mich in meinem Video zu einigen der bekann\u00adtesten Spots Deutsch\u00adlands im Winter\u00adein\u00adbruch im&nbsp;April.<\/p>\t\t\t\t\t\t\t\t<\/div>\n\t\t\t\t<\/div>\n\t\t\t\t<div class=\"elementor-element elementor-element-f2660c2 elementor-widget elementor-widget-video\" data-id=\"f2660c2\" data-element_type=\"widget\" data-e-type=\"widget\" data-settings=\"{&quot;youtube_url&quot;:&quot;https:\\\/\\\/youtu.be\\\/Iz1bJfJZqO8&quot;,&quot;video_type&quot;:&quot;youtube&quot;,&quot;controls&quot;:&quot;yes&quot;}\" data-widget_type=\"video.default\">\n\t\t\t\t<div class=\"elementor-widget-container\">\n\t\t\t\t\t\t\t<div class=\"elementor-wrapper elementor-open-inline\">\n\t\t\t<div class=\"elementor-video\"><\/div>\t\t<\/div>\n\t\t\t\t\t\t<\/div>\n\t\t\t\t<\/div>\n\t\t\t\t\t<\/div>\n\t\t\t\t<\/div>\n\t\t<div class=\"elementor-element elementor-element-787a23e e-flex e-con-boxed e-con e-parent\" data-id=\"787a23e\" data-element_type=\"container\" data-e-type=\"container\">\n\t\t\t\t\t<div class=\"e-con-inner\">\n\t\t\t\t<div class=\"elementor-element elementor-element-0111d7d elementor-widget elementor-widget-text-editor\" data-id=\"0111d7d\" data-element_type=\"widget\" data-e-type=\"widget\" data-widget_type=\"text-editor.default\">\n\t\t\t\t<div class=\"elementor-widget-container\">\n\t\t\t\t\t\t\t\t\t<p style=\"text-align: center;\">Feel free to&nbsp;share:<\/p>\t\t\t\t\t\t\t\t<\/div>\n\t\t\t\t<\/div>\n\t\t\t\t<div class=\"elementor-element elementor-element-f039db3 elementor-share-buttons--view-icon elementor-share-buttons--skin-flat elementor-share-buttons--shape-circle elementor-share-buttons--color-custom elementor-grid-0 elementor-widget elementor-widget-share-buttons\" data-id=\"f039db3\" data-element_type=\"widget\" data-e-type=\"widget\" data-widget_type=\"share-buttons.default\">\n\t\t\t\t<div class=\"elementor-widget-container\">\n\t\t\t\t\t\t\t<div class=\"elementor-grid\" role=\"list\">\n\t\t\t\t\t\t\t\t<div class=\"elementor-grid-item\" role=\"listitem\">\n\t\t\t\t\t\t<div class=\"elementor-share-btn elementor-share-btn_facebook\" role=\"button\" tabindex=\"0\" aria-label=\"Teilen auf facebook\">\n\t\t\t\t\t\t\t\t\t\t\t\t\t\t\t<span class=\"elementor-share-btn__icon\">\n\t\t\t\t\t\t\t\t<i class=\"fab fa-facebook\" aria-hidden=\"true\"><\/i>\t\t\t\t\t\t\t<\/span>\n\t\t\t\t\t\t\t\t\t\t\t\t\t\t\t\t\t\t\t\t<\/div>\n\t\t\t\t\t<\/div>\n\t\t\t\t\t\t\t\t\t<div class=\"elementor-grid-item\" role=\"listitem\">\n\t\t\t\t\t\t<div class=\"elementor-share-btn elementor-share-btn_threads\" role=\"button\" tabindex=\"0\" aria-label=\"Teilen auf threads\">\n\t\t\t\t\t\t\t\t\t\t\t\t\t\t\t<span class=\"elementor-share-btn__icon\">\n\t\t\t\t\t\t\t\t<i class=\"fab fa-threads\" aria-hidden=\"true\"><\/i>\t\t\t\t\t\t\t<\/span>\n\t\t\t\t\t\t\t\t\t\t\t\t\t\t\t\t\t\t\t\t<\/div>\n\t\t\t\t\t<\/div>\n\t\t\t\t\t\t\t\t\t<div class=\"elementor-grid-item\" role=\"listitem\">\n\t\t\t\t\t\t<div class=\"elementor-share-btn elementor-share-btn_whatsapp\" role=\"button\" tabindex=\"0\" aria-label=\"Teilen auf whatsapp\">\n\t\t\t\t\t\t\t\t\t\t\t\t\t\t\t<span class=\"elementor-share-btn__icon\">\n\t\t\t\t\t\t\t\t<i class=\"fab fa-whatsapp\" aria-hidden=\"true\"><\/i>\t\t\t\t\t\t\t<\/span>\n\t\t\t\t\t\t\t\t\t\t\t\t\t\t\t\t\t\t\t\t<\/div>\n\t\t\t\t\t<\/div>\n\t\t\t\t\t\t\t\t\t<div class=\"elementor-grid-item\" role=\"listitem\">\n\t\t\t\t\t\t<div class=\"elementor-share-btn elementor-share-btn_pinterest\" role=\"button\" tabindex=\"0\" aria-label=\"Teilen auf pinterest\">\n\t\t\t\t\t\t\t\t\t\t\t\t\t\t\t<span class=\"elementor-share-btn__icon\">\n\t\t\t\t\t\t\t\t<i class=\"fab fa-pinterest\" aria-hidden=\"true\"><\/i>\t\t\t\t\t\t\t<\/span>\n\t\t\t\t\t\t\t\t\t\t\t\t\t\t\t\t\t\t\t\t<\/div>\n\t\t\t\t\t<\/div>\n\t\t\t\t\t\t\t\t\t<div class=\"elementor-grid-item\" role=\"listitem\">\n\t\t\t\t\t\t<div class=\"elementor-share-btn elementor-share-btn_x-twitter\" role=\"button\" tabindex=\"0\" aria-label=\"Teilen auf x-twitter\">\n\t\t\t\t\t\t\t\t\t\t\t\t\t\t\t<span class=\"elementor-share-btn__icon\">\n\t\t\t\t\t\t\t\t<i class=\"fab fa-x-twitter\" aria-hidden=\"true\"><\/i>\t\t\t\t\t\t\t<\/span>\n\t\t\t\t\t\t\t\t\t\t\t\t\t\t\t\t\t\t\t\t<\/div>\n\t\t\t\t\t<\/div>\n\t\t\t\t\t\t<\/div>\n\t\t\t\t\t\t<\/div>\n\t\t\t\t<\/div>\n\t\t\t\t\t<\/div>\n\t\t\t\t<\/div>\n\t\t\t\t<\/div>","protected":false},"excerpt":{"rendered":"<p>Die Woche in Berch\u00adtes\u00adgaden ist schon fast um und immer noch liegt diese winter\u00adliche K\u00e4lte in den T\u00e4lern und der Schnee der vergan\u00adgenen Wochen auf den Bergen um uns herum. Zuge\u00adgeben, von den Bergen bekamen wir noch nicht allzu viel zu sehen. St\u00e4ndig hingen die Wolken auf 2000m, darunter h\u00e4ufig auch Nebel in den Niede\u00adrungen. An sich, kann das foto\u00adgra\u00adfisch ja durchaus inter\u00ades\u00adsant sein, aber nicht, wenn man Berge auf den Bildern sehen m\u00f6chte. Den Hoch\u00adkalter am Hintersee oder den Watz\u00admann hinter Berch\u00adtes\u00adgaden. Bereit dazu jeden Augen\u00adblick zu nutzen, wenn er sich bietet schaute ich gespannt auf den Wetter\u00adbe\u00adricht f\u00fcr die letzten zwei Morgen in Berchtesgaden.<\/p>","protected":false},"author":1,"featured_media":17431,"comment_status":"open","ping_status":"open","sticky":false,"template":"","format":"standard","meta":{"wp_typography_post_enhancements_disabled":false,"footnotes":""},"categories":[261,4,53,7],"tags":[339,143,144,253],"class_list":["post-17472","post","type-post","status-publish","format-standard","has-post-thumbnail","hentry","category-behind-the-shot","category-blog","category-deutschland","category-foto-locations","tag-berchtesgaden","tag-deutschland","tag-foto-spots","tag-landschaftsfotografie"],"_links":{"self":[{"href":"https:\/\/simonschoenhoff.de\/en\/wp-json\/wp\/v2\/posts\/17472","targetHints":{"allow":["GET"]}}],"collection":[{"href":"https:\/\/simonschoenhoff.de\/en\/wp-json\/wp\/v2\/posts"}],"about":[{"href":"https:\/\/simonschoenhoff.de\/en\/wp-json\/wp\/v2\/types\/post"}],"author":[{"embeddable":true,"href":"https:\/\/simonschoenhoff.de\/en\/wp-json\/wp\/v2\/users\/1"}],"replies":[{"embeddable":true,"href":"https:\/\/simonschoenhoff.de\/en\/wp-json\/wp\/v2\/comments?post=17472"}],"version-history":[{"count":20,"href":"https:\/\/simonschoenhoff.de\/en\/wp-json\/wp\/v2\/posts\/17472\/revisions"}],"predecessor-version":[{"id":17533,"href":"https:\/\/simonschoenhoff.de\/en\/wp-json\/wp\/v2\/posts\/17472\/revisions\/17533"}],"wp:featuredmedia":[{"embeddable":true,"href":"https:\/\/simonschoenhoff.de\/en\/wp-json\/wp\/v2\/media\/17431"}],"wp:attachment":[{"href":"https:\/\/simonschoenhoff.de\/en\/wp-json\/wp\/v2\/media?parent=17472"}],"wp:term":[{"taxonomy":"category","embeddable":true,"href":"https:\/\/simonschoenhoff.de\/en\/wp-json\/wp\/v2\/categories?post=17472"},{"taxonomy":"post_tag","embeddable":true,"href":"https:\/\/simonschoenhoff.de\/en\/wp-json\/wp\/v2\/tags?post=17472"}],"curies":[{"name":"wp","href":"https:\/\/api.w.org\/{rel}","templated":true}]}}