{"id":16236,"date":"2026-03-13T16:58:22","date_gmt":"2026-03-13T16:58:22","guid":{"rendered":"https:\/\/simonschoenhoff.de\/?p=16236"},"modified":"2026-03-24T21:36:46","modified_gmt":"2026-03-24T19:36:46","slug":"lofoten-fotografieren-teil-3","status":"publish","type":"post","link":"https:\/\/simonschoenhoff.de\/en\/lofoten-fotografieren-teil-3\/","title":{"rendered":"Lofoten foto\u00adgra\u00adfieren \u2013 Teil 3: Irre Licht- &amp; Polarlichtshow"},"content":{"rendered":"<div data-elementor-type=\"wp-post\" data-elementor-id=\"16236\" class=\"elementor elementor-16236\" data-elementor-post-type=\"post\">\n\t\t\t\t<div class=\"elementor-element elementor-element-a593671 e-flex e-con-boxed e-con e-parent\" data-id=\"a593671\" data-element_type=\"container\" data-e-type=\"container\">\n\t\t\t\t\t<div class=\"e-con-inner\">\n\t\t\t\t<div class=\"elementor-element elementor-element-ae6b5c5 elementor-widget elementor-widget-menu-anchor\" data-id=\"ae6b5c5\" data-element_type=\"widget\" data-e-type=\"widget\" data-widget_type=\"menu-anchor.default\">\n\t\t\t\t<div class=\"elementor-widget-container\">\n\t\t\t\t\t\t\t<div class=\"elementor-menu-anchor\" id=\"seite\"><\/div>\n\t\t\t\t\t\t<\/div>\n\t\t\t\t<\/div>\n\t\t\t\t<div class=\"elementor-element elementor-element-2ca2c64 elementor-widget elementor-widget-heading\" data-id=\"2ca2c64\" data-element_type=\"widget\" data-e-type=\"widget\" data-widget_type=\"heading.default\">\n\t\t\t\t<div class=\"elementor-widget-container\">\n\t\t\t\t\t<h2 class=\"elementor-heading-title elementor-size-default\">Lofoten foto\u00adgra\u00adfieren \u2013 Teil 3: Irre Licht- &amp; Polarlichtshow<\/h2>\t\t\t\t<\/div>\n\t\t\t\t<\/div>\n\t\t\t\t<div class=\"elementor-element elementor-element-636f81c elementor-widget elementor-widget-text-editor\" data-id=\"636f81c\" data-element_type=\"widget\" data-e-type=\"widget\" data-widget_type=\"text-editor.default\">\n\t\t\t\t<div class=\"elementor-widget-container\">\n\t\t\t\t\t\t\t\t\tZwei fantas\u00adti\u00adsche Tag lagen bereits hinter uns. Klar w\u00fcnschten wir uns t\u00e4glich raue Wolken\u00adstruk\u00adturen, geniale Licht\u00adstim\u00admungen und Dramatik f\u00fcr diese tolle Land\u00adschaft, um Bilder zu foto\u00adgra\u00adfieren, die ihr auch wirk\u00adlich w\u00fcrdig ist, doch f\u00fcr die n\u00e4cht\u00adli\u00adchen Stunden h\u00e4tten wir es am liebsten jeden Tage ster\u00adnen\u00adklar gehabt. Denn dann sieht man die Polar\u00adlichter, die in diesem Winter fast t\u00e4glich vorkamen erst richtig. Doch, wenn wir jeden Tag tolle Stim\u00admungen am Tag haben, dann w\u00e4re ich auch mit einer klaren Polar\u00adnacht zufrieden dachte ich mir \u2013 Ich wollte dieses mal einfach nicht zu viele Erwar\u00adtungen mit bringen, um nicht entt\u00e4uscht zu werden. Doch wir wurden von Mutter Natur f\u00fcr unser bem\u00fchen belohnt.&nbsp;<\/div>\n\t\t\t\t<\/div>\n\t\t\t\t<div class=\"elementor-element elementor-element-3ddb180 elementor-widget elementor-widget-text-editor\" data-id=\"3ddb180\" data-element_type=\"widget\" data-e-type=\"widget\" data-widget_type=\"text-editor.default\">\n\t\t\t\t<div class=\"elementor-widget-container\">\n\t\t\t\t\t\t\t\t\t<p style=\"text-align: center;\"><span style=\"font-size: 10pt;\">Gear:<\/span><\/p><p style=\"text-align: center;\"><span style=\"font-size: 10pt; color: var( --e-global-color-secondary );\">Sony a7IV<br>Sony a6700<br><\/span><span style=\"font-size: 10pt; color: var( --e-global-color-secondary );\">Sony FE 2.8\/16\u201335 mm GM<br><\/span><span style=\"font-size: 10pt; color: var( --e-global-color-secondary );\">Sony FE 4\/24\u2013105 mm G<br>Sony FE 100\u2013400 mm&nbsp;GM<\/span><\/p>\t\t\t\t\t\t\t\t<\/div>\n\t\t\t\t<\/div>\n\t\t\t\t\t<\/div>\n\t\t\t\t<\/div>\n\t\t<div class=\"elementor-element elementor-element-3c9daa8 e-con-full e-flex e-con e-parent\" data-id=\"3c9daa8\" data-element_type=\"container\" data-e-type=\"container\" data-settings=\"{&quot;background_background&quot;:&quot;classic&quot;}\">\n\t\t\t\t<div class=\"elementor-element elementor-element-9adcf74 elementor-widget elementor-widget-text-editor\" data-id=\"9adcf74\" data-element_type=\"widget\" data-e-type=\"widget\" data-widget_type=\"text-editor.default\">\n\t\t\t\t<div class=\"elementor-widget-container\">\n\t\t\t\t\t\t\t\t\t<p style=\"text-align: center;\">You can see the VLOG to the BLOG at the bottom of the page or you can reach it via this button:<\/p>\t\t\t\t\t\t\t\t<\/div>\n\t\t\t\t<\/div>\n\t\t\t\t<div class=\"elementor-element elementor-element-5b7ad3f elementor-align-center elementor-widget elementor-widget-button\" data-id=\"5b7ad3f\" data-element_type=\"widget\" data-e-type=\"widget\" data-widget_type=\"button.default\">\n\t\t\t\t<div class=\"elementor-widget-container\">\n\t\t\t\t\t\t\t\t\t<div class=\"elementor-button-wrapper\">\n\t\t\t\t\t<a class=\"elementor-button elementor-button-link elementor-size-sm\" href=\"#vlog\">\n\t\t\t\t\t\t<span class=\"elementor-button-content-wrapper\">\n\t\t\t\t\t\t\t\t\t<span class=\"elementor-button-text\">Directly to the&nbsp;video<\/span>\n\t\t\t\t\t<\/span>\n\t\t\t\t\t<\/a>\n\t\t\t\t<\/div>\n\t\t\t\t\t\t\t\t<\/div>\n\t\t\t\t<\/div>\n\t\t\t\t<\/div>\n\t\t<div class=\"elementor-element elementor-element-330a3ae e-flex e-con-boxed e-con e-parent\" data-id=\"330a3ae\" data-element_type=\"container\" data-e-type=\"container\">\n\t\t\t\t\t<div class=\"e-con-inner\">\n\t\t\t\t<div class=\"elementor-element elementor-element-af09d8e elementor-widget elementor-widget-heading\" data-id=\"af09d8e\" data-element_type=\"widget\" data-e-type=\"widget\" data-widget_type=\"heading.default\">\n\t\t\t\t<div class=\"elementor-widget-container\">\n\t\t\t\t\t<h3 class=\"elementor-heading-title elementor-size-default\">Auch solche Land\u00adschaften brau\u00adchen episches Licht<\/h3>\t\t\t\t<\/div>\n\t\t\t\t<\/div>\n\t\t\t\t<div class=\"elementor-element elementor-element-4c04e3a elementor-widget elementor-widget-text-editor\" data-id=\"4c04e3a\" data-element_type=\"widget\" data-e-type=\"widget\" data-widget_type=\"text-editor.default\">\n\t\t\t\t<div class=\"elementor-widget-container\">\n\t\t\t\t\t\t\t\t\t<p>Ein wenig pessi\u00admis\u00adtisch war ich ja schon an diesem Morgen. Ja, eigent\u00adlich zuletzt immer. Wenn man h\u00e4ufig entt\u00e4uscht wurde und sich manchmal nicht mal \u00fcber die sch\u00f6nsten Dinge freuen kann, dann f\u00e4llt es einem manchmal schwer positiv darauf zu schauen, was vor einem liegt. Selbst, wenn man auf den Lofoten ist. Im ersten Teil meiner Serie hat ich ja schon ange\u00adspro\u00adchen, dass ich mich in den letzten Wochen und Monaten nicht so gut f\u00fchlte, wie ich es gewohnt war. Nicht auf Grund irgend\u00adwel\u00adcher k\u00f6rper\u00adli\u00adcher Leiden. Es war irgendwas in meinem Kopf. Ich wollte die Reise hierher auch als einen Wende\u00adpunkt betrachten. Wieder zur\u00fcck\u00adfinden an der Freude \u00fcber unsere Natur, dem Beob\u00adachten und Foto\u00adgra\u00adfieren. Stille genie\u00dfen. Einzig\u00adar\u00adtige Szenen aufgreifen und fest\u00adhalten. Klar w\u00fcnschte ich mir so sehr ein paar epische Momente, die ich sammeln konnte. Nur f\u00fcr mich. Das ist okay. Niemand muss sie sehen, oder braucht sie teilen. Aber ich sagte schon immer wieder zu mir selbst, dass ja even\u00adtuell auch gar nichts klappen k\u00f6nnte. Nicht ein beson\u00adderer Sonnen\u00adauf\u00adgang,&nbsp; keine geniale Licht\u00adstim\u00admung und deshalb nicht ein perfektes Bild auf der ganzen Reise.&nbsp;<\/p><p>Ja eine Fotoreise wie diese hier ist eine Woche. Und jeder von uns wei\u00df, dass auch eine Woche vergehen kann, ohne dass auch nur einmal die Sonne heraus\u00adkommt, oder auch nur einmal etwas beson\u00adderes passiert. Gerade bei uns im Kraichgau, ist das schon auch mal der Fall. Oder es scheint die Sonne non-stop, ohne eine Wolke. Tage\u00adlang. Auch hier auf den Lofoten h\u00e4tte ich das nicht gewollt. Denn auch wenn die Land\u00adschaft an sich schon atem\u00adbe\u00adrau\u00adbend ist, so ist sie ohne Licht doch auch nicht unein\u00adge\u00adschr\u00e4nkt fotogen, oder?<\/p><p>Aber so ticke ich halt zurzeit. Den Ball flach halten. Meine eigenen Erwar\u00adtungen runter\u00adschrauben. Aber zu diesem Zeit\u00adpunkt konnte ich ja noch nicht erahnen, was noch vor uns stand. Am Flak\u00adstad\u00adpollen Stand ich in 10cm Neuschnee. Dies Szenerie wunder\u00adsch\u00f6n. Der seit\u00adliche Licht\u00adein\u00adfall passte. Rechts vom Berg eine Wolke, die sich pl\u00f6tz\u00adlich f\u00e4rbt. Passt das jetzt zum Bild. Ganz rechts so am Rand? Aber vermut\u00adlich wird es nicht viel besser werden, dachte ich. Doch der Himmel und damit das Licht, sollte sich in wenigen Minuten drama\u00adtisch \u00e4ndern und ein fast schon surreales Bild mit fantas\u00adti\u00adschen Farben am Flak\u00adstad\u00adpollen zaubern. So, dass wir gar nicht genug Zeit hatten alles zu foto\u00adgra\u00adfieren, was wir vor den Augen hatten.&nbsp;<\/p>\t\t\t\t\t\t\t\t<\/div>\n\t\t\t\t<\/div>\n\t\t\t\t<div class=\"elementor-element elementor-element-55a0c76 elementor-invisible elementor-widget elementor-widget-image\" data-id=\"55a0c76\" data-element_type=\"widget\" data-e-type=\"widget\" data-settings=\"{&quot;_animation&quot;:&quot;zoomIn&quot;}\" data-widget_type=\"image.default\">\n\t\t\t\t<div class=\"elementor-widget-container\">\n\t\t\t\t\t\t\t\t\t\t\t\t<figure class=\"wp-caption\">\n\t\t\t\t\t\t\t\t\t\t<img fetchpriority=\"high\" decoding=\"async\" width=\"2560\" height=\"1280\" src=\"https:\/\/simonschoenhoff.de\/wp-content\/uploads\/2026\/03\/Lofoten-3-10-scaled.jpg\" class=\"attachment-full size-full wp-image-16301\" alt srcset=\"https:\/\/simonschoenhoff.de\/wp-content\/uploads\/2026\/03\/Lofoten-3-10-scaled.jpg 2560w, https:\/\/simonschoenhoff.de\/wp-content\/uploads\/2026\/03\/Lofoten-3-10-2048x1024.jpg 2048w, https:\/\/simonschoenhoff.de\/wp-content\/uploads\/2026\/03\/Lofoten-3-10-300x150.jpg 300w, https:\/\/simonschoenhoff.de\/wp-content\/uploads\/2026\/03\/Lofoten-3-10-768x384.jpg 768w, https:\/\/simonschoenhoff.de\/wp-content\/uploads\/2026\/03\/Lofoten-3-10-1536x768.jpg 1536w, https:\/\/simonschoenhoff.de\/wp-content\/uploads\/2026\/03\/Lofoten-3-10-18x9.jpg 18w, https:\/\/simonschoenhoff.de\/wp-content\/uploads\/2026\/03\/Lofoten-3-10-1200x600.jpg 1200w\" sizes=\"(max-width: 2560px) 100vw, 2560px\">\t\t\t\t\t\t\t\t\t\t\t<figcaption class=\"widget-image-caption wp-caption-text\">Am Flak\u00adstad\u00adpollen (Panorama) | Sony a7 IV + Sony FE 2.8\/16\u201335 mm&nbsp;GM<\/figcaption>\n\t\t\t\t\t\t\t\t\t\t<\/figure>\n\t\t\t\t\t\t\t\t\t<\/div>\n\t\t\t\t<\/div>\n\t\t\t\t\t<\/div>\n\t\t\t\t<\/div>\n\t\t<div class=\"elementor-element elementor-element-08f6119 e-flex e-con-boxed e-con e-parent\" data-id=\"08f6119\" data-element_type=\"container\" data-e-type=\"container\">\n\t\t\t\t\t<div class=\"e-con-inner\">\n\t\t\t\t<div class=\"elementor-element elementor-element-a65fe9f elementor-widget elementor-widget-heading\" data-id=\"a65fe9f\" data-element_type=\"widget\" data-e-type=\"widget\" data-widget_type=\"heading.default\">\n\t\t\t\t<div class=\"elementor-widget-container\">\n\t\t\t\t\t<h3 class=\"elementor-heading-title elementor-size-default\">Nur Geduld<\/h3>\t\t\t\t<\/div>\n\t\t\t\t<\/div>\n\t\t\t\t<div class=\"elementor-element elementor-element-b878a3c elementor-widget elementor-widget-text-editor\" data-id=\"b878a3c\" data-element_type=\"widget\" data-e-type=\"widget\" data-widget_type=\"text-editor.default\">\n\t\t\t\t<div class=\"elementor-widget-container\">\n\t\t\t\t\t\t\t\t\t<p>Wie schnell sich das Wetter im Norden \u00e4ndern kann, bekamen wir an diesem Tag gleich mehr\u00adfach zu sp\u00fcren. Eine wich\u00adtige Lektion f\u00fcr alle Land\u00adschafts\u00adfo\u00adto\u00adgrafen die den Norden foto\u00adgra\u00adfieren m\u00f6chten, haben wir dabei gelernt, man muss nicht immer am rich\u00adtigen Zeit\u00adpunkt am rich\u00adtigen Ort sein, manchmal muss man einfach auch Geduld haben und ein biss\u00adchen Warten. Dann aber wird man h\u00e4ufig belohnt. An diesem Spot nahe der zwei Br\u00fccken, \u00e4nderte sich das Wetter zwischen zwei Aufnahmen. Wir mussten nur bereit\u00adstehen, Ausl\u00f6ser dr\u00fccken und das perfekte Licht abpassen. Wenige Minuten davor war das Licht wenig spek\u00adta\u00adkul\u00e4r. Wenige, ja ich w\u00fcrde sagen Sekunden sp\u00e4ter standen wir im Graupel-Schnee\u00adfall und der Berg war kaum zu erkennen.&nbsp;<\/p><p>Erst war also quasi die Spie\u00adge\u00adlung da, aber das Licht lang\u00adweilig, dann war die Spie\u00adge\u00adlung \u201enoch\u201c vorhanden und das Licht sensa\u00adtio\u00adnell und dann war nichts zu sehen und alles \u201emoody\u201c. Inner\u00adhalb von 5 Minuten. Wir hatten also den rich\u00adtigen Riecher, also Jens. Doch wer wei\u00df, wenn wir 5 Minuten gewartet h\u00e4tten, w\u00e4re es viel\u00adleicht wieder ganz anders gewesen.&nbsp;<\/p>\t\t\t\t\t\t\t\t<\/div>\n\t\t\t\t<\/div>\n\t\t\t\t<div class=\"elementor-element elementor-element-b6dfd2c elementor-invisible elementor-widget elementor-widget-image\" data-id=\"b6dfd2c\" data-element_type=\"widget\" data-e-type=\"widget\" data-settings=\"{&quot;_animation&quot;:&quot;zoomIn&quot;}\" data-widget_type=\"image.default\">\n\t\t\t\t<div class=\"elementor-widget-container\">\n\t\t\t\t\t\t\t\t\t\t\t\t<figure class=\"wp-caption\">\n\t\t\t\t\t\t\t\t\t\t<img decoding=\"async\" width=\"2560\" height=\"1707\" src=\"https:\/\/simonschoenhoff.de\/wp-content\/uploads\/2026\/03\/Lofoten-3-18-scaled.jpg\" class=\"attachment-full size-full wp-image-16304\" alt srcset=\"https:\/\/simonschoenhoff.de\/wp-content\/uploads\/2026\/03\/Lofoten-3-18-scaled.jpg 2560w, https:\/\/simonschoenhoff.de\/wp-content\/uploads\/2026\/03\/Lofoten-3-18-2048x1366.jpg 2048w, https:\/\/simonschoenhoff.de\/wp-content\/uploads\/2026\/03\/Lofoten-3-18-300x200.jpg 300w, https:\/\/simonschoenhoff.de\/wp-content\/uploads\/2026\/03\/Lofoten-3-18-768x512.jpg 768w, https:\/\/simonschoenhoff.de\/wp-content\/uploads\/2026\/03\/Lofoten-3-18-1536x1024.jpg 1536w, https:\/\/simonschoenhoff.de\/wp-content\/uploads\/2026\/03\/Lofoten-3-18-18x12.jpg 18w, https:\/\/simonschoenhoff.de\/wp-content\/uploads\/2026\/03\/Lofoten-3-18-1200x800.jpg 1200w\" sizes=\"(max-width: 2560px) 100vw, 2560px\">\t\t\t\t\t\t\t\t\t\t\t<figcaption class=\"widget-image-caption wp-caption-text\">The Peak | Sony a7 IV + Sony FE 2.8\/16\u201335 mm&nbsp;GM<\/figcaption>\n\t\t\t\t\t\t\t\t\t\t<\/figure>\n\t\t\t\t\t\t\t\t\t<\/div>\n\t\t\t\t<\/div>\n\t\t\t\t\t<\/div>\n\t\t\t\t<\/div>\n\t\t<div class=\"elementor-element elementor-element-621df87 e-flex e-con-boxed e-con e-parent\" data-id=\"621df87\" data-element_type=\"container\" data-e-type=\"container\">\n\t\t\t\t\t<div class=\"e-con-inner\">\n\t\t\t\t<div class=\"elementor-element elementor-element-b06da89 elementor-widget elementor-widget-heading\" data-id=\"b06da89\" data-element_type=\"widget\" data-e-type=\"widget\" data-widget_type=\"heading.default\">\n\t\t\t\t<div class=\"elementor-widget-container\">\n\t\t\t\t\t<h3 class=\"elementor-heading-title elementor-size-default\">Spie\u00adge\u00adlungen und Bildaufbau<\/h3>\t\t\t\t<\/div>\n\t\t\t\t<\/div>\n\t\t\t\t<div class=\"elementor-element elementor-element-abdded4 elementor-widget elementor-widget-text-editor\" data-id=\"abdded4\" data-element_type=\"widget\" data-e-type=\"widget\" data-widget_type=\"text-editor.default\">\n\t\t\t\t<div class=\"elementor-widget-container\">\n\t\t\t\t\t\t\t\t\t<p>Unter\u00adwegs Rich\u00adtung Hamn\u00f8y erlebten wir nochmal das gleich Spiel. Wir bogen um eine Kurve und erblickten eine tolle Szene. Am Hori\u00adzont schien die tief\u00adstehende Winter\u00adsonne frei in den Fjord, w\u00e4hrend um uns herum bereits der Schnee\u00adgraupel umgab, den wir fast abge\u00adsch\u00fct\u00adtelt hatten. Es reichte gerade, f\u00fcr eine Aufnahme aus der Hand, schnell sprangen wir aus dem Auto, nahmen die Kamera mit dem Objektiv, dass wir eben gerade drauf hatten und dr\u00fcckten den Ausl\u00f6ser. Sekunden sp\u00e4ter holte uns der Schnee ein und das Licht war&nbsp;weg.<\/p><p>In Hamnoy ange\u00adkommen waren wir noch im Schnee\u00adfall, doch der Himmel \u00f6ffnete sich. Neben den sch\u00f6nen Pastell\u00adfarben des Nordens bekamen wir tolle Stim\u00admungen rund um die roten H\u00e4user von Hamnoy.<\/p><p>Wie immer wollte ich neben den bekannten Kompo\u00adsi\u00adtionen auch eigene Bilder suchen und finden. Daf\u00fcr nahm ich auch die roten H\u00e4user aus der N\u00e4he f\u00fcr einige Aufnahmen mit ins Bild. Der eigent\u00adliche Spot aber sollte perfekt f\u00fcr eine Lang\u00adzeit\u00adauf\u00adnahme sein. ND-Filter montiert und 30 Sekunden Belich\u00adtung.&nbsp; Wenn so wie hier der Fjord und die Wasser\u00adober\u00adfl\u00e4che bereits sehr glatt ist, bekommt man die Ober\u00adfl\u00e4che so perfekt glatt hin. Einige der wenigen Lang\u00adzeit\u00adauf\u00adnahmen die ich machte und mir zudem noch sehr gut gef\u00e4llt.&nbsp;<\/p><p>Da ich manchmal kein Freund von sehr langen Belich\u00adtungen bin, da Wasser f\u00fcr meines Erach\u00adtens dann zu surreal wird, mache ich in so einem Fall beide Aufnahmen. Eine kurze Belich\u00adtung, dass die Bewe\u00adgung des Wassers im Bild einfriert und eins mit in diesem Fall ND1000 Filter f\u00fcr eine m\u00f6glichst lange Belich\u00adtung. Braucht die Szene die Ruhe, die von glattem Wasser ausgeht, dann entscheide ich mich daf\u00fcr, finde ich die Szene braucht diese Ruhe nicht, nehme ich meist das mit k\u00fcrzerer Belich\u00adtungs\u00adzeit. Da es wirk\u00adlich auch die pers\u00f6n\u00adli\u00adchen Vorlieben sind, die dabei zu tragen kommen gibt es kein richtig oder falsch.<\/p>\t\t\t\t\t\t\t\t<\/div>\n\t\t\t\t<\/div>\n\t\t\t\t<div class=\"elementor-element elementor-element-0134040 elementor-invisible elementor-widget elementor-widget-image\" data-id=\"0134040\" data-element_type=\"widget\" data-e-type=\"widget\" data-settings=\"{&quot;_animation&quot;:&quot;zoomIn&quot;}\" data-widget_type=\"image.default\">\n\t\t\t\t<div class=\"elementor-widget-container\">\n\t\t\t\t\t\t\t\t\t\t\t\t<figure class=\"wp-caption\">\n\t\t\t\t\t\t\t\t\t\t<img decoding=\"async\" width=\"2560\" height=\"1440\" src=\"https:\/\/simonschoenhoff.de\/wp-content\/uploads\/2026\/03\/Lofoten-3-31-scaled.jpg\" class=\"attachment-full size-full wp-image-16279\" alt srcset=\"https:\/\/simonschoenhoff.de\/wp-content\/uploads\/2026\/03\/Lofoten-3-31-scaled.jpg 2560w, https:\/\/simonschoenhoff.de\/wp-content\/uploads\/2026\/03\/Lofoten-3-31-2048x1152.jpg 2048w, https:\/\/simonschoenhoff.de\/wp-content\/uploads\/2026\/03\/Lofoten-3-31-300x169.jpg 300w, https:\/\/simonschoenhoff.de\/wp-content\/uploads\/2026\/03\/Lofoten-3-31-768x432.jpg 768w, https:\/\/simonschoenhoff.de\/wp-content\/uploads\/2026\/03\/Lofoten-3-31-1536x864.jpg 1536w, https:\/\/simonschoenhoff.de\/wp-content\/uploads\/2026\/03\/Lofoten-3-31-18x10.jpg 18w, https:\/\/simonschoenhoff.de\/wp-content\/uploads\/2026\/03\/Lofoten-3-31-1200x675.jpg 1200w\" sizes=\"(max-width: 2560px) 100vw, 2560px\">\t\t\t\t\t\t\t\t\t\t\t<figcaption class=\"widget-image-caption wp-caption-text\">Peacefull Hamn\u00f8y | Sony a7 IV + Sony FE 2.8\/16\u201335 mm&nbsp;GM<\/figcaption>\n\t\t\t\t\t\t\t\t\t\t<\/figure>\n\t\t\t\t\t\t\t\t\t<\/div>\n\t\t\t\t<\/div>\n\t\t\t\t\t<\/div>\n\t\t\t\t<\/div>\n\t\t<div class=\"elementor-element elementor-element-16979df e-con-full e-flex e-con e-child\" data-id=\"16979df\" data-element_type=\"container\" data-e-type=\"container\" data-settings=\"{&quot;background_background&quot;:&quot;classic&quot;}\">\n\t\t\t\t<div class=\"elementor-element elementor-element-b424a9f elementor-headline--style-highlight elementor-widget elementor-widget-animated-headline\" data-id=\"b424a9f\" data-element_type=\"widget\" data-e-type=\"widget\" data-settings=\"{&quot;marker&quot;:&quot;double_underline&quot;,&quot;highlighted_text&quot;:&quot;Luminar Neo&quot;,&quot;headline_style&quot;:&quot;highlight&quot;,&quot;loop&quot;:&quot;yes&quot;,&quot;highlight_animation_duration&quot;:1200,&quot;highlight_iteration_delay&quot;:8000}\" data-widget_type=\"animated-headline.default\">\n\t\t\t\t<div class=\"elementor-widget-container\">\n\t\t\t\t\t\t\t<h3 class=\"elementor-headline\">\n\t\t\t\t\t<span class=\"elementor-headline-plain-text elementor-headline-text-wrapper\">Save 10%&nbsp;on<\/span>\n\t\t\t\t<span class=\"elementor-headline-dynamic-wrapper elementor-headline-text-wrapper\">\n\t\t\t\t\t<span class=\"elementor-headline-dynamic-text elementor-headline-text-active\">Luminar Neo<\/span>\n\t\t\t\t<\/span>\n\t\t\t\t<\/h3>\n\t\t\t\t\t\t<\/div>\n\t\t\t\t<\/div>\n\t\t\t\t<div class=\"elementor-element elementor-element-4987ba5 elementor-widget elementor-widget-text-editor\" data-id=\"4987ba5\" data-element_type=\"widget\" data-e-type=\"widget\" data-widget_type=\"text-editor.default\">\n\t\t\t\t<div class=\"elementor-widget-container\">\n\t\t\t\t\t\t\t\t\t<p style=\"text-align: center;\">If you would like to try or buy Luminar Neo yourself, you can use the code \u2018<strong>Sphoto10\u00b4<\/strong>&nbsp;to save an addi\u00adtional 10% on Luminar Neo!<\/p><p style=\"text-align: center;\">Click here for <span style=\"color: #ff9900;\"><a style=\"color: #ff9900;\" href=\"https:\/\/skylum.evyy.net\/c\/6239808\/1688203\/3255\">Luminar Neo<\/a><\/span> (*)<\/p>\t\t\t\t\t\t\t\t<\/div>\n\t\t\t\t<\/div>\n\t\t\t\t<\/div>\n\t\t<div class=\"elementor-element elementor-element-c4f94ca e-flex e-con-boxed e-con e-parent\" data-id=\"c4f94ca\" data-element_type=\"container\" data-e-type=\"container\">\n\t\t\t\t\t<div class=\"e-con-inner\">\n\t\t\t\t<div class=\"elementor-element elementor-element-e34b56e elementor-widget elementor-widget-heading\" data-id=\"e34b56e\" data-element_type=\"widget\" data-e-type=\"widget\" data-widget_type=\"heading.default\">\n\t\t\t\t<div class=\"elementor-widget-container\">\n\t\t\t\t\t<h3 class=\"elementor-heading-title elementor-size-default\">Hamn\u00f8y<\/h3>\t\t\t\t<\/div>\n\t\t\t\t<\/div>\n\t\t\t\t<div class=\"elementor-element elementor-element-7a79b33 elementor-widget elementor-widget-text-editor\" data-id=\"7a79b33\" data-element_type=\"widget\" data-e-type=\"widget\" data-widget_type=\"text-editor.default\">\n\t\t\t\t<div class=\"elementor-widget-container\">\n\t\t\t\t\t\t\t\t\t<p>Als wir die Aufnahmen hier gemacht hatten, gingen wir bei herr\u00adli\u00adchem Sonnen\u00adschein auf die Br\u00fccke, von der die wohl bekann\u00adteste Bild\u00adkom\u00adpo\u00adsi\u00adtion Hamn\u00f8ys foto\u00adgra\u00adfiert werden kann. Hier tummeln sich meist die Touristen, allen voran Asiaten, haupt\u00ads\u00e4ch\u00adlich wohl Chinesen, die hier ihr Selfie mit Hamn\u00f8y als Troph\u00e4e einsa\u00adcken und danach weiterziehen.<\/p><p>Wir konnten nicht das perfekte Licht abpassen, dennoch war es nicht zu hart und die sons\u00adtige Atmo\u00adsph\u00e4re rund um den Berg im Hinter\u00adgrund tat sein \u00fcbriges, so dass wir doch einige tolle Shots mitnehmen konnten. Der Plan noch einmal vorbei\u00adzu\u00adschauen wurde auf Grund anderer Spots im Laufe der Woche jeden\u00adfalls verworfen. Da ich hoffent\u00adlich nicht das letzte Mal auf den Lofoten war, denke ich, dass ich nochmal eine Chance hier bekommen werde.<\/p><p>Wir hielten uns also nicht allzu lange an dieser Stelle auf. Zu oft, wurde dieses Bild schon gemacht. Uns zog es weiter nach Reine, wo wir uns noch etwas st\u00e4rkten f\u00fcr den langen Nach\u00admittag, der uns noch bevor steht. Am besten macht man das im Kaffee Reine\u00adbringen bei einem Kaffee und einer Kanels\u00adknurr, der wohl besten Zimt\u00adschnecke der&nbsp;Welt.<\/p>\t\t\t\t\t\t\t\t<\/div>\n\t\t\t\t<\/div>\n\t\t\t\t<div class=\"elementor-element elementor-element-8ae8e00 elementor-invisible elementor-widget elementor-widget-image\" data-id=\"8ae8e00\" data-element_type=\"widget\" data-e-type=\"widget\" data-settings=\"{&quot;_animation&quot;:&quot;zoomIn&quot;}\" data-widget_type=\"image.default\">\n\t\t\t\t<div class=\"elementor-widget-container\">\n\t\t\t\t\t\t\t\t\t\t\t\t<figure class=\"wp-caption\">\n\t\t\t\t\t\t\t\t\t\t<img loading=\"lazy\" decoding=\"async\" width=\"1828\" height=\"2560\" src=\"https:\/\/simonschoenhoff.de\/wp-content\/uploads\/2026\/03\/Lofoten-3-36-scaled.jpg\" class=\"attachment-full size-full wp-image-16281\" alt srcset=\"https:\/\/simonschoenhoff.de\/wp-content\/uploads\/2026\/03\/Lofoten-3-36-scaled.jpg 1828w, https:\/\/simonschoenhoff.de\/wp-content\/uploads\/2026\/03\/Lofoten-3-36-1463x2048.jpg 1463w, https:\/\/simonschoenhoff.de\/wp-content\/uploads\/2026\/03\/Lofoten-3-36-214x300.jpg 214w, https:\/\/simonschoenhoff.de\/wp-content\/uploads\/2026\/03\/Lofoten-3-36-768x1075.jpg 768w, https:\/\/simonschoenhoff.de\/wp-content\/uploads\/2026\/03\/Lofoten-3-36-1097x1536.jpg 1097w, https:\/\/simonschoenhoff.de\/wp-content\/uploads\/2026\/03\/Lofoten-3-36-9x12.jpg 9w, https:\/\/simonschoenhoff.de\/wp-content\/uploads\/2026\/03\/Lofoten-3-36-1200x1680.jpg 1200w\" sizes=\"(max-width: 1828px) 100vw, 1828px\">\t\t\t\t\t\t\t\t\t\t\t<figcaption class=\"widget-image-caption wp-caption-text\">Am Flak\u00adstad\u00adpollen (Panorama) | Sony a7 IV + Sony FE 2.8\/16\u201335 mm&nbsp;GM<\/figcaption>\n\t\t\t\t\t\t\t\t\t\t<\/figure>\n\t\t\t\t\t\t\t\t\t<\/div>\n\t\t\t\t<\/div>\n\t\t\t\t\t<\/div>\n\t\t\t\t<\/div>\n\t\t<div class=\"elementor-element elementor-element-f56b944 e-flex e-con-boxed e-con e-parent\" data-id=\"f56b944\" data-element_type=\"container\" data-e-type=\"container\">\n\t\t\t\t\t<div class=\"e-con-inner\">\n\t\t\t\t<div class=\"elementor-element elementor-element-0035266 elementor-widget elementor-widget-heading\" data-id=\"0035266\" data-element_type=\"widget\" data-e-type=\"widget\" data-widget_type=\"heading.default\">\n\t\t\t\t<div class=\"elementor-widget-container\">\n\t\t\t\t\t<h3 class=\"elementor-heading-title elementor-size-default\">Spie\u00adge\u00adlungen und Bildaufbau<\/h3>\t\t\t\t<\/div>\n\t\t\t\t<\/div>\n\t\t\t\t<div class=\"elementor-element elementor-element-5ec97f5 elementor-widget elementor-widget-text-editor\" data-id=\"5ec97f5\" data-element_type=\"widget\" data-e-type=\"widget\" data-widget_type=\"text-editor.default\">\n\t\t\t\t<div class=\"elementor-widget-container\">\n\t\t\t\t\t\t\t\t\t<p>Auch in Reine wurden wir nochmal kurz mit einem wirk\u00adlich tollen Licht und sogar einem kleinen Regen\u00adbogen belohnt. Es reichte f\u00fcr einige Droh\u00adnen\u00adauf\u00adnahmen und ein paar Aufnahmen am&nbsp;Boden.<\/p><p>Unser Ziel f\u00fcr den Abend war der s\u00fcdlichste Punkt, den wir mit dem Auto errei\u00adchen konnten. Ein Spot bei dem Ort mit dem wohl l\u00e4ngsten Namen \u2013 \u00c5. Leider verlie\u00df uns hier das Gl\u00fcck mit den herr\u00adli\u00adchen Licht\u00adstim\u00admungen. Die Sonne ging hinter einer Wolke am Hori\u00adzont unter und vermieste uns eine geniale Aufnahme von diesem tollen Ort. Einzig kurz nach unserer Ankunft, konnten wir noch etwas Licht mit einfangen, dann verlie\u00df uns die Sonne und damit das Licht in etwas trister Stimmung.<\/p><p>So zogen wir \u2013 zumin\u00addest f\u00fcr diesen Moment etwas geknickt weiter. Aber der Tag war noch laaange nicht vorbei. Der Spot f\u00fcr die Blaue Stunde hatte es noch mal in sich. Eine tolle Perspek\u00adtive beim Ort Reine mit Br\u00fccke, tradi\u00adtio\u00adnellen H\u00e4user und impo\u00adsanten Bergen im Hinter\u00adgrund. Auch hier versuchte ich neben der bekannten Perspek\u00adtive nochmal m\u00f6glichst meine eigenen Kompo\u00adsi\u00adtionen zu finden.<\/p>\t\t\t\t\t\t\t\t<\/div>\n\t\t\t\t<\/div>\n\t\t\t\t<div class=\"elementor-element elementor-element-23d35cf elementor-invisible elementor-widget elementor-widget-image\" data-id=\"23d35cf\" data-element_type=\"widget\" data-e-type=\"widget\" data-settings=\"{&quot;_animation&quot;:&quot;zoomIn&quot;}\" data-widget_type=\"image.default\">\n\t\t\t\t<div class=\"elementor-widget-container\">\n\t\t\t\t\t\t\t\t\t\t\t\t<figure class=\"wp-caption\">\n\t\t\t\t\t\t\t\t\t\t<img loading=\"lazy\" decoding=\"async\" width=\"2560\" height=\"1707\" src=\"https:\/\/simonschoenhoff.de\/wp-content\/uploads\/2026\/03\/Lofoten-3-45-scaled.jpg\" class=\"attachment-full size-full wp-image-16283\" alt srcset=\"https:\/\/simonschoenhoff.de\/wp-content\/uploads\/2026\/03\/Lofoten-3-45-scaled.jpg 2560w, https:\/\/simonschoenhoff.de\/wp-content\/uploads\/2026\/03\/Lofoten-3-45-2048x1366.jpg 2048w, https:\/\/simonschoenhoff.de\/wp-content\/uploads\/2026\/03\/Lofoten-3-45-300x200.jpg 300w, https:\/\/simonschoenhoff.de\/wp-content\/uploads\/2026\/03\/Lofoten-3-45-768x512.jpg 768w, https:\/\/simonschoenhoff.de\/wp-content\/uploads\/2026\/03\/Lofoten-3-45-1536x1024.jpg 1536w, https:\/\/simonschoenhoff.de\/wp-content\/uploads\/2026\/03\/Lofoten-3-45-18x12.jpg 18w, https:\/\/simonschoenhoff.de\/wp-content\/uploads\/2026\/03\/Lofoten-3-45-1200x800.jpg 1200w\" sizes=\"(max-width: 2560px) 100vw, 2560px\">\t\t\t\t\t\t\t\t\t\t\t<figcaption class=\"widget-image-caption wp-caption-text\">Am Ende, \u00c5  | Sony a7 IV + Sony FE 2.8\/16\u201335 mm&nbsp;GM<\/figcaption>\n\t\t\t\t\t\t\t\t\t\t<\/figure>\n\t\t\t\t\t\t\t\t\t<\/div>\n\t\t\t\t<\/div>\n\t\t\t\t\t<\/div>\n\t\t\t\t<\/div>\n\t\t<div class=\"elementor-element elementor-element-cb7e1b2 e-flex e-con-boxed e-con e-parent\" data-id=\"cb7e1b2\" data-element_type=\"container\" data-e-type=\"container\">\n\t\t\t\t\t<div class=\"e-con-inner\">\n\t\t\t\t<div class=\"elementor-element elementor-element-0c7c995 elementor-widget elementor-widget-heading\" data-id=\"0c7c995\" data-element_type=\"widget\" data-e-type=\"widget\" data-widget_type=\"heading.default\">\n\t\t\t\t<div class=\"elementor-widget-container\">\n\t\t\t\t\t<h3 class=\"elementor-heading-title elementor-size-default\">Spie\u00adge\u00adlungen und Bildaufbau<\/h3>\t\t\t\t<\/div>\n\t\t\t\t<\/div>\n\t\t\t\t<div class=\"elementor-element elementor-element-848f4b6 elementor-widget elementor-widget-text-editor\" data-id=\"848f4b6\" data-element_type=\"widget\" data-e-type=\"widget\" data-widget_type=\"text-editor.default\">\n\t\t\t\t<div class=\"elementor-widget-container\">\n\t\t\t\t\t\t\t\t\t<p>Der Spot hier, ist f\u00fcr den Berg mit der Hexenhut-\u00e4hnli\u00adchen Spitze bekannt und der kleinen h\u00f6lzernen Br\u00fccke deren Gel\u00e4nder als f\u00fchrende Linie direkt auf diesen besagten Berg zu f\u00fchrt. Nat\u00fcr\u00adlich habe ich das Bild aufge\u00adnommen. Aber an einem Ort, an dem alle kommen, um das gleiche Bild zu machen ist f\u00fcr mich eins noch wich\u00adtiger, als dieser Shot, n\u00e4mlich mein eigenes Bild zu suchen.&nbsp;<\/p><p>So lief ich ein wenig umher und foto\u00adgra\u00adfierte neben dem Stan\u00addard auch noch einige weitere tolle Bilder. Diese Szene mit dem zuge\u00adschneiten Ruder\u00adboot und dem roten Haus gefiel mir beson\u00adders gut. Sch\u00f6n war auch, dass sich die Farben in den Wolken noch ein wenig hielten und auch in meiner Aufnahme noch zu sehen&nbsp;waren.&nbsp;<\/p>\t\t\t\t\t\t\t\t<\/div>\n\t\t\t\t<\/div>\n\t\t\t\t<div class=\"elementor-element elementor-element-2c507e6 elementor-invisible elementor-widget elementor-widget-image\" data-id=\"2c507e6\" data-element_type=\"widget\" data-e-type=\"widget\" data-settings=\"{&quot;_animation&quot;:&quot;zoomIn&quot;}\" data-widget_type=\"image.default\">\n\t\t\t\t<div class=\"elementor-widget-container\">\n\t\t\t\t\t\t\t\t\t\t\t\t<figure class=\"wp-caption\">\n\t\t\t\t\t\t\t\t\t\t<img loading=\"lazy\" decoding=\"async\" width=\"2560\" height=\"1707\" src=\"https:\/\/simonschoenhoff.de\/wp-content\/uploads\/2026\/03\/Lofoten-3-54-scaled.jpg\" class=\"attachment-full size-full wp-image-16292\" alt srcset=\"https:\/\/simonschoenhoff.de\/wp-content\/uploads\/2026\/03\/Lofoten-3-54-scaled.jpg 2560w, https:\/\/simonschoenhoff.de\/wp-content\/uploads\/2026\/03\/Lofoten-3-54-2048x1366.jpg 2048w, https:\/\/simonschoenhoff.de\/wp-content\/uploads\/2026\/03\/Lofoten-3-54-300x200.jpg 300w, https:\/\/simonschoenhoff.de\/wp-content\/uploads\/2026\/03\/Lofoten-3-54-768x512.jpg 768w, https:\/\/simonschoenhoff.de\/wp-content\/uploads\/2026\/03\/Lofoten-3-54-1536x1024.jpg 1536w, https:\/\/simonschoenhoff.de\/wp-content\/uploads\/2026\/03\/Lofoten-3-54-18x12.jpg 18w, https:\/\/simonschoenhoff.de\/wp-content\/uploads\/2026\/03\/Lofoten-3-54-1200x800.jpg 1200w\" sizes=\"(max-width: 2560px) 100vw, 2560px\">\t\t\t\t\t\t\t\t\t\t\t<figcaption class=\"widget-image-caption wp-caption-text\">Am Hexenhut | Sony a7 IV + Sony FE 2.8\/16\u201335 mm&nbsp;GM<\/figcaption>\n\t\t\t\t\t\t\t\t\t\t<\/figure>\n\t\t\t\t\t\t\t\t\t<\/div>\n\t\t\t\t<\/div>\n\t\t\t\t\t<\/div>\n\t\t\t\t<\/div>\n\t\t<div class=\"elementor-element elementor-element-155402d e-flex e-con-boxed e-con e-parent\" data-id=\"155402d\" data-element_type=\"container\" data-e-type=\"container\">\n\t\t\t\t\t<div class=\"e-con-inner\">\n\t\t\t\t<div class=\"elementor-element elementor-element-49239cd elementor-widget elementor-widget-heading\" data-id=\"49239cd\" data-element_type=\"widget\" data-e-type=\"widget\" data-widget_type=\"heading.default\">\n\t\t\t\t<div class=\"elementor-widget-container\">\n\t\t\t\t\t<h3 class=\"elementor-heading-title elementor-size-default\">Die Polar\u00adlicht-Show<\/h3>\t\t\t\t<\/div>\n\t\t\t\t<\/div>\n\t\t\t\t<div class=\"elementor-element elementor-element-94afd6b elementor-widget elementor-widget-text-editor\" data-id=\"94afd6b\" data-element_type=\"widget\" data-e-type=\"widget\" data-widget_type=\"text-editor.default\">\n\t\t\t\t<div class=\"elementor-widget-container\">\n\t\t\t\t\t\t\t\t\t<p>An der Unter\u00adkunft ange\u00adkommen, hatten wir direkt Polar\u00adlichter \u00fcber uns. Da es nur wenige Minuten zum Hauk\u00adland-Strand waren versuchten wir erneut unser Gl\u00fcck und fuhren los. Ja sie waren da, aber auch wieder die Wolken. Es sollte wohl nicht sein mit Polar\u00adlich\u00adtern am Haukland-Strand.<\/p><p>Also a\u00dfen wir zu Abend und beob\u00adach\u00adteten weiter das Wetter. Wir lagen schon fast in unseren Betten, als es dann aufklarte und die Aurora Borealis zu tanzen begann. Schnell machten wir uns zu Fu\u00df auf den Weg zu einem kleinen Spot nahe unserer Unter\u00adkunft, weil es auch ann\u00e4\u00adhernd wind\u00adstill war, erhofften wir uns Bilder mit Spie\u00adge\u00adlungen der Nord\u00adlichter im Wasser.<\/p><p>Unsere Bem\u00fc\u00adhungen wurden belohnt. Eine Polar\u00adlicht-Show f\u00fcr \u00fcber eine Stunde.&nbsp;Wenn man es nicht selbst erlebt hat, ist es manchmal nur schwer schwer nach\u00adzu\u00advoll\u00adziehen. Und ja Kameras sehen das gr\u00fcn inten\u00adsiver, als unser Auge. Das liegt h\u00e4ufig an dem vorhan\u00addenen Umge\u00adbungs\u00adlicht, und weil unsere Augen ein paar Minuten brau\u00adchen sich an die Dunkel\u00adheit zu gew\u00f6hnen. Darum habe ich meine Kamera auch Inter\u00advall\u00adauf\u00adnahme einge\u00adstellt und w\u00e4hrend sie die Aufnahmen machte, konnte ich mich etwas entfernen, zur\u00fcck\u00adlehnen und das Spek\u00adtakel genie\u00dfen.<\/p><p>Und die tanzenden Nord\u00adli\u00adcher, sie tanzten. Mal schneller, mal lang\u00adsamer. Und obwohl ich die Nord\u00adlichter schonmal gesehen hatte, zogen sie mich wieder in den Bann. Mehr sogar. Nach einiger Zeit erkannte ich mit blosem Auge das inten\u00adsive gr\u00fcn, das zeit\u00adweise leichte lila und ich konnte die Bewe\u00adgungen genau verfolgen.<\/p><p>Ich habe versucht f\u00fcr euch mit meinen Aufnahmen, wenn auch nur ann\u00e4\u00adhernd das fest\u00adzu\u00adhalten was wir an dem Abend erlebt haben und genie\u00dfen konnten. Ich hoffe ihr k\u00f6nnt es in Teilen nachvollziehen.<\/p>\t\t\t\t\t\t\t\t<\/div>\n\t\t\t\t<\/div>\n\t\t\t\t<div class=\"elementor-element elementor-element-5bf7c65 elementor-invisible elementor-widget elementor-widget-image\" data-id=\"5bf7c65\" data-element_type=\"widget\" data-e-type=\"widget\" data-settings=\"{&quot;_animation&quot;:&quot;zoomIn&quot;}\" data-widget_type=\"image.default\">\n\t\t\t\t<div class=\"elementor-widget-container\">\n\t\t\t\t\t\t\t\t\t\t\t\t<figure class=\"wp-caption\">\n\t\t\t\t\t\t\t\t\t\t<img loading=\"lazy\" decoding=\"async\" width=\"1707\" height=\"2560\" src=\"https:\/\/simonschoenhoff.de\/wp-content\/uploads\/2026\/03\/Lofoten-3-56-scaled.jpg\" class=\"attachment-full size-full wp-image-16293\" alt srcset=\"https:\/\/simonschoenhoff.de\/wp-content\/uploads\/2026\/03\/Lofoten-3-56-scaled.jpg 1707w, https:\/\/simonschoenhoff.de\/wp-content\/uploads\/2026\/03\/Lofoten-3-56-1366x2048.jpg 1366w, https:\/\/simonschoenhoff.de\/wp-content\/uploads\/2026\/03\/Lofoten-3-56-200x300.jpg 200w, https:\/\/simonschoenhoff.de\/wp-content\/uploads\/2026\/03\/Lofoten-3-56-768x1152.jpg 768w, https:\/\/simonschoenhoff.de\/wp-content\/uploads\/2026\/03\/Lofoten-3-56-1024x1536.jpg 1024w, https:\/\/simonschoenhoff.de\/wp-content\/uploads\/2026\/03\/Lofoten-3-56-8x12.jpg 8w, https:\/\/simonschoenhoff.de\/wp-content\/uploads\/2026\/03\/Lofoten-3-56-1200x1800.jpg 1200w\" sizes=\"(max-width: 1707px) 100vw, 1707px\">\t\t\t\t\t\t\t\t\t\t\t<figcaption class=\"widget-image-caption wp-caption-text\">The Swirl | Sony a7 IV + Sony FE 2.8\/16\u201335 mm&nbsp;GM<\/figcaption>\n\t\t\t\t\t\t\t\t\t\t<\/figure>\n\t\t\t\t\t\t\t\t\t<\/div>\n\t\t\t\t<\/div>\n\t\t\t\t\t<\/div>\n\t\t\t\t<\/div>\n\t\t<div class=\"elementor-element elementor-element-7f59c3e e-flex e-con-boxed e-con e-parent\" data-id=\"7f59c3e\" data-element_type=\"container\" data-e-type=\"container\">\n\t\t\t\t\t<div class=\"e-con-inner\">\n\t\t\t\t<div class=\"elementor-element elementor-element-6ffdc77 elementor-widget elementor-widget-menu-anchor\" data-id=\"6ffdc77\" data-element_type=\"widget\" data-e-type=\"widget\" data-widget_type=\"menu-anchor.default\">\n\t\t\t\t<div class=\"elementor-widget-container\">\n\t\t\t\t\t\t\t<div class=\"elementor-menu-anchor\" id=\"vlog\"><\/div>\n\t\t\t\t\t\t<\/div>\n\t\t\t\t<\/div>\n\t\t\t\t<div class=\"elementor-element elementor-element-6cad6d0 elementor-widget elementor-widget-heading\" data-id=\"6cad6d0\" data-element_type=\"widget\" data-e-type=\"widget\" data-widget_type=\"heading.default\">\n\t\t\t\t<div class=\"elementor-widget-container\">\n\t\t\t\t\t<h3 class=\"elementor-heading-title elementor-size-default\">VLOG to the&nbsp;BLOG<\/h3>\t\t\t\t<\/div>\n\t\t\t\t<\/div>\n\t\t\t\t<div class=\"elementor-element elementor-element-42ac28c elementor-widget elementor-widget-text-editor\" data-id=\"42ac28c\" data-element_type=\"widget\" data-e-type=\"widget\" data-widget_type=\"text-editor.default\">\n\t\t\t\t<div class=\"elementor-widget-container\">\n\t\t\t\t\t\t\t\t\t<p>Begleite mich beim Foto\u00adgra\u00adfieren auf den Lofoten! In dieser zweiten Episode meiner Serie besu\u00adchen wir Skags\u00adanden, Ramberg und Vikten. Au\u00dferdem zeige ich euch, wie ihr die Farben des hohen Nordens aus euren RAWs wieder herausholt.&nbsp;<\/p>\t\t\t\t\t\t\t\t<\/div>\n\t\t\t\t<\/div>\n\t\t\t\t<div class=\"elementor-element elementor-element-c0daf2e elementor-widget elementor-widget-video\" data-id=\"c0daf2e\" data-element_type=\"widget\" data-e-type=\"widget\" data-settings=\"{&quot;youtube_url&quot;:&quot;https:\\\/\\\/youtu.be\\\/eGSNzXUXr6w&quot;,&quot;video_type&quot;:&quot;youtube&quot;,&quot;controls&quot;:&quot;yes&quot;}\" data-widget_type=\"video.default\">\n\t\t\t\t<div class=\"elementor-widget-container\">\n\t\t\t\t\t\t\t<div class=\"elementor-wrapper elementor-open-inline\">\n\t\t\t<div class=\"elementor-video\"><\/div>\t\t<\/div>\n\t\t\t\t\t\t<\/div>\n\t\t\t\t<\/div>\n\t\t\t\t\t<\/div>\n\t\t\t\t<\/div>\n\t\t<div class=\"elementor-element elementor-element-6be23fe e-flex e-con-boxed e-con e-parent\" data-id=\"6be23fe\" data-element_type=\"container\" data-e-type=\"container\">\n\t\t\t\t\t<div class=\"e-con-inner\">\n\t\t\t\t<div class=\"elementor-element elementor-element-62eda78 elementor-widget elementor-widget-text-editor\" data-id=\"62eda78\" data-element_type=\"widget\" data-e-type=\"widget\" data-widget_type=\"text-editor.default\">\n\t\t\t\t<div class=\"elementor-widget-container\">\n\t\t\t\t\t\t\t\t\t<p style=\"text-align: center;\">Feel free to&nbsp;share:<\/p>\t\t\t\t\t\t\t\t<\/div>\n\t\t\t\t<\/div>\n\t\t\t\t<div class=\"elementor-element elementor-element-e6298e1 elementor-share-buttons--view-icon elementor-share-buttons--skin-flat elementor-share-buttons--shape-circle elementor-share-buttons--color-custom elementor-grid-0 elementor-widget elementor-widget-share-buttons\" data-id=\"e6298e1\" data-element_type=\"widget\" data-e-type=\"widget\" data-widget_type=\"share-buttons.default\">\n\t\t\t\t<div class=\"elementor-widget-container\">\n\t\t\t\t\t\t\t<div class=\"elementor-grid\" role=\"list\">\n\t\t\t\t\t\t\t\t<div class=\"elementor-grid-item\" role=\"listitem\">\n\t\t\t\t\t\t<div class=\"elementor-share-btn elementor-share-btn_facebook\" role=\"button\" tabindex=\"0\" aria-label=\"Teilen auf facebook\">\n\t\t\t\t\t\t\t\t\t\t\t\t\t\t\t<span class=\"elementor-share-btn__icon\">\n\t\t\t\t\t\t\t\t<i class=\"fab fa-facebook\" aria-hidden=\"true\"><\/i>\t\t\t\t\t\t\t<\/span>\n\t\t\t\t\t\t\t\t\t\t\t\t\t\t\t\t\t\t\t\t<\/div>\n\t\t\t\t\t<\/div>\n\t\t\t\t\t\t\t\t\t<div class=\"elementor-grid-item\" role=\"listitem\">\n\t\t\t\t\t\t<div class=\"elementor-share-btn elementor-share-btn_threads\" role=\"button\" tabindex=\"0\" aria-label=\"Teilen auf threads\">\n\t\t\t\t\t\t\t\t\t\t\t\t\t\t\t<span class=\"elementor-share-btn__icon\">\n\t\t\t\t\t\t\t\t<i class=\"fab fa-threads\" aria-hidden=\"true\"><\/i>\t\t\t\t\t\t\t<\/span>\n\t\t\t\t\t\t\t\t\t\t\t\t\t\t\t\t\t\t\t\t<\/div>\n\t\t\t\t\t<\/div>\n\t\t\t\t\t\t\t\t\t<div class=\"elementor-grid-item\" role=\"listitem\">\n\t\t\t\t\t\t<div class=\"elementor-share-btn elementor-share-btn_whatsapp\" role=\"button\" tabindex=\"0\" aria-label=\"Teilen auf whatsapp\">\n\t\t\t\t\t\t\t\t\t\t\t\t\t\t\t<span class=\"elementor-share-btn__icon\">\n\t\t\t\t\t\t\t\t<i class=\"fab fa-whatsapp\" aria-hidden=\"true\"><\/i>\t\t\t\t\t\t\t<\/span>\n\t\t\t\t\t\t\t\t\t\t\t\t\t\t\t\t\t\t\t\t<\/div>\n\t\t\t\t\t<\/div>\n\t\t\t\t\t\t\t\t\t<div class=\"elementor-grid-item\" role=\"listitem\">\n\t\t\t\t\t\t<div class=\"elementor-share-btn elementor-share-btn_pinterest\" role=\"button\" tabindex=\"0\" aria-label=\"Teilen auf pinterest\">\n\t\t\t\t\t\t\t\t\t\t\t\t\t\t\t<span class=\"elementor-share-btn__icon\">\n\t\t\t\t\t\t\t\t<i class=\"fab fa-pinterest\" aria-hidden=\"true\"><\/i>\t\t\t\t\t\t\t<\/span>\n\t\t\t\t\t\t\t\t\t\t\t\t\t\t\t\t\t\t\t\t<\/div>\n\t\t\t\t\t<\/div>\n\t\t\t\t\t\t\t\t\t<div class=\"elementor-grid-item\" role=\"listitem\">\n\t\t\t\t\t\t<div class=\"elementor-share-btn elementor-share-btn_x-twitter\" role=\"button\" tabindex=\"0\" aria-label=\"Teilen auf x-twitter\">\n\t\t\t\t\t\t\t\t\t\t\t\t\t\t\t<span class=\"elementor-share-btn__icon\">\n\t\t\t\t\t\t\t\t<i class=\"fab fa-x-twitter\" aria-hidden=\"true\"><\/i>\t\t\t\t\t\t\t<\/span>\n\t\t\t\t\t\t\t\t\t\t\t\t\t\t\t\t\t\t\t\t<\/div>\n\t\t\t\t\t<\/div>\n\t\t\t\t\t\t<\/div>\n\t\t\t\t\t\t<\/div>\n\t\t\t\t<\/div>\n\t\t\t\t\t<\/div>\n\t\t\t\t<\/div>\n\t\t\t\t<\/div>","protected":false},"excerpt":{"rendered":"<p>Zwei fantas\u00adti\u00adsche Tag lagen bereits hinter uns. Klar w\u00fcnschten wir uns t\u00e4glich raue Wolken\u00adstruk\u00adturen, geniale Licht\u00adstim\u00admungen und Dramatik f\u00fcr diese tolle Land\u00adschaft, um Bilder zu foto\u00adgra\u00adfieren, die ihr auch wirk\u00adlich w\u00fcrdig ist, doch f\u00fcr die n\u00e4cht\u00adli\u00adchen Stunden h\u00e4tten wir es am liebsten jeden Tage ster\u00adnen\u00adklar gehabt. Denn dann sieht man die Polar\u00adlichter, die in diesem Winter fast t\u00e4glich vorkamen erst richtig. Doch, wenn wir jeden Tag tolle Stim\u00admungen am Tag haben, dann w\u00e4re ich auch mit einer klaren Polar\u00adnacht zufrieden dachte ich mir \u2013 Ich wollte dieses mal einfach nicht zu viele Erwar\u00adtungen mit bringen, um nicht entt\u00e4uscht zu werden. Doch wir wurden von Mutter Natur f\u00fcr unser bem\u00fchen belohnt.&nbsp;<\/p>","protected":false},"author":1,"featured_media":16279,"comment_status":"open","ping_status":"open","sticky":false,"template":"","format":"standard","meta":{"wp_typography_post_enhancements_disabled":false,"footnotes":""},"categories":[4,7,336],"tags":[253,335,337],"class_list":["post-16236","post","type-post","status-publish","format-standard","has-post-thumbnail","hentry","category-blog","category-foto-locations","category-lofoten","tag-landschaftsfotografie","tag-lofoten","tag-norwegen"],"_links":{"self":[{"href":"https:\/\/simonschoenhoff.de\/en\/wp-json\/wp\/v2\/posts\/16236","targetHints":{"allow":["GET"]}}],"collection":[{"href":"https:\/\/simonschoenhoff.de\/en\/wp-json\/wp\/v2\/posts"}],"about":[{"href":"https:\/\/simonschoenhoff.de\/en\/wp-json\/wp\/v2\/types\/post"}],"author":[{"embeddable":true,"href":"https:\/\/simonschoenhoff.de\/en\/wp-json\/wp\/v2\/users\/1"}],"replies":[{"embeddable":true,"href":"https:\/\/simonschoenhoff.de\/en\/wp-json\/wp\/v2\/comments?post=16236"}],"version-history":[{"count":12,"href":"https:\/\/simonschoenhoff.de\/en\/wp-json\/wp\/v2\/posts\/16236\/revisions"}],"predecessor-version":[{"id":16485,"href":"https:\/\/simonschoenhoff.de\/en\/wp-json\/wp\/v2\/posts\/16236\/revisions\/16485"}],"wp:featuredmedia":[{"embeddable":true,"href":"https:\/\/simonschoenhoff.de\/en\/wp-json\/wp\/v2\/media\/16279"}],"wp:attachment":[{"href":"https:\/\/simonschoenhoff.de\/en\/wp-json\/wp\/v2\/media?parent=16236"}],"wp:term":[{"taxonomy":"category","embeddable":true,"href":"https:\/\/simonschoenhoff.de\/en\/wp-json\/wp\/v2\/categories?post=16236"},{"taxonomy":"post_tag","embeddable":true,"href":"https:\/\/simonschoenhoff.de\/en\/wp-json\/wp\/v2\/tags?post=16236"}],"curies":[{"name":"wp","href":"https:\/\/api.w.org\/{rel}","templated":true}]}}