{"id":15820,"date":"2025-12-12T17:20:11","date_gmt":"2025-12-12T17:20:11","guid":{"rendered":"https:\/\/simonschoenhoff.de\/?p=15820"},"modified":"2025-12-12T17:20:15","modified_gmt":"2025-12-12T17:20:15","slug":"5-typische-fehler-in-der-bildbearbeitung","status":"publish","type":"post","link":"https:\/\/simonschoenhoff.de\/en\/5-typische-fehler-in-der-bildbearbeitung\/","title":{"rendered":"5 typi\u00adsche Fehler in der Bildbearbeitung"},"content":{"rendered":"<div data-elementor-type=\"wp-post\" data-elementor-id=\"15820\" class=\"elementor elementor-15820\" data-elementor-post-type=\"post\">\n\t\t\t\t<div class=\"elementor-element elementor-element-444e88e e-flex e-con-boxed e-con e-parent\" data-id=\"444e88e\" data-element_type=\"container\" data-e-type=\"container\">\n\t\t\t\t\t<div class=\"e-con-inner\">\n\t\t\t\t<div class=\"elementor-element elementor-element-e2467da elementor-widget elementor-widget-menu-anchor\" data-id=\"e2467da\" data-element_type=\"widget\" data-e-type=\"widget\" data-widget_type=\"menu-anchor.default\">\n\t\t\t\t<div class=\"elementor-widget-container\">\n\t\t\t\t\t\t\t<div class=\"elementor-menu-anchor\" id=\"seite\"><\/div>\n\t\t\t\t\t\t<\/div>\n\t\t\t\t<\/div>\n\t\t\t\t<div class=\"elementor-element elementor-element-27bcbf0 elementor-widget elementor-widget-heading\" data-id=\"27bcbf0\" data-element_type=\"widget\" data-e-type=\"widget\" data-widget_type=\"heading.default\">\n\t\t\t\t<div class=\"elementor-widget-container\">\n\t\t\t\t\t<h2 class=\"elementor-heading-title elementor-size-default\">5 typi\u00adsche Fehler in der Bildbearbeitung<\/h2>\t\t\t\t<\/div>\n\t\t\t\t<\/div>\n\t\t\t\t<div class=\"elementor-element elementor-element-e1d60c4 elementor-widget elementor-widget-text-editor\" data-id=\"e1d60c4\" data-element_type=\"widget\" data-e-type=\"widget\" data-widget_type=\"text-editor.default\">\n\t\t\t\t<div class=\"elementor-widget-container\">\n\t\t\t\t\t\t\t\t\tBild\u00adbe\u00adar\u00adbei\u00adtung kann Spa\u00df machen, aber auch ziem\u00adlich frus\u00adtrie\u00adrend sein. Stun\u00adden\u00adlang kann man sich in seinen eigenen 4 W\u00e4nden mit den Reglern in Ligh\u00adt\u00adroom, Luminar Neo, Capture One, oder wie sie alle hei\u00dfen besch\u00e4f\u00adtigen. Und dann merkt man am n\u00e4chsten Tag, dass es doch etwas zu viel oder auch zu wenig des \u201eGuten\u201c war und man feilt wieder an der Abstim\u00admung. Gerade Beginner in der Land\u00adschafts\u00adfo\u00adto\u00adgrafie sind meist es was \u201e\u00dcber\u00admo\u00adti\u00adviert\u201c was die Regler betrifft und so sieht man immer wieder 5 typi\u00adsche Fehler in der Bild\u00adbe\u00adar\u00adbei\u00adtung, f\u00fcr die ich euch in diesem Blog sensi\u00adbi\u00adli\u00adsieren m\u00f6chte.&nbsp;<\/div>\n\t\t\t\t<\/div>\n\t\t\t\t<div class=\"elementor-element elementor-element-552cf52 elementor-widget elementor-widget-text-editor\" data-id=\"552cf52\" data-element_type=\"widget\" data-e-type=\"widget\" data-widget_type=\"text-editor.default\">\n\t\t\t\t<div class=\"elementor-widget-container\">\n\t\t\t\t\t\t\t\t\t<p style=\"text-align: center;\"><span style=\"font-size: 10pt;\">Gear:<\/span><\/p><p style=\"text-align: center;\"><span style=\"font-size: 10pt; color: var( --e-global-color-secondary );\">Sony a7IV<br><\/span><span style=\"font-size: 10pt; color: var( --e-global-color-secondary );\">Sony FE 4\/24\u2013105 mm&nbsp;G<br><\/span><\/p>\t\t\t\t\t\t\t\t<\/div>\n\t\t\t\t<\/div>\n\t\t\t\t\t<\/div>\n\t\t\t\t<\/div>\n\t\t<div class=\"elementor-element elementor-element-1930d77 e-con-full e-flex e-con e-parent\" data-id=\"1930d77\" data-element_type=\"container\" data-e-type=\"container\" data-settings=\"{&quot;background_background&quot;:&quot;classic&quot;}\">\n\t\t\t\t<div class=\"elementor-element elementor-element-3c0c4d6 elementor-widget elementor-widget-text-editor\" data-id=\"3c0c4d6\" data-element_type=\"widget\" data-e-type=\"widget\" data-widget_type=\"text-editor.default\">\n\t\t\t\t<div class=\"elementor-widget-container\">\n\t\t\t\t\t\t\t\t\t<p style=\"text-align: center;\">You can see the VLOG to the BLOG at the bottom of the page or you can reach it via this button:<\/p>\t\t\t\t\t\t\t\t<\/div>\n\t\t\t\t<\/div>\n\t\t\t\t<div class=\"elementor-element elementor-element-35df882 elementor-align-center elementor-widget elementor-widget-button\" data-id=\"35df882\" data-element_type=\"widget\" data-e-type=\"widget\" data-widget_type=\"button.default\">\n\t\t\t\t<div class=\"elementor-widget-container\">\n\t\t\t\t\t\t\t\t\t<div class=\"elementor-button-wrapper\">\n\t\t\t\t\t<a class=\"elementor-button elementor-button-link elementor-size-sm\" href=\"#vlog\">\n\t\t\t\t\t\t<span class=\"elementor-button-content-wrapper\">\n\t\t\t\t\t\t\t\t\t<span class=\"elementor-button-text\">Directly to the&nbsp;video<\/span>\n\t\t\t\t\t<\/span>\n\t\t\t\t\t<\/a>\n\t\t\t\t<\/div>\n\t\t\t\t\t\t\t\t<\/div>\n\t\t\t\t<\/div>\n\t\t\t\t<\/div>\n\t\t<div class=\"elementor-element elementor-element-1708fbb e-flex e-con-boxed e-con e-parent\" data-id=\"1708fbb\" data-element_type=\"container\" data-e-type=\"container\">\n\t\t\t\t\t<div class=\"e-con-inner\">\n\t\t\t\t<div class=\"elementor-element elementor-element-8ea0a8c elementor-widget elementor-widget-heading\" data-id=\"8ea0a8c\" data-element_type=\"widget\" data-e-type=\"widget\" data-widget_type=\"heading.default\">\n\t\t\t\t<div class=\"elementor-widget-container\">\n\t\t\t\t\t<h3 class=\"elementor-heading-title elementor-size-default\">Fehler 1:  Fehlende Tiefe durch zu flachen Gesamtkonstrast<\/h3>\t\t\t\t<\/div>\n\t\t\t\t<\/div>\n\t\t\t\t<div class=\"elementor-element elementor-element-24d95b7 elementor-widget elementor-widget-text-editor\" data-id=\"24d95b7\" data-element_type=\"widget\" data-e-type=\"widget\" data-widget_type=\"text-editor.default\">\n\t\t\t\t<div class=\"elementor-widget-container\">\n\t\t\t\t\t\t\t\t\t<p>Gerade bei einem Bild, wie diesem in der von mir ausge\u00adru\u00adfenen RAW-Chall\u00adenge, mit hohem Dyna\u00admik\u00adum\u00adfang, also sehr breiter Tonwert\u00adsprei\u00adzung, ist es ein nat\u00fcr\u00adli\u00adcher Reflex die Tiefen in die H\u00f6hen und die H\u00f6hen in die Tiefen zu ziehen. Dadurch bringt man die Tonwerte dichter zusammen und sie treffen sich im Bereich der Mittel\u00adt\u00f6ne. Was an sich nicht falsch ist, kann in einem solchen Land\u00adschafts\u00adbild daf\u00fcr sorgen, dass das gesamte Bild recht flach wirkt. Im Gesamt\u00addurch\u00adschnitt eben ein Gesamt\u00adkon\u00adtrast fehlt. Dadurch fehlt auch ein wenig Tiefe im&nbsp;Bild.<\/p><p>F\u00fcr den Betrachter, der dazu neigt mit seinem Blick von dunkel nach hell zu wandern fehlt auch die \u201eGewich\u00adtung\u201c im Bild. Was ist wich\u00adtiger, was unwich\u00adtiger? Es sollte also vermieden werden, dass Land\u00adschaft und Himmel die gleiche Hellig\u00adkeit besitzen. Das wirkt zudem auch etwas unna\u00adt\u00fcr\u00adlich. Versucht also mit Kontrast, Wei\u00df oder Schwarz ein wenig gegen\u00adzu\u00adsteuern, oder noch besser mit lokalen Anpas\u00adsungen \u00fcber Masken den f\u00fcr den Betrachter notwen\u00addigen Kontrast hinzuzuf\u00fcgen.<\/p>\t\t\t\t\t\t\t\t<\/div>\n\t\t\t\t<\/div>\n\t\t\t\t<div class=\"elementor-element elementor-element-b6d8c78 elementor-widget elementor-widget-heading\" data-id=\"b6d8c78\" data-element_type=\"widget\" data-e-type=\"widget\" data-widget_type=\"heading.default\">\n\t\t\t\t<div class=\"elementor-widget-container\">\n\t\t\t\t\t<h3 class=\"elementor-heading-title elementor-size-default\">Fehler 2:  \u00dcber\u00ads\u00e4t\u00adtigte Farben<\/h3>\t\t\t\t<\/div>\n\t\t\t\t<\/div>\n\t\t\t\t<div class=\"elementor-element elementor-element-b4a77bb elementor-widget elementor-widget-text-editor\" data-id=\"b4a77bb\" data-element_type=\"widget\" data-e-type=\"widget\" data-widget_type=\"text-editor.default\">\n\t\t\t\t<div class=\"elementor-widget-container\">\n\t\t\t\t\t\t\t\t\t<p>Farben sind immer wieder ein schwie\u00adriges Thema. Viele heut\u00adzu\u00adtage nutzen einen sehr ents\u00e4t\u00adtigten Look. Was so ein wenig in Mode ist, gef\u00e4llt aber auch nicht unbe\u00addingt jedem. Gerade Anf\u00e4n\u00adgern passiert es aller\u00addings, dass sie Farben h\u00e4ufig \u00fcber\u00ads\u00e4t\u00adtigen. Da wird die globale S\u00e4tti\u00adgung etwas hoch\u00adge\u00addreht, dazu noch etwas die Dynamik. Dann noch die einzelnen Farb\u00adka\u00adn\u00e4le dazu und wom\u00f6g\u00adlich noch Farben \u00fcber die Kali\u00adbrie\u00adrung ein wenig geboostet und schon sieht das Bild aus, wie ein einziger Farbkasten.&nbsp;<\/p><p>Das T\u00fccki\u00adsche daran ist, dass je l\u00e4nger man auf den Bild\u00adschirm und das \u00fcber\u00ads\u00e4t\u00adtigte Bild schaut, desto mehr kommt es einem vor, als dass die Einstel\u00adlungen so passen k\u00f6nnten. Das Auge gew\u00f6hnt sich an die Farben und nimmt sie mit der Zeit etwas weniger intensiv war. hier hilft es, das Bild f\u00fcr einige Zeit liegen zu lassen. Etwas anderes zu tun, eine kurze Pause, oder einfach \u00fcber Nacht. Nach einer gewissen Zeit zur\u00fcck\u00adzu\u00adkommen und dann nochmal zu hinter\u00adfragen. Meist bemerkt man nach so einer Pause f\u00fcr die Augen, dass die Regler doch etwas zu stark hinein\u00adge\u00addreht wurden.&nbsp;<\/p>\t\t\t\t\t\t\t\t<\/div>\n\t\t\t\t<\/div>\n\t\t\t\t<div class=\"elementor-element elementor-element-4ea11c3 elementor-widget elementor-widget-heading\" data-id=\"4ea11c3\" data-element_type=\"widget\" data-e-type=\"widget\" data-widget_type=\"heading.default\">\n\t\t\t\t<div class=\"elementor-widget-container\">\n\t\t\t\t\t<h3 class=\"elementor-heading-title elementor-size-default\">Fehler 3: Zu starke Vignetten oder Tonwertspreizung<\/h3>\t\t\t\t<\/div>\n\t\t\t\t<\/div>\n\t\t\t\t<div class=\"elementor-element elementor-element-285a8e6 elementor-widget elementor-widget-text-editor\" data-id=\"285a8e6\" data-element_type=\"widget\" data-e-type=\"widget\" data-widget_type=\"text-editor.default\">\n\t\t\t\t<div class=\"elementor-widget-container\">\n\t\t\t\t\t\t\t\t\t<p>Eine Vignette ist eben\u00adfalls ein Tool, das gerade Neulinge gerne nutzen. Dezent ange\u00adwandt, kann sie nat\u00fcr\u00adlich daf\u00fcr sorgen, dass der Blick des Betrach\u00adters ganz nat\u00fcr\u00adlich in der Bild\u00admitte gehalten wird. Weil der Mensch dazu neigt, von dunkel nach hell den Blick zu bewegen. Aller\u00addings sollte sie m\u00f6glichst unauf\u00adf\u00e4llig ins Bild einge\u00adar\u00adbeitet werden. Ist sie zu offen\u00adsicht\u00adlich, ist es meist schon zu viel. Um die St\u00e4rke zu pr\u00fcfen, sollte man das Bild heraus\u00adge\u00adzoomt, also als Minia\u00adtur\u00adbild einmal anschauen, und die Vignette einmal ein und ausschalten. Ist sie sehr offen\u00adsicht\u00adlich, ist es vermut\u00adlich zu&nbsp;viel.&nbsp;<\/p><p>Gerade in der Land\u00adschafts\u00adfo\u00adto\u00adgrafie kann so eine Vignette oder auch eine andere sehr starke Tonwert\u00adsprei\u00adzung sehr unna\u00adt\u00fcr\u00adlich wirken. Geh\u00f6rt das zum k\u00fcnst\u00adle\u00adri\u00adschen Ausdruck, okay, aber ich f\u00fcr mich, m\u00f6chte die Sch\u00f6n\u00adheit der realen Welt zeigen, in diesem Fall ist der Himmel in den seltensten F\u00e4llen (also eigent\u00adlich nie) ein reines Schwarz oder ein reines Wei\u00df. Diese extreme Tonwert\u00adsprei\u00adzung sollte man also auch in der Bild\u00adbe\u00adar\u00adbei\u00adtung vermeiden.<\/p>\t\t\t\t\t\t\t\t<\/div>\n\t\t\t\t<\/div>\n\t\t\t\t<div class=\"elementor-element elementor-element-26b5611 elementor-invisible elementor-widget elementor-widget-image\" data-id=\"26b5611\" data-element_type=\"widget\" data-e-type=\"widget\" data-settings=\"{&quot;_animation&quot;:&quot;zoomIn&quot;}\" data-widget_type=\"image.default\">\n\t\t\t\t<div class=\"elementor-widget-container\">\n\t\t\t\t\t\t\t\t\t\t\t\t<figure class=\"wp-caption\">\n\t\t\t\t\t\t\t\t\t\t<img fetchpriority=\"high\" decoding=\"async\" width=\"2560\" height=\"1707\" src=\"https:\/\/simonschoenhoff.de\/wp-content\/uploads\/2025\/11\/Kraichgau_Malsch_Morgenrot_01-scaled.jpg\" class=\"attachment-full size-full wp-image-15662\" alt srcset=\"https:\/\/simonschoenhoff.de\/wp-content\/uploads\/2025\/11\/Kraichgau_Malsch_Morgenrot_01-scaled.jpg 2560w, https:\/\/simonschoenhoff.de\/wp-content\/uploads\/2025\/11\/Kraichgau_Malsch_Morgenrot_01-2048x1366.jpg 2048w, https:\/\/simonschoenhoff.de\/wp-content\/uploads\/2025\/11\/Kraichgau_Malsch_Morgenrot_01-300x200.jpg 300w, https:\/\/simonschoenhoff.de\/wp-content\/uploads\/2025\/11\/Kraichgau_Malsch_Morgenrot_01-768x512.jpg 768w, https:\/\/simonschoenhoff.de\/wp-content\/uploads\/2025\/11\/Kraichgau_Malsch_Morgenrot_01-1536x1024.jpg 1536w, https:\/\/simonschoenhoff.de\/wp-content\/uploads\/2025\/11\/Kraichgau_Malsch_Morgenrot_01-18x12.jpg 18w, https:\/\/simonschoenhoff.de\/wp-content\/uploads\/2025\/11\/Kraichgau_Malsch_Morgenrot_01-1200x800.jpg 1200w\" sizes=\"(max-width: 2560px) 100vw, 2560px\">\t\t\t\t\t\t\t\t\t\t\t<figcaption class=\"widget-image-caption wp-caption-text\">Sunrise over Malsch | Sony a7 IV + Sony FE 4\/24\u2013105 mm&nbsp;G<\/figcaption>\n\t\t\t\t\t\t\t\t\t\t<\/figure>\n\t\t\t\t\t\t\t\t\t<\/div>\n\t\t\t\t<\/div>\n\t\t\t\t<div class=\"elementor-element elementor-element-8c50052 elementor-widget elementor-widget-heading\" data-id=\"8c50052\" data-element_type=\"widget\" data-e-type=\"widget\" data-widget_type=\"heading.default\">\n\t\t\t\t<div class=\"elementor-widget-container\">\n\t\t\t\t\t<h3 class=\"elementor-heading-title elementor-size-default\">Fehler 4: Zu viel globale, zu wenig lokale Anpassungen<\/h3>\t\t\t\t<\/div>\n\t\t\t\t<\/div>\n\t\t\t\t<div class=\"elementor-element elementor-element-3896f14 elementor-widget elementor-widget-text-editor\" data-id=\"3896f14\" data-element_type=\"widget\" data-e-type=\"widget\" data-widget_type=\"text-editor.default\">\n\t\t\t\t<div class=\"elementor-widget-container\">\n\t\t\t\t\t\t\t\t\t<p>F\u00fcr Einsteiger in m\u00e4ch\u00adtige Bild\u00adbe\u00adar\u00adbei\u00adtungs\u00adpro\u00adgramme ist eben\u00adfalls ganz nat\u00fcr\u00adlich sich erst einmal haupt\u00ads\u00e4ch\u00adlich mit den globalen Einstel\u00adlungen zu begn\u00fcgen. Wenn man als Neuling sieht, wie viel aus so einem RAW-Bild bereits alleine mit globalen Anpas\u00adsungen heraus\u00adzu\u00adholen m\u00f6glich ist, ist man anfangs wom\u00f6g\u00adlich auch bereits zufrieden mit den Ergeb\u00adnissen. Man darf nur nicht den Fehler machen, sich auf Dauer damit zufrieden zu stellen, bzw. immer noch mehr und noch st\u00e4rker globale Einstel\u00adlungen zu nutzen. Was an einer Stelle f\u00fcr das Bild gut ist, ist an anderer Stelle nicht so&nbsp;gut.&nbsp;<\/p><p>Aus diesem Grund, sollte man sich recht schnell mit den Masken moderner Bild\u00adbe\u00adar\u00adbei\u00adtungs\u00adpro\u00adgramme besch\u00e4f\u00adtigen. Anfangs reichen auch erstmal lineare und radiale Masken, sowie der Korrek\u00adtur\u00adpinsel aus, um bereits deut\u00adliche Verbes\u00adse\u00adrungen zu erzielen. Hier ist eben\u00adfalls die Devise in den einzelnen Masken die Regler nicht zu stark an die Grenzen zu ziehen, sondern lieber mit 2\u20133 \u00fcber\u00adla\u00adgernden Masken zu arbeiten. Die Ergeb\u00adnisse wirken dadurch meist nat\u00fcrlicher.&nbsp;<\/p>\t\t\t\t\t\t\t\t<\/div>\n\t\t\t\t<\/div>\n\t\t\t\t<div class=\"elementor-element elementor-element-5aee253 elementor-widget elementor-widget-heading\" data-id=\"5aee253\" data-element_type=\"widget\" data-e-type=\"widget\" data-widget_type=\"heading.default\">\n\t\t\t\t<div class=\"elementor-widget-container\">\n\t\t\t\t\t<h3 class=\"elementor-heading-title elementor-size-default\">Fehler 5: Globale Sch\u00e4rfe, Textur &amp; Klarheit<\/h3>\t\t\t\t<\/div>\n\t\t\t\t<\/div>\n\t\t\t\t<div class=\"elementor-element elementor-element-88d519a elementor-widget elementor-widget-text-editor\" data-id=\"88d519a\" data-element_type=\"widget\" data-e-type=\"widget\" data-widget_type=\"text-editor.default\">\n\t\t\t\t<div class=\"elementor-widget-container\">\n\t\t\t\t\t\t\t\t\t<p>Zuletzt ein Fehler, den meist den fort\u00adge\u00adschrit\u00adtenen Bild\u00adbe\u00adar\u00adbeiter vom Profi unter\u00adscheidet. W\u00e4hrend Anf\u00e4nger und erfah\u00adre\u00adnere Foto\u00adgrafen meist global Sch\u00e4rfe einstellen, bzw. mit Textur und Klar\u00adheit arbeiten, so setzen Profis diese drei Regler nur lokal ein. Viele Bild\u00adele\u00admente ben\u00f6\u00adtigen n\u00e4mlich einfach keine starke Textur oder Klar\u00adheit. Und durch Sch\u00e4rfen holt man sich nur Rauschen ins Bild, wenn man sie nicht ausschlie\u00df\u00adlich auf die Kanten reduziert.&nbsp;<\/p><p>Also nutzt eine Maske f\u00fcr das Haupt\u00admotiv und verleiht diesem etwas mehr Klar\u00adheit. An vielen anderen stellen im Bild k\u00f6nnt ihr sogar mit etwas nega\u00adtiver Klar\u00adheit arbeiten. Das macht das Bild insge\u00adsamt etwas vertr\u00e4umter, ohne dass das Haupt\u00admotiv an Pr\u00e4senz verliert. Mit anderen Masken k\u00f6nnt ihr feine Texturen, wie etwa im Wald\u00adboden, auf Steinen, etc. verst\u00e4rken. Dadurch wirkt das Bild schon deut\u00adlich sch\u00e4rfer, ohne dass ihr den Sch\u00e4r\u00adfe\u00adregler genutzt habt. Bei der Sch\u00e4rfe solltet ihr auf jeden Fall die Funk\u00adtion Maskieren nutzen. Mit ALT-Taste gedr\u00fcckt, seht ihr exakt, wo die Sch\u00e4rfe einge\u00adsetzt wird. Dadurch sch\u00e4rft ihr nicht das gesamte Bild und bekommt keine unn\u00f6\u00adtige Sch\u00e4rfe ins Bild, mit der ihr auch Bild\u00adrau\u00adschen verst\u00e4rkt.&nbsp;<\/p>\t\t\t\t\t\t\t\t<\/div>\n\t\t\t\t<\/div>\n\t\t\t\t<div class=\"elementor-element elementor-element-907fc32 elementor-widget elementor-widget-text-editor\" data-id=\"907fc32\" data-element_type=\"widget\" data-e-type=\"widget\" data-widget_type=\"text-editor.default\">\n\t\t\t\t<div class=\"elementor-widget-container\">\n\t\t\t\t\t\t\t\t\t<h4>Conclu\u00adsion<\/h4><p>Alle typi\u00adschen Fehler sind leicht zu vermeiden, erfor\u00addern aller\u00addings ein klein wenig Finger\u00adspit\u00adzen\u00adge\u00adf\u00fchl. Auch hier macht \u00dcbung den Meister.&nbsp;<\/p>\t\t\t\t\t\t\t\t<\/div>\n\t\t\t\t<\/div>\n\t\t\t\t\t<\/div>\n\t\t\t\t<\/div>\n\t\t<div class=\"elementor-element elementor-element-10a1d9a e-con-full e-flex e-con e-child\" data-id=\"10a1d9a\" data-element_type=\"container\" data-e-type=\"container\" data-settings=\"{&quot;background_background&quot;:&quot;classic&quot;}\">\n\t\t\t\t<div class=\"elementor-element elementor-element-9201e1a elementor-headline--style-highlight elementor-widget elementor-widget-animated-headline\" data-id=\"9201e1a\" data-element_type=\"widget\" data-e-type=\"widget\" data-settings=\"{&quot;marker&quot;:&quot;double_underline&quot;,&quot;highlighted_text&quot;:&quot;Luminar Neo&quot;,&quot;headline_style&quot;:&quot;highlight&quot;,&quot;loop&quot;:&quot;yes&quot;,&quot;highlight_animation_duration&quot;:1200,&quot;highlight_iteration_delay&quot;:8000}\" data-widget_type=\"animated-headline.default\">\n\t\t\t\t<div class=\"elementor-widget-container\">\n\t\t\t\t\t\t\t<h3 class=\"elementor-headline\">\n\t\t\t\t\t<span class=\"elementor-headline-plain-text elementor-headline-text-wrapper\">Save 10%&nbsp;on<\/span>\n\t\t\t\t<span class=\"elementor-headline-dynamic-wrapper elementor-headline-text-wrapper\">\n\t\t\t\t\t<span class=\"elementor-headline-dynamic-text elementor-headline-text-active\">Luminar Neo<\/span>\n\t\t\t\t<\/span>\n\t\t\t\t<\/h3>\n\t\t\t\t\t\t<\/div>\n\t\t\t\t<\/div>\n\t\t\t\t<div class=\"elementor-element elementor-element-539fbba elementor-widget elementor-widget-text-editor\" data-id=\"539fbba\" data-element_type=\"widget\" data-e-type=\"widget\" data-widget_type=\"text-editor.default\">\n\t\t\t\t<div class=\"elementor-widget-container\">\n\t\t\t\t\t\t\t\t\t<p style=\"text-align: center;\">If you would like to try or buy Luminar Neo yourself, you can use the code \u2018<strong>Sphoto10\u00b4<\/strong>&nbsp;to save an addi\u00adtional 10% on Luminar Neo!<\/p><p style=\"text-align: center;\">Click here for <span style=\"color: #ff9900;\"><a style=\"color: #ff9900;\" href=\"https:\/\/skylum.evyy.net\/c\/6239808\/1688203\/3255\">Luminar Neo<\/a><\/span> (*)<\/p>\t\t\t\t\t\t\t\t<\/div>\n\t\t\t\t<\/div>\n\t\t\t\t<\/div>\n\t\t<div class=\"elementor-element elementor-element-153b8cd e-flex e-con-boxed e-con e-parent\" data-id=\"153b8cd\" data-element_type=\"container\" data-e-type=\"container\">\n\t\t\t\t\t<div class=\"e-con-inner\">\n\t\t\t\t<div class=\"elementor-element elementor-element-1688a05 elementor-widget elementor-widget-menu-anchor\" data-id=\"1688a05\" data-element_type=\"widget\" data-e-type=\"widget\" data-widget_type=\"menu-anchor.default\">\n\t\t\t\t<div class=\"elementor-widget-container\">\n\t\t\t\t\t\t\t<div class=\"elementor-menu-anchor\" id=\"vlog\"><\/div>\n\t\t\t\t\t\t<\/div>\n\t\t\t\t<\/div>\n\t\t\t\t<div class=\"elementor-element elementor-element-3804947 elementor-widget elementor-widget-heading\" data-id=\"3804947\" data-element_type=\"widget\" data-e-type=\"widget\" data-widget_type=\"heading.default\">\n\t\t\t\t<div class=\"elementor-widget-container\">\n\t\t\t\t\t<h3 class=\"elementor-heading-title elementor-size-default\">VLOG to the&nbsp;BLOG<\/h3>\t\t\t\t<\/div>\n\t\t\t\t<\/div>\n\t\t\t\t<div class=\"elementor-element elementor-element-aeb6a10 elementor-widget elementor-widget-text-editor\" data-id=\"aeb6a10\" data-element_type=\"widget\" data-e-type=\"widget\" data-widget_type=\"text-editor.default\">\n\t\t\t\t<div class=\"elementor-widget-container\">\n\t\t\t\t\t\t\t\t\t<p>Wer sich die Ergeb\u00adnisse von #Simons\u00adRAW\u00adChall\u00adenge anschauen m\u00f6chte und ein paar M\u00f6glich\u00adkeiten, wie ihr etwas mehr Finger\u00adspit\u00adzen\u00adge\u00adf\u00fchl f\u00fcr die Bild\u00adbe\u00adar\u00adbei\u00adtung bekommen k\u00f6nnt, der sieht alles in dem Video. Au\u00dferdem die Auslo\u00adsung des Gewin\u00adners der RAW-Chall\u00adenge. Also unbe\u00addingt rein schauen!<\/p>\t\t\t\t\t\t\t\t<\/div>\n\t\t\t\t<\/div>\n\t\t\t\t<div class=\"elementor-element elementor-element-935a100 elementor-widget elementor-widget-video\" data-id=\"935a100\" data-element_type=\"widget\" data-e-type=\"widget\" data-settings=\"{&quot;youtube_url&quot;:&quot;https:\\\/\\\/youtu.be\\\/nyr8M2WxSQY&quot;,&quot;video_type&quot;:&quot;youtube&quot;,&quot;controls&quot;:&quot;yes&quot;}\" data-widget_type=\"video.default\">\n\t\t\t\t<div class=\"elementor-widget-container\">\n\t\t\t\t\t\t\t<div class=\"elementor-wrapper elementor-open-inline\">\n\t\t\t<div class=\"elementor-video\"><\/div>\t\t<\/div>\n\t\t\t\t\t\t<\/div>\n\t\t\t\t<\/div>\n\t\t\t\t\t<\/div>\n\t\t\t\t<\/div>\n\t\t<div class=\"elementor-element elementor-element-b2a283c e-flex e-con-boxed e-con e-parent\" data-id=\"b2a283c\" data-element_type=\"container\" data-e-type=\"container\">\n\t\t\t\t\t<div class=\"e-con-inner\">\n\t\t\t\t<div class=\"elementor-element elementor-element-ae9d87b elementor-widget elementor-widget-text-editor\" data-id=\"ae9d87b\" data-element_type=\"widget\" data-e-type=\"widget\" data-widget_type=\"text-editor.default\">\n\t\t\t\t<div class=\"elementor-widget-container\">\n\t\t\t\t\t\t\t\t\t<p style=\"text-align: center;\">Feel free to&nbsp;share:<\/p>\t\t\t\t\t\t\t\t<\/div>\n\t\t\t\t<\/div>\n\t\t\t\t<div class=\"elementor-element elementor-element-18976e0 elementor-share-buttons--view-icon elementor-share-buttons--skin-flat elementor-share-buttons--shape-circle elementor-share-buttons--color-custom elementor-grid-0 elementor-widget elementor-widget-share-buttons\" data-id=\"18976e0\" data-element_type=\"widget\" data-e-type=\"widget\" data-widget_type=\"share-buttons.default\">\n\t\t\t\t<div class=\"elementor-widget-container\">\n\t\t\t\t\t\t\t<div class=\"elementor-grid\" role=\"list\">\n\t\t\t\t\t\t\t\t<div class=\"elementor-grid-item\" role=\"listitem\">\n\t\t\t\t\t\t<div class=\"elementor-share-btn elementor-share-btn_facebook\" role=\"button\" tabindex=\"0\" aria-label=\"Teilen auf facebook\">\n\t\t\t\t\t\t\t\t\t\t\t\t\t\t\t<span class=\"elementor-share-btn__icon\">\n\t\t\t\t\t\t\t\t<i class=\"fab fa-facebook\" aria-hidden=\"true\"><\/i>\t\t\t\t\t\t\t<\/span>\n\t\t\t\t\t\t\t\t\t\t\t\t\t\t\t\t\t\t\t\t<\/div>\n\t\t\t\t\t<\/div>\n\t\t\t\t\t\t\t\t\t<div class=\"elementor-grid-item\" role=\"listitem\">\n\t\t\t\t\t\t<div class=\"elementor-share-btn elementor-share-btn_threads\" role=\"button\" tabindex=\"0\" aria-label=\"Teilen auf threads\">\n\t\t\t\t\t\t\t\t\t\t\t\t\t\t\t<span class=\"elementor-share-btn__icon\">\n\t\t\t\t\t\t\t\t<i class=\"fab fa-threads\" aria-hidden=\"true\"><\/i>\t\t\t\t\t\t\t<\/span>\n\t\t\t\t\t\t\t\t\t\t\t\t\t\t\t\t\t\t\t\t<\/div>\n\t\t\t\t\t<\/div>\n\t\t\t\t\t\t\t\t\t<div class=\"elementor-grid-item\" role=\"listitem\">\n\t\t\t\t\t\t<div class=\"elementor-share-btn elementor-share-btn_whatsapp\" role=\"button\" tabindex=\"0\" aria-label=\"Teilen auf whatsapp\">\n\t\t\t\t\t\t\t\t\t\t\t\t\t\t\t<span class=\"elementor-share-btn__icon\">\n\t\t\t\t\t\t\t\t<i class=\"fab fa-whatsapp\" aria-hidden=\"true\"><\/i>\t\t\t\t\t\t\t<\/span>\n\t\t\t\t\t\t\t\t\t\t\t\t\t\t\t\t\t\t\t\t<\/div>\n\t\t\t\t\t<\/div>\n\t\t\t\t\t\t\t\t\t<div class=\"elementor-grid-item\" role=\"listitem\">\n\t\t\t\t\t\t<div class=\"elementor-share-btn elementor-share-btn_pinterest\" role=\"button\" tabindex=\"0\" aria-label=\"Teilen auf pinterest\">\n\t\t\t\t\t\t\t\t\t\t\t\t\t\t\t<span class=\"elementor-share-btn__icon\">\n\t\t\t\t\t\t\t\t<i class=\"fab fa-pinterest\" aria-hidden=\"true\"><\/i>\t\t\t\t\t\t\t<\/span>\n\t\t\t\t\t\t\t\t\t\t\t\t\t\t\t\t\t\t\t\t<\/div>\n\t\t\t\t\t<\/div>\n\t\t\t\t\t\t\t\t\t<div class=\"elementor-grid-item\" role=\"listitem\">\n\t\t\t\t\t\t<div class=\"elementor-share-btn elementor-share-btn_x-twitter\" role=\"button\" tabindex=\"0\" aria-label=\"Teilen auf x-twitter\">\n\t\t\t\t\t\t\t\t\t\t\t\t\t\t\t<span class=\"elementor-share-btn__icon\">\n\t\t\t\t\t\t\t\t<i class=\"fab fa-x-twitter\" aria-hidden=\"true\"><\/i>\t\t\t\t\t\t\t<\/span>\n\t\t\t\t\t\t\t\t\t\t\t\t\t\t\t\t\t\t\t\t<\/div>\n\t\t\t\t\t<\/div>\n\t\t\t\t\t\t<\/div>\n\t\t\t\t\t\t<\/div>\n\t\t\t\t<\/div>\n\t\t\t\t\t<\/div>\n\t\t\t\t<\/div>\n\t\t\t\t<\/div>","protected":false},"excerpt":{"rendered":"<p>Bild\u00adbe\u00adar\u00adbei\u00adtung kann Spa\u00df machen, aber auch ziem\u00adlich frus\u00adtrie\u00adrend sein. Stun\u00adden\u00adlang kann man sich in seinen eigenen 4 W\u00e4nden mit den Reglern in Ligh\u00adt\u00adroom, Luminar Neo, Capture One, oder wie sie alle hei\u00dfen besch\u00e4f\u00adtigen. Und dann merkt man am n\u00e4chsten Tag, dass es doch etwas zu viel oder auch zu wenig des \u201eGuten\u201c war und man feilt wieder an der Abstim\u00admung. Gerade Beginner in der Land\u00adschafts\u00adfo\u00adto\u00adgrafie sind meist es was \u201e\u00dcber\u00admo\u00adti\u00adviert\u201c was die Regler betrifft und so sieht man immer wieder 5 typi\u00adsche Fehler in der Bild\u00adbe\u00adar\u00adbei\u00adtung, f\u00fcr die ich euch in diesem Blog sensi\u00adbi\u00adli\u00adsieren m\u00f6chte.&nbsp;<\/p>","protected":false},"author":1,"featured_media":15662,"comment_status":"open","ping_status":"open","sticky":false,"template":"","format":"standard","meta":{"wp_typography_post_enhancements_disabled":false,"footnotes":""},"categories":[312,4,5],"tags":[235,253,26],"class_list":["post-15820","post","type-post","status-publish","format-standard","has-post-thumbnail","hentry","category-bildbearbeitung","category-blog","category-fotografie-tipps","tag-bildbearbeitung","tag-landschaftsfotografie","tag-tipps"],"_links":{"self":[{"href":"https:\/\/simonschoenhoff.de\/en\/wp-json\/wp\/v2\/posts\/15820","targetHints":{"allow":["GET"]}}],"collection":[{"href":"https:\/\/simonschoenhoff.de\/en\/wp-json\/wp\/v2\/posts"}],"about":[{"href":"https:\/\/simonschoenhoff.de\/en\/wp-json\/wp\/v2\/types\/post"}],"author":[{"embeddable":true,"href":"https:\/\/simonschoenhoff.de\/en\/wp-json\/wp\/v2\/users\/1"}],"replies":[{"embeddable":true,"href":"https:\/\/simonschoenhoff.de\/en\/wp-json\/wp\/v2\/comments?post=15820"}],"version-history":[{"count":16,"href":"https:\/\/simonschoenhoff.de\/en\/wp-json\/wp\/v2\/posts\/15820\/revisions"}],"predecessor-version":[{"id":15847,"href":"https:\/\/simonschoenhoff.de\/en\/wp-json\/wp\/v2\/posts\/15820\/revisions\/15847"}],"wp:featuredmedia":[{"embeddable":true,"href":"https:\/\/simonschoenhoff.de\/en\/wp-json\/wp\/v2\/media\/15662"}],"wp:attachment":[{"href":"https:\/\/simonschoenhoff.de\/en\/wp-json\/wp\/v2\/media?parent=15820"}],"wp:term":[{"taxonomy":"category","embeddable":true,"href":"https:\/\/simonschoenhoff.de\/en\/wp-json\/wp\/v2\/categories?post=15820"},{"taxonomy":"post_tag","embeddable":true,"href":"https:\/\/simonschoenhoff.de\/en\/wp-json\/wp\/v2\/tags?post=15820"}],"curies":[{"name":"wp","href":"https:\/\/api.w.org\/{rel}","templated":true}]}}