{"id":15438,"date":"2025-10-03T17:50:00","date_gmt":"2025-10-03T17:50:00","guid":{"rendered":"https:\/\/simonschoenhoff.de\/?p=15438"},"modified":"2025-10-02T11:12:04","modified_gmt":"2025-10-02T11:12:04","slug":"das-potential-von-lightroom-masken-richtig-nutzen","status":"publish","type":"post","link":"https:\/\/simonschoenhoff.de\/en\/das-potential-von-lightroom-masken-richtig-nutzen\/","title":{"rendered":"Das Poten\u00adtial von Ligh\u00adt\u00adroom-Masken richtig nutzen"},"content":{"rendered":"<div data-elementor-type=\"wp-post\" data-elementor-id=\"15438\" class=\"elementor elementor-15438\" data-elementor-post-type=\"post\">\n\t\t\t\t<div class=\"elementor-element elementor-element-09be0d5 e-flex e-con-boxed e-con e-parent\" data-id=\"09be0d5\" data-element_type=\"container\" data-e-type=\"container\">\n\t\t\t\t\t<div class=\"e-con-inner\">\n\t\t\t\t<div class=\"elementor-element elementor-element-05c33d6 elementor-widget elementor-widget-menu-anchor\" data-id=\"05c33d6\" data-element_type=\"widget\" data-e-type=\"widget\" data-widget_type=\"menu-anchor.default\">\n\t\t\t\t<div class=\"elementor-widget-container\">\n\t\t\t\t\t\t\t<div class=\"elementor-menu-anchor\" id=\"seite\"><\/div>\n\t\t\t\t\t\t<\/div>\n\t\t\t\t<\/div>\n\t\t\t\t<div class=\"elementor-element elementor-element-559908b elementor-widget elementor-widget-heading\" data-id=\"559908b\" data-element_type=\"widget\" data-e-type=\"widget\" data-widget_type=\"heading.default\">\n\t\t\t\t<div class=\"elementor-widget-container\">\n\t\t\t\t\t<h2 class=\"elementor-heading-title elementor-size-default\">Das Poten\u00adtial von Ligh\u00adt\u00adroom-Masken richtig nutzen<\/h2>\t\t\t\t<\/div>\n\t\t\t\t<\/div>\n\t\t\t\t<div class=\"elementor-element elementor-element-2eb5b4f elementor-widget elementor-widget-text-editor\" data-id=\"2eb5b4f\" data-element_type=\"widget\" data-e-type=\"widget\" data-widget_type=\"text-editor.default\">\n\t\t\t\t<div class=\"elementor-widget-container\">\n\t\t\t\t\t\t\t\t\tIn diesem Beitrag gibt es ein ausf\u00fchr\u00adli\u00adches Tuto\u00adrial \u00fcber die Masken in Ligh\u00adt\u00adroom. Gerade f\u00fcr ein Einsteiger ist es am Anfang etwas schwierig zu verstehen, was man mit Masken alles anstellen kann und welche Wirkung die selek\u00adtiven Anpas\u00adsungen erzeugen k\u00f6nnen. Deshalb geht es dieses mal etwas mehr um Masken-Basics, aber viel\u00adleicht ist auch der ein oder andere Tipp f\u00fcr die bereits erfah\u00adrenen Ligh\u00adt\u00adroom-Nutzer unter euch&nbsp;dabei.&nbsp;<\/div>\n\t\t\t\t<\/div>\n\t\t\t\t<div class=\"elementor-element elementor-element-7775541 elementor-widget elementor-widget-text-editor\" data-id=\"7775541\" data-element_type=\"widget\" data-e-type=\"widget\" data-widget_type=\"text-editor.default\">\n\t\t\t\t<div class=\"elementor-widget-container\">\n\t\t\t\t\t\t\t\t\t<p style=\"text-align: center;\"><span style=\"font-size: 10pt;\">Gear:<\/span><\/p><p style=\"text-align: center;\"><span style=\"font-size: 10pt; color: var( --e-global-color-secondary );\">Sony a7IV<br><\/span><span style=\"font-size: 10pt; color: var( --e-global-color-secondary );\">Sony FE 2.8\/16\u201335 mm GM<br>Sony FE 4\/24\u2013105 mm G<br>Sony FE 100\u2013400 mm GM<br>DJI Mini 3&nbsp;Pro<\/span><\/p>\t\t\t\t\t\t\t\t<\/div>\n\t\t\t\t<\/div>\n\t\t\t\t\t<\/div>\n\t\t\t\t<\/div>\n\t\t<div class=\"elementor-element elementor-element-f9665f1 e-con-full e-flex e-con e-parent\" data-id=\"f9665f1\" data-element_type=\"container\" data-e-type=\"container\" data-settings=\"{&quot;background_background&quot;:&quot;classic&quot;}\">\n\t\t\t\t<div class=\"elementor-element elementor-element-39d0f6e elementor-widget elementor-widget-text-editor\" data-id=\"39d0f6e\" data-element_type=\"widget\" data-e-type=\"widget\" data-widget_type=\"text-editor.default\">\n\t\t\t\t<div class=\"elementor-widget-container\">\n\t\t\t\t\t\t\t\t\t<p style=\"text-align: center;\">You can see the VLOG to the BLOG at the bottom of the page or you can reach it via this button:<\/p>\t\t\t\t\t\t\t\t<\/div>\n\t\t\t\t<\/div>\n\t\t\t\t<div class=\"elementor-element elementor-element-2bd0afd elementor-align-center elementor-widget elementor-widget-button\" data-id=\"2bd0afd\" data-element_type=\"widget\" data-e-type=\"widget\" data-widget_type=\"button.default\">\n\t\t\t\t<div class=\"elementor-widget-container\">\n\t\t\t\t\t\t\t\t\t<div class=\"elementor-button-wrapper\">\n\t\t\t\t\t<a class=\"elementor-button elementor-button-link elementor-size-sm\" href=\"#vlog\">\n\t\t\t\t\t\t<span class=\"elementor-button-content-wrapper\">\n\t\t\t\t\t\t\t\t\t<span class=\"elementor-button-text\">Directly to the&nbsp;video<\/span>\n\t\t\t\t\t<\/span>\n\t\t\t\t\t<\/a>\n\t\t\t\t<\/div>\n\t\t\t\t\t\t\t\t<\/div>\n\t\t\t\t<\/div>\n\t\t\t\t<\/div>\n\t\t<div class=\"elementor-element elementor-element-4b8991e e-flex e-con-boxed e-con e-parent\" data-id=\"4b8991e\" data-element_type=\"container\" data-e-type=\"container\">\n\t\t\t\t\t<div class=\"e-con-inner\">\n\t\t\t\t<div class=\"elementor-element elementor-element-466c0d3 elementor-widget elementor-widget-heading\" data-id=\"466c0d3\" data-element_type=\"widget\" data-e-type=\"widget\" data-widget_type=\"heading.default\">\n\t\t\t\t<div class=\"elementor-widget-container\">\n\t\t\t\t\t<h3 class=\"elementor-heading-title elementor-size-default\">Was sind Masken?<\/h3>\t\t\t\t<\/div>\n\t\t\t\t<\/div>\n\t\t\t\t<div class=\"elementor-element elementor-element-ba32476 elementor-widget elementor-widget-text-editor\" data-id=\"ba32476\" data-element_type=\"widget\" data-e-type=\"widget\" data-widget_type=\"text-editor.default\">\n\t\t\t\t<div class=\"elementor-widget-container\">\n\t\t\t\t\t\t\t\t\t<p>Masken erm\u00f6g\u00adli\u00adchen uns einzelne Bild\u00adbe\u00adstand\u00adteile unab\u00adh\u00e4ngig von anderen zu bear\u00adbeiten. Wir maskieren einen bestimmten Bereich, ein Objekt, eine Hellig\u00adkeit oder Farbe und k\u00f6nnen f\u00fcr diese Auswahl ein Anpas\u00adsung vornehmen. Diese, in den letzten Jahren immer pr\u00e4ziser gewor\u00addene Technik, erm\u00f6g\u00adlicht uns Bilder immer pr\u00e4ziser zu bear\u00adbeiten, was uns Foto\u00adgrafen oder Foto\u00adk\u00fcnstler dabei hilft immer bessere Ergeb\u00adnisse zu erzielen.&nbsp;<\/p><p>In Ligh\u00adt\u00adroom ruft man das Masken-Modul mit dem Shortcut UMSCHALT + W&nbsp;auf.&nbsp;<\/p><p>Im Masken-Modul findet man nun die Masken:<\/p><ul><li>Motiv<\/li><li>Himmel<\/li><li>Hinter\u00adgrund<\/li><li>Land\u00adschaft<\/li><li>Objekte&nbsp;<br>(welche alle\u00adsamt KI-gesteuert sind)<\/li><li>Pinsel<\/li><li>Linearer Verlauf<\/li><li>Radi\u00adal\u00adver\u00adlauf<\/li><li>Bereich (Farb\u00adbe\u00adreich, Luminanzbereich)<\/li><li>und mitt\u00adler\u00adweile werden auch Personen erkannt und man kann einzelne Personen-Bereiche ausw\u00e4hlen (Augen, Haut, Haar,&nbsp;usw.)<\/li><\/ul><p>Viel zu lernen und nat\u00fcr\u00adlich noch mehr M\u00f6glich\u00adkeiten auszuprobieren.&nbsp;<\/p>\t\t\t\t\t\t\t\t<\/div>\n\t\t\t\t<\/div>\n\t\t\t\t<div class=\"elementor-element elementor-element-b173bc9 elementor-invisible elementor-widget elementor-widget-image\" data-id=\"b173bc9\" data-element_type=\"widget\" data-e-type=\"widget\" data-settings=\"{&quot;_animation&quot;:&quot;zoomIn&quot;}\" data-widget_type=\"image.default\">\n\t\t\t\t<div class=\"elementor-widget-container\">\n\t\t\t\t\t\t\t\t\t\t\t\t<figure class=\"wp-caption\">\n\t\t\t\t\t\t\t\t\t\t<img fetchpriority=\"high\" decoding=\"async\" width=\"2560\" height=\"1707\" src=\"https:\/\/simonschoenhoff.de\/wp-content\/uploads\/2025\/09\/Masken_in_Lightroom-3-scaled.jpg\" class=\"attachment-full size-full wp-image-15442\" alt srcset=\"https:\/\/simonschoenhoff.de\/wp-content\/uploads\/2025\/09\/Masken_in_Lightroom-3-scaled.jpg 2560w, https:\/\/simonschoenhoff.de\/wp-content\/uploads\/2025\/09\/Masken_in_Lightroom-3-2048x1366.jpg 2048w, https:\/\/simonschoenhoff.de\/wp-content\/uploads\/2025\/09\/Masken_in_Lightroom-3-300x200.jpg 300w, https:\/\/simonschoenhoff.de\/wp-content\/uploads\/2025\/09\/Masken_in_Lightroom-3-768x512.jpg 768w, https:\/\/simonschoenhoff.de\/wp-content\/uploads\/2025\/09\/Masken_in_Lightroom-3-1536x1024.jpg 1536w, https:\/\/simonschoenhoff.de\/wp-content\/uploads\/2025\/09\/Masken_in_Lightroom-3-18x12.jpg 18w, https:\/\/simonschoenhoff.de\/wp-content\/uploads\/2025\/09\/Masken_in_Lightroom-3-1200x800.jpg 1200w\" sizes=\"(max-width: 2560px) 100vw, 2560px\">\t\t\t\t\t\t\t\t\t\t\t<figcaption class=\"widget-image-caption wp-caption-text\">Sonnen\u00adauf\u00adgang bei den Obstwiesen<\/figcaption>\n\t\t\t\t\t\t\t\t\t\t<\/figure>\n\t\t\t\t\t\t\t\t\t<\/div>\n\t\t\t\t<\/div>\n\t\t\t\t\t<\/div>\n\t\t\t\t<\/div>\n\t\t<div class=\"elementor-element elementor-element-37aa924 e-flex e-con-boxed e-con e-parent\" data-id=\"37aa924\" data-element_type=\"container\" data-e-type=\"container\">\n\t\t\t\t\t<div class=\"e-con-inner\">\n\t\t\t\t<div class=\"elementor-element elementor-element-70e870d elementor-widget elementor-widget-heading\" data-id=\"70e870d\" data-element_type=\"widget\" data-e-type=\"widget\" data-widget_type=\"heading.default\">\n\t\t\t\t<div class=\"elementor-widget-container\">\n\t\t\t\t\t<h3 class=\"elementor-heading-title elementor-size-default\">Darstel\u00adlung von Masken<\/h3>\t\t\t\t<\/div>\n\t\t\t\t<\/div>\n\t\t\t\t<div class=\"elementor-element elementor-element-108524a elementor-widget elementor-widget-text-editor\" data-id=\"108524a\" data-element_type=\"widget\" data-e-type=\"widget\" data-widget_type=\"text-editor.default\">\n\t\t\t\t<div class=\"elementor-widget-container\">\n\t\t\t\t\t\t\t\t\t<p>Hat man eine Maske gesetzt, so kann man diese Anzeigen lassen oder auch ausblenden, um die entspre\u00adchende vorge\u00adnom\u00admene Einstel\u00adlung und deren Wirkung auf das Bild zu sehen. Die \u00dcber\u00adla\u00adge\u00adrung einblenden oder ausblenden geht mit dem Shortcut O (wie Overlay).<\/p><p>Mit dem Shortcut ALT + O kann man die Darstel\u00adlung der Maskie\u00adrung \u00e4ndern. Je nach Maske und Bild kann das durchaus sinn\u00advoll sein. Eine \u00dcber\u00adla\u00adge\u00adrung mit Rot kann in einem Bild mit Morgen\u00adr\u00f6te bspw. schlecht zu erkennen sein. Eine \u00dcber\u00adla\u00adge\u00adrung mit Rot, wenn das Bild Schwarz\u00adwei\u00df darge\u00adstellt wird aller\u00addings ist super. Wenn man Lumi\u00adnanz\u00admasken einstellt, so kann die Schwarz\u00adweiss-Darstel\u00adlung, wie man es von Photo\u00adshop gewohnt ist perfekt sein, weil man sehr pr\u00e4zise sieht, was ausge\u00adw\u00e4hlt&nbsp;wurde.&nbsp;<\/p><p>Auch die Farbe der Maske selbst k\u00f6nnt ihr nach eurem belieben einstellen. Ich pers\u00f6n\u00adlich habe das knal\u00adlige Rot als sehr hilf\u00adreich wahrgenommen.<\/p>\t\t\t\t\t\t\t\t<\/div>\n\t\t\t\t<\/div>\n\t\t\t\t<div class=\"elementor-element elementor-element-769e502 elementor-invisible elementor-widget elementor-widget-image\" data-id=\"769e502\" data-element_type=\"widget\" data-e-type=\"widget\" data-settings=\"{&quot;_animation&quot;:&quot;zoomIn&quot;}\" data-widget_type=\"image.default\">\n\t\t\t\t<div class=\"elementor-widget-container\">\n\t\t\t\t\t\t\t\t\t\t\t\t<figure class=\"wp-caption\">\n\t\t\t\t\t\t\t\t\t\t<img decoding=\"async\" width=\"2560\" height=\"1707\" src=\"https:\/\/simonschoenhoff.de\/wp-content\/uploads\/2025\/09\/Masken_in_Lightroom-1-scaled.jpg\" class=\"attachment-full size-full wp-image-15440\" alt srcset=\"https:\/\/simonschoenhoff.de\/wp-content\/uploads\/2025\/09\/Masken_in_Lightroom-1-scaled.jpg 2560w, https:\/\/simonschoenhoff.de\/wp-content\/uploads\/2025\/09\/Masken_in_Lightroom-1-2048x1366.jpg 2048w, https:\/\/simonschoenhoff.de\/wp-content\/uploads\/2025\/09\/Masken_in_Lightroom-1-300x200.jpg 300w, https:\/\/simonschoenhoff.de\/wp-content\/uploads\/2025\/09\/Masken_in_Lightroom-1-768x512.jpg 768w, https:\/\/simonschoenhoff.de\/wp-content\/uploads\/2025\/09\/Masken_in_Lightroom-1-1536x1024.jpg 1536w, https:\/\/simonschoenhoff.de\/wp-content\/uploads\/2025\/09\/Masken_in_Lightroom-1-18x12.jpg 18w, https:\/\/simonschoenhoff.de\/wp-content\/uploads\/2025\/09\/Masken_in_Lightroom-1-1200x800.jpg 1200w\" sizes=\"(max-width: 2560px) 100vw, 2560px\">\t\t\t\t\t\t\t\t\t\t\t<figcaption class=\"widget-image-caption wp-caption-text\">Nebel\u00admeer um Malsch<\/figcaption>\n\t\t\t\t\t\t\t\t\t\t<\/figure>\n\t\t\t\t\t\t\t\t\t<\/div>\n\t\t\t\t<\/div>\n\t\t\t\t\t<\/div>\n\t\t\t\t<\/div>\n\t\t<div class=\"elementor-element elementor-element-34482a7 e-con-full e-flex elementor-invisible e-con e-child\" data-id=\"34482a7\" data-element_type=\"container\" data-e-type=\"container\" data-settings=\"{&quot;background_background&quot;:&quot;classic&quot;,&quot;animation&quot;:&quot;zoomIn&quot;}\">\n\t\t\t\t<div class=\"elementor-element elementor-element-3299631 elementor-widget__width-initial elementor-widget elementor-widget-text-editor\" data-id=\"3299631\" data-element_type=\"widget\" data-e-type=\"widget\" data-widget_type=\"text-editor.default\">\n\t\t\t\t<div class=\"elementor-widget-container\">\n\t\t\t\t\t\t\t\t\t<p style=\"text-align: center;\">This and all other shots of this post you can request under \u201cPrints\u201d as an art print for your wall at home directly from&nbsp;me.&nbsp;<\/p>\t\t\t\t\t\t\t\t<\/div>\n\t\t\t\t<\/div>\n\t\t\t\t<div class=\"elementor-element elementor-element-bd78957 elementor-widget elementor-widget-button\" data-id=\"bd78957\" data-element_type=\"widget\" data-e-type=\"widget\" data-settings=\"{&quot;_animation_mobile&quot;:&quot;fadeIn&quot;}\" data-widget_type=\"button.default\">\n\t\t\t\t<div class=\"elementor-widget-container\">\n\t\t\t\t\t\t\t\t\t<div class=\"elementor-button-wrapper\">\n\t\t\t\t\t<a class=\"elementor-button elementor-button-link elementor-size-sm elementor-animation-grow\" href=\"https:\/\/simonschoenhoff.de\/en\/prints\/\">\n\t\t\t\t\t\t<span class=\"elementor-button-content-wrapper\">\n\t\t\t\t\t\t<span class=\"elementor-button-icon\">\n\t\t\t\t<i aria-hidden=\"true\" class=\"fas fa-shopping-cart\"><\/i>\t\t\t<\/span>\n\t\t\t\t\t\t\t\t\t<span class=\"elementor-button-text\">Prints<\/span>\n\t\t\t\t\t<\/span>\n\t\t\t\t\t<\/a>\n\t\t\t\t<\/div>\n\t\t\t\t\t\t\t\t<\/div>\n\t\t\t\t<\/div>\n\t\t\t\t<\/div>\n\t\t<div class=\"elementor-element elementor-element-f897b53 e-flex e-con-boxed e-con e-parent\" data-id=\"f897b53\" data-element_type=\"container\" data-e-type=\"container\">\n\t\t\t\t\t<div class=\"e-con-inner\">\n\t\t\t\t<div class=\"elementor-element elementor-element-2a6dc78 elementor-widget elementor-widget-heading\" data-id=\"2a6dc78\" data-element_type=\"widget\" data-e-type=\"widget\" data-widget_type=\"heading.default\">\n\t\t\t\t<div class=\"elementor-widget-container\">\n\t\t\t\t\t<h3 class=\"elementor-heading-title elementor-size-default\">Masken kombi\u00adnieren<\/h3>\t\t\t\t<\/div>\n\t\t\t\t<\/div>\n\t\t\t\t<div class=\"elementor-element elementor-element-cb49c03 elementor-widget elementor-widget-text-editor\" data-id=\"cb49c03\" data-element_type=\"widget\" data-e-type=\"widget\" data-widget_type=\"text-editor.default\">\n\t\t\t\t<div class=\"elementor-widget-container\">\n\t\t\t\t\t\t\t\t\t<p>Im Video unten zeige ich euch zudem ausf\u00fchr\u00adlich, wie ihr Masken kombi\u00adnieren k\u00f6nnt. Ihr k\u00f6nnt Masken mitein\u00adander addieren, vonein\u00adander subtra\u00adhieren und Schnitt\u00admengen von Masken bilden.&nbsp;<\/p><p>In dem ihr zwei Masken addiert vergr\u00f6\u00ad\u00dfert ihr den maskierten Bereich jeweils um den maskierten Bereich der anderen Maske. Als Beispiel w\u00e4hlt ihr den unteren Bild\u00adbe\u00adreich mit einem linearen Verlauf und addierte einen Radi\u00adal\u00adver\u00adlauf am Bild\u00adrand hinzu, um diese Bereich abzu\u00addun\u00adkeln. Beim Subtra\u00adhieren zieht ihr einen Bereich von dem anderen ab. Als Beispiel ihr w\u00e4hlt den Himmel \u00fcber die Himmels\u00admaske aus und subtra\u00adhiert den unteren Teil des Himmels mit einem Verlaufs\u00adfilter. Beim Bilden einer Schnitt\u00admenge wird nur dort maskiert, wo beide Masken (oder mehr) sich \u00fcber\u00adschneiden. Beispiels\u00adweise w\u00e4hle ich einen Farb\u00adbe\u00adreich aus und m\u00f6chte diesen \u00e4ndern, aber nur dort, wo ich mit dem Pinsel male. Diese M\u00f6glich\u00adkeiten sind sehr gebr\u00e4uch\u00adlich und ich setze sie in fast jeder Bild\u00adbe\u00adar\u00adbei\u00adtung&nbsp;ein.&nbsp;<\/p><p>Schaut euch also unbe\u00addingt das Video an, damit euch der Umgang mit den Masken klar wird. Au\u00dferdem zeige ich euch, wie man mit intel\u00adli\u00adgenten Masken wirk\u00adlich smarte Presets erstellt, die ihr immer wieder gebrau\u00adchen&nbsp;k\u00f6nnt!<\/p>\t\t\t\t\t\t\t\t<\/div>\n\t\t\t\t<\/div>\n\t\t\t\t<div class=\"elementor-element elementor-element-48e62f5 elementor-invisible elementor-widget elementor-widget-image\" data-id=\"48e62f5\" data-element_type=\"widget\" data-e-type=\"widget\" data-settings=\"{&quot;_animation&quot;:&quot;zoomIn&quot;}\" data-widget_type=\"image.default\">\n\t\t\t\t<div class=\"elementor-widget-container\">\n\t\t\t\t\t\t\t\t\t\t\t\t<figure class=\"wp-caption\">\n\t\t\t\t\t\t\t\t\t\t<img decoding=\"async\" width=\"2560\" height=\"1440\" src=\"https:\/\/simonschoenhoff.de\/wp-content\/uploads\/2025\/09\/Masken_in_Lightroom-2-scaled.jpg\" class=\"attachment-full size-full wp-image-15441\" alt srcset=\"https:\/\/simonschoenhoff.de\/wp-content\/uploads\/2025\/09\/Masken_in_Lightroom-2-scaled.jpg 2560w, https:\/\/simonschoenhoff.de\/wp-content\/uploads\/2025\/09\/Masken_in_Lightroom-2-2048x1152.jpg 2048w, https:\/\/simonschoenhoff.de\/wp-content\/uploads\/2025\/09\/Masken_in_Lightroom-2-300x169.jpg 300w, https:\/\/simonschoenhoff.de\/wp-content\/uploads\/2025\/09\/Masken_in_Lightroom-2-768x432.jpg 768w, https:\/\/simonschoenhoff.de\/wp-content\/uploads\/2025\/09\/Masken_in_Lightroom-2-1536x864.jpg 1536w, https:\/\/simonschoenhoff.de\/wp-content\/uploads\/2025\/09\/Masken_in_Lightroom-2-18x10.jpg 18w, https:\/\/simonschoenhoff.de\/wp-content\/uploads\/2025\/09\/Masken_in_Lightroom-2-1200x675.jpg 1200w\" sizes=\"(max-width: 2560px) 100vw, 2560px\">\t\t\t\t\t\t\t\t\t\t\t<figcaption class=\"widget-image-caption wp-caption-text\">Letzen\u00adberg\u00adka\u00adpelle am Nebelmeer<\/figcaption>\n\t\t\t\t\t\t\t\t\t\t<\/figure>\n\t\t\t\t\t\t\t\t\t<\/div>\n\t\t\t\t<\/div>\n\t\t\t\t\t<\/div>\n\t\t\t\t<\/div>\n\t\t<div class=\"elementor-element elementor-element-54e765d e-flex e-con-boxed e-con e-parent\" data-id=\"54e765d\" data-element_type=\"container\" data-e-type=\"container\">\n\t\t\t\t\t<div class=\"e-con-inner\">\n\t\t\t\t<div class=\"elementor-element elementor-element-838a176 elementor-widget elementor-widget-menu-anchor\" data-id=\"838a176\" data-element_type=\"widget\" data-e-type=\"widget\" data-widget_type=\"menu-anchor.default\">\n\t\t\t\t<div class=\"elementor-widget-container\">\n\t\t\t\t\t\t\t<div class=\"elementor-menu-anchor\" id=\"vlog\"><\/div>\n\t\t\t\t\t\t<\/div>\n\t\t\t\t<\/div>\n\t\t\t\t<div class=\"elementor-element elementor-element-661aed6 elementor-widget elementor-widget-heading\" data-id=\"661aed6\" data-element_type=\"widget\" data-e-type=\"widget\" data-widget_type=\"heading.default\">\n\t\t\t\t<div class=\"elementor-widget-container\">\n\t\t\t\t\t<h3 class=\"elementor-heading-title elementor-size-default\">VLOG to the&nbsp;BLOG<\/h3>\t\t\t\t<\/div>\n\t\t\t\t<\/div>\n\t\t\t\t<div class=\"elementor-element elementor-element-184ab1f elementor-widget elementor-widget-text-editor\" data-id=\"184ab1f\" data-element_type=\"widget\" data-e-type=\"widget\" data-widget_type=\"text-editor.default\">\n\t\t\t\t<div class=\"elementor-widget-container\">\n\t\t\t\t\t\t\t\t\t<p>This time, we have a slightly diffe\u00adrent post. We\u2019re not going out on a photo adven\u00adture, nor am I going to show you how to tease out all the details in image editing. This post is about a contro\u00adver\u00adsial topic, namely how much image editing is too much and can I simply disguise my fake under the guise of fine&nbsp;art?<\/p>\t\t\t\t\t\t\t\t<\/div>\n\t\t\t\t<\/div>\n\t\t\t\t<div class=\"elementor-element elementor-element-e774553 elementor-widget elementor-widget-video\" data-id=\"e774553\" data-element_type=\"widget\" data-e-type=\"widget\" data-settings=\"{&quot;youtube_url&quot;:&quot;https:\\\/\\\/youtu.be\\\/XKkdWAU1KVc&quot;,&quot;video_type&quot;:&quot;youtube&quot;,&quot;controls&quot;:&quot;yes&quot;}\" data-widget_type=\"video.default\">\n\t\t\t\t<div class=\"elementor-widget-container\">\n\t\t\t\t\t\t\t<div class=\"elementor-wrapper elementor-open-inline\">\n\t\t\t<div class=\"elementor-video\"><\/div>\t\t<\/div>\n\t\t\t\t\t\t<\/div>\n\t\t\t\t<\/div>\n\t\t\t\t\t<\/div>\n\t\t\t\t<\/div>\n\t\t<div class=\"elementor-element elementor-element-2344871 e-flex e-con-boxed e-con e-parent\" data-id=\"2344871\" data-element_type=\"container\" data-e-type=\"container\">\n\t\t\t\t\t<div class=\"e-con-inner\">\n\t\t\t\t<div class=\"elementor-element elementor-element-8a462b1 elementor-widget elementor-widget-text-editor\" data-id=\"8a462b1\" data-element_type=\"widget\" data-e-type=\"widget\" data-widget_type=\"text-editor.default\">\n\t\t\t\t<div class=\"elementor-widget-container\">\n\t\t\t\t\t\t\t\t\t<p style=\"text-align: center;\">Feel free to&nbsp;share:<\/p>\t\t\t\t\t\t\t\t<\/div>\n\t\t\t\t<\/div>\n\t\t\t\t<div class=\"elementor-element elementor-element-dc93d8e elementor-share-buttons--view-icon elementor-share-buttons--skin-flat elementor-share-buttons--shape-circle elementor-share-buttons--color-custom elementor-grid-0 elementor-widget elementor-widget-share-buttons\" data-id=\"dc93d8e\" data-element_type=\"widget\" data-e-type=\"widget\" data-widget_type=\"share-buttons.default\">\n\t\t\t\t<div class=\"elementor-widget-container\">\n\t\t\t\t\t\t\t<div class=\"elementor-grid\" role=\"list\">\n\t\t\t\t\t\t\t\t<div class=\"elementor-grid-item\" role=\"listitem\">\n\t\t\t\t\t\t<div class=\"elementor-share-btn elementor-share-btn_facebook\" role=\"button\" tabindex=\"0\" aria-label=\"Teilen auf facebook\">\n\t\t\t\t\t\t\t\t\t\t\t\t\t\t\t<span class=\"elementor-share-btn__icon\">\n\t\t\t\t\t\t\t\t<i class=\"fab fa-facebook\" aria-hidden=\"true\"><\/i>\t\t\t\t\t\t\t<\/span>\n\t\t\t\t\t\t\t\t\t\t\t\t\t\t\t\t\t\t\t\t<\/div>\n\t\t\t\t\t<\/div>\n\t\t\t\t\t\t\t\t\t<div class=\"elementor-grid-item\" role=\"listitem\">\n\t\t\t\t\t\t<div class=\"elementor-share-btn elementor-share-btn_threads\" role=\"button\" tabindex=\"0\" aria-label=\"Teilen auf threads\">\n\t\t\t\t\t\t\t\t\t\t\t\t\t\t\t<span class=\"elementor-share-btn__icon\">\n\t\t\t\t\t\t\t\t<i class=\"fab fa-threads\" aria-hidden=\"true\"><\/i>\t\t\t\t\t\t\t<\/span>\n\t\t\t\t\t\t\t\t\t\t\t\t\t\t\t\t\t\t\t\t<\/div>\n\t\t\t\t\t<\/div>\n\t\t\t\t\t\t\t\t\t<div class=\"elementor-grid-item\" role=\"listitem\">\n\t\t\t\t\t\t<div class=\"elementor-share-btn elementor-share-btn_whatsapp\" role=\"button\" tabindex=\"0\" aria-label=\"Teilen auf whatsapp\">\n\t\t\t\t\t\t\t\t\t\t\t\t\t\t\t<span class=\"elementor-share-btn__icon\">\n\t\t\t\t\t\t\t\t<i class=\"fab fa-whatsapp\" aria-hidden=\"true\"><\/i>\t\t\t\t\t\t\t<\/span>\n\t\t\t\t\t\t\t\t\t\t\t\t\t\t\t\t\t\t\t\t<\/div>\n\t\t\t\t\t<\/div>\n\t\t\t\t\t\t\t\t\t<div class=\"elementor-grid-item\" role=\"listitem\">\n\t\t\t\t\t\t<div class=\"elementor-share-btn elementor-share-btn_pinterest\" role=\"button\" tabindex=\"0\" aria-label=\"Teilen auf pinterest\">\n\t\t\t\t\t\t\t\t\t\t\t\t\t\t\t<span class=\"elementor-share-btn__icon\">\n\t\t\t\t\t\t\t\t<i class=\"fab fa-pinterest\" aria-hidden=\"true\"><\/i>\t\t\t\t\t\t\t<\/span>\n\t\t\t\t\t\t\t\t\t\t\t\t\t\t\t\t\t\t\t\t<\/div>\n\t\t\t\t\t<\/div>\n\t\t\t\t\t\t\t\t\t<div class=\"elementor-grid-item\" role=\"listitem\">\n\t\t\t\t\t\t<div class=\"elementor-share-btn elementor-share-btn_x-twitter\" role=\"button\" tabindex=\"0\" aria-label=\"Teilen auf x-twitter\">\n\t\t\t\t\t\t\t\t\t\t\t\t\t\t\t<span class=\"elementor-share-btn__icon\">\n\t\t\t\t\t\t\t\t<i class=\"fab fa-x-twitter\" aria-hidden=\"true\"><\/i>\t\t\t\t\t\t\t<\/span>\n\t\t\t\t\t\t\t\t\t\t\t\t\t\t\t\t\t\t\t\t<\/div>\n\t\t\t\t\t<\/div>\n\t\t\t\t\t\t<\/div>\n\t\t\t\t\t\t<\/div>\n\t\t\t\t<\/div>\n\t\t\t\t\t<\/div>\n\t\t\t\t<\/div>\n\t\t\t\t<\/div>","protected":false},"excerpt":{"rendered":"<p>In diesem Beitrag gibt es ein ausf\u00fchr\u00adli\u00adches Tuto\u00adrial \u00fcber die Masken in Ligh\u00adt\u00adroom. Gerade f\u00fcr ein Einsteiger ist es am Anfang etwas schwierig zu verstehen, was man mit Masken alles anstellen kann und welche Wirkung die selek\u00adtiven Anpas\u00adsungen erzeugen k\u00f6nnen. Deshalb geht es dieses mal etwas mehr um Masken-Basics, aber viel\u00adleicht ist auch der ein oder andere Tipp f\u00fcr die bereits erfah\u00adrenen Ligh\u00adt\u00adroom-Nutzer unter euch&nbsp;dabei.<\/p>","protected":false},"author":1,"featured_media":15442,"comment_status":"open","ping_status":"open","sticky":false,"template":"","format":"standard","meta":{"wp_typography_post_enhancements_disabled":false,"footnotes":""},"categories":[312,4,260,6],"tags":[235,253,332],"class_list":["post-15438","post","type-post","status-publish","format-standard","has-post-thumbnail","hentry","category-bildbearbeitung","category-blog","category-how-to","category-lightroom","tag-bildbearbeitung","tag-landschaftsfotografie","tag-masken"],"_links":{"self":[{"href":"https:\/\/simonschoenhoff.de\/en\/wp-json\/wp\/v2\/posts\/15438","targetHints":{"allow":["GET"]}}],"collection":[{"href":"https:\/\/simonschoenhoff.de\/en\/wp-json\/wp\/v2\/posts"}],"about":[{"href":"https:\/\/simonschoenhoff.de\/en\/wp-json\/wp\/v2\/types\/post"}],"author":[{"embeddable":true,"href":"https:\/\/simonschoenhoff.de\/en\/wp-json\/wp\/v2\/users\/1"}],"replies":[{"embeddable":true,"href":"https:\/\/simonschoenhoff.de\/en\/wp-json\/wp\/v2\/comments?post=15438"}],"version-history":[{"count":25,"href":"https:\/\/simonschoenhoff.de\/en\/wp-json\/wp\/v2\/posts\/15438\/revisions"}],"predecessor-version":[{"id":15494,"href":"https:\/\/simonschoenhoff.de\/en\/wp-json\/wp\/v2\/posts\/15438\/revisions\/15494"}],"wp:featuredmedia":[{"embeddable":true,"href":"https:\/\/simonschoenhoff.de\/en\/wp-json\/wp\/v2\/media\/15442"}],"wp:attachment":[{"href":"https:\/\/simonschoenhoff.de\/en\/wp-json\/wp\/v2\/media?parent=15438"}],"wp:term":[{"taxonomy":"category","embeddable":true,"href":"https:\/\/simonschoenhoff.de\/en\/wp-json\/wp\/v2\/categories?post=15438"},{"taxonomy":"post_tag","embeddable":true,"href":"https:\/\/simonschoenhoff.de\/en\/wp-json\/wp\/v2\/tags?post=15438"}],"curies":[{"name":"wp","href":"https:\/\/api.w.org\/{rel}","templated":true}]}}