{"id":1461,"date":"2020-07-16T09:08:00","date_gmt":"2020-07-16T09:08:00","guid":{"rendered":"http:\/\/simonschoenhoff.de\/?p=1461"},"modified":"2022-12-31T10:48:30","modified_gmt":"2022-12-31T10:48:30","slug":"foto-spots-in-suedtirol-tolpei-und-die-chiesa-santa-barbara","status":"publish","type":"post","link":"https:\/\/simonschoenhoff.de\/en\/foto-spots-in-suedtirol-tolpei-und-die-chiesa-santa-barbara\/","title":{"rendered":"Foto Spots in S\u00fcdtirol: Tolpei und die Chiesa Santa Barbara"},"content":{"rendered":"<div data-elementor-type=\"wp-post\" data-elementor-id=\"1461\" class=\"elementor elementor-1461\" data-elementor-post-type=\"post\">\n\t\t\t\t<div class=\"elementor-element elementor-element-852b596 e-flex e-con-boxed e-con e-parent\" data-id=\"852b596\" data-element_type=\"container\" data-e-type=\"container\">\n\t\t\t\t\t<div class=\"e-con-inner\">\n\t\t<div class=\"elementor-element elementor-element-a743f99 e-con-full e-flex e-con e-child\" data-id=\"a743f99\" data-element_type=\"container\" data-e-type=\"container\">\n\t\t\t\t<div class=\"elementor-element elementor-element-94d9dd6 elementor-widget elementor-widget-menu-anchor\" data-id=\"94d9dd6\" data-element_type=\"widget\" data-e-type=\"widget\" data-widget_type=\"menu-anchor.default\">\n\t\t\t\t<div class=\"elementor-widget-container\">\n\t\t\t\t\t\t\t<div class=\"elementor-menu-anchor\" id=\"seite\"><\/div>\n\t\t\t\t\t\t<\/div>\n\t\t\t\t<\/div>\n\t\t\t\t<div class=\"elementor-element elementor-element-44d5dae elementor-widget elementor-widget-heading\" data-id=\"44d5dae\" data-element_type=\"widget\" data-e-type=\"widget\" data-widget_type=\"heading.default\">\n\t\t\t\t<div class=\"elementor-widget-container\">\n\t\t\t\t\t<h2 class=\"elementor-heading-title elementor-size-default\">Foto-Spots in S\u00fcdtirol<\/h2>\t\t\t\t<\/div>\n\t\t\t\t<\/div>\n\t\t\t\t<div class=\"elementor-element elementor-element-9322ba8 elementor-widget elementor-widget-heading\" data-id=\"9322ba8\" data-element_type=\"widget\" data-e-type=\"widget\" data-widget_type=\"heading.default\">\n\t\t\t\t<div class=\"elementor-widget-container\">\n\t\t\t\t\t<h3 class=\"elementor-heading-title elementor-size-default\">Tolpei und die Chiesa Santa Barbara<\/h3>\t\t\t\t<\/div>\n\t\t\t\t<\/div>\n\t\t\t\t<div class=\"elementor-element elementor-element-278a43e elementor-widget elementor-widget-text-editor\" data-id=\"278a43e\" data-element_type=\"widget\" data-e-type=\"widget\" data-widget_type=\"text-editor.default\">\n\t\t\t\t<div class=\"elementor-widget-container\">\n\t\t\t\t\t\t\t\t\t<p>S\u00fcdtirol hat einiges zu bieten: Sch\u00f6ne Land\u00adschaften auf den Bergen und in T\u00e4lern, Wasser\u00adf\u00e4lle und Seen und einige andere Kurio\u00adsi\u00adt\u00e4ten. In diesen Blog-Beitr\u00e4gen werde ich einige davon vorstellen, die sich hervor\u00adra\u00adgend f\u00fcr das Foto\u00adgra\u00adfieren eignen\u2026<\/p>\t\t\t\t\t\t\t\t<\/div>\n\t\t\t\t<\/div>\n\t\t\t\t<div class=\"elementor-element elementor-element-d74038c elementor-widget elementor-widget-text-editor\" data-id=\"d74038c\" data-element_type=\"widget\" data-e-type=\"widget\" data-widget_type=\"text-editor.default\">\n\t\t\t\t<div class=\"elementor-widget-container\">\n\t\t\t\t\t\t\t\t\t<p style=\"text-align: center;\"><span style=\"font-size: 10pt; font-family: helvetica, arial, sans-serif;\">Gear:<\/span><br><span style=\"font-size: 10pt; font-family: helvetica, arial, sans-serif;\">Kamera: Nikon D7200<\/span><br><span style=\"font-size: 10pt; font-family: helvetica, arial, sans-serif;\">Objek\u00adtive: Sigma 18\u201335mm F1,8 DC HSM Art,&nbsp;<\/span><br><span style=\"font-size: 10pt; font-family: helvetica, arial, sans-serif;\">Nikon AF\u2011S NIKKOR 50 mm 1:1,8G,<\/span><br><span style=\"font-size: 10pt; font-family: helvetica, arial, sans-serif;\">Sigma 105 mm F2,8 EX Makro DG OS&nbsp;HSM<\/span><\/p>\t\t\t\t\t\t\t\t<\/div>\n\t\t\t\t<\/div>\n\t\t\t\t<div class=\"elementor-element elementor-element-edd00a3 elementor-widget elementor-widget-heading\" data-id=\"edd00a3\" data-element_type=\"widget\" data-e-type=\"widget\" data-widget_type=\"heading.default\">\n\t\t\t\t<div class=\"elementor-widget-container\">\n\t\t\t\t\t<h3 class=\"elementor-heading-title elementor-size-default\">Tolpei und die Chiesa Santa Barbara<\/h3>\t\t\t\t<\/div>\n\t\t\t\t<\/div>\n\t\t\t\t<div class=\"elementor-element elementor-element-d6299fd elementor-widget elementor-widget-text-editor\" data-id=\"d6299fd\" data-element_type=\"widget\" data-e-type=\"widget\" data-widget_type=\"text-editor.default\">\n\t\t\t\t<div class=\"elementor-widget-container\">\n\t\t\t\t\t\t\t\t\t<p>Heute m\u00f6chten wir eine kleine Wande\u00adrung zu den Armen\u00adtara-Wiesen unter\u00adnehmen, dazu mehr im n\u00e4chsten Blog-Beitrag. Zuvor aller\u00addings besuchten wir eine coole Foto-Loca\u00adtion, die fast exakt auf dem dorthin Weg lag. Wir fuhren einige Serpen\u00adtinen Bergauf bis wir das kleine idyl\u00adli\u00adsche \u00d6rtchen Tolpei errei\u00adchen. Dort parkten wir unser Fahr\u00adzeug an geeig\u00adneter Stelle uns liefen wenige Minuten in Rich\u00adtung der Kapelle am Ortsende.&nbsp;<\/p>\t\t\t\t\t\t\t\t<\/div>\n\t\t\t\t<\/div>\n\t\t\t\t<div class=\"elementor-element elementor-element-1f57c84 elementor-widget elementor-widget-image\" data-id=\"1f57c84\" data-element_type=\"widget\" data-e-type=\"widget\" data-widget_type=\"image.default\">\n\t\t\t\t<div class=\"elementor-widget-container\">\n\t\t\t\t\t\t\t\t\t\t\t\t<figure class=\"wp-caption\">\n\t\t\t\t\t\t\t\t\t\t<img fetchpriority=\"high\" decoding=\"async\" width=\"1500\" height=\"1000\" src=\"https:\/\/simonschoenhoff.de\/wp-content\/uploads\/2021\/04\/2020-06-24-Armentara-Wiese_1-2.jpg\" class=\"attachment-1536x1536 size-1536x1536 wp-image-1272\" alt srcset=\"https:\/\/simonschoenhoff.de\/wp-content\/uploads\/2021\/04\/2020-06-24-Armentara-Wiese_1-2.jpg 1500w, https:\/\/simonschoenhoff.de\/wp-content\/uploads\/2021\/04\/2020-06-24-Armentara-Wiese_1-2-1200x800.jpg 1200w, https:\/\/simonschoenhoff.de\/wp-content\/uploads\/2021\/04\/2020-06-24-Armentara-Wiese_1-2-300x200.jpg 300w, https:\/\/simonschoenhoff.de\/wp-content\/uploads\/2021\/04\/2020-06-24-Armentara-Wiese_1-2-1024x683.jpg 1024w, https:\/\/simonschoenhoff.de\/wp-content\/uploads\/2021\/04\/2020-06-24-Armentara-Wiese_1-2-768x512.jpg 768w, https:\/\/simonschoenhoff.de\/wp-content\/uploads\/2021\/04\/2020-06-24-Armentara-Wiese_1-2-500x333.jpg 500w, https:\/\/simonschoenhoff.de\/wp-content\/uploads\/2021\/04\/2020-06-24-Armentara-Wiese_1-2-800x533.jpg 800w, https:\/\/simonschoenhoff.de\/wp-content\/uploads\/2021\/04\/2020-06-24-Armentara-Wiese_1-2-1280x853.jpg 1280w\" sizes=\"(max-width: 1500px) 100vw, 1500px\">\t\t\t\t\t\t\t\t\t\t\t<figcaption class=\"widget-image-caption wp-caption-text\">Chiesa di Santa Barbara, Tolpei, S\u00fcdtirol |\n35 mm, ISO 100, f\/4.5, 1\/200&nbsp;Sek.<\/figcaption>\n\t\t\t\t\t\t\t\t\t\t<\/figure>\n\t\t\t\t\t\t\t\t\t<\/div>\n\t\t\t\t<\/div>\n\t\t\t\t<div class=\"elementor-element elementor-element-dfbaf02 elementor-widget elementor-widget-text-editor\" data-id=\"dfbaf02\" data-element_type=\"widget\" data-e-type=\"widget\" data-widget_type=\"text-editor.default\">\n\t\t\t\t<div class=\"elementor-widget-container\">\n\t\t\t\t\t\t\t\t\t<p>Die Berge im Hinter\u00adgrund sind Teil des Natur\u00adpark Puez-Geisler und verleihen der Kapelle nat\u00fcr\u00adlich zus\u00e4tz\u00adlich eine tolle Land\u00adschaft im Hinter\u00adgrund, weshalb sie ein toller Foto\u00adspot darstellt.&nbsp;<\/p>\t\t\t\t\t\t\t\t<\/div>\n\t\t\t\t<\/div>\n\t\t\t\t<div class=\"elementor-element elementor-element-d114cc2 elementor-widget elementor-widget-text-editor\" data-id=\"d114cc2\" data-element_type=\"widget\" data-e-type=\"widget\" data-widget_type=\"text-editor.default\">\n\t\t\t\t<div class=\"elementor-widget-container\">\n\t\t\t\t\t\t\t\t\t<p>Auf dem Fu\u00dfweg hin zur Kapelle sprang uns ein weiterer Kirch\u00adturm ins Auge, der sogar n\u00e4her am Dorf\u00adrand steht, als die Kapelle Santa Barbara. Hier stand einmal die Kapelle Chiesa di San Genesio, von der nur noch der Kirch\u00adturm \u00fcbrig ist, so wie einige Gem\u00e4uer, die den Umriss des ehema\u00adligen Geb\u00e4udes skizzieren.&nbsp;<\/p>\t\t\t\t\t\t\t\t<\/div>\n\t\t\t\t<\/div>\n\t\t\t\t<div class=\"elementor-element elementor-element-5fc22ea elementor-widget elementor-widget-image\" data-id=\"5fc22ea\" data-element_type=\"widget\" data-e-type=\"widget\" data-widget_type=\"image.default\">\n\t\t\t\t<div class=\"elementor-widget-container\">\n\t\t\t\t\t\t\t\t\t\t\t\t<figure class=\"wp-caption\">\n\t\t\t\t\t\t\t\t\t\t<img decoding=\"async\" width=\"1500\" height=\"1125\" src=\"https:\/\/simonschoenhoff.de\/wp-content\/uploads\/2021\/04\/2020-06-24-Armentara-Wiese_3-1.jpg\" class=\"attachment-1536x1536 size-1536x1536 wp-image-1274\" alt srcset=\"https:\/\/simonschoenhoff.de\/wp-content\/uploads\/2021\/04\/2020-06-24-Armentara-Wiese_3-1.jpg 1500w, https:\/\/simonschoenhoff.de\/wp-content\/uploads\/2021\/04\/2020-06-24-Armentara-Wiese_3-1-1200x900.jpg 1200w, https:\/\/simonschoenhoff.de\/wp-content\/uploads\/2021\/04\/2020-06-24-Armentara-Wiese_3-1-300x225.jpg 300w, https:\/\/simonschoenhoff.de\/wp-content\/uploads\/2021\/04\/2020-06-24-Armentara-Wiese_3-1-1024x768.jpg 1024w, https:\/\/simonschoenhoff.de\/wp-content\/uploads\/2021\/04\/2020-06-24-Armentara-Wiese_3-1-768x576.jpg 768w, https:\/\/simonschoenhoff.de\/wp-content\/uploads\/2021\/04\/2020-06-24-Armentara-Wiese_3-1-500x375.jpg 500w, https:\/\/simonschoenhoff.de\/wp-content\/uploads\/2021\/04\/2020-06-24-Armentara-Wiese_3-1-800x600.jpg 800w, https:\/\/simonschoenhoff.de\/wp-content\/uploads\/2021\/04\/2020-06-24-Armentara-Wiese_3-1-1280x960.jpg 1280w\" sizes=\"(max-width: 1500px) 100vw, 1500px\">\t\t\t\t\t\t\t\t\t\t\t<figcaption class=\"widget-image-caption wp-caption-text\">Chiesa di San Genesio, Tolpei, S\u00fcdtirol |\n24 mm, ISO 100, f\/2.8, 1\/800&nbsp;Sek.<\/figcaption>\n\t\t\t\t\t\t\t\t\t\t<\/figure>\n\t\t\t\t\t\t\t\t\t<\/div>\n\t\t\t\t<\/div>\n\t\t\t\t<div class=\"elementor-element elementor-element-cfde1e8 elementor-widget elementor-widget-text-editor\" data-id=\"cfde1e8\" data-element_type=\"widget\" data-e-type=\"widget\" data-widget_type=\"text-editor.default\">\n\t\t\t\t<div class=\"elementor-widget-container\">\n\t\t\t\t\t\t\t\t\t<p>Nat\u00fcr\u00adlich packte ich bei solch einem Motiv direkt die Drohne aus, um die Vogel\u00adper\u00adspek\u00adtive der Kapelle aufnehmen zu k\u00f6nnen. Mein Ziel aber war, beide Kapellen gemeinsam auf ein Bild zu bekommen, gemeinsam mit der Berg\u00adland\u00adschaft im Hinter\u00adgrund. Beim Aufsteigen mit der Drohne bemerkte ich, was f\u00fcr ein tolles Motiv die beiden Kapelle abgeben.&nbsp;<\/p>\t\t\t\t\t\t\t\t<\/div>\n\t\t\t\t<\/div>\n\t\t\t\t<div class=\"elementor-element elementor-element-8ed7923 elementor-widget elementor-widget-image\" data-id=\"8ed7923\" data-element_type=\"widget\" data-e-type=\"widget\" data-widget_type=\"image.default\">\n\t\t\t\t<div class=\"elementor-widget-container\">\n\t\t\t\t\t\t\t\t\t\t\t\t<figure class=\"wp-caption\">\n\t\t\t\t\t\t\t\t\t\t<img decoding=\"async\" width=\"1500\" height=\"1125\" src=\"https:\/\/simonschoenhoff.de\/wp-content\/uploads\/2021\/04\/2020-06-24-Armentara-Wiese_4-1.jpg\" class=\"attachment-1536x1536 size-1536x1536 wp-image-1275\" alt srcset=\"https:\/\/simonschoenhoff.de\/wp-content\/uploads\/2021\/04\/2020-06-24-Armentara-Wiese_4-1.jpg 1500w, https:\/\/simonschoenhoff.de\/wp-content\/uploads\/2021\/04\/2020-06-24-Armentara-Wiese_4-1-1200x900.jpg 1200w, https:\/\/simonschoenhoff.de\/wp-content\/uploads\/2021\/04\/2020-06-24-Armentara-Wiese_4-1-300x225.jpg 300w, https:\/\/simonschoenhoff.de\/wp-content\/uploads\/2021\/04\/2020-06-24-Armentara-Wiese_4-1-1024x768.jpg 1024w, https:\/\/simonschoenhoff.de\/wp-content\/uploads\/2021\/04\/2020-06-24-Armentara-Wiese_4-1-768x576.jpg 768w, https:\/\/simonschoenhoff.de\/wp-content\/uploads\/2021\/04\/2020-06-24-Armentara-Wiese_4-1-500x375.jpg 500w, https:\/\/simonschoenhoff.de\/wp-content\/uploads\/2021\/04\/2020-06-24-Armentara-Wiese_4-1-800x600.jpg 800w, https:\/\/simonschoenhoff.de\/wp-content\/uploads\/2021\/04\/2020-06-24-Armentara-Wiese_4-1-1280x960.jpg 1280w\" sizes=\"(max-width: 1500px) 100vw, 1500px\">\t\t\t\t\t\t\t\t\t\t\t<figcaption class=\"widget-image-caption wp-caption-text\">Der Turm San Giovanni mit der Kapelle Santa Barbara im Hinter\u00adgrund, Tolpei, S\u00fcdtirol |\n24 mm, ISO 100, f\/2.8, 1\/640&nbsp;Sek.<\/figcaption>\n\t\t\t\t\t\t\t\t\t\t<\/figure>\n\t\t\t\t\t\t\t\t\t<\/div>\n\t\t\t\t<\/div>\n\t\t\t\t<div class=\"elementor-element elementor-element-dd8d893 elementor-widget elementor-widget-text-editor\" data-id=\"dd8d893\" data-element_type=\"widget\" data-e-type=\"widget\" data-widget_type=\"text-editor.default\">\n\t\t\t\t<div class=\"elementor-widget-container\">\n\t\t\t\t\t\t\t\t\t<p>Aus einer etwas gr\u00f6\u00dferen Entfer\u00adnung, war es dann m\u00f6glich die beiden Kapellen auf ein Bild zu bekommen.&nbsp;<\/p>\t\t\t\t\t\t\t\t<\/div>\n\t\t\t\t<\/div>\n\t\t\t\t<div class=\"elementor-element elementor-element-d3b22b0 elementor-widget elementor-widget-image\" data-id=\"d3b22b0\" data-element_type=\"widget\" data-e-type=\"widget\" data-widget_type=\"image.default\">\n\t\t\t\t<div class=\"elementor-widget-container\">\n\t\t\t\t\t\t\t\t\t\t\t\t<figure class=\"wp-caption\">\n\t\t\t\t\t\t\t\t\t\t<img loading=\"lazy\" decoding=\"async\" width=\"1125\" height=\"1500\" src=\"https:\/\/simonschoenhoff.de\/wp-content\/uploads\/2021\/04\/2020-06-24-Armentara-Wiese_2-2.jpg\" class=\"attachment-1536x1536 size-1536x1536 wp-image-1273\" alt srcset=\"https:\/\/simonschoenhoff.de\/wp-content\/uploads\/2021\/04\/2020-06-24-Armentara-Wiese_2-2.jpg 1125w, https:\/\/simonschoenhoff.de\/wp-content\/uploads\/2021\/04\/2020-06-24-Armentara-Wiese_2-2-600x800.jpg 600w, https:\/\/simonschoenhoff.de\/wp-content\/uploads\/2021\/04\/2020-06-24-Armentara-Wiese_2-2-225x300.jpg 225w, https:\/\/simonschoenhoff.de\/wp-content\/uploads\/2021\/04\/2020-06-24-Armentara-Wiese_2-2-768x1024.jpg 768w, https:\/\/simonschoenhoff.de\/wp-content\/uploads\/2021\/04\/2020-06-24-Armentara-Wiese_2-2-500x667.jpg 500w, https:\/\/simonschoenhoff.de\/wp-content\/uploads\/2021\/04\/2020-06-24-Armentara-Wiese_2-2-800x1067.jpg 800w\" sizes=\"(max-width: 1125px) 100vw, 1125px\">\t\t\t\t\t\t\t\t\t\t\t<figcaption class=\"widget-image-caption wp-caption-text\">Chiesa Santa Barbara und San Giovanni in Tolpei, S\u00fcdtirol |\n24 mm, ISO 100, f\/2.8, 1\/500&nbsp;Sek.<\/figcaption>\n\t\t\t\t\t\t\t\t\t\t<\/figure>\n\t\t\t\t\t\t\t\t\t<\/div>\n\t\t\t\t<\/div>\n\t\t\t\t<div class=\"elementor-element elementor-element-1472983 elementor-widget elementor-widget-text-editor\" data-id=\"1472983\" data-element_type=\"widget\" data-e-type=\"widget\" data-widget_type=\"text-editor.default\">\n\t\t\t\t<div class=\"elementor-widget-container\">\n\t\t\t\t\t\t\t\t\t<p>Nachdem wir die Kapellen aufge\u00adnommen und ein wenig die Aussicht genossen hatten, liefen wir die wenigen Meter zur\u00fcck zu unserem Auto und fuhren weiter, um die Armen\u00adtara Wiesen zu durchwandern.&nbsp;<\/p>\t\t\t\t\t\t\t\t<\/div>\n\t\t\t\t<\/div>\n\t\t\t\t<\/div>\n\t\t\t\t\t<\/div>\n\t\t\t\t<\/div>\n\t\t<div class=\"elementor-element elementor-element-7569762 e-flex e-con-boxed e-con e-parent\" data-id=\"7569762\" data-element_type=\"container\" data-e-type=\"container\" data-settings=\"{&quot;background_background&quot;:&quot;classic&quot;}\">\n\t\t\t\t\t<div class=\"e-con-inner\">\n\t\t<div class=\"elementor-element elementor-element-4f4f109 e-con-full e-flex e-con e-child\" data-id=\"4f4f109\" data-element_type=\"container\" data-e-type=\"container\">\n\t\t\t\t<div class=\"elementor-element elementor-element-2bd60c2 elementor-widget elementor-widget-google_maps\" data-id=\"2bd60c2\" data-element_type=\"widget\" data-e-type=\"widget\" data-widget_type=\"google_maps.default\">\n\t\t\t\t<div class=\"elementor-widget-container\">\n\t\t\t\t\t\t\t<div class=\"elementor-custom-embed\">\n\t\t\t<iframe loading=\"lazy\" src=\"https:\/\/maps.google.com\/maps?q=Tolpei&amp;t=m&amp;z=15&amp;output=embed&amp;iwloc=near\" title=\"Tolpei\" aria-label=\"Tolpei\"><\/iframe>\n\t\t<\/div>\n\t\t\t\t\t\t<\/div>\n\t\t\t\t<\/div>\n\t\t\t\t<\/div>\n\t\t<div class=\"elementor-element elementor-element-952c93e e-con-full e-flex e-con e-child\" data-id=\"952c93e\" data-element_type=\"container\" data-e-type=\"container\">\n\t\t\t\t<div class=\"elementor-element elementor-element-9c09be4 elementor-widget elementor-widget-heading\" data-id=\"9c09be4\" data-element_type=\"widget\" data-e-type=\"widget\" data-widget_type=\"heading.default\">\n\t\t\t\t<div class=\"elementor-widget-container\">\n\t\t\t\t\t<h3 class=\"elementor-heading-title elementor-size-default\">Wo findest du die Kirchen in Tolpei?<\/h3>\t\t\t\t<\/div>\n\t\t\t\t<\/div>\n\t\t\t\t<div class=\"elementor-element elementor-element-e70919d elementor-widget elementor-widget-text-editor\" data-id=\"e70919d\" data-element_type=\"widget\" data-e-type=\"widget\" data-widget_type=\"text-editor.default\">\n\t\t\t\t<div class=\"elementor-widget-container\">\n\t\t\t\t\t\t\t\t\t<p>Um die Kapellen zu finden, reicht es im Navi Tolpei einzu\u00adgeben. Das D\u00f6rf\u00adchen ist nicht all zu gro\u00df und so werdet ihr, sobald ihr das Auto abge\u00adstellt habt, die Kirche wahr\u00adschein\u00adlich schon erblickt haben.&nbsp;<\/p><p>Wenn nicht lauft einfach die Stra\u00dfe entlang der sch\u00f6nen H\u00e4user und Bauern\u00adh\u00f6fe entlang, sp\u00e4tes\u00adtens dann erblickt ihr die beiden T\u00fcrme.<\/p>\t\t\t\t\t\t\t\t<\/div>\n\t\t\t\t<\/div>\n\t\t\t\t<\/div>\n\t\t\t\t\t<\/div>\n\t\t\t\t<\/div>\n\t\t\t\t<\/div>","protected":false},"excerpt":{"rendered":"<p>S\u00fcdtirol hat einiges zu bieten: Sch\u00f6ne Land\u00adschaften auf den Bergen und in T\u00e4lern, Wasser\u00adf\u00e4lle und Seen und einige andere Kurio\u00adsi\u00adt\u00e4ten. In diesen Blog-Beitr\u00e4gen werde ich einige davon vorstellen, die sich hervor\u00adra\u00adgend f\u00fcr das Foto\u00adgra\u00adfieren eignen\u2026<\/p>","protected":false},"author":1,"featured_media":1272,"comment_status":"open","ping_status":"open","sticky":false,"template":"","format":"standard","meta":{"wp_typography_post_enhancements_disabled":false,"footnotes":""},"categories":[4,7,55],"tags":[127,136,90,137,138,124,135,123],"class_list":["post-1461","post","type-post","status-publish","format-standard","has-post-thumbnail","hentry","category-blog","category-foto-locations","category-italien","tag-berge","tag-chiesa","tag-italien","tag-kapelle","tag-kirche","tag-suedtirol","tag-tolpei","tag-wandern"],"_links":{"self":[{"href":"https:\/\/simonschoenhoff.de\/en\/wp-json\/wp\/v2\/posts\/1461","targetHints":{"allow":["GET"]}}],"collection":[{"href":"https:\/\/simonschoenhoff.de\/en\/wp-json\/wp\/v2\/posts"}],"about":[{"href":"https:\/\/simonschoenhoff.de\/en\/wp-json\/wp\/v2\/types\/post"}],"author":[{"embeddable":true,"href":"https:\/\/simonschoenhoff.de\/en\/wp-json\/wp\/v2\/users\/1"}],"replies":[{"embeddable":true,"href":"https:\/\/simonschoenhoff.de\/en\/wp-json\/wp\/v2\/comments?post=1461"}],"version-history":[{"count":34,"href":"https:\/\/simonschoenhoff.de\/en\/wp-json\/wp\/v2\/posts\/1461\/revisions"}],"predecessor-version":[{"id":10130,"href":"https:\/\/simonschoenhoff.de\/en\/wp-json\/wp\/v2\/posts\/1461\/revisions\/10130"}],"wp:featuredmedia":[{"embeddable":true,"href":"https:\/\/simonschoenhoff.de\/en\/wp-json\/wp\/v2\/media\/1272"}],"wp:attachment":[{"href":"https:\/\/simonschoenhoff.de\/en\/wp-json\/wp\/v2\/media?parent=1461"}],"wp:term":[{"taxonomy":"category","embeddable":true,"href":"https:\/\/simonschoenhoff.de\/en\/wp-json\/wp\/v2\/categories?post=1461"},{"taxonomy":"post_tag","embeddable":true,"href":"https:\/\/simonschoenhoff.de\/en\/wp-json\/wp\/v2\/tags?post=1461"}],"curies":[{"name":"wp","href":"https:\/\/api.w.org\/{rel}","templated":true}]}}