{"id":14007,"date":"2024-11-01T11:00:13","date_gmt":"2024-11-01T11:00:13","guid":{"rendered":"https:\/\/simonschoenhoff.de\/?p=14007"},"modified":"2025-08-07T08:35:09","modified_gmt":"2025-08-07T08:35:09","slug":"fokus-stacking-in-photoshop","status":"publish","type":"post","link":"https:\/\/simonschoenhoff.de\/en\/fokus-stacking-in-photoshop\/","title":{"rendered":"Fokus-Stacking in Photoshop"},"content":{"rendered":"<div data-elementor-type=\"wp-post\" data-elementor-id=\"14007\" class=\"elementor elementor-14007\" data-elementor-post-type=\"post\">\n\t\t\t\t<div class=\"elementor-element elementor-element-30bc2a6 e-flex e-con-boxed e-con e-parent\" data-id=\"30bc2a6\" data-element_type=\"container\" data-e-type=\"container\">\n\t\t\t\t\t<div class=\"e-con-inner\">\n\t\t\t\t<div class=\"elementor-element elementor-element-f2714a1 elementor-widget elementor-widget-menu-anchor\" data-id=\"f2714a1\" data-element_type=\"widget\" data-e-type=\"widget\" data-widget_type=\"menu-anchor.default\">\n\t\t\t\t<div class=\"elementor-widget-container\">\n\t\t\t\t\t\t\t<div class=\"elementor-menu-anchor\" id=\"seite\"><\/div>\n\t\t\t\t\t\t<\/div>\n\t\t\t\t<\/div>\n\t\t\t\t<div class=\"elementor-element elementor-element-12afd9a elementor-widget elementor-widget-heading\" data-id=\"12afd9a\" data-element_type=\"widget\" data-e-type=\"widget\" data-widget_type=\"heading.default\">\n\t\t\t\t<div class=\"elementor-widget-container\">\n\t\t\t\t\t<h2 class=\"elementor-heading-title elementor-size-default\">Fokus-Stacking in Photoshop<\/h2>\t\t\t\t<\/div>\n\t\t\t\t<\/div>\n\t\t\t\t<div class=\"elementor-element elementor-element-2b73939 elementor-widget elementor-widget-text-editor\" data-id=\"2b73939\" data-element_type=\"widget\" data-e-type=\"widget\" data-widget_type=\"text-editor.default\">\n\t\t\t\t<div class=\"elementor-widget-container\">\n\t\t\t\t\t\t\t\t\tWas ist denn das? Als ich joggend an diesem Baum\u00adstumpf vorbei\u00adlief, hatte ich direkt den Plan f\u00fcr die n\u00e4chste Stunde im Kopf. Ich lief nach Hause, duschte mich schnell ab und fuhr mit dem Fahrrad zur\u00fcck zu der Stelle im Wald. Ich wollte das Abend\u00adlicht nutzen, um diesen Baum\u00adstumpf samt Kame\u00adra\u00adaus\u00adr\u00fcs\u00adtung erneut einen Besuch abzu\u00adstatten und ihn zu foto\u00adgra\u00adfieren. In diesem VLOG\/BLOG  widmen wir uns dem kompletten Prozess des Fokus-Stackings, von der Aufnahme vor Ort, bis zur Bild\u00adbe\u00adar\u00adbei\u00adtung in Ligh\u00adt\u00adroom und Photo\u00adshop. Beson\u00adders inter\u00ades\u00adsant f\u00fcr die Foto\u00adgrafen unter&nbsp;euch.&nbsp;<\/div>\n\t\t\t\t<\/div>\n\t\t\t\t<div class=\"elementor-element elementor-element-666078b elementor-widget elementor-widget-text-editor\" data-id=\"666078b\" data-element_type=\"widget\" data-e-type=\"widget\" data-widget_type=\"text-editor.default\">\n\t\t\t\t<div class=\"elementor-widget-container\">\n\t\t\t\t\t\t\t\t\t<p>You can see the VLOG to the BLOG at the bottom of the page or you can reach it via this button:<\/p>\t\t\t\t\t\t\t\t<\/div>\n\t\t\t\t<\/div>\n\t\t\t\t<div class=\"elementor-element elementor-element-046c329 elementor-align-center elementor-widget elementor-widget-button\" data-id=\"046c329\" data-element_type=\"widget\" data-e-type=\"widget\" data-widget_type=\"button.default\">\n\t\t\t\t<div class=\"elementor-widget-container\">\n\t\t\t\t\t\t\t\t\t<div class=\"elementor-button-wrapper\">\n\t\t\t\t\t<a class=\"elementor-button elementor-button-link elementor-size-sm\" href=\"#vlog\">\n\t\t\t\t\t\t<span class=\"elementor-button-content-wrapper\">\n\t\t\t\t\t\t\t\t\t<span class=\"elementor-button-text\">Directly to the&nbsp;video<\/span>\n\t\t\t\t\t<\/span>\n\t\t\t\t\t<\/a>\n\t\t\t\t<\/div>\n\t\t\t\t\t\t\t\t<\/div>\n\t\t\t\t<\/div>\n\t\t\t\t<div class=\"elementor-element elementor-element-290de69 elementor-widget elementor-widget-text-editor\" data-id=\"290de69\" data-element_type=\"widget\" data-e-type=\"widget\" data-widget_type=\"text-editor.default\">\n\t\t\t\t<div class=\"elementor-widget-container\">\n\t\t\t\t\t\t\t\t\t<p style=\"text-align: center;\"><span style=\"font-size: 10pt;\">Gear:<\/span><\/p><p style=\"text-align: center;\"><span style=\"font-size: 10pt; color: var( --e-global-color-secondary );\">Sony a7IV<br>Sony FE 2.8\/16\u201335 mm&nbsp;GM<br><\/span><\/p>\t\t\t\t\t\t\t\t<\/div>\n\t\t\t\t<\/div>\n\t\t\t\t\t<\/div>\n\t\t\t\t<\/div>\n\t\t<div class=\"elementor-element elementor-element-a10fce2 e-flex e-con-boxed e-con e-parent\" data-id=\"a10fce2\" data-element_type=\"container\" data-e-type=\"container\">\n\t\t\t\t\t<div class=\"e-con-inner\">\n\t\t\t\t<div class=\"elementor-element elementor-element-f3692d9 elementor-widget elementor-widget-heading\" data-id=\"f3692d9\" data-element_type=\"widget\" data-e-type=\"widget\" data-widget_type=\"heading.default\">\n\t\t\t\t<div class=\"elementor-widget-container\">\n\t\t\t\t\t<h3 class=\"elementor-heading-title elementor-size-default\">Wann ben\u00f6\u00adtige ich Fokus-Stacking?<\/h3>\t\t\t\t<\/div>\n\t\t\t\t<\/div>\n\t\t\t\t<div class=\"elementor-element elementor-element-3d7f8ed elementor-widget elementor-widget-text-editor\" data-id=\"3d7f8ed\" data-element_type=\"widget\" data-e-type=\"widget\" data-widget_type=\"text-editor.default\">\n\t\t\t\t<div class=\"elementor-widget-container\">\n\t\t\t\t\t\t\t\t\t<p>Mit manu\u00adellem oder auto\u00adma\u00adti\u00adschem Fokus-Bracke\u00adting, also dem mehr\u00adfa\u00adchen Aufnehmen ein und des selben Bildes unter dem Verschieben des Fokus-Punktes in der Tiefe, erm\u00f6g\u00adli\u00adchen wir uns die Option, ein Foto von vorne nach hinten durch\u00adg\u00e4ngig scharf zu gestalten, auch wenn extrem Nahe und weit entfernte Bild\u00adele\u00admente vorhanden sind, die man sonst nicht mit einer Aufnahme allein h\u00e4tte scharf abbilden k\u00f6nnen.&nbsp;Das Zusam\u00admen\u00adsetzen der scharfen Bild\u00adbe\u00adreiche der einzelnen Aufnahmen nennt man dann wiederum Fokus-Stacking.&nbsp;<\/p><p>F\u00fcr Makro-Foto\u00adgrafen ist das Fokus-Stacking eine h\u00e4ufig gew\u00e4hlte Methode, um Motive in G\u00e4nze scharf abzu\u00adbilden. Dazu werden mitunter dutzende Bilder gesta\u00adcked. In der Land\u00adschafts\u00adfo\u00adto\u00adgrafie reichen im Weit\u00adwin\u00adkel\u00adbe\u00adreich auch mal nur 2, 3 oder viel\u00adleicht maximal 6 Aufnahmen aus. Je nach dem wie Nahe wir an den nahen Bild\u00adele\u00admenten dran sind. H\u00e4ufig wird im Weit\u00adwin\u00adkel\u00adbe\u00adreich auch kein Stacking ben\u00f6\u00adtigt, da bei bspw. 16 mm und einer Blende von f\/11 im Voll\u00adformat die hyper\u00adfo\u00adkale Distanz f\u00fcr den Fokus-Punkt genutzt werden kann. Diese liegt bei den genannten Daten bei ca. 80 cm und setzt alles von ca. 40cm bis Unend\u00adlich ins Scharfe. Haben wir also keine n\u00e4heren Bild\u00adele\u00admente, reicht das Bild&nbsp;aus.&nbsp;<\/p><p>In der Theorie. In der Praxis ist es aller\u00addings manchmal schwierig die bspw. 80 cm f\u00fcr den Fokus zu treffen. Auch ist es manchmal umst\u00e4nd\u00adlich oder einfach nicht prak\u00adti\u00adkabel die Abst\u00e4nde im Feld zu messen (meist wohl eher sch\u00e4tzen) und dann die hyper\u00adfo\u00adkale Distanz auf die gerade verwen\u00addete Brenn\u00adweite und Blende auszu\u00adrechnen und einzu\u00adstellen. Wahr\u00adschein\u00adlich trifft man die hyper\u00adfo\u00adkale Distanz auch nicht richtig und schon hat man also unscharfe Bild\u00adbe\u00adreiche. Sobald man sich also unsi\u00adcher ist, und Dinge inner\u00adhalb von \u2013 sagen wir mal \u2013 einem Schritt Entfer\u00adnung zur Kamera befinden, nutze ich&nbsp; das Fokus-Bracke\u00adting. Ich sorge f\u00fcr alle Even\u00adtua\u00adli\u00adt\u00e4ten&nbsp; vor, solange ich mich vor Ort befinde. Auch, dass ich nicht die hyper\u00adfo\u00adkale Distanz treffe.<\/p><p>Bin ich wieder zu Hause kann ich mir Bracke\u00adting-Aufnahmen anschauen. Wenn sie nicht ben\u00f6\u00adtigt werden, weil die hyper\u00adfo\u00adkale Distanz getroffen wurde und alle scharf abge\u00adbildet ist, bear\u00adbeite ich sie nat\u00fcr\u00adlich nicht. Aber habe ich die hyper\u00adfo\u00adkale Distanz nicht getroffen, habe ich alle Optionen f\u00fcr Fokus-Stacking offen gehalten.&nbsp;<\/p><p>Also sind Bild\u00adele\u00admente n\u00e4her als 40cm nutze ich immer Fokus-Bracke\u00adting. Bei f\/16 und 16mm w\u00e4ren theo\u00adre\u00adtisch auch 30cm drin. Wenn Bild\u00adele\u00admente inner\u00adhalb einer Schritt\u00adl\u00e4nge im Bild sind, dann verwende ich&nbsp; meist zur Sicher\u00adheit Fokus-Stacking. Ansonsten verzichte ich darauf. Bei Aufnahmen mit l\u00e4ngeren Brenn\u00adweiten als mit dem Ultra\u00adweit\u00adwinkel von 16mm, muss erneut abge\u00adwogen werden. <br>Beispiel: 20mm, f\/11, m\u00f6gli\u00adcher Nahpunkt ca. 60 cm, hyper\u00adfo\u00adkale Distanz (Fokus\u00adpunkt) ca. 1,20m.&nbsp;<br>Beispiel: 24mm, f\/11, m\u00f6gli\u00adcher Nahpunkt ca. 90 cm, hyper\u00adfo\u00adkale Distanz (Fokus\u00adpunkt) ca. 1,80m.&nbsp;<br>Beispiel: 35mm, f\/11, m\u00f6gli\u00adcher Nahpunkt ca. 1,9 m, hyper\u00adfo\u00adkale Distanz (Fokus\u00adpunkt) ca. 3,75 m.&nbsp;<br>Es ist also immer wieder ein abw\u00e4gen. Aus diesem Grund, und gerade wenn ich auf Nummer sicher gehen will, mach ich lieber ein Bild mehr, als mich nur auf die hyper\u00adfo\u00adkale Distanz zu verlassen. Und pr\u00fcfe gene\u00adrell im Sucher die Sch\u00e4rfe meiner Aufnahmen, bereits im&nbsp;Feld!<\/p>\t\t\t\t\t\t\t\t<\/div>\n\t\t\t\t<\/div>\n\t\t\t\t<div class=\"elementor-element elementor-element-d6b0ee3 elementor-invisible elementor-widget elementor-widget-image\" data-id=\"d6b0ee3\" data-element_type=\"widget\" data-e-type=\"widget\" data-settings=\"{&quot;_animation&quot;:&quot;zoomIn&quot;}\" data-widget_type=\"image.default\">\n\t\t\t\t<div class=\"elementor-widget-container\">\n\t\t\t\t\t\t\t\t\t\t\t\t<figure class=\"wp-caption\">\n\t\t\t\t\t\t\t\t\t\t<img fetchpriority=\"high\" decoding=\"async\" width=\"1429\" height=\"2000\" src=\"https:\/\/simonschoenhoff.de\/wp-content\/uploads\/2024\/11\/2024-10-12-Pilze-im-Brettwald_1.jpg\" class=\"attachment-full size-full wp-image-14005\" alt srcset=\"https:\/\/simonschoenhoff.de\/wp-content\/uploads\/2024\/11\/2024-10-12-Pilze-im-Brettwald_1.jpg 1429w, https:\/\/simonschoenhoff.de\/wp-content\/uploads\/2024\/11\/2024-10-12-Pilze-im-Brettwald_1-214x300.jpg 214w, https:\/\/simonschoenhoff.de\/wp-content\/uploads\/2024\/11\/2024-10-12-Pilze-im-Brettwald_1-768x1075.jpg 768w, https:\/\/simonschoenhoff.de\/wp-content\/uploads\/2024\/11\/2024-10-12-Pilze-im-Brettwald_1-1097x1536.jpg 1097w, https:\/\/simonschoenhoff.de\/wp-content\/uploads\/2024\/11\/2024-10-12-Pilze-im-Brettwald_1-9x12.jpg 9w, https:\/\/simonschoenhoff.de\/wp-content\/uploads\/2024\/11\/2024-10-12-Pilze-im-Brettwald_1-1200x1679.jpg 1200w\" sizes=\"(max-width: 1429px) 100vw, 1429px\">\t\t\t\t\t\t\t\t\t\t\t<figcaption class=\"widget-image-caption wp-caption-text\">Pilz-Mutter\u00adschiff | Sony a7 IV + Sony FE 2.8\/16\u201335 mm&nbsp;GM<\/figcaption>\n\t\t\t\t\t\t\t\t\t\t<\/figure>\n\t\t\t\t\t\t\t\t\t<\/div>\n\t\t\t\t<\/div>\n\t\t\t\t\t<\/div>\n\t\t\t\t<\/div>\n\t\t<div class=\"elementor-element elementor-element-dc6385f e-flex e-con-boxed e-con e-parent\" data-id=\"dc6385f\" data-element_type=\"container\" data-e-type=\"container\">\n\t\t\t\t\t<div class=\"e-con-inner\">\n\t\t\t\t<div class=\"elementor-element elementor-element-9729e2c elementor-widget elementor-widget-heading\" data-id=\"9729e2c\" data-element_type=\"widget\" data-e-type=\"widget\" data-widget_type=\"heading.default\">\n\t\t\t\t<div class=\"elementor-widget-container\">\n\t\t\t\t\t<h3 class=\"elementor-heading-title elementor-size-default\">Der Fokus-Stacking Prozess<\/h3>\t\t\t\t<\/div>\n\t\t\t\t<\/div>\n\t\t\t\t<div class=\"elementor-element elementor-element-1c4dfea elementor-widget elementor-widget-text-editor\" data-id=\"1c4dfea\" data-element_type=\"widget\" data-e-type=\"widget\" data-widget_type=\"text-editor.default\">\n\t\t\t\t<div class=\"elementor-widget-container\">\n\t\t\t\t\t\t\t\t\t<p>Das Fokus-Stacking am Rechner ist ein Prozess, den ihr tats\u00e4ch\u00adlich nur in Photo\u00adshop und eben nicht in Ligh\u00adt\u00adroom durch\u00adf\u00fchren k\u00f6nnt. Das Beschreiben des Prozesse im geschrie\u00adbenen Wort ist nat\u00fcr\u00adlich etwas umst\u00e4nd\u00adlich, weshalb ich f\u00fcr euch unten den gesamten Work\u00adflow, von der Aufnahme bis zum fertigen Bild in einem Video aufge\u00adnommen habe.&nbsp;<\/p><p>Die Schritte in aller K\u00fcrze&nbsp;sind:<\/p><ul><li>Aufnahme mit manu\u00adellem Fokus-Bracke\u00adting oder auto\u00adma\u00adti\u00adschem Fokus-Bracke\u00adting&nbsp;<br>(Tipp: Entweder manuell belichten oder Belich\u00adtungs\u00admess\u00adme\u00adthode gesamtes Bild w\u00e4hlen!)<\/li><li>Grund\u00adein\u00adstel\u00adlungen in Ligh\u00adt\u00adroom und Synchro\u00adni\u00adsieren der Einstellungen<\/li><li>In Photo\u00adshop als Ebenen \u00f6ffnen<\/li><li>Auto\u00adma\u00adti\u00adsches Ausrichten aller Ebenen<\/li><li>Auto\u00adma\u00adti\u00adsches Stacking mittels Photo\u00adshop oder manuell mittels Ausmaskieren<\/li><li>Fertig\u00adbe\u00adar\u00adbei\u00adtung in Photo\u00adshop oder ggf. Ligh\u00adt\u00adroom der zusam\u00admen\u00adge\u00adsetzten Bilddatei.<\/li><\/ul>\t\t\t\t\t\t\t\t<\/div>\n\t\t\t\t<\/div>\n\t\t\t\t\t<\/div>\n\t\t\t\t<\/div>\n\t\t<div class=\"elementor-element elementor-element-ad59b1c e-flex e-con-boxed e-con e-parent\" data-id=\"ad59b1c\" data-element_type=\"container\" data-e-type=\"container\">\n\t\t\t\t\t<div class=\"e-con-inner\">\n\t\t\t\t<div class=\"elementor-element elementor-element-44566fc elementor-widget elementor-widget-menu-anchor\" data-id=\"44566fc\" data-element_type=\"widget\" data-e-type=\"widget\" data-widget_type=\"menu-anchor.default\">\n\t\t\t\t<div class=\"elementor-widget-container\">\n\t\t\t\t\t\t\t<div class=\"elementor-menu-anchor\" id=\"vlog\"><\/div>\n\t\t\t\t\t\t<\/div>\n\t\t\t\t<\/div>\n\t\t\t\t<div class=\"elementor-element elementor-element-8c7516c elementor-widget elementor-widget-heading\" data-id=\"8c7516c\" data-element_type=\"widget\" data-e-type=\"widget\" data-widget_type=\"heading.default\">\n\t\t\t\t<div class=\"elementor-widget-container\">\n\t\t\t\t\t<h3 class=\"elementor-heading-title elementor-size-default\">VLOG to the&nbsp;BLOG<\/h3>\t\t\t\t<\/div>\n\t\t\t\t<\/div>\n\t\t\t\t<div class=\"elementor-element elementor-element-845d509 elementor-widget elementor-widget-text-editor\" data-id=\"845d509\" data-element_type=\"widget\" data-e-type=\"widget\" data-widget_type=\"text-editor.default\">\n\t\t\t\t<div class=\"elementor-widget-container\">\n\t\t\t\t\t\t\t\t\t<p>Im heutigen VLOG\/BLOG gehe ich gezielt in den Wald, um einen inter\u00ades\u00adsanten Baum\u00adstumpf mit enormen Pilz\u00adbe\u00adwuchs zu foto\u00adgra\u00adfieren. Um beim extremen Weit\u00adwinkel und tiefer, naher Posi\u00adtion alles scharf zu bekommen, nutze ich Fokus-Stacking. Wer den gesamten Prozess sehen m\u00f6chte, sollte sich dieses Video anschauen. Viel&nbsp;Spa\u00df!<\/p>\t\t\t\t\t\t\t\t<\/div>\n\t\t\t\t<\/div>\n\t\t\t\t<div class=\"elementor-element elementor-element-2b61804 elementor-widget elementor-widget-video\" data-id=\"2b61804\" data-element_type=\"widget\" data-e-type=\"widget\" data-settings=\"{&quot;youtube_url&quot;:&quot;https:\\\/\\\/youtu.be\\\/RovDDNh6W3Y&quot;,&quot;video_type&quot;:&quot;youtube&quot;,&quot;controls&quot;:&quot;yes&quot;}\" data-widget_type=\"video.default\">\n\t\t\t\t<div class=\"elementor-widget-container\">\n\t\t\t\t\t\t\t<div class=\"elementor-wrapper elementor-open-inline\">\n\t\t\t<div class=\"elementor-video\"><\/div>\t\t<\/div>\n\t\t\t\t\t\t<\/div>\n\t\t\t\t<\/div>\n\t\t\t\t\t<\/div>\n\t\t\t\t<\/div>\n\t\t<div class=\"elementor-element elementor-element-85ebb07 e-flex e-con-boxed e-con e-parent\" data-id=\"85ebb07\" data-element_type=\"container\" data-e-type=\"container\">\n\t\t\t\t\t<div class=\"e-con-inner\">\n\t\t\t\t<div class=\"elementor-element elementor-element-b4f8b74 elementor-widget elementor-widget-text-editor\" data-id=\"b4f8b74\" data-element_type=\"widget\" data-e-type=\"widget\" data-widget_type=\"text-editor.default\">\n\t\t\t\t<div class=\"elementor-widget-container\">\n\t\t\t\t\t\t\t\t\t<p style=\"text-align: center;\">Feel free to&nbsp;share:<\/p>\t\t\t\t\t\t\t\t<\/div>\n\t\t\t\t<\/div>\n\t\t\t\t<div class=\"elementor-element elementor-element-da9ecfd elementor-share-buttons--view-icon elementor-share-buttons--skin-flat elementor-share-buttons--shape-circle elementor-share-buttons--color-custom elementor-grid-0 elementor-widget elementor-widget-share-buttons\" data-id=\"da9ecfd\" data-element_type=\"widget\" data-e-type=\"widget\" data-widget_type=\"share-buttons.default\">\n\t\t\t\t<div class=\"elementor-widget-container\">\n\t\t\t\t\t\t\t<div class=\"elementor-grid\" role=\"list\">\n\t\t\t\t\t\t\t\t<div class=\"elementor-grid-item\" role=\"listitem\">\n\t\t\t\t\t\t<div class=\"elementor-share-btn elementor-share-btn_facebook\" role=\"button\" tabindex=\"0\" aria-label=\"Share on facebook\" data-no-translation-aria-label>\n\t\t\t\t\t\t\t\t\t\t\t\t\t\t\t<span class=\"elementor-share-btn__icon\">\n\t\t\t\t\t\t\t\t<i class=\"fab fa-facebook\" aria-hidden=\"true\"><\/i>\t\t\t\t\t\t\t<\/span>\n\t\t\t\t\t\t\t\t\t\t\t\t\t\t\t\t\t\t\t\t<\/div>\n\t\t\t\t\t<\/div>\n\t\t\t\t\t\t\t\t\t<div class=\"elementor-grid-item\" role=\"listitem\">\n\t\t\t\t\t\t<div class=\"elementor-share-btn elementor-share-btn_threads\" role=\"button\" tabindex=\"0\" aria-label=\"Share on threads\" data-no-translation-aria-label>\n\t\t\t\t\t\t\t\t\t\t\t\t\t\t\t<span class=\"elementor-share-btn__icon\">\n\t\t\t\t\t\t\t\t<i class=\"fab fa-threads\" aria-hidden=\"true\"><\/i>\t\t\t\t\t\t\t<\/span>\n\t\t\t\t\t\t\t\t\t\t\t\t\t\t\t\t\t\t\t\t<\/div>\n\t\t\t\t\t<\/div>\n\t\t\t\t\t\t\t\t\t<div class=\"elementor-grid-item\" role=\"listitem\">\n\t\t\t\t\t\t<div class=\"elementor-share-btn elementor-share-btn_whatsapp\" role=\"button\" tabindex=\"0\" aria-label=\"Share on whatsapp\" data-no-translation-aria-label>\n\t\t\t\t\t\t\t\t\t\t\t\t\t\t\t<span class=\"elementor-share-btn__icon\">\n\t\t\t\t\t\t\t\t<i class=\"fab fa-whatsapp\" aria-hidden=\"true\"><\/i>\t\t\t\t\t\t\t<\/span>\n\t\t\t\t\t\t\t\t\t\t\t\t\t\t\t\t\t\t\t\t<\/div>\n\t\t\t\t\t<\/div>\n\t\t\t\t\t\t\t\t\t<div class=\"elementor-grid-item\" role=\"listitem\">\n\t\t\t\t\t\t<div class=\"elementor-share-btn elementor-share-btn_pinterest\" role=\"button\" tabindex=\"0\" aria-label=\"Share on pinterest\" data-no-translation-aria-label>\n\t\t\t\t\t\t\t\t\t\t\t\t\t\t\t<span class=\"elementor-share-btn__icon\">\n\t\t\t\t\t\t\t\t<i class=\"fab fa-pinterest\" aria-hidden=\"true\"><\/i>\t\t\t\t\t\t\t<\/span>\n\t\t\t\t\t\t\t\t\t\t\t\t\t\t\t\t\t\t\t\t<\/div>\n\t\t\t\t\t<\/div>\n\t\t\t\t\t\t\t\t\t<div class=\"elementor-grid-item\" role=\"listitem\">\n\t\t\t\t\t\t<div class=\"elementor-share-btn elementor-share-btn_x-twitter\" role=\"button\" tabindex=\"0\" aria-label=\"Share on x-twitter\" data-no-translation-aria-label>\n\t\t\t\t\t\t\t\t\t\t\t\t\t\t\t<span class=\"elementor-share-btn__icon\">\n\t\t\t\t\t\t\t\t<i class=\"fab fa-x-twitter\" aria-hidden=\"true\"><\/i>\t\t\t\t\t\t\t<\/span>\n\t\t\t\t\t\t\t\t\t\t\t\t\t\t\t\t\t\t\t\t<\/div>\n\t\t\t\t\t<\/div>\n\t\t\t\t\t\t<\/div>\n\t\t\t\t\t\t<\/div>\n\t\t\t\t<\/div>\n\t\t\t\t\t<\/div>\n\t\t\t\t<\/div>\n\t\t\t\t<\/div>","protected":false},"excerpt":{"rendered":"<p>Was ist denn das? Als ich joggend an diesem Baum\u00adstumpf vorbei\u00adlief, hatte ich direkt den Plan f\u00fcr die n\u00e4chste Stunde im Kopf. Ich lief nach Hause, duschte mich schnell ab und fuhr mit dem Fahrrad zur\u00fcck zu der Stelle im Wald. Ich wollte das Abend\u00adlicht nutzen, um diesen Baum\u00adstumpf samt Kame\u00adra\u00adaus\u00adr\u00fcs\u00adtung erneut einen Besuch abzu\u00adstatten und ihn zu foto\u00adgra\u00adfieren. In diesem VLOG\/BLOG  widmen wir uns dem kompletten Prozess des Fokus-Stackings, von der Aufnahme vor Ort, bis zur Bild\u00adbe\u00adar\u00adbei\u00adtung in Ligh\u00adt\u00adroom und Photo\u00adshop. Beson\u00adders inter\u00ades\u00adsant f\u00fcr die Foto\u00adgrafen unter&nbsp;euch.&nbsp;<\/p>","protected":false},"author":1,"featured_media":14006,"comment_status":"open","ping_status":"open","sticky":false,"template":"","format":"standard","meta":{"wp_typography_post_enhancements_disabled":false,"footnotes":""},"categories":[261,4,260,6],"tags":[21,253,285,306,257],"class_list":["post-14007","post","type-post","status-publish","format-standard","has-post-thumbnail","hentry","category-behind-the-shot","category-blog","category-how-to","category-lightroom","tag-fotografie","tag-landschaftsfotografie","tag-lightroom","tag-photoshop","tag-waldfotografie"],"_links":{"self":[{"href":"https:\/\/simonschoenhoff.de\/en\/wp-json\/wp\/v2\/posts\/14007","targetHints":{"allow":["GET"]}}],"collection":[{"href":"https:\/\/simonschoenhoff.de\/en\/wp-json\/wp\/v2\/posts"}],"about":[{"href":"https:\/\/simonschoenhoff.de\/en\/wp-json\/wp\/v2\/types\/post"}],"author":[{"embeddable":true,"href":"https:\/\/simonschoenhoff.de\/en\/wp-json\/wp\/v2\/users\/1"}],"replies":[{"embeddable":true,"href":"https:\/\/simonschoenhoff.de\/en\/wp-json\/wp\/v2\/comments?post=14007"}],"version-history":[{"count":19,"href":"https:\/\/simonschoenhoff.de\/en\/wp-json\/wp\/v2\/posts\/14007\/revisions"}],"predecessor-version":[{"id":15070,"href":"https:\/\/simonschoenhoff.de\/en\/wp-json\/wp\/v2\/posts\/14007\/revisions\/15070"}],"wp:featuredmedia":[{"embeddable":true,"href":"https:\/\/simonschoenhoff.de\/en\/wp-json\/wp\/v2\/media\/14006"}],"wp:attachment":[{"href":"https:\/\/simonschoenhoff.de\/en\/wp-json\/wp\/v2\/media?parent=14007"}],"wp:term":[{"taxonomy":"category","embeddable":true,"href":"https:\/\/simonschoenhoff.de\/en\/wp-json\/wp\/v2\/categories?post=14007"},{"taxonomy":"post_tag","embeddable":true,"href":"https:\/\/simonschoenhoff.de\/en\/wp-json\/wp\/v2\/tags?post=14007"}],"curies":[{"name":"wp","href":"https:\/\/api.w.org\/{rel}","templated":true}]}}