{"id":1349,"date":"2020-07-15T19:49:00","date_gmt":"2020-07-15T19:49:00","guid":{"rendered":"http:\/\/simonschoenhoff.de\/?p=1349"},"modified":"2022-12-31T10:50:06","modified_gmt":"2022-12-31T10:50:06","slug":"foto-spots-in-suedtirol-st-johann-in-ranui-wuerzjoch","status":"publish","type":"post","link":"https:\/\/simonschoenhoff.de\/en\/foto-spots-in-suedtirol-st-johann-in-ranui-wuerzjoch\/","title":{"rendered":"Foto Spots in S\u00fcdtirol: St. Johann in Ranui &amp; W\u00fcrzjoch"},"content":{"rendered":"<div data-elementor-type=\"wp-post\" data-elementor-id=\"1349\" class=\"elementor elementor-1349\" data-elementor-post-type=\"post\">\n\t\t\t\t<div class=\"elementor-element elementor-element-399ac84 e-flex e-con-boxed e-con e-parent\" data-id=\"399ac84\" data-element_type=\"container\" data-e-type=\"container\">\n\t\t\t\t\t<div class=\"e-con-inner\">\n\t\t<div class=\"elementor-element elementor-element-e05a241 e-con-full e-flex e-con e-child\" data-id=\"e05a241\" data-element_type=\"container\" data-e-type=\"container\">\n\t\t\t\t<div class=\"elementor-element elementor-element-138a559 elementor-widget elementor-widget-menu-anchor\" data-id=\"138a559\" data-element_type=\"widget\" data-e-type=\"widget\" data-widget_type=\"menu-anchor.default\">\n\t\t\t\t<div class=\"elementor-widget-container\">\n\t\t\t\t\t\t\t<div class=\"elementor-menu-anchor\" id=\"seite\"><\/div>\n\t\t\t\t\t\t<\/div>\n\t\t\t\t<\/div>\n\t\t\t\t<div class=\"elementor-element elementor-element-3936d59 elementor-widget elementor-widget-heading\" data-id=\"3936d59\" data-element_type=\"widget\" data-e-type=\"widget\" data-widget_type=\"heading.default\">\n\t\t\t\t<div class=\"elementor-widget-container\">\n\t\t\t\t\t<h2 class=\"elementor-heading-title elementor-size-default\">Foto-Spots in S\u00fcdtirol<\/h2>\t\t\t\t<\/div>\n\t\t\t\t<\/div>\n\t\t\t\t<div class=\"elementor-element elementor-element-80d6535 elementor-widget elementor-widget-heading\" data-id=\"80d6535\" data-element_type=\"widget\" data-e-type=\"widget\" data-widget_type=\"heading.default\">\n\t\t\t\t<div class=\"elementor-widget-container\">\n\t\t\t\t\t<h3 class=\"elementor-heading-title elementor-size-default\">St. johann in Ranui und W\u00fcrzjoch<\/h3>\t\t\t\t<\/div>\n\t\t\t\t<\/div>\n\t\t\t\t<div class=\"elementor-element elementor-element-52e88fd elementor-widget elementor-widget-text-editor\" data-id=\"52e88fd\" data-element_type=\"widget\" data-e-type=\"widget\" data-widget_type=\"text-editor.default\">\n\t\t\t\t<div class=\"elementor-widget-container\">\n\t\t\t\t\t\t\t\t\t<p>S\u00fcdtirol hat einiges zu bieten: Sch\u00f6ne Land\u00adschaften auf den Bergen und in T\u00e4lern, Wasser\u00adf\u00e4lle und Seen und einige andere Kurio\u00adsi\u00adt\u00e4ten. In diesen Blog-Beitr\u00e4gen werde ich einige davon vorstellen, die sich hervor\u00adra\u00adgend f\u00fcr das Foto\u00adgra\u00adfieren eignen\u2026<\/p>\t\t\t\t\t\t\t\t<\/div>\n\t\t\t\t<\/div>\n\t\t\t\t<div class=\"elementor-element elementor-element-2e1815f elementor-widget elementor-widget-text-editor\" data-id=\"2e1815f\" data-element_type=\"widget\" data-e-type=\"widget\" data-widget_type=\"text-editor.default\">\n\t\t\t\t<div class=\"elementor-widget-container\">\n\t\t\t\t\t\t\t\t\t<p style=\"text-align: center;\"><span style=\"font-size: 10pt; font-family: helvetica, arial, sans-serif;\">Gear:<\/span><br><span style=\"font-size: 10pt; font-family: helvetica, arial, sans-serif;\">Kamera: Nikon D7200<\/span><br><span style=\"font-size: 10pt; font-family: helvetica, arial, sans-serif;\">Objek\u00adtive: Sigma 18\u201335mm F1,8 DC HSM Art,&nbsp;<\/span><br><span style=\"font-size: 10pt; font-family: helvetica, arial, sans-serif;\">Nikon AF\u2011S NIKKOR 50 mm 1:1,8G,<\/span><br><span style=\"font-size: 10pt; font-family: helvetica, arial, sans-serif;\">Sigma 105 mm F2,8 EX Makro DG OS&nbsp;HSM<\/span><\/p>\t\t\t\t\t\t\t\t<\/div>\n\t\t\t\t<\/div>\n\t\t\t\t<div class=\"elementor-element elementor-element-6794c43 elementor-widget elementor-widget-heading\" data-id=\"6794c43\" data-element_type=\"widget\" data-e-type=\"widget\" data-widget_type=\"heading.default\">\n\t\t\t\t<div class=\"elementor-widget-container\">\n\t\t\t\t\t<h3 class=\"elementor-heading-title elementor-size-default\">Kapelle St. Johann in&nbsp;Ranui<\/h3>\t\t\t\t<\/div>\n\t\t\t\t<\/div>\n\t\t\t\t<div class=\"elementor-element elementor-element-ac3ea9c elementor-widget elementor-widget-text-editor\" data-id=\"ac3ea9c\" data-element_type=\"widget\" data-e-type=\"widget\" data-widget_type=\"text-editor.default\">\n\t\t\t\t<div class=\"elementor-widget-container\">\n\t\t\t\t\t\t\t\t\t<p>Auf der&nbsp; Heim\u00adfahrt zu unserer Unter\u00adkunft fuhren wir durch das W\u00fcrz\u00adjoch. Beim Einstieg ins das Tal gibt es eine wunder\u00adsch\u00f6ne Kirche, die mitt\u00adler\u00adweile ein typi\u00adsches Bild S\u00fcdti\u00adrols darstellt, und regel\u00adrecht gehypt wird: Die Kapelle St. Johann in&nbsp;Ranui.<\/p>\t\t\t\t\t\t\t\t<\/div>\n\t\t\t\t<\/div>\n\t\t\t\t<div class=\"elementor-element elementor-element-7aaa216 elementor-widget elementor-widget-image\" data-id=\"7aaa216\" data-element_type=\"widget\" data-e-type=\"widget\" data-widget_type=\"image.default\">\n\t\t\t\t<div class=\"elementor-widget-container\">\n\t\t\t\t\t\t\t\t\t\t\t\t<figure class=\"wp-caption\">\n\t\t\t\t\t\t\t\t\t\t<img fetchpriority=\"high\" decoding=\"async\" width=\"1125\" height=\"1500\" src=\"https:\/\/simonschoenhoff.de\/wp-content\/uploads\/2021\/04\/2020-06-23-Badia-Kastelruth-St-Valentin-Seiser-Alm-Wuerzjoch_1-2.jpg\" class=\"attachment-1536x1536 size-1536x1536 wp-image-1276\" alt srcset=\"https:\/\/simonschoenhoff.de\/wp-content\/uploads\/2021\/04\/2020-06-23-Badia-Kastelruth-St-Valentin-Seiser-Alm-Wuerzjoch_1-2.jpg 1125w, https:\/\/simonschoenhoff.de\/wp-content\/uploads\/2021\/04\/2020-06-23-Badia-Kastelruth-St-Valentin-Seiser-Alm-Wuerzjoch_1-2-600x800.jpg 600w, https:\/\/simonschoenhoff.de\/wp-content\/uploads\/2021\/04\/2020-06-23-Badia-Kastelruth-St-Valentin-Seiser-Alm-Wuerzjoch_1-2-225x300.jpg 225w, https:\/\/simonschoenhoff.de\/wp-content\/uploads\/2021\/04\/2020-06-23-Badia-Kastelruth-St-Valentin-Seiser-Alm-Wuerzjoch_1-2-768x1024.jpg 768w, https:\/\/simonschoenhoff.de\/wp-content\/uploads\/2021\/04\/2020-06-23-Badia-Kastelruth-St-Valentin-Seiser-Alm-Wuerzjoch_1-2-500x667.jpg 500w, https:\/\/simonschoenhoff.de\/wp-content\/uploads\/2021\/04\/2020-06-23-Badia-Kastelruth-St-Valentin-Seiser-Alm-Wuerzjoch_1-2-800x1067.jpg 800w\" sizes=\"(max-width: 1125px) 100vw, 1125px\">\t\t\t\t\t\t\t\t\t\t\t<figcaption class=\"widget-image-caption wp-caption-text\">Kapelle St. Johann in Ranui |\n28 mm, ISO 100, f\/10, 1\/60&nbsp;Sek.<\/figcaption>\n\t\t\t\t\t\t\t\t\t\t<\/figure>\n\t\t\t\t\t\t\t\t\t<\/div>\n\t\t\t\t<\/div>\n\t\t\t\t<div class=\"elementor-element elementor-element-54742d0 elementor-widget elementor-widget-text-editor\" data-id=\"54742d0\" data-element_type=\"widget\" data-e-type=\"widget\" data-widget_type=\"text-editor.default\">\n\t\t\t\t<div class=\"elementor-widget-container\">\n\t\t\t\t\t\t\t\t\t<p>Als wir ankamen war der Himmel wolkenlos und ziem\u00adlich lang\u00adweilig. Eine halbe Stunde warteten wir an Ort und Stelle, und spra\u00adchen mit dem ein oder anderen Touristen und Foto\u00adgrafen, die vorbei\u00adkamen. Als sich pl\u00f6tz\u00adlich diese Wolke direkt ober\u00adhalb des Berg\u00adkamms bildete und langsam direkt \u00fcber die Kapelle zog nahm ich dieses Foto auf. Sie verleiht dem Bild etwas interessantes.&nbsp;<\/p>\t\t\t\t\t\t\t\t<\/div>\n\t\t\t\t<\/div>\n\t\t\t\t<div class=\"elementor-element elementor-element-06af3e5 elementor-widget elementor-widget-text-editor\" data-id=\"06af3e5\" data-element_type=\"widget\" data-e-type=\"widget\" data-widget_type=\"text-editor.default\">\n\t\t\t\t<div class=\"elementor-widget-container\">\n\t\t\t\t\t\t\t\t\t<p>Als es im Kasten war hie\u00df es schnell weiter auf das W\u00fcrz\u00adjoch, um dort wenigs\u00adtens noch etwas Licht zu haben und nicht ganz im Dunkeln zu stehen.<\/p>\t\t\t\t\t\t\t\t<\/div>\n\t\t\t\t<\/div>\n\t\t\t\t<\/div>\n\t\t\t\t\t<\/div>\n\t\t\t\t<\/div>\n\t\t<div class=\"elementor-element elementor-element-bc8b13d e-flex e-con-boxed e-con e-parent\" data-id=\"bc8b13d\" data-element_type=\"container\" data-e-type=\"container\" data-settings=\"{&quot;background_background&quot;:&quot;classic&quot;}\">\n\t\t\t\t\t<div class=\"e-con-inner\">\n\t\t<div class=\"elementor-element elementor-element-853486d e-con-full e-flex e-con e-child\" data-id=\"853486d\" data-element_type=\"container\" data-e-type=\"container\">\n\t\t\t\t<div class=\"elementor-element elementor-element-498f82e elementor-widget elementor-widget-google_maps\" data-id=\"498f82e\" data-element_type=\"widget\" data-e-type=\"widget\" data-widget_type=\"google_maps.default\">\n\t\t\t\t<div class=\"elementor-widget-container\">\n\t\t\t\t\t\t\t<div class=\"elementor-custom-embed\">\n\t\t\t<iframe loading=\"lazy\" src=\"https:\/\/maps.google.com\/maps?q=St.%20Johann%20in%20Ranui&amp;t=m&amp;z=15&amp;output=embed&amp;iwloc=near\" title=\"St. Johann in Ranui\" aria-label=\"St. Johann in Ranui\"><\/iframe>\n\t\t<\/div>\n\t\t\t\t\t\t<\/div>\n\t\t\t\t<\/div>\n\t\t\t\t<\/div>\n\t\t<div class=\"elementor-element elementor-element-7d9d9d6 e-con-full e-flex e-con e-child\" data-id=\"7d9d9d6\" data-element_type=\"container\" data-e-type=\"container\">\n\t\t\t\t<div class=\"elementor-element elementor-element-a1eca72 elementor-widget elementor-widget-heading\" data-id=\"a1eca72\" data-element_type=\"widget\" data-e-type=\"widget\" data-widget_type=\"heading.default\">\n\t\t\t\t<div class=\"elementor-widget-container\">\n\t\t\t\t\t<h3 class=\"elementor-heading-title elementor-size-default\">Wo findest du die Kapelle St. Johann in&nbsp;Ranui?<\/h3>\t\t\t\t<\/div>\n\t\t\t\t<\/div>\n\t\t\t\t<div class=\"elementor-element elementor-element-7d8acb4 elementor-widget elementor-widget-text-editor\" data-id=\"7d8acb4\" data-element_type=\"widget\" data-e-type=\"widget\" data-widget_type=\"text-editor.default\">\n\t\t\t\t<div class=\"elementor-widget-container\">\n\t\t\t\t\t\t\t\t\t<p>Parken ist an einer Kurve etwas ober\u00adhalb der Ortschaft St. Madda\u00adlena m\u00f6glich. Von dort aus sieht man die welt\u00adbe\u00adkannte Kirche bereits. L\u00e4uft man die Stra\u00dfe einige Meter hinauf, so kann man auf einem kleinen Aussichts\u00adpo\u00addest das bekannte Motiv fotografieren.<\/p><p>An den Z\u00e4unen h\u00e4ngen mehr\u00adfach Hinweise, dass es sich um Privat\u00adgrund handelt und das Fliegen von Drohnen nicht erlaubt ist. Dies sollte auch akzep\u00adtiert werden.<\/p>\t\t\t\t\t\t\t\t<\/div>\n\t\t\t\t<\/div>\n\t\t\t\t<\/div>\n\t\t\t\t\t<\/div>\n\t\t\t\t<\/div>\n\t\t<div class=\"elementor-element elementor-element-15c1379 e-flex e-con-boxed e-con e-parent\" data-id=\"15c1379\" data-element_type=\"container\" data-e-type=\"container\">\n\t\t\t\t\t<div class=\"e-con-inner\">\n\t\t<div class=\"elementor-element elementor-element-0a1d38c e-con-full e-flex e-con e-child\" data-id=\"0a1d38c\" data-element_type=\"container\" data-e-type=\"container\">\n\t\t\t\t<div class=\"elementor-element elementor-element-53640c9 elementor-widget elementor-widget-heading\" data-id=\"53640c9\" data-element_type=\"widget\" data-e-type=\"widget\" data-widget_type=\"heading.default\">\n\t\t\t\t<div class=\"elementor-widget-container\">\n\t\t\t\t\t<h3 class=\"elementor-heading-title elementor-size-default\">W\u00fcrz\u00adjoch<\/h3>\t\t\t\t<\/div>\n\t\t\t\t<\/div>\n\t\t\t\t<div class=\"elementor-element elementor-element-5070581 elementor-widget elementor-widget-text-editor\" data-id=\"5070581\" data-element_type=\"widget\" data-e-type=\"widget\" data-widget_type=\"text-editor.default\">\n\t\t\t\t<div class=\"elementor-widget-container\">\n\t\t\t\t\t\t\t\t\t<p>Bis zum W\u00fcrz\u00adjoch waren es nur einige Minuten Auto\u00adfahrt, aber in den Bergen kann die Sonne manchmal ziem\u00adlich schnell weg sein, daum wurde die Fahrt zu einer kleinen Zitter\u00adpartie. Als wir kurz vor dem W\u00fcrz\u00adjoch aus dem Auto schauten konnten wir das massive Gebirge des Peit\u00adler\u00adko\u00adfels mit m\u00e4ch\u00adtigen Alpen\u00adgl\u00fchen betrachten. Ich sprang aus dem Auto und hielt die Szenerie in einem wunder\u00adsch\u00f6nen Panorama fest.<\/p>\t\t\t\t\t\t\t\t<\/div>\n\t\t\t\t<\/div>\n\t\t\t\t<div class=\"elementor-element elementor-element-c0d8978 elementor-widget elementor-widget-image\" data-id=\"c0d8978\" data-element_type=\"widget\" data-e-type=\"widget\" data-widget_type=\"image.default\">\n\t\t\t\t<div class=\"elementor-widget-container\">\n\t\t\t\t\t\t\t\t\t\t\t\t<figure class=\"wp-caption\">\n\t\t\t\t\t\t\t\t\t\t<img decoding=\"async\" width=\"1500\" height=\"556\" src=\"https:\/\/simonschoenhoff.de\/wp-content\/uploads\/2021\/04\/2020-06-23-Badia-Kastelruth-St-Valentin-Seiser-Alm-Wuerzjoch_2-2.jpg\" class=\"attachment-1536x1536 size-1536x1536 wp-image-1277\" alt srcset=\"https:\/\/simonschoenhoff.de\/wp-content\/uploads\/2021\/04\/2020-06-23-Badia-Kastelruth-St-Valentin-Seiser-Alm-Wuerzjoch_2-2.jpg 1500w, https:\/\/simonschoenhoff.de\/wp-content\/uploads\/2021\/04\/2020-06-23-Badia-Kastelruth-St-Valentin-Seiser-Alm-Wuerzjoch_2-2-1200x445.jpg 1200w, https:\/\/simonschoenhoff.de\/wp-content\/uploads\/2021\/04\/2020-06-23-Badia-Kastelruth-St-Valentin-Seiser-Alm-Wuerzjoch_2-2-300x111.jpg 300w, https:\/\/simonschoenhoff.de\/wp-content\/uploads\/2021\/04\/2020-06-23-Badia-Kastelruth-St-Valentin-Seiser-Alm-Wuerzjoch_2-2-1024x380.jpg 1024w, https:\/\/simonschoenhoff.de\/wp-content\/uploads\/2021\/04\/2020-06-23-Badia-Kastelruth-St-Valentin-Seiser-Alm-Wuerzjoch_2-2-768x285.jpg 768w, https:\/\/simonschoenhoff.de\/wp-content\/uploads\/2021\/04\/2020-06-23-Badia-Kastelruth-St-Valentin-Seiser-Alm-Wuerzjoch_2-2-500x185.jpg 500w, https:\/\/simonschoenhoff.de\/wp-content\/uploads\/2021\/04\/2020-06-23-Badia-Kastelruth-St-Valentin-Seiser-Alm-Wuerzjoch_2-2-800x297.jpg 800w, https:\/\/simonschoenhoff.de\/wp-content\/uploads\/2021\/04\/2020-06-23-Badia-Kastelruth-St-Valentin-Seiser-Alm-Wuerzjoch_2-2-1280x474.jpg 1280w\" sizes=\"(max-width: 1500px) 100vw, 1500px\">\t\t\t\t\t\t\t\t\t\t\t<figcaption class=\"widget-image-caption wp-caption-text\">Alpen\u00adgl\u00fchen am W\u00fcrz\u00adjoch |\n18 mm (Panorama) ISO 100, f\/11, 1\/250&nbsp;Sek.<\/figcaption>\n\t\t\t\t\t\t\t\t\t\t<\/figure>\n\t\t\t\t\t\t\t\t\t<\/div>\n\t\t\t\t<\/div>\n\t\t\t\t<div class=\"elementor-element elementor-element-155eab0 elementor-widget elementor-widget-text-editor\" data-id=\"155eab0\" data-element_type=\"widget\" data-e-type=\"widget\" data-widget_type=\"text-editor.default\">\n\t\t\t\t<div class=\"elementor-widget-container\">\n\t\t\t\t\t\t\t\t\t<p>Wir fuhren am Joch vorbei und die Alpen\u00adstra\u00dfe wieder bergab, da entschloss ich mich noch kurzer\u00adhand auf einem Park\u00adplatz zu halten und noch einmal die Drohne steigen zu lassen, um eine Aufnahme von der kurvigen Stra\u00dfe zu machen.&nbsp;<\/p>\t\t\t\t\t\t\t\t<\/div>\n\t\t\t\t<\/div>\n\t\t\t\t<div class=\"elementor-element elementor-element-3579ffc elementor-widget elementor-widget-image\" data-id=\"3579ffc\" data-element_type=\"widget\" data-e-type=\"widget\" data-widget_type=\"image.default\">\n\t\t\t\t<div class=\"elementor-widget-container\">\n\t\t\t\t\t\t\t\t\t\t\t\t<figure class=\"wp-caption\">\n\t\t\t\t\t\t\t\t\t\t<img decoding=\"async\" width=\"1500\" height=\"1125\" src=\"https:\/\/simonschoenhoff.de\/wp-content\/uploads\/2021\/04\/2020-06-23-Badia-Kastelruth-St-Valentin-Seiser-Alm-Wuerzjoch_4-3.jpg\" class=\"attachment-1536x1536 size-1536x1536 wp-image-1279\" alt srcset=\"https:\/\/simonschoenhoff.de\/wp-content\/uploads\/2021\/04\/2020-06-23-Badia-Kastelruth-St-Valentin-Seiser-Alm-Wuerzjoch_4-3.jpg 1500w, https:\/\/simonschoenhoff.de\/wp-content\/uploads\/2021\/04\/2020-06-23-Badia-Kastelruth-St-Valentin-Seiser-Alm-Wuerzjoch_4-3-1200x900.jpg 1200w, https:\/\/simonschoenhoff.de\/wp-content\/uploads\/2021\/04\/2020-06-23-Badia-Kastelruth-St-Valentin-Seiser-Alm-Wuerzjoch_4-3-300x225.jpg 300w, https:\/\/simonschoenhoff.de\/wp-content\/uploads\/2021\/04\/2020-06-23-Badia-Kastelruth-St-Valentin-Seiser-Alm-Wuerzjoch_4-3-1024x768.jpg 1024w, https:\/\/simonschoenhoff.de\/wp-content\/uploads\/2021\/04\/2020-06-23-Badia-Kastelruth-St-Valentin-Seiser-Alm-Wuerzjoch_4-3-768x576.jpg 768w, https:\/\/simonschoenhoff.de\/wp-content\/uploads\/2021\/04\/2020-06-23-Badia-Kastelruth-St-Valentin-Seiser-Alm-Wuerzjoch_4-3-500x375.jpg 500w, https:\/\/simonschoenhoff.de\/wp-content\/uploads\/2021\/04\/2020-06-23-Badia-Kastelruth-St-Valentin-Seiser-Alm-Wuerzjoch_4-3-800x600.jpg 800w, https:\/\/simonschoenhoff.de\/wp-content\/uploads\/2021\/04\/2020-06-23-Badia-Kastelruth-St-Valentin-Seiser-Alm-Wuerzjoch_4-3-1280x960.jpg 1280w\" sizes=\"(max-width: 1500px) 100vw, 1500px\">\t\t\t\t\t\t\t\t\t\t\t<figcaption class=\"widget-image-caption wp-caption-text\">Serpen\u00adtinen in den Dolo\u00admiten |\n24 mm, ISO 260, f\/2.8, 1\/13&nbsp;Sek.<\/figcaption>\n\t\t\t\t\t\t\t\t\t\t<\/figure>\n\t\t\t\t\t\t\t\t\t<\/div>\n\t\t\t\t<\/div>\n\t\t\t\t<div class=\"elementor-element elementor-element-935e8b6 elementor-widget elementor-widget-text-editor\" data-id=\"935e8b6\" data-element_type=\"widget\" data-e-type=\"widget\" data-widget_type=\"text-editor.default\">\n\t\t\t\t<div class=\"elementor-widget-container\">\n\t\t\t\t\t\t\t\t\t<p>Beim Aufstieg mit der Drohne konnte ich eben\u00adfalls einen Blick auf die immer noch ange\u00adstrahlten Berge fest\u00adhalten. Immer noch ange\u00adstrahlt von der unter\u00adge\u00adhenden Sonne.&nbsp;<\/p>\t\t\t\t\t\t\t\t<\/div>\n\t\t\t\t<\/div>\n\t\t\t\t<div class=\"elementor-element elementor-element-cd8df4d elementor-widget elementor-widget-image\" data-id=\"cd8df4d\" data-element_type=\"widget\" data-e-type=\"widget\" data-widget_type=\"image.default\">\n\t\t\t\t<div class=\"elementor-widget-container\">\n\t\t\t\t\t\t\t\t\t\t\t\t<figure class=\"wp-caption\">\n\t\t\t\t\t\t\t\t\t\t<img loading=\"lazy\" decoding=\"async\" width=\"1500\" height=\"1125\" src=\"https:\/\/simonschoenhoff.de\/wp-content\/uploads\/2021\/04\/2020-06-23-Badia-Kastelruth-St-Valentin-Seiser-Alm-Wuerzjoch_3-3.jpg\" class=\"attachment-1536x1536 size-1536x1536 wp-image-1278\" alt srcset=\"https:\/\/simonschoenhoff.de\/wp-content\/uploads\/2021\/04\/2020-06-23-Badia-Kastelruth-St-Valentin-Seiser-Alm-Wuerzjoch_3-3.jpg 1500w, https:\/\/simonschoenhoff.de\/wp-content\/uploads\/2021\/04\/2020-06-23-Badia-Kastelruth-St-Valentin-Seiser-Alm-Wuerzjoch_3-3-1200x900.jpg 1200w, https:\/\/simonschoenhoff.de\/wp-content\/uploads\/2021\/04\/2020-06-23-Badia-Kastelruth-St-Valentin-Seiser-Alm-Wuerzjoch_3-3-300x225.jpg 300w, https:\/\/simonschoenhoff.de\/wp-content\/uploads\/2021\/04\/2020-06-23-Badia-Kastelruth-St-Valentin-Seiser-Alm-Wuerzjoch_3-3-1024x768.jpg 1024w, https:\/\/simonschoenhoff.de\/wp-content\/uploads\/2021\/04\/2020-06-23-Badia-Kastelruth-St-Valentin-Seiser-Alm-Wuerzjoch_3-3-768x576.jpg 768w, https:\/\/simonschoenhoff.de\/wp-content\/uploads\/2021\/04\/2020-06-23-Badia-Kastelruth-St-Valentin-Seiser-Alm-Wuerzjoch_3-3-500x375.jpg 500w, https:\/\/simonschoenhoff.de\/wp-content\/uploads\/2021\/04\/2020-06-23-Badia-Kastelruth-St-Valentin-Seiser-Alm-Wuerzjoch_3-3-800x600.jpg 800w, https:\/\/simonschoenhoff.de\/wp-content\/uploads\/2021\/04\/2020-06-23-Badia-Kastelruth-St-Valentin-Seiser-Alm-Wuerzjoch_3-3-1280x960.jpg 1280w\" sizes=\"(max-width: 1500px) 100vw, 1500px\">\t\t\t\t\t\t\t\t\t\t\t<figcaption class=\"widget-image-caption wp-caption-text\">Alpen\u00adgl\u00fchen \u00fcber den W\u00e4ldern |\n24 mm, ISO 100, f\/2.8, 1\/60&nbsp;Sek.<\/figcaption>\n\t\t\t\t\t\t\t\t\t\t<\/figure>\n\t\t\t\t\t\t\t\t\t<\/div>\n\t\t\t\t<\/div>\n\t\t\t\t<\/div>\n\t\t\t\t\t<\/div>\n\t\t\t\t<\/div>\n\t\t<div class=\"elementor-element elementor-element-7136485 e-flex e-con-boxed e-con e-parent\" data-id=\"7136485\" data-element_type=\"container\" data-e-type=\"container\" data-settings=\"{&quot;background_background&quot;:&quot;classic&quot;}\">\n\t\t\t\t\t<div class=\"e-con-inner\">\n\t\t<div class=\"elementor-element elementor-element-8067d27 e-con-full e-flex e-con e-child\" data-id=\"8067d27\" data-element_type=\"container\" data-e-type=\"container\">\n\t\t\t\t<div class=\"elementor-element elementor-element-50c75b4 elementor-widget elementor-widget-google_maps\" data-id=\"50c75b4\" data-element_type=\"widget\" data-e-type=\"widget\" data-widget_type=\"google_maps.default\">\n\t\t\t\t<div class=\"elementor-widget-container\">\n\t\t\t\t\t\t\t<div class=\"elementor-custom-embed\">\n\t\t\t<iframe loading=\"lazy\" src=\"https:\/\/maps.google.com\/maps?q=W%C3%BCrzjoch&amp;t=m&amp;z=15&amp;output=embed&amp;iwloc=near\" title=\"W\u00fcrzjoch\" aria-label=\"W\u00fcrzjoch\"><\/iframe>\n\t\t<\/div>\n\t\t\t\t\t\t<\/div>\n\t\t\t\t<\/div>\n\t\t\t\t<\/div>\n\t\t<div class=\"elementor-element elementor-element-afe11cf e-con-full e-flex e-con e-child\" data-id=\"afe11cf\" data-element_type=\"container\" data-e-type=\"container\">\n\t\t\t\t<div class=\"elementor-element elementor-element-adc2dea elementor-widget elementor-widget-heading\" data-id=\"adc2dea\" data-element_type=\"widget\" data-e-type=\"widget\" data-widget_type=\"heading.default\">\n\t\t\t\t<div class=\"elementor-widget-container\">\n\t\t\t\t\t<h3 class=\"elementor-heading-title elementor-size-default\">Was kannst du noch am W\u00fcrz\u00adjoch erleben?<\/h3>\t\t\t\t<\/div>\n\t\t\t\t<\/div>\n\t\t\t\t<div class=\"elementor-element elementor-element-f39e9be elementor-widget elementor-widget-text-editor\" data-id=\"f39e9be\" data-element_type=\"widget\" data-e-type=\"widget\" data-widget_type=\"text-editor.default\">\n\t\t\t\t<div class=\"elementor-widget-container\">\n\t\t\t\t\t\t\t\t\t<p>Vom W\u00fcrz\u00adjoch aus, an dem auch eine hervor\u00adra\u00adgendes Wirtzhaus steht, k\u00f6nnen sch\u00f6ne Rund\u00adwan\u00adde\u00adrungen um oder an den Peit\u00adler\u00adkofel oder durch die sch\u00f6ne Land\u00adschaft unter\u00adnommen werden.<\/p><p>F\u00fcr alle Schwie\u00adrig\u00adkeits\u00adklassen und f\u00fcr alle Kondi\u00adtionen sollten Stre\u00adcken vorhanden sein. Au\u00dferdem gibt es viele Parkpl\u00e4tze.<\/p>\t\t\t\t\t\t\t\t<\/div>\n\t\t\t\t<\/div>\n\t\t\t\t<\/div>\n\t\t\t\t\t<\/div>\n\t\t\t\t<\/div>\n\t\t\t\t<\/div>","protected":false},"excerpt":{"rendered":"<p>S\u00fcdtirol hat einiges zu bieten: Sch\u00f6ne Land\u00adschaften auf den Bergen und in T\u00e4lern, Wasser\u00adf\u00e4lle und Seen und einige andere Kurio\u00adsi\u00adt\u00e4ten. In diesen Blog-Beitr\u00e4gen werde ich einige davon vorstellen, die sich hervor\u00adra\u00adgend f\u00fcr das Foto\u00adgra\u00adfieren eignen\u2026<\/p>","protected":false},"author":1,"featured_media":1278,"comment_status":"open","ping_status":"open","sticky":false,"template":"","format":"standard","meta":{"wp_typography_post_enhancements_disabled":false,"footnotes":""},"categories":[4,7,55],"tags":[127,131,133,134],"class_list":["post-1349","post","type-post","status-publish","format-standard","has-post-thumbnail","hentry","category-blog","category-foto-locations","category-italien","tag-berge","tag-st-johann-in-ranui","tag-wandern-suedtirol","tag-wuerzjoch-italien"],"_links":{"self":[{"href":"https:\/\/simonschoenhoff.de\/en\/wp-json\/wp\/v2\/posts\/1349","targetHints":{"allow":["GET"]}}],"collection":[{"href":"https:\/\/simonschoenhoff.de\/en\/wp-json\/wp\/v2\/posts"}],"about":[{"href":"https:\/\/simonschoenhoff.de\/en\/wp-json\/wp\/v2\/types\/post"}],"author":[{"embeddable":true,"href":"https:\/\/simonschoenhoff.de\/en\/wp-json\/wp\/v2\/users\/1"}],"replies":[{"embeddable":true,"href":"https:\/\/simonschoenhoff.de\/en\/wp-json\/wp\/v2\/comments?post=1349"}],"version-history":[{"count":35,"href":"https:\/\/simonschoenhoff.de\/en\/wp-json\/wp\/v2\/posts\/1349\/revisions"}],"predecessor-version":[{"id":10134,"href":"https:\/\/simonschoenhoff.de\/en\/wp-json\/wp\/v2\/posts\/1349\/revisions\/10134"}],"wp:featuredmedia":[{"embeddable":true,"href":"https:\/\/simonschoenhoff.de\/en\/wp-json\/wp\/v2\/media\/1278"}],"wp:attachment":[{"href":"https:\/\/simonschoenhoff.de\/en\/wp-json\/wp\/v2\/media?parent=1349"}],"wp:term":[{"taxonomy":"category","embeddable":true,"href":"https:\/\/simonschoenhoff.de\/en\/wp-json\/wp\/v2\/categories?post=1349"},{"taxonomy":"post_tag","embeddable":true,"href":"https:\/\/simonschoenhoff.de\/en\/wp-json\/wp\/v2\/tags?post=1349"}],"curies":[{"name":"wp","href":"https:\/\/api.w.org\/{rel}","templated":true}]}}