{"id":13111,"date":"2024-05-17T17:45:00","date_gmt":"2024-05-17T17:45:00","guid":{"rendered":"https:\/\/simonschoenhoff.de\/?p=13111"},"modified":"2025-08-07T10:11:50","modified_gmt":"2025-08-07T10:11:50","slug":"das-geheimnis-grossartiger-landschaftsfotografien","status":"publish","type":"post","link":"https:\/\/simonschoenhoff.de\/en\/das-geheimnis-grossartiger-landschaftsfotografien\/","title":{"rendered":"Das Geheimnis gro\u00df\u00adar\u00adtiger Landschaftsfotografien"},"content":{"rendered":"<div data-elementor-type=\"wp-post\" data-elementor-id=\"13111\" class=\"elementor elementor-13111\" data-elementor-post-type=\"post\">\n\t\t\t\t<div class=\"elementor-element elementor-element-82f013f e-flex e-con-boxed e-con e-parent\" data-id=\"82f013f\" data-element_type=\"container\" data-e-type=\"container\">\n\t\t\t\t\t<div class=\"e-con-inner\">\n\t\t\t\t<div class=\"elementor-element elementor-element-e2e11aa elementor-widget elementor-widget-menu-anchor\" data-id=\"e2e11aa\" data-element_type=\"widget\" data-e-type=\"widget\" data-widget_type=\"menu-anchor.default\">\n\t\t\t\t<div class=\"elementor-widget-container\">\n\t\t\t\t\t\t\t<div class=\"elementor-menu-anchor\" id=\"seite\"><\/div>\n\t\t\t\t\t\t<\/div>\n\t\t\t\t<\/div>\n\t\t\t\t<div class=\"elementor-element elementor-element-5f05e07 elementor-widget elementor-widget-heading\" data-id=\"5f05e07\" data-element_type=\"widget\" data-e-type=\"widget\" data-widget_type=\"heading.default\">\n\t\t\t\t<div class=\"elementor-widget-container\">\n\t\t\t\t\t<h2 class=\"elementor-heading-title elementor-size-default\">Das Geheimnis gro\u00df\u00adar\u00adtiger Landschaftsfotografien<\/h2>\t\t\t\t<\/div>\n\t\t\t\t<\/div>\n\t\t\t\t<div class=\"elementor-element elementor-element-a50abe3 elementor-widget elementor-widget-text-editor\" data-id=\"a50abe3\" data-element_type=\"widget\" data-e-type=\"widget\" data-widget_type=\"text-editor.default\">\n\t\t\t\t<div class=\"elementor-widget-container\">\n\t\t\t\t\t\t\t\t\tAls Land\u00adschafts\u00adfo\u00adto\u00adgraf kennst du sicher die \u201cRegeln der Kompo\u00adsi\u00adtion\u201d. Aber hattest du schon jemals Probleme damit zu verstehen, wann du sie einsetzt, wie und ob du sie \u00fcber\u00adhaupt verwenden soll\u00adtest? In diesem Blog gehe ich der Frage nach, was das Geheimnis gro\u00df\u00adar\u00adtiger Kompo\u00adsi\u00adtionen ist und wie du ein besseres Gesp\u00fcr daf\u00fcr entwi\u00adckeln kannst, wie du die Kompo\u00adsi\u00adti\u00adons\u00adre\u00adgeln in der Praxis einsetzen kannst \u2013 oder eben auch&nbsp;nicht.&nbsp;<\/div>\n\t\t\t\t<\/div>\n\t\t\t\t<div class=\"elementor-element elementor-element-026a6ff elementor-widget elementor-widget-text-editor\" data-id=\"026a6ff\" data-element_type=\"widget\" data-e-type=\"widget\" data-widget_type=\"text-editor.default\">\n\t\t\t\t<div class=\"elementor-widget-container\">\n\t\t\t\t\t\t\t\t\t<p>If you don\u2019t feel like reading, you can find the VLOG to the BLOG at the bottom of this page. You can access it directly via this button:<\/p>\t\t\t\t\t\t\t\t<\/div>\n\t\t\t\t<\/div>\n\t\t\t\t<div class=\"elementor-element elementor-element-14c9856 elementor-align-center elementor-widget elementor-widget-button\" data-id=\"14c9856\" data-element_type=\"widget\" data-e-type=\"widget\" data-widget_type=\"button.default\">\n\t\t\t\t<div class=\"elementor-widget-container\">\n\t\t\t\t\t\t\t\t\t<div class=\"elementor-button-wrapper\">\n\t\t\t\t\t<a class=\"elementor-button elementor-button-link elementor-size-sm\" href=\"#vlog\">\n\t\t\t\t\t\t<span class=\"elementor-button-content-wrapper\">\n\t\t\t\t\t\t\t\t\t<span class=\"elementor-button-text\">Directly to the&nbsp;video<\/span>\n\t\t\t\t\t<\/span>\n\t\t\t\t\t<\/a>\n\t\t\t\t<\/div>\n\t\t\t\t\t\t\t\t<\/div>\n\t\t\t\t<\/div>\n\t\t\t\t\t<\/div>\n\t\t\t\t<\/div>\n\t\t<div class=\"elementor-element elementor-element-a530702 e-flex e-con-boxed e-con e-parent\" data-id=\"a530702\" data-element_type=\"container\" data-e-type=\"container\">\n\t\t\t\t\t<div class=\"e-con-inner\">\n\t\t\t\t<div class=\"elementor-element elementor-element-225747f elementor-widget elementor-widget-heading\" data-id=\"225747f\" data-element_type=\"widget\" data-e-type=\"widget\" data-widget_type=\"heading.default\">\n\t\t\t\t<div class=\"elementor-widget-container\">\n\t\t\t\t\t<h3 class=\"elementor-heading-title elementor-size-default\">Was macht ein gro\u00df\u00adar\u00adtiges Land\u00adschafts\u00adfoto gro\u00dfartig?<\/h3>\t\t\t\t<\/div>\n\t\t\t\t<\/div>\n\t\t\t\t<div class=\"elementor-element elementor-element-062336c elementor-widget elementor-widget-text-editor\" data-id=\"062336c\" data-element_type=\"widget\" data-e-type=\"widget\" data-widget_type=\"text-editor.default\">\n\t\t\t\t<div class=\"elementor-widget-container\">\n\t\t\t\t\t\t\t\t\t<p>Was genau l\u00e4sst ein Land\u00adschafts\u00adfoto \u00fcber\u00adzeu\u00adgend werden? Das ist eine Frage, die man sich als ambi\u00adtio\u00adnierter Hobby\u00adland\u00adschafts\u00adfo\u00adto\u00adgraf oder auch Profi, \u00fcber die Jahre hinweg wahr\u00adschein\u00adlich immer wieder fragen kann. Und ich denke, selbst nach jahre\u00adlanger Erfah\u00adrung ist es eine Thema, wor\u00fcber man sich immer wieder Gedanken machen kann.<\/p><p>F\u00fcr ein gutes Bild sind Dinge, wie eine gute Belich\u00adtung und ein korrekt sitzender Fokus notwendig aber eben nicht ausrei\u00adchend. Nat\u00fcr\u00adlich gibt es Land\u00adschaften, die scheinbar immer f\u00fcr einen Wow-Effekt sorgen und scheinbar jedem immer und immer wieder den Atem stocken lassen. Aber auch die Bilder dieser Orte wirken h\u00e4ufig erst dadurch beson\u00adders, wenn der Foto\u00adgraf die Elemente im Bild wohl \u00fcber\u00adlegt zusam\u00admen\u00adstellt \u2013 in eine au\u00dfer\u00adge\u00adw\u00f6hn\u00adli\u00adchen Komposition.<\/p><p>Die \u201cKunst der Bild\u00adkom\u00adpo\u00adsi\u00adtion\u201d, eine der schwie\u00adrigsten und anspruchs\u00advollsten Themen in der Foto\u00adgrafie, da sind sich viele Profis und ambi\u00adtio\u00adnierte Laien einig. Sie zu verstehen und anwenden zu k\u00f6nnen, beschreibt h\u00e4ufig ein jahre\u00adlanger Lern\u00adpro\u00adzess. Ein Prozess, der viel\u00adleicht auch nie voll\u00adst\u00e4ndig abge\u00adschlossen ist.<\/p><p>Selbst\u00adver\u00adst\u00e4nd\u00adlich gibt es die altbe\u00adkannten Daumen\u00adre\u00adgeln, die alle kennen. Man soll den Hori\u00adzont an der Drit\u00adtel\u00adregel orien\u00adtieren, nahe Elemente in den Vorder\u00adgrund nehmen, um Inter\u00adesse zu wecken, f\u00fchrende Linien mit ins Bild nehmen, um Tiefe zu erzeugen, und, und,&nbsp;und.<\/p><p>Diese Regeln funk\u00adtio\u00adnieren als Anhalts\u00adpunkte ganz gut und sind gerade deshalb so bekannt. Die Frage ist aber, ob du dir schon je Gedanken dar\u00fcber gemacht hast, warum sie funk\u00adtio\u00adnieren? Gibt es weitere Prin\u00adzi\u00adpien, die du f\u00fcr dich nutzen kannst? Und wann soll\u00adtest du die Regeln brechen?<\/p><p>Die nebu\u00adl\u00f6se Welt der Land\u00adschafts\u00adfo\u00adto\u00adgrafie-Kompo\u00adsi\u00adtionen ist eben viel mehr als nur f\u00fchrende Linien. Deshalb betrachten wir dieses Thema heute etwas tief\u00adgr\u00fcn\u00addiger. Damit du, wenn du das n\u00e4chste mal drau\u00dfen bist, dein Bild etwas aufmerk\u00adsamer aufbauen kannst.<\/p>\t\t\t\t\t\t\t\t<\/div>\n\t\t\t\t<\/div>\n\t\t\t\t<div class=\"elementor-element elementor-element-a192e9c elementor-widget elementor-widget-heading\" data-id=\"a192e9c\" data-element_type=\"widget\" data-e-type=\"widget\" data-widget_type=\"heading.default\">\n\t\t\t\t<div class=\"elementor-widget-container\">\n\t\t\t\t\t<h3 class=\"elementor-heading-title elementor-size-default\">Visu\u00adelle Balance<\/h3>\t\t\t\t<\/div>\n\t\t\t\t<\/div>\n\t\t\t\t<div class=\"elementor-element elementor-element-aa1c101 elementor-widget elementor-widget-text-editor\" data-id=\"aa1c101\" data-element_type=\"widget\" data-e-type=\"widget\" data-widget_type=\"text-editor.default\">\n\t\t\t\t<div class=\"elementor-widget-container\">\n\t\t\t\t\t\t\t\t\t<p>Nat\u00fcr\u00adlich sind alte knor\u00adrige und vermooste B\u00e4ume, monu\u00admen\u00adtale Berge, spie\u00adgel\u00adglatte gr\u00fcne Berg\u00adseen oder gro\u00dfe aus dem Meer heraus\u00adste\u00adhende Felsen beein\u00addru\u00adckende Foto\u00admo\u00adtive, aber auch als einzelnes Objekt, machen diese Dinge noch kein beein\u00addru\u00adckendes Foto. Im Gegen\u00adteil, wenn solche Objekte zu viel Aufmerk\u00adsam\u00adkeit alleine auf sich ziehen und das Bild derart domi\u00adnieren, kann ein Bild in \u201cSchief\u00adlage\u201d geraten oder das Gef\u00fchl von Unaus\u00adge\u00adgli\u00adchen\u00adheit entstehen lassen. Die Balance im Bild passt dann einfach nicht.<\/p><p>Eine M\u00f6glich\u00adkeit die Balance wieder herzu\u00adstellen, besteht dadurch unter\u00adst\u00fct\u00adzende Elemente im Bild mit einzu\u00adbe\u00adziehen. Das k\u00f6nnen Blumen nahe zur Kamera, auf der Wiese im Vorder\u00adgrund sein, die Balance zu dem monu\u00admen\u00adtalen Bergen im Hinter\u00adgrund schaffen. Oder andere B\u00e4ume im Mittel\u00adgrund, die im \u201cDialog\u201d zu dem alten knor\u00adrigen und vermoosten Baum stehen, der mein Haupt\u00adob\u00adjekt ist. Solche Elemente ordnet man besten\u00adfalls auf der Gegen\u00adseite des Haupt\u00admo\u00adtivs im Bild an, um eine gewisse Ausge\u00adwo\u00adgen\u00adheit, bzw. visu\u00adelle Balance wieder herzu\u00adstellen. In mini\u00adma\u00adlis\u00adti\u00adschen Bildern, kann dies auch eine \u201cLeere\u201d sein.<\/p><p>W\u00fcrdest du dich als eine Art K\u00fcnstler der Land\u00adschafts\u00adma\u00adlerei sehen, dann w\u00fcrdest du auch die einzelnen Elemente auf deinem Papier so zeichnen, dass sie Sinn ergeben. In der Foto\u00adgrafie kannst du den Fels\u00adbro\u00adcken aller\u00addings nicht verschieben, also muss du deine Kamera so posi\u00adtio\u00adnieren, dass die vorhan\u00addenen Elemente die best\u00adm\u00f6g\u00adliche Anord\u00adnung erhalten, um in Balance zu&nbsp;sein.<\/p><p>Diese Anord\u00adnung der Objekte in deinem Bild ist keine \u201charte Regel\u201d, wie es die Drit\u00adtel\u00adregel bspw. der Goldene Schnitt darstellt. Viele Verlassen sich auch auf ihr Gef\u00fchl, was die visu\u00adelle Balance angeht. Durch das Anschauen gro\u00df\u00adar\u00adtiger Foto\u00adgra\u00adfien aber auch Gem\u00e4lde, kann man sein Auge trai\u00adnieren, so dass man im Feld die Szenen selbst besser erkennt.<\/p><p>Wie stark ein Objekt gewichtet ist, h\u00e4ngt auch davon ab, wie gro\u00df es abge\u00adbildet wird, ob es sich um ein Element der Natur oder einem Mensch oder ein vom Mensch erbautes Element handelt. Wie hell oder wie dunkel das Element ist. Manche m\u00f6gen das visu\u00adelle Gewicht auch ein wenig anders f\u00fchlen als du es tust. Aber sich dar\u00fcber bewusst zu sein ist bereits eine Errungenschaft.<\/p><p><!-- notionvc: c8c003e4-79af-47e3-91d2-1a36127868d9 --><\/p>\t\t\t\t\t\t\t\t<\/div>\n\t\t\t\t<\/div>\n\t\t\t\t<div class=\"elementor-element elementor-element-947a213 elementor-invisible elementor-widget elementor-widget-image\" data-id=\"947a213\" data-element_type=\"widget\" data-e-type=\"widget\" data-settings=\"{&quot;_animation&quot;:&quot;zoomIn&quot;}\" data-widget_type=\"image.default\">\n\t\t\t\t<div class=\"elementor-widget-container\">\n\t\t\t\t\t\t\t\t\t\t\t\t<figure class=\"wp-caption\">\n\t\t\t\t\t\t\t\t\t\t<img fetchpriority=\"high\" decoding=\"async\" width=\"2000\" height=\"1333\" src=\"https:\/\/simonschoenhoff.de\/wp-content\/uploads\/2023\/04\/2023-04-02-Wald-Weisser-Stein_13.jpg\" class=\"attachment-full size-full wp-image-11338\" alt srcset=\"https:\/\/simonschoenhoff.de\/wp-content\/uploads\/2023\/04\/2023-04-02-Wald-Weisser-Stein_13.jpg 2000w, https:\/\/simonschoenhoff.de\/wp-content\/uploads\/2023\/04\/2023-04-02-Wald-Weisser-Stein_13-300x200.jpg 300w, https:\/\/simonschoenhoff.de\/wp-content\/uploads\/2023\/04\/2023-04-02-Wald-Weisser-Stein_13-768x512.jpg 768w, https:\/\/simonschoenhoff.de\/wp-content\/uploads\/2023\/04\/2023-04-02-Wald-Weisser-Stein_13-1536x1024.jpg 1536w, https:\/\/simonschoenhoff.de\/wp-content\/uploads\/2023\/04\/2023-04-02-Wald-Weisser-Stein_13-18x12.jpg 18w, https:\/\/simonschoenhoff.de\/wp-content\/uploads\/2023\/04\/2023-04-02-Wald-Weisser-Stein_13-1200x800.jpg 1200w\" sizes=\"(max-width: 2000px) 100vw, 2000px\">\t\t\t\t\t\t\t\t\t\t\t<figcaption class=\"widget-image-caption wp-caption-text\">Schwarze Kiche von B\u00fa\u00f0ir | Nikon D7200 + Sigma 1.8\/18\u201335 mm&nbsp;A<\/figcaption>\n\t\t\t\t\t\t\t\t\t\t<\/figure>\n\t\t\t\t\t\t\t\t\t<\/div>\n\t\t\t\t<\/div>\n\t\t\t\t\t<\/div>\n\t\t\t\t<\/div>\n\t\t<div class=\"elementor-element elementor-element-6b8e37f e-flex e-con-boxed e-con e-parent\" data-id=\"6b8e37f\" data-element_type=\"container\" data-e-type=\"container\">\n\t\t\t\t\t<div class=\"e-con-inner\">\n\t\t\t\t<div class=\"elementor-element elementor-element-40eeebe elementor-widget elementor-widget-heading\" data-id=\"40eeebe\" data-element_type=\"widget\" data-e-type=\"widget\" data-widget_type=\"heading.default\">\n\t\t\t\t<div class=\"elementor-widget-container\">\n\t\t\t\t\t<h3 class=\"elementor-heading-title elementor-size-default\">Visu\u00adeller&nbsp;Fluss<\/h3>\t\t\t\t<\/div>\n\t\t\t\t<\/div>\n\t\t\t\t<div class=\"elementor-element elementor-element-e8a0ad8 elementor-widget elementor-widget-text-editor\" data-id=\"e8a0ad8\" data-element_type=\"widget\" data-e-type=\"widget\" data-widget_type=\"text-editor.default\">\n\t\t\t\t<div class=\"elementor-widget-container\">\n\t\t\t\t\t\t\t\t\t<p>\u201cIch hab diese Steine als Vorder\u00adgrund\u00adele\u00adment ins Bild mit aufge\u00adnommen.\u201c, so oder so \u00e4hnlich klingen die S\u00e4tze in gef\u00fchlt allen Land\u00adschafts\u00adfo\u00adto\u00adgrafie-Vlogs und Blogs. Aber die eigent\u00adlich wich\u00adti\u00adgere Frage ist, warum? Wieso m\u00f6chten wir Vorder\u00adgrund\u00adin\u00adter\u00adesse im Bild erzeugen?<\/p><p>Vorder\u00adgrund\u00adele\u00admente, vor allen dingen in weit\u00adwink\u00adligen Aufnahmen erf\u00fcllen vor allen dingen zwei Gr\u00fcnde:<\/p><ol><li>Sie lenken die Aufmerksamkeit.<\/li><li>Sie geben Kontext, quasi, um eine Geschichte zu erz\u00e4hlen.<\/li><\/ol><p>Wenn euer Haupt\u00admotiv bereits selbst das ganze Bild ist, schaut der Betrachter drauf, erkennt das eine promi\u00adnente Motiv und ist fertig mit dem Betrachten. Sobald ihr es aber, zum Beispiel durch anwenden der Drit\u00adtel\u00adregel im oberen Drittel des Bildes anordnet und die unteren zwei Drittel durch Mittel- und Vorder\u00adgrund belegt wird, f\u00fchrt ihr den Betrachter hin zum Motiv. Die Nahen Elemente fangen im Besten Fall den Blick des Betrach\u00adters ein. Auf Grund ihrer Gr\u00f6\u00dfe, ihrer Form, Kontrast oder Farbe nimmt das mensch\u00adliche Auge diese zu erst wahr. Gut aufein\u00adander abge\u00adstimmte Ebenen f\u00fchren den Blick dann hin zum Haupt\u00admotiv im Hinter\u00adgrund. Je harmo\u00adni\u00adscher die Ebenen aufein\u00adander abge\u00adstimmt sind, desto besser wird der Blick gef\u00fchrt.<\/p><p>Unter\u00adst\u00fct\u00adzende Vorder\u00adgrund\u00adele\u00admente geben Kontext und geben dem Betrachter etwas mehr von der Umge\u00adbung und der Szene um das Haupt\u00admotiv mit, wie zum Beispiel Blumen oder Farne im Vorder\u00adgrund eines Baumes. Dadurch erf\u00e4hrt der Betrachter etwas \u00fcber den Ort an dem das Foto aufge\u00adnommen wurde und sein Blick wird ganz nat\u00fcr\u00adlich tiefer zum Haupt\u00admotiv, z.B. ein Berg oder ein Wasser\u00adfall gelenkt. Von gro\u00df zu klein. Es entsteht auto\u00adma\u00adtisch mehr Tiefe im Bild und ein ganz nat\u00fcr\u00adli\u00adcher visu\u00adeller&nbsp;Fluss.<\/p><p><!-- notionvc: 04bb6373-6e60-49ba-9457-6ad2879fef6c --><\/p>\t\t\t\t\t\t\t\t<\/div>\n\t\t\t\t<\/div>\n\t\t\t\t<div class=\"elementor-element elementor-element-52d76ff elementor-widget elementor-widget-heading\" data-id=\"52d76ff\" data-element_type=\"widget\" data-e-type=\"widget\" data-widget_type=\"heading.default\">\n\t\t\t\t<div class=\"elementor-widget-container\">\n\t\t\t\t\t<h3 class=\"elementor-heading-title elementor-size-default\">Ordnung finden<\/h3>\t\t\t\t<\/div>\n\t\t\t\t<\/div>\n\t\t\t\t<div class=\"elementor-element elementor-element-89107c6 elementor-widget elementor-widget-text-editor\" data-id=\"89107c6\" data-element_type=\"widget\" data-e-type=\"widget\" data-widget_type=\"text-editor.default\">\n\t\t\t\t<div class=\"elementor-widget-container\">\n\t\t\t\t\t\t\t\t\t<p>Szenen in der Natur oder der Wildnis k\u00f6nnen sehr chao\u00adtisch sein. Ich denke dabei gerne an die heimi\u00adschen W\u00e4lder rund um meinen Ort. Typi\u00adsche Misch\u00adw\u00e4lder, voll mit gro\u00dfen und kleinen B\u00e4umen, Gestr\u00fcpp, Totholz, Moose, Pilze, Blumen und so weiter. Unz\u00e4h\u00adlige Versuche habe ich gebraucht, bis ich es geschafft hatte erste foto\u00adgra\u00adfi\u00adsche Erfolge in diesen W\u00e4ldern zu z\u00e4hlen. Bis ich auf meinen Fotos Ordnung in das Chaos gebracht hatte.<\/p><p>Solche Szenen voller Ordnung erregen mitt\u00adler\u00adweile direkt mein Inter\u00adesse und auch die Aufmerk\u00adsam\u00adkeit der Betrachter dieser Bilder. Solche ruhig wirkenden Momente heben sich von dem Chaos und der Unord\u00adnung ab, die wir sonst in unseren W\u00e4ldern erwarten. Das gilt auch f\u00fcr andere Szenen in der Natur, wie beispiels\u00adweise einem w\u00fctenden Meer oder schroffen Bergen.<\/p><p>Ich gebe zu, es kann gerade als Beginner sehr schwierig sein, diese harmo\u00adni\u00adschen Ausschnitte aus der Natur wahr\u00adzu\u00adnehmen und dann nat\u00fcr\u00adlich auch aufzu\u00adnehmen. Gerade wenn man die gro\u00dfen epischen Land\u00adschaften aufnehmen m\u00f6chte. \u00dcber die Jahre habe ich gelernt, dass dies aber umso leichter wird, je enger man einen Bild\u00adaus\u00adschnitt nimmt, also weg mit dem Weit\u00adwin\u00adkel\u00adob\u00adjektiv und her mit dem Tele\u00adob\u00adjektiv. Auch ein Stan\u00addard\u00adzoom mit 24\u201370 mm oder 24\u2013105 mm Brenn\u00adweite hilft da bereits ungemein.<\/p><p>Mit einem engeren Sicht\u00adfeld kannst du dich besser auf die wesent\u00adli\u00adchen Elemente der Ruhe in der Natur konzen\u00adtrieren. Solche kleinen Szenen, die zum Beispiel aus Mustern, Formen und Texturen bestehen k\u00f6nnen, bieten die Chance auf einzig\u00adar\u00adtige Aufnahmen, die dir wom\u00f6g\u00adlich kein anderer so schnell nach\u00adahmen kann. Denn im Gegen\u00adsatz zu typi\u00adschen Aussichts\u00adpunkten und h\u00e4ufig foto\u00adgra\u00adfierten Szenen an bekannten Spots k\u00f6nnen solche intimen Kompo\u00adsi\u00adtionen schwie\u00adriger nach\u00adge\u00adstellt werden. Oder wom\u00f6g\u00adlich sind diese auch nur von kurzer Dauer so in der Natur zu finden. Dadurch erh\u00e4ltst du ein pers\u00f6n\u00adli\u00adcheres Foto, dass du wirk\u00adlich dein eigen nennen kannst. Aber auch, um sich auf solche Details konzen\u00adtrieren zu k\u00f6nnen, muss man sich etwas diszi\u00adpli\u00adnieren und das eigene Auge trainieren.<\/p><p>Je nach dem wo man sich befindet, k\u00f6nnen diese kleinen inti\u00admeren Natur\u00adszenen anders aussehen. In W\u00e4ldern k\u00f6nnen dies bestimmte St\u00e4mme sein mit beson\u00adderen \u00c4sten, viel\u00adleicht Moos\u00adbe\u00addeckt oder eine beson\u00adderen Blatt\u00adf\u00e4r\u00adbung haben. An Klippen k\u00f6nnen dies Fels\u00adrisse sein, die sich von anderen abheben, eine beson\u00addere Farbe oder Textur haben. An K\u00fcsten k\u00f6nnen es Kiesel\u00adsteine sein, die in einem bestimmten Muster oder Wieder\u00adho\u00adlung vorhanden sind, und sich von ihrer Umge\u00adbung aufgrund der Farbe oder Form abheben. An Fl\u00fcssen k\u00f6nnt ihr mit l\u00e4nger belich\u00adteten Wasser\u00admus\u00adtern arbeiten oder kleinen Kaska\u00adden\u00adf\u00f6rmig abw\u00e4rts flie\u00ad\u00dfendem Wasser\u00adschnellen. An Seen kann es das reflek\u00adtierte Licht zur goldenen Stunde oder eine andere Reflek\u00adtion sein. In jeder Land\u00adschaft gibt es viel zu entde\u00adcken und auch bei solchen Szenen ist es wichtig, beim rich\u00adtigen Licht vor Ort zu sein, denn dann kann das Zusam\u00admen\u00adspiel von Licht und Schatten den Unter\u00adschied ausma\u00adchen oder warmes Licht die Farben ganz beson\u00adders zum Leuchten bringen. Jeden\u00adfalls k\u00f6nnen ganz beson\u00addere Kompo\u00adsi\u00adtion durch die Konzen\u00adtra\u00adtion auf Details entstehen. Foto\u00adgrafen die ich daf\u00fcr sehr sch\u00e4tze sind Hans Strand, Kai Hornung oder Klaus Axelsen.<\/p><p><!-- notionvc: c8c003e4-79af-47e3-91d2-1a36127868d9 --><\/p>\t\t\t\t\t\t\t\t<\/div>\n\t\t\t\t<\/div>\n\t\t\t\t<div class=\"elementor-element elementor-element-2ac7bbe elementor-invisible elementor-widget elementor-widget-image\" data-id=\"2ac7bbe\" data-element_type=\"widget\" data-e-type=\"widget\" data-settings=\"{&quot;_animation&quot;:&quot;zoomIn&quot;}\" data-widget_type=\"image.default\">\n\t\t\t\t<div class=\"elementor-widget-container\">\n\t\t\t\t\t\t\t\t\t\t\t\t<figure class=\"wp-caption\">\n\t\t\t\t\t\t\t\t\t\t<img decoding=\"async\" width=\"2560\" height=\"1707\" src=\"https:\/\/simonschoenhoff.de\/wp-content\/uploads\/2023\/12\/A7403385-Bearbeitet_Mysterioeser-Nebelwald-scaled.jpg\" class=\"attachment-full size-full wp-image-12457\" alt srcset=\"https:\/\/simonschoenhoff.de\/wp-content\/uploads\/2023\/12\/A7403385-Bearbeitet_Mysterioeser-Nebelwald-scaled.jpg 2560w, https:\/\/simonschoenhoff.de\/wp-content\/uploads\/2023\/12\/A7403385-Bearbeitet_Mysterioeser-Nebelwald-2048x1366.jpg 2048w, https:\/\/simonschoenhoff.de\/wp-content\/uploads\/2023\/12\/A7403385-Bearbeitet_Mysterioeser-Nebelwald-300x200.jpg 300w, https:\/\/simonschoenhoff.de\/wp-content\/uploads\/2023\/12\/A7403385-Bearbeitet_Mysterioeser-Nebelwald-768x512.jpg 768w, https:\/\/simonschoenhoff.de\/wp-content\/uploads\/2023\/12\/A7403385-Bearbeitet_Mysterioeser-Nebelwald-1536x1024.jpg 1536w, https:\/\/simonschoenhoff.de\/wp-content\/uploads\/2023\/12\/A7403385-Bearbeitet_Mysterioeser-Nebelwald-18x12.jpg 18w, https:\/\/simonschoenhoff.de\/wp-content\/uploads\/2023\/12\/A7403385-Bearbeitet_Mysterioeser-Nebelwald-1200x800.jpg 1200w\" sizes=\"(max-width: 2560px) 100vw, 2560px\">\t\t\t\t\t\t\t\t\t\t\t<figcaption class=\"widget-image-caption wp-caption-text\">Myste\u00adri\u00f6ser Nebel\u00adwald | Sony a7 IV + Sony 4\/24\u2013105 mm&nbsp;G<\/figcaption>\n\t\t\t\t\t\t\t\t\t\t<\/figure>\n\t\t\t\t\t\t\t\t\t<\/div>\n\t\t\t\t<\/div>\n\t\t\t\t\t<\/div>\n\t\t\t\t<\/div>\n\t\t<div class=\"elementor-element elementor-element-4ea8cad e-flex e-con-boxed elementor-invisible e-con e-child\" data-id=\"4ea8cad\" data-element_type=\"container\" data-e-type=\"container\" data-settings=\"{&quot;background_background&quot;:&quot;classic&quot;,&quot;animation&quot;:&quot;zoomIn&quot;}\">\n\t\t\t\t\t<div class=\"e-con-inner\">\n\t\t\t\t<div class=\"elementor-element elementor-element-9ac2736 elementor-widget__width-initial elementor-widget elementor-widget-text-editor\" data-id=\"9ac2736\" data-element_type=\"widget\" data-e-type=\"widget\" data-widget_type=\"text-editor.default\">\n\t\t\t\t<div class=\"elementor-widget-container\">\n\t\t\t\t\t\t\t\t\t<p style=\"text-align: center;\">This and all other shots of this post you can request under \u201cPrints\u201d as an art print for your wall at home directly from&nbsp;me.&nbsp;<\/p>\t\t\t\t\t\t\t\t<\/div>\n\t\t\t\t<\/div>\n\t\t\t\t<div class=\"elementor-element elementor-element-2a1301f elementor-widget elementor-widget-button\" data-id=\"2a1301f\" data-element_type=\"widget\" data-e-type=\"widget\" data-settings=\"{&quot;_animation_mobile&quot;:&quot;fadeIn&quot;}\" data-widget_type=\"button.default\">\n\t\t\t\t<div class=\"elementor-widget-container\">\n\t\t\t\t\t\t\t\t\t<div class=\"elementor-button-wrapper\">\n\t\t\t\t\t<a class=\"elementor-button elementor-button-link elementor-size-sm elementor-animation-grow\" href=\"https:\/\/simonschoenhoff.de\/en\/prints\/\">\n\t\t\t\t\t\t<span class=\"elementor-button-content-wrapper\">\n\t\t\t\t\t\t<span class=\"elementor-button-icon\">\n\t\t\t\t<i aria-hidden=\"true\" class=\"fas fa-shopping-cart\"><\/i>\t\t\t<\/span>\n\t\t\t\t\t\t\t\t\t<span class=\"elementor-button-text\">Prints<\/span>\n\t\t\t\t\t<\/span>\n\t\t\t\t\t<\/a>\n\t\t\t\t<\/div>\n\t\t\t\t\t\t\t\t<\/div>\n\t\t\t\t<\/div>\n\t\t\t\t\t<\/div>\n\t\t\t\t<\/div>\n\t\t<div class=\"elementor-element elementor-element-e8335f6 e-flex e-con-boxed e-con e-parent\" data-id=\"e8335f6\" data-element_type=\"container\" data-e-type=\"container\">\n\t\t\t\t\t<div class=\"e-con-inner\">\n\t\t\t\t<div class=\"elementor-element elementor-element-323a042 elementor-widget elementor-widget-heading\" data-id=\"323a042\" data-element_type=\"widget\" data-e-type=\"widget\" data-widget_type=\"heading.default\">\n\t\t\t\t<div class=\"elementor-widget-container\">\n\t\t\t\t\t<h3 class=\"elementor-heading-title elementor-size-default\">Das Licht formen<\/h3>\t\t\t\t<\/div>\n\t\t\t\t<\/div>\n\t\t\t\t<div class=\"elementor-element elementor-element-c6e01a3 elementor-widget elementor-widget-text-editor\" data-id=\"c6e01a3\" data-element_type=\"widget\" data-e-type=\"widget\" data-widget_type=\"text-editor.default\">\n\t\t\t\t<div class=\"elementor-widget-container\">\n\t\t\t\t\t\t\t\t\t<p>Viele von euch kennen sicher\u00adlich den Begriff der Vignette. Die Vignet\u00adtie\u00adrung eines Objek\u00adtivs ist auch ein Quali\u00adt\u00e4ts\u00admerkmal. Manche m\u00f6gen sie, manche weniger. H\u00e4ufig wird sie in der Bild\u00adbe\u00adar\u00adbei\u00adtung sogar nach\u00adtr\u00e4g\u00adlich hinzu\u00adge\u00adf\u00fcgt. Habt ihr euch aber schon einmal bewusst gemacht, warum das getan&nbsp;wird?<\/p><p>Einfach gesagt, versucht man damit den blick des Betrach\u00adters zu f\u00fchren bezie\u00adhungs\u00adweise im Bild zu halten. Der Blick geht ganz nat\u00fcr\u00adlich von Dunkel nach hell. Bei einer klas\u00adsi\u00adschen Vignette also ganz auto\u00adma\u00adtisch in die hellere Mitte des Bildes. In der Bild\u00adbe\u00adar\u00adbei\u00adtung nutze ich sehr h\u00e4ufig auch einen linearen Verlaufs\u00adfilter im Vorder\u00adgrund und je nach Dramatik des Himmels auch eine an der oberen Seite des Bildes, um diese etwas abzudunkeln.<\/p><p>Idea\u00adler\u00adweise wird das Haupt\u00admotiv so oder so durch etwas Licht akzen\u00adtu\u00adiert. Denn schon bei der Aufnahme k\u00f6nnen wir darauf achten den Blick zu lenken, in dem der Vorder\u00adgrund viel\u00adleicht im Schatten und das Haupt\u00admotiv ange\u00adleuchtet vom Licht der Sonne ist. Eben\u00adfalls eine gute M\u00f6glich\u00adkeit ist es das vorhan\u00addene Licht genau zu betrachten und auf die Einrah\u00admung des Motivs zu achten. Dadurch kann bereits eine ganz nat\u00fcr\u00adliche Vignette entstehen, oder zumin\u00addest die sp\u00e4ter hinzu\u00adge\u00adf\u00fcgte Vignette unterst\u00fctzen.<\/p><p>Um diese Kompo\u00adsi\u00adti\u00adons\u00adtechnik zu nutzen, achte ich beson\u00adders auf Hellig\u00adkeits\u00ad\u00fcber\u00adg\u00e4nge. Der Schl\u00fcssel liegt darin, diese zu nutzen, um das Haupt\u00admotiv einzu\u00adrahmen und hervorzuheben.<\/p><p>Als Beispiel habe ich ein Bild eines Wasser\u00adfalls. Die Entschei\u00addungen, die ich vor Ort getroffen habe, weshalb dieses Bild so ist, wie es ist, waren folgende: erstens wollte ich das sch\u00f6n flie\u00ad\u00dfende Wasser des Wasser\u00adfalls darstellen, die sich sanft wie ein seidener Vorhang auf die Felsen\u00adwand legten. F\u00fcr mich das Haupt\u00adele\u00adment dieses Wasser\u00adfalls. Deshalb habe ich hier das Tele\u00adob\u00adjektiv genutzt. Zwei\u00adtens habe ich den sch\u00f6nsten Ausschnitt gesucht und diesen recht Mittig posi\u00adtio\u00adniert. Drit\u00adtens habe ich etwas heraus\u00adge\u00adzoomt, um links und rechts etwas Platz f\u00fcr die Umge\u00adbung zu schaffen. Ein reines Bild der Kaskaden erschien mir zu lang\u00adweilig. Die feuchten Felsen um den Wasser\u00adfall konnte ich mit Polfilter entspie\u00adgeln und einen nat\u00fcr\u00adli\u00adchen dunklen Rahmen um das Wasser des Wasser\u00adfalls legen, so dass dieser toll zur Geltung kommt.<\/p><p>Theo\u00adre\u00adtisch k\u00f6nnte man diese Regel auch einfach brechen und ein dunkles Motiv durch hellen Rahmen hervor\u00adheben und so den Blick in die andere Rich\u00adtung lenken. Man denke einfach mal an eine Winter\u00adszene mit einem beson\u00adderen dunk\u00adleren&nbsp;Motiv.<\/p><p><!-- notionvc: 04bb6373-6e60-49ba-9457-6ad2879fef6c --><\/p>\t\t\t\t\t\t\t\t<\/div>\n\t\t\t\t<\/div>\n\t\t\t\t<div class=\"elementor-element elementor-element-aa4668b elementor-widget elementor-widget-heading\" data-id=\"aa4668b\" data-element_type=\"widget\" data-e-type=\"widget\" data-widget_type=\"heading.default\">\n\t\t\t\t<div class=\"elementor-widget-container\">\n\t\t\t\t\t<h3 class=\"elementor-heading-title elementor-size-default\">Quali\u00adta\u00adtives&nbsp;Licht<\/h3>\t\t\t\t<\/div>\n\t\t\t\t<\/div>\n\t\t\t\t<div class=\"elementor-element elementor-element-77f2563 elementor-widget elementor-widget-text-editor\" data-id=\"77f2563\" data-element_type=\"widget\" data-e-type=\"widget\" data-widget_type=\"text-editor.default\">\n\t\t\t\t<div class=\"elementor-widget-container\">\n\t\t\t\t\t\t\t\t\t<p>Meine Foto\u00adgrafie war in den letzten Jahren sehr stark auf eindrucks\u00advolle Sonnen\u00adauf\u00adg\u00e4nge und \u2011unter\u00adg\u00e4nge gerichtet. Ich hab mich vor einiger Zeit mehr mit dem Wetter besch\u00e4f\u00adtigt und damit, wie ich es f\u00fcr meine Fotos nutzen und vorher\u00adsagen konnte. So konnte ich absch\u00e4tzen, ob es sich lohnt raus zu gehen oder nicht. Aber mein Fokus war dadurch stark auf Morgen- oder Abendrot, Sonnen\u00adauf\u00adgang und \u2011unter\u00adgang gerichtet, weshalb ich meist in diese Rich\u00adtung foto\u00adgra\u00adfiert&nbsp;habe.<\/p><p>Das Problem dabei ist, dass man in Rich\u00adtung einer sehr inten\u00adsiven Licht\u00adquelle foto\u00adgra\u00adfiert, was zu einer hoher Dynamik, also sehr hellen und sehr dunklen Bereiche im Bild f\u00fchrt. Wenn die Wolken passen und man mit tollen Farben belohnt wird, dann nehme ich das immer noch in Kauf. Die hohen Dyna\u00admik\u00adum\u00adf\u00e4nge kann meine Kamera durchaus aufnehmen. Notfalls helfen tech\u00adni\u00adsche Mittel wie HDR-Aufnahmen. Das \u201cProblem\u201d ist also nur die etwas inten\u00adsi\u00advere Bild\u00adbe\u00adar\u00adbei\u00adtung die notwendig ist und das die Land\u00adschaft an sich, nicht ganz im sch\u00f6nsten Licht gezeigt wird, wie sie es viel\u00adleicht verdient h\u00e4tte.<\/p><p>Der Unter\u00adschied zu meinen Vorlieben heut\u00adzu\u00adtage ist, dass ich die gleiche Aufmerk\u00adsam\u00adkeit mitt\u00adler\u00adweile auf das quali\u00adtativ bessere Licht lege, dass die Land\u00adschaft an anderen Stelle ber\u00fchrt oder streift. Daf\u00fcr drehe ich mich einfach weg vom direkten Licht und betrachte, wo das Spiel von Licht und Schatten die Land\u00adschaft formt. H\u00fcgel und Uneben\u00adheiten werden durch die tief\u00adstehende Sonne plas\u00adti\u00adscher, Szenen und Ausschnitte der Land\u00adschaften k\u00f6nnen m\u00f6gli\u00adcher\u00adweise besser wirken, da Tiefe und Drei\u00addi\u00admen\u00adsio\u00adna\u00adlit\u00e4t entsteht, selbst, wenn die Sonne leicht hinter einigen Wolken verschwindet und softeres Licht entsteht. Als Benefit ist dadurch die Bear\u00adbei\u00adtung weniger intensiv notwendig, da keine extrem hellen High\u00adlights oder dunkel\u00adschwarze Schatten vorhanden sind.<\/p><p>Hier an diesem Beispiel, dass ich am Quer\u00admar\u00adken\u00adfeuer auf Sylt aufge\u00adnommen habe, ist es gut ersicht\u00adlich. In Rich\u00adtung Sonnen\u00adun\u00adter\u00adgang war das Licht wenig inter\u00ades\u00adsant. Die Sonne hinter einer Wolke. Aber das diffuse Licht half die Szene in anderer Rich\u00adtung toll auszu\u00adleuchten, ohne zu hart zu sein. Im Nach\u00adhinein bin ich froh, nicht nur in Rich\u00adtung der Sonne foto\u00adgra\u00adfiert zu&nbsp;haben.<\/p><p>Jetzt habt ihr ein paar Ideen, nach was ihr Ausschau halten k\u00f6nnt, wenn ihr unter\u00adwegs seid. Zum Schluss kommen wir noch darauf zu spre\u00adchen, was du vermeiden soll\u00adtest, aber zuvor w\u00fcrde ich euch bitten dem Video einen Daumen nach oben zu geben, wenn ihr bis hierher was gelernt habt. Noch besser ist nat\u00fcr\u00adlich, ihr abon\u00adniert gleich meinen Kanal, wenn noch nicht geschehen, damit ihr zuk\u00fcnftig keine Videos verpasst!<\/p><p>An dieser Stelle auch nochmal der Hinweis, meinen Blog auf meiner Website zu besu\u00adchen. Alle Infos und Bilder zu meinen Vlogs findet ihr dort nochmal zum nach\u00adlesen. Selbst\u00adver\u00adst\u00e4nd\u00adlich k\u00f6nnt ihr euch die inter\u00ades\u00adsan\u00adtesten Beitr\u00e4ge auch als Lese\u00adzei\u00adchen in eurem Browser spei\u00adchern. Doch nun, weiter im&nbsp;Thema.<\/p><p><!-- notionvc: c8c003e4-79af-47e3-91d2-1a36127868d9 --><\/p>\t\t\t\t\t\t\t\t<\/div>\n\t\t\t\t<\/div>\n\t\t\t\t<div class=\"elementor-element elementor-element-0af1d7a elementor-invisible elementor-widget elementor-widget-image\" data-id=\"0af1d7a\" data-element_type=\"widget\" data-e-type=\"widget\" data-settings=\"{&quot;_animation&quot;:&quot;zoomIn&quot;}\" data-widget_type=\"image.default\">\n\t\t\t\t<div class=\"elementor-widget-container\">\n\t\t\t\t\t\t\t\t\t\t\t\t<figure class=\"wp-caption\">\n\t\t\t\t\t\t\t\t\t\t<img decoding=\"async\" width=\"2000\" height=\"1333\" src=\"https:\/\/simonschoenhoff.de\/wp-content\/uploads\/2023\/12\/2023-10-01-Wegelnburg_21.jpg\" class=\"attachment-full size-full wp-image-12390\" alt srcset=\"https:\/\/simonschoenhoff.de\/wp-content\/uploads\/2023\/12\/2023-10-01-Wegelnburg_21.jpg 2000w, https:\/\/simonschoenhoff.de\/wp-content\/uploads\/2023\/12\/2023-10-01-Wegelnburg_21-300x200.jpg 300w, https:\/\/simonschoenhoff.de\/wp-content\/uploads\/2023\/12\/2023-10-01-Wegelnburg_21-768x512.jpg 768w, https:\/\/simonschoenhoff.de\/wp-content\/uploads\/2023\/12\/2023-10-01-Wegelnburg_21-1536x1024.jpg 1536w, https:\/\/simonschoenhoff.de\/wp-content\/uploads\/2023\/12\/2023-10-01-Wegelnburg_21-18x12.jpg 18w, https:\/\/simonschoenhoff.de\/wp-content\/uploads\/2023\/12\/2023-10-01-Wegelnburg_21-1200x800.jpg 1200w\" sizes=\"(max-width: 2000px) 100vw, 2000px\">\t\t\t\t\t\t\t\t\t\t\t<figcaption class=\"widget-image-caption wp-caption-text\">Sonnen\u00adge\u00adk\u00fcsster Pf\u00e4lzer Wald | Sony a7 IV + Sony 100\u2013400 mm&nbsp;GM<\/figcaption>\n\t\t\t\t\t\t\t\t\t\t<\/figure>\n\t\t\t\t\t\t\t\t\t<\/div>\n\t\t\t\t<\/div>\n\t\t\t\t\t<\/div>\n\t\t\t\t<\/div>\n\t\t<div class=\"elementor-element elementor-element-dc62fd4 e-flex e-con-boxed e-con e-parent\" data-id=\"dc62fd4\" data-element_type=\"container\" data-e-type=\"container\">\n\t\t\t\t\t<div class=\"e-con-inner\">\n\t\t\t\t<div class=\"elementor-element elementor-element-52d4c7f elementor-widget elementor-widget-heading\" data-id=\"52d4c7f\" data-element_type=\"widget\" data-e-type=\"widget\" data-widget_type=\"heading.default\">\n\t\t\t\t<div class=\"elementor-widget-container\">\n\t\t\t\t\t<h3 class=\"elementor-heading-title elementor-size-default\">Dinge die du vermeiden solltest<\/h3>\t\t\t\t<\/div>\n\t\t\t\t<\/div>\n\t\t\t\t<div class=\"elementor-element elementor-element-68c6e1c elementor-widget elementor-widget-text-editor\" data-id=\"68c6e1c\" data-element_type=\"widget\" data-e-type=\"widget\" data-widget_type=\"text-editor.default\">\n\t\t\t\t<div class=\"elementor-widget-container\">\n\t\t\t\t\t\t\t\t\t<p>Worin unter\u00adscheiden sich Maler von Land\u00adschaften zu Land\u00adschafts\u00adfo\u00adto\u00adgrafen? Maler f\u00fcgen ihren Bildern nach und nach Elemente hinzu, wie zum Beispiel Objekte, Licht\u00adef\u00adfekte, Farben mit jedem Pinsel\u00adstrich den sie machen. Land\u00adschafts\u00adfo\u00adto\u00adgrafen versu\u00adchen eher Dinge zu entfernen, wenn sie ihre Kamera posi\u00adtio\u00adnieren, um Dinge zu verbergen oder zu besei\u00adtigen, die vom Haupt\u00admotiv ablenken k\u00f6nnten oder nicht zutr\u00e4g\u00adlich&nbsp;sind.<\/p><p>Aus diesem Grund m\u00f6chte ich nun, nach dem wir dar\u00fcber gespro\u00adchen haben, was wir tun k\u00f6nnen um eine gute Kompo\u00adsi\u00adtion zu errei\u00adchen, dar\u00fcber spre\u00adchen, was wir vermeiden sollten. Diese Frage\u00adstel\u00adlung kann, wenn sie erfolg\u00adreich umge\u00adsetzt wird, die m\u00e4ch\u00adtigste Kompo\u00adsi\u00adti\u00adons\u00adtechnik von allen&nbsp;sein.<\/p><ul><li>Zentrierte Objekte: Der Mensch sucht sehr h\u00e4ufig, ganz unbe\u00adwusst nach perfekter Symme\u00adtrie. Daher passiert es vielen Anf\u00e4n\u00adgern der Foto\u00adgrafie, dass sie zentrierte Kompo\u00adsi\u00adtionen anstreben. das Problem dabei ist, dass der Betrachter solche Bilder zu schnell verar\u00adbeitet. Die visu\u00adelle Reise ist quasi zu Ende bevor sie beginnt. Ein wenig Span\u00adnung im Bild kann durchaus also inter\u00ades\u00adsant sein. Durch eine dezen\u00adtrale Ausrich\u00adtung des Haupt\u00admo\u00adtivs entsteht ein inter\u00ades\u00adsan\u00adteres Bild, am besten mit einem Gegen\u00adspieler, wie im ersten Tipp erw\u00e4hnt.<\/li><li>\u00dcber\u00adlap\u00adpende Elemente: Bei der Anord\u00adnung mehrere Elemente oder auch Ebenen im Bild, soll\u00adtest du darauf achten, dass sie achtsam sepa\u00adriert sind und sich nicht unsch\u00f6n \u00fcber\u00adlappen. Sich ung\u00fcnstig \u00fcber\u00adlap\u00adpende Elemente k\u00f6nnen den Betrachter ablenken, die Szene undurch\u00adschaubar werden lassen oder den visu\u00adellen Fluss st\u00f6ren. Manchmal kann eine etwas h\u00f6here oder andere Posi\u00adtio\u00adnie\u00adrung der Kamera dabei schon die L\u00f6sung sein. Also darauf achten, dass alles was ihr f\u00fcr die Geschichte des Bildes ben\u00f6\u00adtigt sichtbar und sepa\u00adriert ist und Dinge die ihr nicht ben\u00f6\u00adtigt f\u00fcr das Bild wom\u00f6g\u00adlich versteckt sind. Das kann mitunter eine unl\u00f6s\u00adbare Aufgabe sein und ihr m\u00fcsst Kompro\u00admisse eingehen. Aber es zumin\u00addest zu versu\u00adchen ist es defi\u00adnitiv&nbsp;wert.<\/li><li>Unru\u00adhige Bild\u00adgrenzen: Saubere, offene Bereiche um euer Haupt\u00admotiv geben diesem \u201cPlatz zum Atmen\u201d. Also wenn ihr es komplett auf dem Foto abbilden m\u00f6chtet, dann gebt ihm etwas Platz zu den Au\u00dfen\u00adkanten des Fotos. Lieber etwas mehr, als zu wenig, denn croppen k\u00f6nnt ihr noch hinterher. Vermeide harte Kanten durch Schatten oder andere Linien die parallel zum Bild\u00adrahmen verlaufen. Halte eben\u00adfalls Ausschau nach Linien, wie zum Beispiel \u00c4ste von B\u00e4umen, die durch eine Ecke verlaufen und diese f\u00f6rm\u00adlich abschneiden.<\/li><li>Tren\u00adnende Elemente: Auch ein Element, wie beispiels\u00adweise ein umge\u00adst\u00fcrzter Baum, der die Ebenen deines Fotos so stark durch\u00adtrennt, dass der Fluss von vorne nach hinten gest\u00f6rt sein k\u00f6nnte, helfen nicht und sollten vermieden werden. Wenn der Blick des Betrach\u00adters durch dieses Element aus dem Bild heraus\u00adbe\u00adf\u00f6r\u00addert, statt im Bild gehalten wird, dann macht dieses Element das Bild even\u00adtuell zu Nichte.<\/li><\/ul><p>Es gibt bestimmt noch mehr solcher Dinge, die man vermeiden sollte. Wenn euch noch etwas einf\u00e4llt, dann schreibt das gern in die Kommen\u00adtare, viel\u00adleicht kommen noch ein paar inter\u00ades\u00adsante Punkte zusammen.<\/p><p><!-- notionvc: 60e0a088-4dfa-4a62-903a-497722e09039 --><\/p><p><!-- notionvc: 04bb6373-6e60-49ba-9457-6ad2879fef6c --><\/p>\t\t\t\t\t\t\t\t<\/div>\n\t\t\t\t<\/div>\n\t\t\t\t<div class=\"elementor-element elementor-element-66a1012 elementor-invisible elementor-widget elementor-widget-image\" data-id=\"66a1012\" data-element_type=\"widget\" data-e-type=\"widget\" data-settings=\"{&quot;_animation&quot;:&quot;zoomIn&quot;}\" data-widget_type=\"image.default\">\n\t\t\t\t<div class=\"elementor-widget-container\">\n\t\t\t\t\t\t\t\t\t\t\t\t<figure class=\"wp-caption\">\n\t\t\t\t\t\t\t\t\t\t<img loading=\"lazy\" decoding=\"async\" width=\"1805\" height=\"2560\" src=\"https:\/\/simonschoenhoff.de\/wp-content\/uploads\/2022\/12\/DSC03287-Bearbeitet_Geheimnisvoller-Gollinger-Fall-scaled.jpg\" class=\"attachment-full size-full wp-image-9543\" alt srcset=\"https:\/\/simonschoenhoff.de\/wp-content\/uploads\/2022\/12\/DSC03287-Bearbeitet_Geheimnisvoller-Gollinger-Fall-scaled.jpg 1805w, https:\/\/simonschoenhoff.de\/wp-content\/uploads\/2022\/12\/DSC03287-Bearbeitet_Geheimnisvoller-Gollinger-Fall-scaled-1200x1702.jpg 1200w, https:\/\/simonschoenhoff.de\/wp-content\/uploads\/2022\/12\/DSC03287-Bearbeitet_Geheimnisvoller-Gollinger-Fall-1444x2048.jpg 1444w, https:\/\/simonschoenhoff.de\/wp-content\/uploads\/2022\/12\/DSC03287-Bearbeitet_Geheimnisvoller-Gollinger-Fall-212x300.jpg 212w, https:\/\/simonschoenhoff.de\/wp-content\/uploads\/2022\/12\/DSC03287-Bearbeitet_Geheimnisvoller-Gollinger-Fall-768x1089.jpg 768w, https:\/\/simonschoenhoff.de\/wp-content\/uploads\/2022\/12\/DSC03287-Bearbeitet_Geheimnisvoller-Gollinger-Fall-1083x1536.jpg 1083w, https:\/\/simonschoenhoff.de\/wp-content\/uploads\/2022\/12\/DSC03287-Bearbeitet_Geheimnisvoller-Gollinger-Fall-8x12.jpg 8w\" sizes=\"(max-width: 1805px) 100vw, 1805px\">\t\t\t\t\t\t\t\t\t\t\t<figcaption class=\"widget-image-caption wp-caption-text\">Geheim\u00adnis\u00advoller Gollinger Fall | Sony a7 IV + Sony 2.8\/16\u201335 mm&nbsp;GM<\/figcaption>\n\t\t\t\t\t\t\t\t\t\t<\/figure>\n\t\t\t\t\t\t\t\t\t<\/div>\n\t\t\t\t<\/div>\n\t\t\t\t<div class=\"elementor-element elementor-element-ac25492 elementor-widget elementor-widget-heading\" data-id=\"ac25492\" data-element_type=\"widget\" data-e-type=\"widget\" data-widget_type=\"heading.default\">\n\t\t\t\t<div class=\"elementor-widget-container\">\n\t\t\t\t\t<h3 class=\"elementor-heading-title elementor-size-default\">Schluss\u00adge\u00addanken<\/h3>\t\t\t\t<\/div>\n\t\t\t\t<\/div>\n\t\t\t\t<div class=\"elementor-element elementor-element-5f57233 elementor-widget elementor-widget-text-editor\" data-id=\"5f57233\" data-element_type=\"widget\" data-e-type=\"widget\" data-widget_type=\"text-editor.default\">\n\t\t\t\t<div class=\"elementor-widget-container\">\n\t\t\t\t\t\t\t\t\t<p>Ein paar Gedanken zum Schluss. H\u00e4ufig wird in Foto\u00adgra\u00adfie\u00adwork\u00adshops und \u2011kursen auf das Geschichte erz\u00e4hlen durch Bilder aufmerksam gemacht. Bestimmt hast du auch schon h\u00e4ufig davon geh\u00f6rt. Und obwohl es dem ein oder anderen viel\u00adleicht etwas abwegig erscheint, wie man durch ein einzelnes Land\u00adschafts\u00adbild eine Geschichte erz\u00e4hlen k\u00f6nnen soll, ist dabei etwas wahres dran. Wahr\u00adschein\u00adlich liegt darin auch ein Schl\u00fcssel zu einer starken Komposition.<\/p><p>Ein letztes Beispiel. Wenn ich meine Kamera auf einen wunder\u00adsch\u00f6nen Wasser\u00adfall richte oder auch einen beein\u00addru\u00adckenden Sonnen\u00adun\u00adter\u00adgang, dann ist das gro\u00df\u00adartig. Die Aufnahme die entsteht ist vermut\u00adlich ein sch\u00f6ner Schnapp\u00adschuss, der einem selbst oder der Familie als Erin\u00adne\u00adrung in einem Foto\u00adalbum an einen sch\u00f6nen Ausflug oder einen sch\u00f6nen Abend viel\u00adleicht sogar gen\u00fcgt.<\/p><p>Aber schon der erste Betrachter aus dem weiteren fami\u00adli\u00e4ren Umfeld oder ein guter Freund, dem du die Aufnahme zeigst, wird in den seltensten F\u00e4llen so begeis\u00adtert sein, dass das Bild seine Aufmerk\u00adsam\u00adkeit etwas l\u00e4nger aufrecht erh\u00e4lt. Um das zu errei\u00adchen musst du eine bessere Geschichte erz\u00e4hlen.<\/p><p>Du musst die umge\u00adbenden Elemente bei der Aufnahme nutzen oder verde\u00adcken und versu\u00adchen der Szene eine tiefere Bedeu\u00adtung zu verleihen. Eine starke Kompo\u00adsi\u00adtion sorgt daf\u00fcr, dass sich das Bild von der Masse abhebt. Ein weiterer Schl\u00fcssel, um so eine Kompo\u00adsi\u00adtion zu finden, zu erar\u00adbeiten und aufzu\u00adnehmen ist&nbsp;Zeit.<\/p><p>Ich bin mir ziem\u00adlich sicher, dass nur die aller wenigsten unver\u00adgess\u00adli\u00adchen Land\u00adschafts\u00adfotos in Eile oder aus einer Laune heraus, quasi im Vorbei\u00adgehen entstanden sind. Viel\u00adleicht auch kein einziges. Starke Bilder und Kompo\u00adsi\u00adtionen entstehen durch sorg\u00adf\u00e4l\u00adtige Planung und inten\u00adsiven \u00dcber\u00adle\u00adgungen. Tipps, wie diese hier im Vlog helfen dir, dass du dir selbst bewusster \u00fcber die eigenen Bilder wirst, das du Konzepte parat hast, die dir helfen deine Bilder aufzu\u00adbauen, sodass du schon vor Ort verstehst, wie die Elemente zusammenspielen.<\/p><p>Manche Szenen m\u00fcssen st\u00e4rker erar\u00adbei\u00adtete werden, bis sie funk\u00adtio\u00adnieren. Manche sind offen\u00adsicht\u00adli\u00adcher. Manche Szenen funk\u00adtio\u00adnieren viel\u00adleicht auch gar nicht, oder nur an einem anderen Tag, einer anderen Tages\u00adzeit, einer anderen Jahres\u00adzeit oder bei anderem Wetter. Oder du hast die L\u00f6sung noch nicht gefunden und musst even\u00adtuell einmal wieder kommen. Aber mit der Zeit wirst du lernen die anspre\u00adchendste Kompo\u00adsi\u00adtion zu finden, die eine tiefer\u00adge\u00adhende Geschichte \u00fcber deine Erfah\u00adrungen, \u00fcber den Ort oder das Motiv erz\u00e4hlt.<\/p><p>Werdet ihr jetzt acht\u00adsamer dabei sein oder waren euch diese Punkte bereits klar? Schreibt gerne in die Kommen\u00adtare, wie ihr das Thema Bild-Kompo\u00adsi\u00adtion nach diesem Video jetzt seht und wie ihr vorgeht. Ich freue mich von euch zu&nbsp;h\u00f6ren!<\/p><p><!-- notionvc: c8c003e4-79af-47e3-91d2-1a36127868d9 --><\/p>\t\t\t\t\t\t\t\t<\/div>\n\t\t\t\t<\/div>\n\t\t\t\t\t<\/div>\n\t\t\t\t<\/div>\n\t\t<div class=\"elementor-element elementor-element-2a2a16a e-flex e-con-boxed e-con e-parent\" data-id=\"2a2a16a\" data-element_type=\"container\" data-e-type=\"container\">\n\t\t\t\t\t<div class=\"e-con-inner\">\n\t\t\t\t<div class=\"elementor-element elementor-element-09347d7 elementor-widget elementor-widget-menu-anchor\" data-id=\"09347d7\" data-element_type=\"widget\" data-e-type=\"widget\" data-widget_type=\"menu-anchor.default\">\n\t\t\t\t<div class=\"elementor-widget-container\">\n\t\t\t\t\t\t\t<div class=\"elementor-menu-anchor\" id=\"vlog\"><\/div>\n\t\t\t\t\t\t<\/div>\n\t\t\t\t<\/div>\n\t\t\t\t<div class=\"elementor-element elementor-element-de4ae7f elementor-widget elementor-widget-heading\" data-id=\"de4ae7f\" data-element_type=\"widget\" data-e-type=\"widget\" data-widget_type=\"heading.default\">\n\t\t\t\t<div class=\"elementor-widget-container\">\n\t\t\t\t\t<h3 class=\"elementor-heading-title elementor-size-default\">VLOG to the&nbsp;BLOG<\/h3>\t\t\t\t<\/div>\n\t\t\t\t<\/div>\n\t\t\t\t<div class=\"elementor-element elementor-element-d8a1a81 elementor-widget elementor-widget-text-editor\" data-id=\"d8a1a81\" data-element_type=\"widget\" data-e-type=\"widget\" data-widget_type=\"text-editor.default\">\n\t\t\t\t<div class=\"elementor-widget-container\">\n\t\t\t\t\t\t\t\t\t<p>\u201eDrit\u00adtel\u00adregel\u201c, \u201eF\u00fchrende Linien\u201c, \u201eVorder\u00adgrund\u00adin\u00adter\u00adesse erzeugen\u201c\u2026 jeder kennt die g\u00e4ngigen Tipps f\u00fcr bessere Kompo\u00adsi\u00adtionen in der Land\u00adschafts\u00adfo\u00adto\u00adgrafie. Es gibt sie aus einfa\u00adchem Grund: Sie scheinen zu funk\u00adtio\u00adnieren. Aber habt ihr euch jemals gefragt, warum sie funk\u00adtio\u00adnieren? Diesem \u201eWarum\u201c gehe ich in diesem Video auf den Grund und betrachte, was wohl die Geheim\u00adnisse gro\u00df\u00adar\u00adtiger Land\u00adschafts\u00adkom\u00adpo\u00adsi\u00adtionen sind. Viel Spa\u00df beim Anschauen!<\/p>\t\t\t\t\t\t\t\t<\/div>\n\t\t\t\t<\/div>\n\t\t\t\t<div class=\"elementor-element elementor-element-5c4e14b elementor-widget elementor-widget-video\" data-id=\"5c4e14b\" data-element_type=\"widget\" data-e-type=\"widget\" data-settings=\"{&quot;youtube_url&quot;:&quot;https:\\\/\\\/youtu.be\\\/Ox69biLjKT0&quot;,&quot;video_type&quot;:&quot;youtube&quot;,&quot;controls&quot;:&quot;yes&quot;}\" data-widget_type=\"video.default\">\n\t\t\t\t<div class=\"elementor-widget-container\">\n\t\t\t\t\t\t\t<div class=\"elementor-wrapper elementor-open-inline\">\n\t\t\t<div class=\"elementor-video\"><\/div>\t\t<\/div>\n\t\t\t\t\t\t<\/div>\n\t\t\t\t<\/div>\n\t\t\t\t\t<\/div>\n\t\t\t\t<\/div>\n\t\t<div class=\"elementor-element elementor-element-222c0e2 e-flex e-con-boxed e-con e-parent\" data-id=\"222c0e2\" data-element_type=\"container\" data-e-type=\"container\">\n\t\t\t\t\t<div class=\"e-con-inner\">\n\t\t\t\t<div class=\"elementor-element elementor-element-56010a3 elementor-widget elementor-widget-text-editor\" data-id=\"56010a3\" data-element_type=\"widget\" data-e-type=\"widget\" data-widget_type=\"text-editor.default\">\n\t\t\t\t<div class=\"elementor-widget-container\">\n\t\t\t\t\t\t\t\t\t<p style=\"text-align: center;\">Feel free to&nbsp;share:<\/p>\t\t\t\t\t\t\t\t<\/div>\n\t\t\t\t<\/div>\n\t\t\t\t<div class=\"elementor-element elementor-element-fc513b1 elementor-share-buttons--view-icon elementor-share-buttons--skin-flat elementor-share-buttons--shape-circle elementor-share-buttons--color-custom elementor-grid-0 elementor-widget elementor-widget-share-buttons\" data-id=\"fc513b1\" data-element_type=\"widget\" data-e-type=\"widget\" data-widget_type=\"share-buttons.default\">\n\t\t\t\t<div class=\"elementor-widget-container\">\n\t\t\t\t\t\t\t<div class=\"elementor-grid\" role=\"list\">\n\t\t\t\t\t\t\t\t<div class=\"elementor-grid-item\" role=\"listitem\">\n\t\t\t\t\t\t<div class=\"elementor-share-btn elementor-share-btn_facebook\" role=\"button\" tabindex=\"0\" aria-label=\"Teilen auf facebook\">\n\t\t\t\t\t\t\t\t\t\t\t\t\t\t\t<span class=\"elementor-share-btn__icon\">\n\t\t\t\t\t\t\t\t<i class=\"fab fa-facebook\" aria-hidden=\"true\"><\/i>\t\t\t\t\t\t\t<\/span>\n\t\t\t\t\t\t\t\t\t\t\t\t\t\t\t\t\t\t\t\t<\/div>\n\t\t\t\t\t<\/div>\n\t\t\t\t\t\t\t\t\t<div class=\"elementor-grid-item\" role=\"listitem\">\n\t\t\t\t\t\t<div class=\"elementor-share-btn elementor-share-btn_threads\" role=\"button\" tabindex=\"0\" aria-label=\"Teilen auf threads\">\n\t\t\t\t\t\t\t\t\t\t\t\t\t\t\t<span class=\"elementor-share-btn__icon\">\n\t\t\t\t\t\t\t\t<i class=\"fab fa-threads\" aria-hidden=\"true\"><\/i>\t\t\t\t\t\t\t<\/span>\n\t\t\t\t\t\t\t\t\t\t\t\t\t\t\t\t\t\t\t\t<\/div>\n\t\t\t\t\t<\/div>\n\t\t\t\t\t\t\t\t\t<div class=\"elementor-grid-item\" role=\"listitem\">\n\t\t\t\t\t\t<div class=\"elementor-share-btn elementor-share-btn_whatsapp\" role=\"button\" tabindex=\"0\" aria-label=\"Teilen auf whatsapp\">\n\t\t\t\t\t\t\t\t\t\t\t\t\t\t\t<span class=\"elementor-share-btn__icon\">\n\t\t\t\t\t\t\t\t<i class=\"fab fa-whatsapp\" aria-hidden=\"true\"><\/i>\t\t\t\t\t\t\t<\/span>\n\t\t\t\t\t\t\t\t\t\t\t\t\t\t\t\t\t\t\t\t<\/div>\n\t\t\t\t\t<\/div>\n\t\t\t\t\t\t\t\t\t<div class=\"elementor-grid-item\" role=\"listitem\">\n\t\t\t\t\t\t<div class=\"elementor-share-btn elementor-share-btn_pinterest\" role=\"button\" tabindex=\"0\" aria-label=\"Teilen auf pinterest\">\n\t\t\t\t\t\t\t\t\t\t\t\t\t\t\t<span class=\"elementor-share-btn__icon\">\n\t\t\t\t\t\t\t\t<i class=\"fab fa-pinterest\" aria-hidden=\"true\"><\/i>\t\t\t\t\t\t\t<\/span>\n\t\t\t\t\t\t\t\t\t\t\t\t\t\t\t\t\t\t\t\t<\/div>\n\t\t\t\t\t<\/div>\n\t\t\t\t\t\t\t\t\t<div class=\"elementor-grid-item\" role=\"listitem\">\n\t\t\t\t\t\t<div class=\"elementor-share-btn elementor-share-btn_x-twitter\" role=\"button\" tabindex=\"0\" aria-label=\"Teilen auf x-twitter\">\n\t\t\t\t\t\t\t\t\t\t\t\t\t\t\t<span class=\"elementor-share-btn__icon\">\n\t\t\t\t\t\t\t\t<i class=\"fab fa-x-twitter\" aria-hidden=\"true\"><\/i>\t\t\t\t\t\t\t<\/span>\n\t\t\t\t\t\t\t\t\t\t\t\t\t\t\t\t\t\t\t\t<\/div>\n\t\t\t\t\t<\/div>\n\t\t\t\t\t\t<\/div>\n\t\t\t\t\t\t<\/div>\n\t\t\t\t<\/div>\n\t\t\t\t\t<\/div>\n\t\t\t\t<\/div>\n\t\t\t\t<\/div>","protected":false},"excerpt":{"rendered":"<p>Als Land\u00adschafts\u00adfo\u00adto\u00adgraf kennst du sicher die \u201cRegeln der Kompo\u00adsi\u00adtion\u201d. Aber hattest du schon jemals Probleme damit zu verstehen, wann du sie einsetzt, wie und ob du sie \u00fcber\u00adhaupt verwenden soll\u00adtest? In diesem Blog gehe ich der Frage nach, was das Geheimnis gro\u00df\u00adar\u00adtiger Kompo\u00adsi\u00adtionen ist und wie du ein besseres Gesp\u00fcr daf\u00fcr entwi\u00adckeln kannst, wie du die Kompo\u00adsi\u00adti\u00adons\u00adre\u00adgeln in der Praxis einsetzen kannst \u2013 oder eben auch&nbsp;nicht.<\/p>","protected":false},"author":1,"featured_media":13068,"comment_status":"open","ping_status":"open","sticky":false,"template":"","format":"standard","meta":{"wp_typography_post_enhancements_disabled":false,"footnotes":""},"categories":[4,5,260],"tags":[],"class_list":["post-13111","post","type-post","status-publish","format-standard","has-post-thumbnail","hentry","category-blog","category-fotografie-tipps","category-how-to"],"_links":{"self":[{"href":"https:\/\/simonschoenhoff.de\/en\/wp-json\/wp\/v2\/posts\/13111","targetHints":{"allow":["GET"]}}],"collection":[{"href":"https:\/\/simonschoenhoff.de\/en\/wp-json\/wp\/v2\/posts"}],"about":[{"href":"https:\/\/simonschoenhoff.de\/en\/wp-json\/wp\/v2\/types\/post"}],"author":[{"embeddable":true,"href":"https:\/\/simonschoenhoff.de\/en\/wp-json\/wp\/v2\/users\/1"}],"replies":[{"embeddable":true,"href":"https:\/\/simonschoenhoff.de\/en\/wp-json\/wp\/v2\/comments?post=13111"}],"version-history":[{"count":10,"href":"https:\/\/simonschoenhoff.de\/en\/wp-json\/wp\/v2\/posts\/13111\/revisions"}],"predecessor-version":[{"id":15102,"href":"https:\/\/simonschoenhoff.de\/en\/wp-json\/wp\/v2\/posts\/13111\/revisions\/15102"}],"wp:featuredmedia":[{"embeddable":true,"href":"https:\/\/simonschoenhoff.de\/en\/wp-json\/wp\/v2\/media\/13068"}],"wp:attachment":[{"href":"https:\/\/simonschoenhoff.de\/en\/wp-json\/wp\/v2\/media?parent=13111"}],"wp:term":[{"taxonomy":"category","embeddable":true,"href":"https:\/\/simonschoenhoff.de\/en\/wp-json\/wp\/v2\/categories?post=13111"},{"taxonomy":"post_tag","embeddable":true,"href":"https:\/\/simonschoenhoff.de\/en\/wp-json\/wp\/v2\/tags?post=13111"}],"curies":[{"name":"wp","href":"https:\/\/api.w.org\/{rel}","templated":true}]}}