{"id":12165,"date":"2023-10-20T16:22:10","date_gmt":"2023-10-20T16:22:10","guid":{"rendered":"https:\/\/simonschoenhoff.de\/?p=12165"},"modified":"2023-10-20T16:22:10","modified_gmt":"2023-10-20T16:22:10","slug":"endlich-wieder-nebel-herbststimmung-im-kraichgau","status":"publish","type":"post","link":"https:\/\/simonschoenhoff.de\/en\/endlich-wieder-nebel-herbststimmung-im-kraichgau\/","title":{"rendered":"Endlich wieder Nebel \u2013 Herbst\u00adstim\u00admung im Kraichgau"},"content":{"rendered":"<div data-elementor-type=\"wp-post\" data-elementor-id=\"12165\" class=\"elementor elementor-12165\" data-elementor-post-type=\"post\">\n\t\t\t\t<div class=\"elementor-element elementor-element-943a955 e-flex e-con-boxed e-con e-parent\" data-id=\"943a955\" data-element_type=\"container\" data-e-type=\"container\">\n\t\t\t\t\t<div class=\"e-con-inner\">\n\t\t\t\t<div class=\"elementor-element elementor-element-72402bf elementor-widget elementor-widget-menu-anchor\" data-id=\"72402bf\" data-element_type=\"widget\" data-e-type=\"widget\" data-widget_type=\"menu-anchor.default\">\n\t\t\t\t<div class=\"elementor-widget-container\">\n\t\t\t\t\t\t\t<div class=\"elementor-menu-anchor\" id=\"seite\"><\/div>\n\t\t\t\t\t\t<\/div>\n\t\t\t\t<\/div>\n\t\t\t\t<div class=\"elementor-element elementor-element-4192034 elementor-widget elementor-widget-heading\" data-id=\"4192034\" data-element_type=\"widget\" data-e-type=\"widget\" data-widget_type=\"heading.default\">\n\t\t\t\t<div class=\"elementor-widget-container\">\n\t\t\t\t\t<h2 class=\"elementor-heading-title elementor-size-default\">Endlich wieder Nebel \u2013 Herbst\u00adstim\u00admung im Kraichgau<\/h2>\t\t\t\t<\/div>\n\t\t\t\t<\/div>\n\t\t\t\t<div class=\"elementor-element elementor-element-407dbee elementor-widget elementor-widget-text-editor\" data-id=\"407dbee\" data-element_type=\"widget\" data-e-type=\"widget\" data-widget_type=\"text-editor.default\">\n\t\t\t\t<div class=\"elementor-widget-container\">\n\t\t\t\t\t\t\t\t\tIch war in Halb-Acht-Stel\u00adlung bereit loszu\u00adziehen, denn der Wetter\u00adbe\u00adricht sagte Nebel f\u00fcr die wunder\u00adsch\u00f6ne Herbst\u00adland\u00adschaft im Kraichgau voraus. Ich hatte einiges im Kopf f\u00fcr was der Wetter\u00adbe\u00adricht tolle Bedin\u00adgungen voraus\u00adsagte. Doch am Morgen, war es weniger Nebel als erhofft. Ich suchte schnell nach Alter\u00adna\u00adtiven und nach dem die Sonne aufge\u00adgangen war, konnte ich tolle Nebel\u00adstim\u00admungen mit goldenem Licht fotografieren.&nbsp;<\/div>\n\t\t\t\t<\/div>\n\t\t\t\t<div class=\"elementor-element elementor-element-13d2182 elementor-widget elementor-widget-text-editor\" data-id=\"13d2182\" data-element_type=\"widget\" data-e-type=\"widget\" data-widget_type=\"text-editor.default\">\n\t\t\t\t<div class=\"elementor-widget-container\">\n\t\t\t\t\t\t\t\t\t<p>Den VLOG zum BLOG findet ihr unten, am Ende des Blog-Beitrags. Schaut auf jeden Fall mal rein, denn in diesem Youtube-Video erfahrt ihr, wie ich die Bilder dieses Beitrags aufge\u00adnommen habe und einige Tipps zu Aufnah\u00adme\u00adtech\u00adniken und Bildkompositionen.&nbsp;<\/p>\t\t\t\t\t\t\t\t<\/div>\n\t\t\t\t<\/div>\n\t\t\t\t<div class=\"elementor-element elementor-element-3eaba2d elementor-align-center elementor-widget elementor-widget-button\" data-id=\"3eaba2d\" data-element_type=\"widget\" data-e-type=\"widget\" data-widget_type=\"button.default\">\n\t\t\t\t<div class=\"elementor-widget-container\">\n\t\t\t\t\t\t\t\t\t<div class=\"elementor-button-wrapper\">\n\t\t\t\t\t<a class=\"elementor-button elementor-button-link elementor-size-sm\" href=\"#vlog\">\n\t\t\t\t\t\t<span class=\"elementor-button-content-wrapper\">\n\t\t\t\t\t\t\t\t\t<span class=\"elementor-button-text\">Directly to the&nbsp;video<\/span>\n\t\t\t\t\t<\/span>\n\t\t\t\t\t<\/a>\n\t\t\t\t<\/div>\n\t\t\t\t\t\t\t\t<\/div>\n\t\t\t\t<\/div>\n\t\t\t\t<div class=\"elementor-element elementor-element-d73083f elementor-widget elementor-widget-text-editor\" data-id=\"d73083f\" data-element_type=\"widget\" data-e-type=\"widget\" data-widget_type=\"text-editor.default\">\n\t\t\t\t<div class=\"elementor-widget-container\">\n\t\t\t\t\t\t\t\t\t<p style=\"text-align: center;\"><span style=\"font-size: 10pt;\">Gear:<\/span><\/p><p style=\"text-align: center;\"><span style=\"font-size: 10pt; color: var( --e-global-color-secondary );\">Sony a7IV<br>Sony FE 2.8\/16\u201335 mm GM<br>Sony FE 100\u2013400 mm G<br>DJI Mini 3&nbsp;Pro<\/span><\/p>\t\t\t\t\t\t\t\t<\/div>\n\t\t\t\t<\/div>\n\t\t\t\t\t<\/div>\n\t\t\t\t<\/div>\n\t\t<div class=\"elementor-element elementor-element-1351145 e-flex e-con-boxed e-con e-parent\" data-id=\"1351145\" data-element_type=\"container\" data-e-type=\"container\">\n\t\t\t\t\t<div class=\"e-con-inner\">\n\t\t\t\t<div class=\"elementor-element elementor-element-3141d21 elementor-widget elementor-widget-heading\" data-id=\"3141d21\" data-element_type=\"widget\" data-e-type=\"widget\" data-widget_type=\"heading.default\">\n\t\t\t\t<div class=\"elementor-widget-container\">\n\t\t\t\t\t<h3 class=\"elementor-heading-title elementor-size-default\">Ein Blick aus dem Fenster \u2014 Wieder ins&nbsp;Bett?<\/h3>\t\t\t\t<\/div>\n\t\t\t\t<\/div>\n\t\t\t\t<div class=\"elementor-element elementor-element-63f8688 elementor-widget elementor-widget-text-editor\" data-id=\"63f8688\" data-element_type=\"widget\" data-e-type=\"widget\" data-widget_type=\"text-editor.default\">\n\t\t\t\t<div class=\"elementor-widget-container\">\n\t\t\t\t\t\t\t\t\t<p>Laut Wetter\u00adbe\u00adricht, h\u00e4tte mein Heimatort unter einer ordent\u00adli\u00adchen Nebel\u00adsuppe verschwinden sollen. So, stand ich nun am Fenster und schaute in die Dunkel\u00adheit. Was ich sah? Nichts. Nicht, dass es zu dunkel war, nein, kein biss\u00adchen Dunst oder Nebel. Also wieder hinlegen? Kommt nicht in Frage. Jetzt bin ich wach. Eine Stunde vor Sonnen\u00adauf\u00adgang. Bis ich jetzt wieder einge\u00adschlafen bin, w\u00fcrde ich so oder so aufstehen.&nbsp;<\/p><p>Also warm anziehen und raus. Mit meinem E\u2011Bike beschloss ich, schnell auf unseren Haus\u00adberg, den Letzen\u00adberg, zu fahren. Von dort aus kann ich mehr oder weniger in alle Himmels\u00adrich\u00adtungen schauen und mich entscheiden, wo der beste Stand\u00adpunkt f\u00fcr Bilder sein k\u00f6nnte. Knapp unter\u00adhalb des Gipfels, sah ich in die Ferne. Die F\u00e4rbung der Blauen Stunde war bereits wunder\u00adsch\u00f6n, mit einigen Schlei\u00ader\u00adwolken am Hori\u00adzont. Von dort aus, sah ich wo der Nebel hing. Hinten im Angel\u00adbachtal schwebte er seidig um die dort liegenden H\u00fcgel des Kraich\u00adgaus. Ich beschloss sofort ein Bild zu machen.&nbsp;<\/p><p>Leider musste ich fest\u00adstellen, dass von hier aus, wohl aber nicht mehr inter\u00ades\u00adsante Bilder zu foto\u00adgra\u00adfieren sind. Schade, eigent\u00adlich hatte ich f\u00fcr hier einiges im Kopf gehabt. Aber der Nebel hing am Mann\u00ada\u00adberg bei Rauen\u00adberg. Also schnell wieder alles einpa\u00adcken und mit vollem Tempo dort&nbsp;hin.&nbsp;<\/p>\t\t\t\t\t\t\t\t<\/div>\n\t\t\t\t<\/div>\n\t\t\t\t<div class=\"elementor-element elementor-element-4daae52 elementor-invisible elementor-widget elementor-widget-image\" data-id=\"4daae52\" data-element_type=\"widget\" data-e-type=\"widget\" data-settings=\"{&quot;_animation&quot;:&quot;zoomIn&quot;}\" data-widget_type=\"image.default\">\n\t\t\t\t<div class=\"elementor-widget-container\">\n\t\t\t\t\t\t\t\t\t\t\t\t<figure class=\"wp-caption\">\n\t\t\t\t\t\t\t\t\t\t<img fetchpriority=\"high\" decoding=\"async\" width=\"2000\" height=\"1125\" src=\"https:\/\/simonschoenhoff.de\/wp-content\/uploads\/2023\/10\/2023-09-24-Nebelstimmung-Kraichgau_1.jpg\" class=\"attachment-full size-full wp-image-12150\" alt srcset=\"https:\/\/simonschoenhoff.de\/wp-content\/uploads\/2023\/10\/2023-09-24-Nebelstimmung-Kraichgau_1.jpg 2000w, https:\/\/simonschoenhoff.de\/wp-content\/uploads\/2023\/10\/2023-09-24-Nebelstimmung-Kraichgau_1-300x169.jpg 300w, https:\/\/simonschoenhoff.de\/wp-content\/uploads\/2023\/10\/2023-09-24-Nebelstimmung-Kraichgau_1-768x432.jpg 768w, https:\/\/simonschoenhoff.de\/wp-content\/uploads\/2023\/10\/2023-09-24-Nebelstimmung-Kraichgau_1-1536x864.jpg 1536w, https:\/\/simonschoenhoff.de\/wp-content\/uploads\/2023\/10\/2023-09-24-Nebelstimmung-Kraichgau_1-18x10.jpg 18w, https:\/\/simonschoenhoff.de\/wp-content\/uploads\/2023\/10\/2023-09-24-Nebelstimmung-Kraichgau_1-1200x675.jpg 1200w\" sizes=\"(max-width: 2000px) 100vw, 2000px\">\t\t\t\t\t\t\t\t\t\t\t<figcaption class=\"widget-image-caption wp-caption-text\">Sony a7IV + Sony FE 100\u2013400 mm&nbsp;GM<\/figcaption>\n\t\t\t\t\t\t\t\t\t\t<\/figure>\n\t\t\t\t\t\t\t\t\t<\/div>\n\t\t\t\t<\/div>\n\t\t\t\t\t<\/div>\n\t\t\t\t<\/div>\n\t\t<div class=\"elementor-element elementor-element-615ec70 e-flex e-con-boxed e-con e-parent\" data-id=\"615ec70\" data-element_type=\"container\" data-e-type=\"container\">\n\t\t\t\t\t<div class=\"e-con-inner\">\n\t\t\t\t<div class=\"elementor-element elementor-element-d8b1986 elementor-widget elementor-widget-heading\" data-id=\"d8b1986\" data-element_type=\"widget\" data-e-type=\"widget\" data-widget_type=\"heading.default\">\n\t\t\t\t<div class=\"elementor-widget-container\">\n\t\t\t\t\t<h3 class=\"elementor-heading-title elementor-size-default\">Eine Nebel\u00adwalze \u2014 bin ich am rich\u00adtigen&nbsp;Ort?<\/h3>\t\t\t\t<\/div>\n\t\t\t\t<\/div>\n\t\t\t\t<div class=\"elementor-element elementor-element-715ed59 elementor-widget elementor-widget-text-editor\" data-id=\"715ed59\" data-element_type=\"widget\" data-e-type=\"widget\" data-widget_type=\"text-editor.default\">\n\t\t\t\t<div class=\"elementor-widget-container\">\n\t\t\t\t\t\t\t\t\t<p>Dort hatte ich schon einige Posi\u00adtionen gescoutet in den letzten Monaten. Also wusste ich, wo ich hin musste. Leider stellte ich vor Ort fest, dass die Strom\u00adlei\u00adtungen der Hoch\u00adspan\u00adnungs\u00adlei\u00adtungen immer noch vor Ort waren. Aber die Nebel\u00adwalze, die dort von den H\u00fcgeln herun\u00adterkam, war einfach zu fotogen, also machte ich einige Aufnahmen. Tolle Aufnahmen. Mit dem rich\u00adtigen Bild\u00adaus\u00adschnitt, waren die Strom\u00adlei\u00adtungen auch kaum st\u00f6rend, bzw. lie\u00dfen sich leicht mit Photo\u00adshop entfernen, sollten sie doch an einer Ecke ins Bild schauen.&nbsp;<\/p><p>Dann kam doch wieder der Gedanke: \u201eBin ich an der rich\u00adtigen Stelle?\u201c. So ganz 100%ig zufrieden bin ich nicht. Viel\u00adleicht sollte ich vor Sonnen\u00adauf\u00adgang doch nochmal die Posi\u00adtion wech\u00adseln. Ich stieg wieder auf\u2019s Rad. Berg hoch, Berg runter. Hin und her. Aber es ergab sich nichts besseres. Also schnell wieder zur\u00fcck. Ich war richtig au\u00dfer Atem, als ich an der urspr\u00fcng\u00adli\u00adchen Posi\u00adtion ankam. Diese Aktion war umsonst.&nbsp;<\/p><p>Zur\u00fcck auf Posi\u00adtion, war die Sonne schon einige Meter \u00fcber den Hori\u00adzont und das Licht kam in einem wunder\u00adsch\u00f6nen Winkel \u00fcber die Wein\u00adberge und streifte deren Zeilen wunder\u00adsch\u00f6n. Mit dem Nebel im Hinter\u00adgrund ergab sich eine tolle Aufnahme.<\/p>\t\t\t\t\t\t\t\t<\/div>\n\t\t\t\t<\/div>\n\t\t\t\t<div class=\"elementor-element elementor-element-e9a1428 elementor-invisible elementor-widget elementor-widget-image\" data-id=\"e9a1428\" data-element_type=\"widget\" data-e-type=\"widget\" data-settings=\"{&quot;_animation&quot;:&quot;zoomIn&quot;}\" data-widget_type=\"image.default\">\n\t\t\t\t<div class=\"elementor-widget-container\">\n\t\t\t\t\t\t\t\t\t\t\t\t<figure class=\"wp-caption\">\n\t\t\t\t\t\t\t\t\t\t<img decoding=\"async\" width=\"1500\" height=\"2000\" src=\"https:\/\/simonschoenhoff.de\/wp-content\/uploads\/2023\/10\/2023-09-24-Nebelstimmung-Kraichgau_5.jpg\" class=\"attachment-full size-full wp-image-12154\" alt srcset=\"https:\/\/simonschoenhoff.de\/wp-content\/uploads\/2023\/10\/2023-09-24-Nebelstimmung-Kraichgau_5.jpg 1500w, https:\/\/simonschoenhoff.de\/wp-content\/uploads\/2023\/10\/2023-09-24-Nebelstimmung-Kraichgau_5-225x300.jpg 225w, https:\/\/simonschoenhoff.de\/wp-content\/uploads\/2023\/10\/2023-09-24-Nebelstimmung-Kraichgau_5-768x1024.jpg 768w, https:\/\/simonschoenhoff.de\/wp-content\/uploads\/2023\/10\/2023-09-24-Nebelstimmung-Kraichgau_5-1152x1536.jpg 1152w, https:\/\/simonschoenhoff.de\/wp-content\/uploads\/2023\/10\/2023-09-24-Nebelstimmung-Kraichgau_5-9x12.jpg 9w, https:\/\/simonschoenhoff.de\/wp-content\/uploads\/2023\/10\/2023-09-24-Nebelstimmung-Kraichgau_5-1200x1600.jpg 1200w\" sizes=\"(max-width: 1500px) 100vw, 1500px\">\t\t\t\t\t\t\t\t\t\t\t<figcaption class=\"widget-image-caption wp-caption-text\">Sony a7IV + Sony FE100-400 mm&nbsp;GM<\/figcaption>\n\t\t\t\t\t\t\t\t\t\t<\/figure>\n\t\t\t\t\t\t\t\t\t<\/div>\n\t\t\t\t<\/div>\n\t\t\t\t\t<\/div>\n\t\t\t\t<\/div>\n\t\t<div class=\"elementor-element elementor-element-3211130 e-flex e-con-boxed e-con e-parent\" data-id=\"3211130\" data-element_type=\"container\" data-e-type=\"container\">\n\t\t\t\t\t<div class=\"e-con-inner\">\n\t\t\t\t<div class=\"elementor-element elementor-element-64da777 elementor-widget elementor-widget-heading\" data-id=\"64da777\" data-element_type=\"widget\" data-e-type=\"widget\" data-widget_type=\"heading.default\">\n\t\t\t\t<div class=\"elementor-widget-container\">\n\t\t\t\t\t<h3 class=\"elementor-heading-title elementor-size-default\">Besser an einem Ort zu arbeiten<\/h3>\t\t\t\t<\/div>\n\t\t\t\t<\/div>\n\t\t\t\t<div class=\"elementor-element elementor-element-ca8a3d3 elementor-widget elementor-widget-text-editor\" data-id=\"ca8a3d3\" data-element_type=\"widget\" data-e-type=\"widget\" data-widget_type=\"text-editor.default\">\n\t\t\t\t<div class=\"elementor-widget-container\">\n\t\t\t\t\t\t\t\t\t<p>Es zeigte sich mal wieder, dass, sobald man sich fest\u00adge\u00adlegt hat, man lieber an einem Ort arbeiten sollte. Dort alle Kompo\u00adsi\u00adtionen heraus arbeiten f\u00fchrt zwangs\u00adl\u00e4ufig zu besseren Bildern, als durch das hin- und herrennen, um m\u00f6glichst den besten Standort zu bekommen. Das Licht an so einem Morgen ist relativ fl\u00fcchtig. Manchmal hat man nur ein paar Minuten Zeit f\u00fcr die besten Aufnahmen. Dann ist es besser einen, viel\u00adleicht nicht ganz idealen Ort zu nutzen und foto\u00adgra\u00adfisch kreativ alles heraus\u00adzu\u00adholen, als den Ort mehr\u00adfach zu wech\u00adseln, viel\u00adleicht so oder so nicht den idealen Ort zu finden und nur Stan\u00addard-Shots aufzu\u00adnehmen. Eine Lektion, die ich an diesem Morgen gelernt habe.&nbsp;<\/p><p>Meine favo\u00adri\u00adsierte Aufnahme des Morgens ist die folgende. Die Sonne war schon etwas h\u00f6her, ber\u00fchrte aber gerade so die H\u00fcgel. Die Nebel\u00admenge nahm noch einmal ein wenig zu&nbsp; tauchte die B\u00e4ume in myste\u00adri\u00f6se Stim\u00admung. Sogar einige star\u00adtende V\u00f6gel kann man ober\u00adhalb der B\u00e4ume erkennen, wenn man das Bild in 100% Aufl\u00f6\u00adsung betrachtet. Ein Bild, dass besser wirkt, je gr\u00f6\u00dfer man es anschaut. (Nichts f\u00fcr Smartphone-Bildschirme)&nbsp;\ud83d\ude09<\/p>\t\t\t\t\t\t\t\t<\/div>\n\t\t\t\t<\/div>\n\t\t\t\t<div class=\"elementor-element elementor-element-18c7d76 elementor-invisible elementor-widget elementor-widget-image\" data-id=\"18c7d76\" data-element_type=\"widget\" data-e-type=\"widget\" data-settings=\"{&quot;_animation&quot;:&quot;zoomIn&quot;}\" data-widget_type=\"image.default\">\n\t\t\t\t<div class=\"elementor-widget-container\">\n\t\t\t\t\t\t\t\t\t\t\t\t<figure class=\"wp-caption\">\n\t\t\t\t\t\t\t\t\t\t<img decoding=\"async\" width=\"2560\" height=\"1440\" src=\"https:\/\/simonschoenhoff.de\/wp-content\/uploads\/2023\/10\/A7402618-Bearbeitet_Goldener-Morgen-scaled.jpg\" class=\"attachment-full size-full wp-image-12167\" alt srcset=\"https:\/\/simonschoenhoff.de\/wp-content\/uploads\/2023\/10\/A7402618-Bearbeitet_Goldener-Morgen-scaled.jpg 2560w, https:\/\/simonschoenhoff.de\/wp-content\/uploads\/2023\/10\/A7402618-Bearbeitet_Goldener-Morgen-2048x1152.jpg 2048w, https:\/\/simonschoenhoff.de\/wp-content\/uploads\/2023\/10\/A7402618-Bearbeitet_Goldener-Morgen-300x169.jpg 300w, https:\/\/simonschoenhoff.de\/wp-content\/uploads\/2023\/10\/A7402618-Bearbeitet_Goldener-Morgen-768x432.jpg 768w, https:\/\/simonschoenhoff.de\/wp-content\/uploads\/2023\/10\/A7402618-Bearbeitet_Goldener-Morgen-1536x864.jpg 1536w, https:\/\/simonschoenhoff.de\/wp-content\/uploads\/2023\/10\/A7402618-Bearbeitet_Goldener-Morgen-18x10.jpg 18w, https:\/\/simonschoenhoff.de\/wp-content\/uploads\/2023\/10\/A7402618-Bearbeitet_Goldener-Morgen-1200x675.jpg 1200w\" sizes=\"(max-width: 2560px) 100vw, 2560px\">\t\t\t\t\t\t\t\t\t\t\t<figcaption class=\"widget-image-caption wp-caption-text\">Sony a7IV + Sony FE 2.8\/16\u201335 mm&nbsp;GM<\/figcaption>\n\t\t\t\t\t\t\t\t\t\t<\/figure>\n\t\t\t\t\t\t\t\t\t<\/div>\n\t\t\t\t<\/div>\n\t\t\t\t\t<\/div>\n\t\t\t\t<\/div>\n\t\t<div class=\"elementor-element elementor-element-c374a16 e-flex e-con-boxed elementor-invisible e-con e-child\" data-id=\"c374a16\" data-element_type=\"container\" data-e-type=\"container\" data-settings=\"{&quot;background_background&quot;:&quot;classic&quot;,&quot;animation&quot;:&quot;zoomIn&quot;}\">\n\t\t\t\t\t<div class=\"e-con-inner\">\n\t\t\t\t<div class=\"elementor-element elementor-element-15a73d8 elementor-widget__width-initial elementor-widget elementor-widget-text-editor\" data-id=\"15a73d8\" data-element_type=\"widget\" data-e-type=\"widget\" data-widget_type=\"text-editor.default\">\n\t\t\t\t<div class=\"elementor-widget-container\">\n\t\t\t\t\t\t\t\t\t<p style=\"text-align: center;\">This and all other shots of this post you can request under \u201cPrints\u201d as an art print for your wall at home directly from&nbsp;me.&nbsp;<\/p>\t\t\t\t\t\t\t\t<\/div>\n\t\t\t\t<\/div>\n\t\t\t\t<div class=\"elementor-element elementor-element-7131754 elementor-widget elementor-widget-button\" data-id=\"7131754\" data-element_type=\"widget\" data-e-type=\"widget\" data-settings=\"{&quot;_animation_mobile&quot;:&quot;fadeIn&quot;}\" data-widget_type=\"button.default\">\n\t\t\t\t<div class=\"elementor-widget-container\">\n\t\t\t\t\t\t\t\t\t<div class=\"elementor-button-wrapper\">\n\t\t\t\t\t<a class=\"elementor-button elementor-button-link elementor-size-sm elementor-animation-grow\" href=\"https:\/\/simonschoenhoff.de\/en\/prints\/\">\n\t\t\t\t\t\t<span class=\"elementor-button-content-wrapper\">\n\t\t\t\t\t\t<span class=\"elementor-button-icon\">\n\t\t\t\t<i aria-hidden=\"true\" class=\"fas fa-shopping-cart\"><\/i>\t\t\t<\/span>\n\t\t\t\t\t\t\t\t\t<span class=\"elementor-button-text\">Prints<\/span>\n\t\t\t\t\t<\/span>\n\t\t\t\t\t<\/a>\n\t\t\t\t<\/div>\n\t\t\t\t\t\t\t\t<\/div>\n\t\t\t\t<\/div>\n\t\t\t\t\t<\/div>\n\t\t\t\t<\/div>\n\t\t<div class=\"elementor-element elementor-element-0fb9aac e-flex e-con-boxed e-con e-parent\" data-id=\"0fb9aac\" data-element_type=\"container\" data-e-type=\"container\">\n\t\t\t\t\t<div class=\"e-con-inner\">\n\t\t\t\t<div class=\"elementor-element elementor-element-36e3463 elementor-widget elementor-widget-text-editor\" data-id=\"36e3463\" data-element_type=\"widget\" data-e-type=\"widget\" data-widget_type=\"text-editor.default\">\n\t\t\t\t<div class=\"elementor-widget-container\">\n\t\t\t\t\t\t\t\t\t<p>For more info and back\u00adground on how I took this picture, be sure to check out the video on YouTube below!<\/p>\t\t\t\t\t\t\t\t<\/div>\n\t\t\t\t<\/div>\n\t\t\t\t<div class=\"elementor-element elementor-element-0a436e6 elementor-widget elementor-widget-heading\" data-id=\"0a436e6\" data-element_type=\"widget\" data-e-type=\"widget\" data-widget_type=\"heading.default\">\n\t\t\t\t<div class=\"elementor-widget-container\">\n\t\t\t\t\t<h3 class=\"elementor-heading-title elementor-size-default\">Pictures from the&nbsp;VLOG<\/h3>\t\t\t\t<\/div>\n\t\t\t\t<\/div>\n\t\t\t\t<div class=\"elementor-element elementor-element-8b65cb6 elementor-widget elementor-widget-text-editor\" data-id=\"8b65cb6\" data-element_type=\"widget\" data-e-type=\"widget\" data-widget_type=\"text-editor.default\">\n\t\t\t\t<div class=\"elementor-widget-container\">\n\t\t\t\t\t\t\t\t\t<p>In this gallery, I have compiled all the photos from the VLOG so that you can view them at your leisure. Have a look on Youtube and leave a comment or a like. If you liked the video, you can also subscribe to my channel so that you don\u2019t miss any new videos.<\/p>\t\t\t\t\t\t\t\t<\/div>\n\t\t\t\t<\/div>\n\t\t\t\t<div class=\"elementor-element elementor-element-461f918 elementor-widget elementor-widget-gallery\" data-id=\"461f918\" data-element_type=\"widget\" data-e-type=\"widget\" data-settings=\"{&quot;gallery_layout&quot;:&quot;justified&quot;,&quot;ideal_row_height&quot;:{&quot;unit&quot;:&quot;px&quot;,&quot;size&quot;:500,&quot;sizes&quot;:[]},&quot;lazyload&quot;:&quot;yes&quot;,&quot;ideal_row_height_tablet&quot;:{&quot;unit&quot;:&quot;px&quot;,&quot;size&quot;:150,&quot;sizes&quot;:[]},&quot;ideal_row_height_mobile&quot;:{&quot;unit&quot;:&quot;px&quot;,&quot;size&quot;:150,&quot;sizes&quot;:[]},&quot;gap&quot;:{&quot;unit&quot;:&quot;px&quot;,&quot;size&quot;:10,&quot;sizes&quot;:[]},&quot;gap_tablet&quot;:{&quot;unit&quot;:&quot;px&quot;,&quot;size&quot;:10,&quot;sizes&quot;:[]},&quot;gap_mobile&quot;:{&quot;unit&quot;:&quot;px&quot;,&quot;size&quot;:10,&quot;sizes&quot;:[]},&quot;link_to&quot;:&quot;file&quot;,&quot;overlay_background&quot;:&quot;yes&quot;,&quot;content_hover_animation&quot;:&quot;fade-in&quot;}\" data-widget_type=\"gallery.default\">\n\t\t\t\t<div class=\"elementor-widget-container\">\n\t\t\t\t\t\t\t<div class=\"elementor-gallery__container\">\n\t\t\t\t\t\t\t<a class=\"e-gallery-item elementor-gallery-item elementor-animated-content\" href=\"https:\/\/simonschoenhoff.de\/wp-content\/uploads\/2023\/10\/2023-09-24-Nebelstimmung-Kraichgau_1.jpg\" data-elementor-open-lightbox=\"yes\" data-elementor-lightbox-slideshow=\"461f918\" data-e-action-hash=\"#elementor-action%3Aaction%3Dlightbox%26settings%3DeyJpZCI6MTIxNTAsInVybCI6Imh0dHBzOlwvXC9zaW1vbnNjaG9lbmhvZmYuZGVcL3dwLWNvbnRlbnRcL3VwbG9hZHNcLzIwMjNcLzEwXC8yMDIzLTA5LTI0LU5lYmVsc3RpbW11bmctS3JhaWNoZ2F1XzEuanBnIiwic2xpZGVzaG93IjoiNDYxZjkxOCJ9\">\n\t\t\t\t\t<div class=\"e-gallery-image elementor-gallery-item__image\" data-thumbnail=\"https:\/\/simonschoenhoff.de\/wp-content\/uploads\/2023\/10\/2023-09-24-Nebelstimmung-Kraichgau_1.jpg\" data-width=\"2000\" data-height=\"1125\" aria-label role=\"img\"><\/div>\n\t\t\t\t\t\t\t\t\t\t\t<div class=\"elementor-gallery-item__overlay\"><\/div>\n\t\t\t\t\t\t\t\t\t\t\t\t\t\t<\/a>\n\t\t\t\t\t\t\t<a class=\"e-gallery-item elementor-gallery-item elementor-animated-content\" href=\"https:\/\/simonschoenhoff.de\/wp-content\/uploads\/2023\/10\/2023-09-24-Nebelstimmung-Kraichgau_2.jpg\" data-elementor-open-lightbox=\"yes\" data-elementor-lightbox-slideshow=\"461f918\" data-e-action-hash=\"#elementor-action%3Aaction%3Dlightbox%26settings%3DeyJpZCI6MTIxNTEsInVybCI6Imh0dHBzOlwvXC9zaW1vbnNjaG9lbmhvZmYuZGVcL3dwLWNvbnRlbnRcL3VwbG9hZHNcLzIwMjNcLzEwXC8yMDIzLTA5LTI0LU5lYmVsc3RpbW11bmctS3JhaWNoZ2F1XzIuanBnIiwic2xpZGVzaG93IjoiNDYxZjkxOCJ9\">\n\t\t\t\t\t<div class=\"e-gallery-image elementor-gallery-item__image\" data-thumbnail=\"https:\/\/simonschoenhoff.de\/wp-content\/uploads\/2023\/10\/2023-09-24-Nebelstimmung-Kraichgau_2.jpg\" data-width=\"2000\" data-height=\"1125\" aria-label role=\"img\"><\/div>\n\t\t\t\t\t\t\t\t\t\t\t<div class=\"elementor-gallery-item__overlay\"><\/div>\n\t\t\t\t\t\t\t\t\t\t\t\t\t\t<\/a>\n\t\t\t\t\t\t\t<a class=\"e-gallery-item elementor-gallery-item elementor-animated-content\" href=\"https:\/\/simonschoenhoff.de\/wp-content\/uploads\/2023\/10\/2023-09-24-Nebelstimmung-Kraichgau_3.jpg\" data-elementor-open-lightbox=\"yes\" data-elementor-lightbox-slideshow=\"461f918\" data-e-action-hash=\"#elementor-action%3Aaction%3Dlightbox%26settings%3DeyJpZCI6MTIxNTIsInVybCI6Imh0dHBzOlwvXC9zaW1vbnNjaG9lbmhvZmYuZGVcL3dwLWNvbnRlbnRcL3VwbG9hZHNcLzIwMjNcLzEwXC8yMDIzLTA5LTI0LU5lYmVsc3RpbW11bmctS3JhaWNoZ2F1XzMuanBnIiwic2xpZGVzaG93IjoiNDYxZjkxOCJ9\">\n\t\t\t\t\t<div class=\"e-gallery-image elementor-gallery-item__image\" data-thumbnail=\"https:\/\/simonschoenhoff.de\/wp-content\/uploads\/2023\/10\/2023-09-24-Nebelstimmung-Kraichgau_3.jpg\" data-width=\"2000\" data-height=\"1125\" aria-label role=\"img\"><\/div>\n\t\t\t\t\t\t\t\t\t\t\t<div class=\"elementor-gallery-item__overlay\"><\/div>\n\t\t\t\t\t\t\t\t\t\t\t\t\t\t<\/a>\n\t\t\t\t\t\t\t<a class=\"e-gallery-item elementor-gallery-item elementor-animated-content\" href=\"https:\/\/simonschoenhoff.de\/wp-content\/uploads\/2023\/10\/2023-09-24-Nebelstimmung-Kraichgau_4.jpg\" data-elementor-open-lightbox=\"yes\" data-elementor-lightbox-slideshow=\"461f918\" data-e-action-hash=\"#elementor-action%3Aaction%3Dlightbox%26settings%3DeyJpZCI6MTIxNTMsInVybCI6Imh0dHBzOlwvXC9zaW1vbnNjaG9lbmhvZmYuZGVcL3dwLWNvbnRlbnRcL3VwbG9hZHNcLzIwMjNcLzEwXC8yMDIzLTA5LTI0LU5lYmVsc3RpbW11bmctS3JhaWNoZ2F1XzQuanBnIiwic2xpZGVzaG93IjoiNDYxZjkxOCJ9\">\n\t\t\t\t\t<div class=\"e-gallery-image elementor-gallery-item__image\" data-thumbnail=\"https:\/\/simonschoenhoff.de\/wp-content\/uploads\/2023\/10\/2023-09-24-Nebelstimmung-Kraichgau_4.jpg\" data-width=\"2000\" data-height=\"1333\" aria-label role=\"img\"><\/div>\n\t\t\t\t\t\t\t\t\t\t\t<div class=\"elementor-gallery-item__overlay\"><\/div>\n\t\t\t\t\t\t\t\t\t\t\t\t\t\t<\/a>\n\t\t\t\t\t\t\t<a class=\"e-gallery-item elementor-gallery-item elementor-animated-content\" href=\"https:\/\/simonschoenhoff.de\/wp-content\/uploads\/2023\/10\/2023-09-24-Nebelstimmung-Kraichgau_5.jpg\" data-elementor-open-lightbox=\"yes\" data-elementor-lightbox-slideshow=\"461f918\" data-e-action-hash=\"#elementor-action%3Aaction%3Dlightbox%26settings%3DeyJpZCI6MTIxNTQsInVybCI6Imh0dHBzOlwvXC9zaW1vbnNjaG9lbmhvZmYuZGVcL3dwLWNvbnRlbnRcL3VwbG9hZHNcLzIwMjNcLzEwXC8yMDIzLTA5LTI0LU5lYmVsc3RpbW11bmctS3JhaWNoZ2F1XzUuanBnIiwic2xpZGVzaG93IjoiNDYxZjkxOCJ9\">\n\t\t\t\t\t<div class=\"e-gallery-image elementor-gallery-item__image\" data-thumbnail=\"https:\/\/simonschoenhoff.de\/wp-content\/uploads\/2023\/10\/2023-09-24-Nebelstimmung-Kraichgau_5.jpg\" data-width=\"1500\" data-height=\"2000\" aria-label role=\"img\"><\/div>\n\t\t\t\t\t\t\t\t\t\t\t<div class=\"elementor-gallery-item__overlay\"><\/div>\n\t\t\t\t\t\t\t\t\t\t\t\t\t\t<\/a>\n\t\t\t\t\t\t\t<a class=\"e-gallery-item elementor-gallery-item elementor-animated-content\" href=\"https:\/\/simonschoenhoff.de\/wp-content\/uploads\/2023\/10\/2023-09-24-Nebelstimmung-Kraichgau_6.jpg\" data-elementor-open-lightbox=\"yes\" data-elementor-lightbox-slideshow=\"461f918\" data-e-action-hash=\"#elementor-action%3Aaction%3Dlightbox%26settings%3DeyJpZCI6MTIxNTUsInVybCI6Imh0dHBzOlwvXC9zaW1vbnNjaG9lbmhvZmYuZGVcL3dwLWNvbnRlbnRcL3VwbG9hZHNcLzIwMjNcLzEwXC8yMDIzLTA5LTI0LU5lYmVsc3RpbW11bmctS3JhaWNoZ2F1XzYuanBnIiwic2xpZGVzaG93IjoiNDYxZjkxOCJ9\">\n\t\t\t\t\t<div class=\"e-gallery-image elementor-gallery-item__image\" data-thumbnail=\"https:\/\/simonschoenhoff.de\/wp-content\/uploads\/2023\/10\/2023-09-24-Nebelstimmung-Kraichgau_6.jpg\" data-width=\"2000\" data-height=\"1125\" aria-label role=\"img\"><\/div>\n\t\t\t\t\t\t\t\t\t\t\t<div class=\"elementor-gallery-item__overlay\"><\/div>\n\t\t\t\t\t\t\t\t\t\t\t\t\t\t<\/a>\n\t\t\t\t\t\t\t<a class=\"e-gallery-item elementor-gallery-item elementor-animated-content\" href=\"https:\/\/simonschoenhoff.de\/wp-content\/uploads\/2023\/10\/2023-09-24-Nebelstimmung-Kraichgau_7.jpg\" data-elementor-open-lightbox=\"yes\" data-elementor-lightbox-slideshow=\"461f918\" data-e-action-hash=\"#elementor-action%3Aaction%3Dlightbox%26settings%3DeyJpZCI6MTIxNTYsInVybCI6Imh0dHBzOlwvXC9zaW1vbnNjaG9lbmhvZmYuZGVcL3dwLWNvbnRlbnRcL3VwbG9hZHNcLzIwMjNcLzEwXC8yMDIzLTA5LTI0LU5lYmVsc3RpbW11bmctS3JhaWNoZ2F1XzcuanBnIiwic2xpZGVzaG93IjoiNDYxZjkxOCJ9\">\n\t\t\t\t\t<div class=\"e-gallery-image elementor-gallery-item__image\" data-thumbnail=\"https:\/\/simonschoenhoff.de\/wp-content\/uploads\/2023\/10\/2023-09-24-Nebelstimmung-Kraichgau_7.jpg\" data-width=\"2000\" data-height=\"1333\" aria-label role=\"img\"><\/div>\n\t\t\t\t\t\t\t\t\t\t\t<div class=\"elementor-gallery-item__overlay\"><\/div>\n\t\t\t\t\t\t\t\t\t\t\t\t\t\t<\/a>\n\t\t\t\t\t\t\t<a class=\"e-gallery-item elementor-gallery-item elementor-animated-content\" href=\"https:\/\/simonschoenhoff.de\/wp-content\/uploads\/2023\/10\/2023-09-24-Nebelstimmung-Kraichgau_8.jpg\" data-elementor-open-lightbox=\"yes\" data-elementor-lightbox-slideshow=\"461f918\" data-e-action-hash=\"#elementor-action%3Aaction%3Dlightbox%26settings%3DeyJpZCI6MTIxNTcsInVybCI6Imh0dHBzOlwvXC9zaW1vbnNjaG9lbmhvZmYuZGVcL3dwLWNvbnRlbnRcL3VwbG9hZHNcLzIwMjNcLzEwXC8yMDIzLTA5LTI0LU5lYmVsc3RpbW11bmctS3JhaWNoZ2F1XzguanBnIiwic2xpZGVzaG93IjoiNDYxZjkxOCJ9\">\n\t\t\t\t\t<div class=\"e-gallery-image elementor-gallery-item__image\" data-thumbnail=\"https:\/\/simonschoenhoff.de\/wp-content\/uploads\/2023\/10\/2023-09-24-Nebelstimmung-Kraichgau_8.jpg\" data-width=\"2000\" data-height=\"1333\" aria-label role=\"img\"><\/div>\n\t\t\t\t\t\t\t\t\t\t\t<div class=\"elementor-gallery-item__overlay\"><\/div>\n\t\t\t\t\t\t\t\t\t\t\t\t\t\t<\/a>\n\t\t\t\t\t\t\t<a class=\"e-gallery-item elementor-gallery-item elementor-animated-content\" href=\"https:\/\/simonschoenhoff.de\/wp-content\/uploads\/2023\/10\/2023-09-24-Nebelstimmung-Kraichgau_9.jpg\" data-elementor-open-lightbox=\"yes\" data-elementor-lightbox-slideshow=\"461f918\" data-e-action-hash=\"#elementor-action%3Aaction%3Dlightbox%26settings%3DeyJpZCI6MTIxNTgsInVybCI6Imh0dHBzOlwvXC9zaW1vbnNjaG9lbmhvZmYuZGVcL3dwLWNvbnRlbnRcL3VwbG9hZHNcLzIwMjNcLzEwXC8yMDIzLTA5LTI0LU5lYmVsc3RpbW11bmctS3JhaWNoZ2F1XzkuanBnIiwic2xpZGVzaG93IjoiNDYxZjkxOCJ9\">\n\t\t\t\t\t<div class=\"e-gallery-image elementor-gallery-item__image\" data-thumbnail=\"https:\/\/simonschoenhoff.de\/wp-content\/uploads\/2023\/10\/2023-09-24-Nebelstimmung-Kraichgau_9.jpg\" data-width=\"2000\" data-height=\"1333\" aria-label role=\"img\"><\/div>\n\t\t\t\t\t\t\t\t\t\t\t<div class=\"elementor-gallery-item__overlay\"><\/div>\n\t\t\t\t\t\t\t\t\t\t\t\t\t\t<\/a>\n\t\t\t\t\t\t\t<a class=\"e-gallery-item elementor-gallery-item elementor-animated-content\" href=\"https:\/\/simonschoenhoff.de\/wp-content\/uploads\/2023\/10\/2023-09-24-Nebelstimmung-Kraichgau_10.jpg\" data-elementor-open-lightbox=\"yes\" data-elementor-lightbox-slideshow=\"461f918\" data-e-action-hash=\"#elementor-action%3Aaction%3Dlightbox%26settings%3DeyJpZCI6MTIxNTksInVybCI6Imh0dHBzOlwvXC9zaW1vbnNjaG9lbmhvZmYuZGVcL3dwLWNvbnRlbnRcL3VwbG9hZHNcLzIwMjNcLzEwXC8yMDIzLTA5LTI0LU5lYmVsc3RpbW11bmctS3JhaWNoZ2F1XzEwLmpwZyIsInNsaWRlc2hvdyI6IjQ2MWY5MTgifQ%3D%3D\">\n\t\t\t\t\t<div class=\"e-gallery-image elementor-gallery-item__image\" data-thumbnail=\"https:\/\/simonschoenhoff.de\/wp-content\/uploads\/2023\/10\/2023-09-24-Nebelstimmung-Kraichgau_10.jpg\" data-width=\"1333\" data-height=\"2000\" aria-label role=\"img\"><\/div>\n\t\t\t\t\t\t\t\t\t\t\t<div class=\"elementor-gallery-item__overlay\"><\/div>\n\t\t\t\t\t\t\t\t\t\t\t\t\t\t<\/a>\n\t\t\t\t\t\t\t<a class=\"e-gallery-item elementor-gallery-item elementor-animated-content\" href=\"https:\/\/simonschoenhoff.de\/wp-content\/uploads\/2023\/10\/2023-09-24-Nebelstimmung-Kraichgau_11.jpg\" data-elementor-open-lightbox=\"yes\" data-elementor-lightbox-slideshow=\"461f918\" data-e-action-hash=\"#elementor-action%3Aaction%3Dlightbox%26settings%3DeyJpZCI6MTIxNjAsInVybCI6Imh0dHBzOlwvXC9zaW1vbnNjaG9lbmhvZmYuZGVcL3dwLWNvbnRlbnRcL3VwbG9hZHNcLzIwMjNcLzEwXC8yMDIzLTA5LTI0LU5lYmVsc3RpbW11bmctS3JhaWNoZ2F1XzExLmpwZyIsInNsaWRlc2hvdyI6IjQ2MWY5MTgifQ%3D%3D\">\n\t\t\t\t\t<div class=\"e-gallery-image elementor-gallery-item__image\" data-thumbnail=\"https:\/\/simonschoenhoff.de\/wp-content\/uploads\/2023\/10\/2023-09-24-Nebelstimmung-Kraichgau_11.jpg\" data-width=\"2000\" data-height=\"1125\" aria-label role=\"img\"><\/div>\n\t\t\t\t\t\t\t\t\t\t\t<div class=\"elementor-gallery-item__overlay\"><\/div>\n\t\t\t\t\t\t\t\t\t\t\t\t\t\t<\/a>\n\t\t\t\t\t<\/div>\n\t\t\t\t\t<\/div>\n\t\t\t\t<\/div>\n\t\t\t\t\t<\/div>\n\t\t\t\t<\/div>\n\t\t<div class=\"elementor-element elementor-element-e06e29e e-flex e-con-boxed e-con e-parent\" data-id=\"e06e29e\" data-element_type=\"container\" data-e-type=\"container\">\n\t\t\t\t\t<div class=\"e-con-inner\">\n\t\t\t\t<div class=\"elementor-element elementor-element-87d4e36 elementor-widget elementor-widget-menu-anchor\" data-id=\"87d4e36\" data-element_type=\"widget\" data-e-type=\"widget\" data-widget_type=\"menu-anchor.default\">\n\t\t\t\t<div class=\"elementor-widget-container\">\n\t\t\t\t\t\t\t<div class=\"elementor-menu-anchor\" id=\"vlog\"><\/div>\n\t\t\t\t\t\t<\/div>\n\t\t\t\t<\/div>\n\t\t\t\t<div class=\"elementor-element elementor-element-50e1466 elementor-widget elementor-widget-heading\" data-id=\"50e1466\" data-element_type=\"widget\" data-e-type=\"widget\" data-widget_type=\"heading.default\">\n\t\t\t\t<div class=\"elementor-widget-container\">\n\t\t\t\t\t<h3 class=\"elementor-heading-title elementor-size-default\">VLOG to the&nbsp;BLOG<\/h3>\t\t\t\t<\/div>\n\t\t\t\t<\/div>\n\t\t\t\t<div class=\"elementor-element elementor-element-ebe8c27 elementor-widget elementor-widget-text-editor\" data-id=\"ebe8c27\" data-element_type=\"widget\" data-e-type=\"widget\" data-widget_type=\"text-editor.default\">\n\t\t\t\t<div class=\"elementor-widget-container\">\n\t\t\t\t\t\t\t\t\t<p>Endlich war mal wieder Nebel in meiner Heimat ange\u00adsagt. Nat\u00fcr\u00adlich, war ich in Halb-Acht-Stel\u00adlung bereit loszu\u00adziehen, denn Nebel und die wunder\u00adsch\u00f6ne Herbst\u00adland\u00adschaft im Kraichgau durfte ich nicht verpassen. Ich hatte einiges im Kopf f\u00fcr was der Wetter\u00adbe\u00adricht tolle Bedin\u00adgungen voraus\u00adsagte. Doch am Morgen, war es weniger Nebel als erhofft. Ich suchte schnell nach Alter\u00adna\u00adtiven und vor und nach dem die Sonne aufge\u00adgangen war, konnte ich tolle Nebel\u00adstim\u00admung in bestem Licht foto\u00adgra\u00adfieren. Was dabei heraus\u00adge\u00adkommen ist und wie ich zu den Bildern kam, seht ihr in meinem VLOG.<\/p>\t\t\t\t\t\t\t\t<\/div>\n\t\t\t\t<\/div>\n\t\t\t\t<div class=\"elementor-element elementor-element-99d1184 elementor-widget elementor-widget-video\" data-id=\"99d1184\" data-element_type=\"widget\" data-e-type=\"widget\" data-settings=\"{&quot;youtube_url&quot;:&quot;https:\\\/\\\/youtu.be\\\/b5ZDOQ9qP6Y&quot;,&quot;video_type&quot;:&quot;youtube&quot;,&quot;controls&quot;:&quot;yes&quot;}\" data-widget_type=\"video.default\">\n\t\t\t\t<div class=\"elementor-widget-container\">\n\t\t\t\t\t\t\t<div class=\"elementor-wrapper elementor-open-inline\">\n\t\t\t<div class=\"elementor-video\"><\/div>\t\t<\/div>\n\t\t\t\t\t\t<\/div>\n\t\t\t\t<\/div>\n\t\t\t\t\t<\/div>\n\t\t\t\t<\/div>\n\t\t\t\t<\/div>","protected":false},"excerpt":{"rendered":"<p>Ich war in Halb-Acht-Stel\u00adlung bereit loszu\u00adziehen, denn der Wetter\u00adbe\u00adricht sagte Nebel f\u00fcr die wunder\u00adsch\u00f6ne Herbst\u00adland\u00adschaft im Kraichgau voraus. Ich hatte einiges im Kopf f\u00fcr was der Wetter\u00adbe\u00adricht tolle Bedin\u00adgungen voraus\u00adsagte. Doch am Morgen, war es weniger Nebel als erhofft. Ich suchte schnell nach Alter\u00adna\u00adtiven und nach dem die Sonne aufge\u00adgangen war, konnte ich tolle Nebel\u00adstim\u00admungen mit goldenem Licht fotografieren.<\/p>","protected":false},"author":1,"featured_media":12167,"comment_status":"open","ping_status":"open","sticky":false,"template":"","format":"standard","meta":{"wp_typography_post_enhancements_disabled":false,"footnotes":""},"categories":[261,4,53,7],"tags":[21,253],"class_list":["post-12165","post","type-post","status-publish","format-standard","has-post-thumbnail","hentry","category-behind-the-shot","category-blog","category-deutschland","category-foto-locations","tag-fotografie","tag-landschaftsfotografie"],"_links":{"self":[{"href":"https:\/\/simonschoenhoff.de\/en\/wp-json\/wp\/v2\/posts\/12165","targetHints":{"allow":["GET"]}}],"collection":[{"href":"https:\/\/simonschoenhoff.de\/en\/wp-json\/wp\/v2\/posts"}],"about":[{"href":"https:\/\/simonschoenhoff.de\/en\/wp-json\/wp\/v2\/types\/post"}],"author":[{"embeddable":true,"href":"https:\/\/simonschoenhoff.de\/en\/wp-json\/wp\/v2\/users\/1"}],"replies":[{"embeddable":true,"href":"https:\/\/simonschoenhoff.de\/en\/wp-json\/wp\/v2\/comments?post=12165"}],"version-history":[{"count":20,"href":"https:\/\/simonschoenhoff.de\/en\/wp-json\/wp\/v2\/posts\/12165\/revisions"}],"predecessor-version":[{"id":12198,"href":"https:\/\/simonschoenhoff.de\/en\/wp-json\/wp\/v2\/posts\/12165\/revisions\/12198"}],"wp:featuredmedia":[{"embeddable":true,"href":"https:\/\/simonschoenhoff.de\/en\/wp-json\/wp\/v2\/media\/12167"}],"wp:attachment":[{"href":"https:\/\/simonschoenhoff.de\/en\/wp-json\/wp\/v2\/media?parent=12165"}],"wp:term":[{"taxonomy":"category","embeddable":true,"href":"https:\/\/simonschoenhoff.de\/en\/wp-json\/wp\/v2\/categories?post=12165"},{"taxonomy":"post_tag","embeddable":true,"href":"https:\/\/simonschoenhoff.de\/en\/wp-json\/wp\/v2\/tags?post=12165"}],"curies":[{"name":"wp","href":"https:\/\/api.w.org\/{rel}","templated":true}]}}