{"id":1000,"date":"2020-08-31T10:41:00","date_gmt":"2020-08-31T10:41:00","guid":{"rendered":"http:\/\/simonschoenhoff.de\/?p=1000"},"modified":"2022-12-31T09:39:54","modified_gmt":"2022-12-31T09:39:54","slug":"tolle-foto-locations-in-zug-zurich-und-luzern","status":"publish","type":"post","link":"https:\/\/simonschoenhoff.de\/en\/tolle-foto-locations-in-zug-zurich-und-luzern\/","title":{"rendered":"Tolle Foto-Loca\u00adtions in Zug, Z\u00fcrich und Luzern"},"content":{"rendered":"<div data-elementor-type=\"wp-post\" data-elementor-id=\"1000\" class=\"elementor elementor-1000\" data-elementor-post-type=\"post\">\n\t\t\t\t<div class=\"elementor-element elementor-element-425107c e-flex e-con-boxed e-con e-parent\" data-id=\"425107c\" data-element_type=\"container\" data-e-type=\"container\">\n\t\t\t\t\t<div class=\"e-con-inner\">\n\t\t<div class=\"elementor-element elementor-element-06347fa e-con-full e-flex e-con e-child\" data-id=\"06347fa\" data-element_type=\"container\" data-e-type=\"container\">\n\t\t\t\t<div class=\"elementor-element elementor-element-d0f6872 elementor-widget elementor-widget-menu-anchor\" data-id=\"d0f6872\" data-element_type=\"widget\" data-e-type=\"widget\" data-widget_type=\"menu-anchor.default\">\n\t\t\t\t<div class=\"elementor-widget-container\">\n\t\t\t\t\t\t\t<div class=\"elementor-menu-anchor\" id=\"seite\"><\/div>\n\t\t\t\t\t\t<\/div>\n\t\t\t\t<\/div>\n\t\t\t\t<div class=\"elementor-element elementor-element-3340d5f elementor-widget elementor-widget-heading\" data-id=\"3340d5f\" data-element_type=\"widget\" data-e-type=\"widget\" data-widget_type=\"heading.default\">\n\t\t\t\t<div class=\"elementor-widget-container\">\n\t\t\t\t\t<h2 class=\"elementor-heading-title elementor-size-default\">in Zug, Z\u00fcrich und Luzern<\/h2>\t\t\t\t<\/div>\n\t\t\t\t<\/div>\n\t\t\t\t<div class=\"elementor-element elementor-element-01d5185 elementor-widget elementor-widget-text-editor\" data-id=\"01d5185\" data-element_type=\"widget\" data-e-type=\"widget\" data-widget_type=\"text-editor.default\">\n\t\t\t\t<div class=\"elementor-widget-container\">\n\t\t\t\t\t\t\t\t\t<p>Denkt man an die Schweiz denkt man auto\u00adma\u00adtisch an atem\u00adbe\u00adrau\u00adbende Berg\u00adland\u00adschaften und viele t\u00fcrkis\u00adfar\u00adbene Berg\u00adseen. Ausnahms\u00adweise ging es f\u00fcr einige tolle Fotos dieses mal nicht in die Berge, sondern weg von der Natur in die St\u00e4dte Zug, Z\u00fcrich und Luzern\u2026<\/p>\t\t\t\t\t\t\t\t<\/div>\n\t\t\t\t<\/div>\n\t\t\t\t<div class=\"elementor-element elementor-element-8a1e237 elementor-widget elementor-widget-text-editor\" data-id=\"8a1e237\" data-element_type=\"widget\" data-e-type=\"widget\" data-widget_type=\"text-editor.default\">\n\t\t\t\t<div class=\"elementor-widget-container\">\n\t\t\t\t\t\t\t\t\t<p style=\"text-align: center;\"><span style=\"font-size: 10pt; font-family: helvetica, arial, sans-serif;\">Gear:<\/span><br><span style=\"font-size: 10pt; font-family: helvetica, arial, sans-serif;\">Kamera: Sony a7 III<\/span><br><span style=\"font-size: 10pt; font-family: helvetica, arial, sans-serif;\">Objektiv: Sony SEL 24\u2013105mm f\/4,0 G&nbsp;OSS<br><\/span><\/p>\t\t\t\t\t\t\t\t<\/div>\n\t\t\t\t<\/div>\n\t\t\t\t<\/div>\n\t\t\t\t\t<\/div>\n\t\t\t\t<\/div>\n\t\t<div class=\"elementor-element elementor-element-cd6973d e-flex e-con-boxed e-con e-parent\" data-id=\"cd6973d\" data-element_type=\"container\" data-e-type=\"container\">\n\t\t\t\t\t<div class=\"e-con-inner\">\n\t\t<div class=\"elementor-element elementor-element-980bb7f e-con-full e-flex e-con e-child\" data-id=\"980bb7f\" data-element_type=\"container\" data-e-type=\"container\">\n\t\t\t\t<div class=\"elementor-element elementor-element-8cb083b elementor-widget elementor-widget-heading\" data-id=\"8cb083b\" data-element_type=\"widget\" data-e-type=\"widget\" data-widget_type=\"heading.default\">\n\t\t\t\t<div class=\"elementor-widget-container\">\n\t\t\t\t\t<h3 class=\"elementor-heading-title elementor-size-default\">Zug<\/h3>\t\t\t\t<\/div>\n\t\t\t\t<\/div>\n\t\t<div class=\"elementor-element elementor-element-3c774a5 e-con-full e-flex e-con e-child\" data-id=\"3c774a5\" data-element_type=\"container\" data-e-type=\"container\">\n\t\t<div class=\"elementor-element elementor-element-bc44c21 e-con-full e-flex e-con e-child\" data-id=\"bc44c21\" data-element_type=\"container\" data-e-type=\"container\">\n\t\t\t\t<div class=\"elementor-element elementor-element-abbe685 elementor-widget elementor-widget-image\" data-id=\"abbe685\" data-element_type=\"widget\" data-e-type=\"widget\" data-widget_type=\"image.default\">\n\t\t\t\t<div class=\"elementor-widget-container\">\n\t\t\t\t\t\t\t\t\t\t\t\t<figure class=\"wp-caption\">\n\t\t\t\t\t\t\t\t\t\t<img fetchpriority=\"high\" decoding=\"async\" width=\"800\" height=\"533\" src=\"https:\/\/simonschoenhoff.de\/wp-content\/uploads\/2021\/04\/2020-08-27-Kloster-Einsiedeln-Zug-und-Luzern_1.jpg\" class=\"attachment-large size-large wp-image-910\" alt srcset=\"https:\/\/simonschoenhoff.de\/wp-content\/uploads\/2021\/04\/2020-08-27-Kloster-Einsiedeln-Zug-und-Luzern_1.jpg 1500w, https:\/\/simonschoenhoff.de\/wp-content\/uploads\/2021\/04\/2020-08-27-Kloster-Einsiedeln-Zug-und-Luzern_1-1200x800.jpg 1200w\" sizes=\"(max-width: 800px) 100vw, 800px\">\t\t\t\t\t\t\t\t\t\t\t<figcaption class=\"widget-image-caption wp-caption-text\">M\u00f6we vor\u2019m Zugersee |\n105 mm, ISO 100, f\/4, 1\/500&nbsp;Sek.<\/figcaption>\n\t\t\t\t\t\t\t\t\t\t<\/figure>\n\t\t\t\t\t\t\t\t\t<\/div>\n\t\t\t\t<\/div>\n\t\t\t\t<\/div>\n\t\t<div class=\"elementor-element elementor-element-b543b94 e-con-full e-flex e-con e-child\" data-id=\"b543b94\" data-element_type=\"container\" data-e-type=\"container\">\n\t\t\t\t<div class=\"elementor-element elementor-element-ea4601e elementor-widget elementor-widget-image\" data-id=\"ea4601e\" data-element_type=\"widget\" data-e-type=\"widget\" data-widget_type=\"image.default\">\n\t\t\t\t<div class=\"elementor-widget-container\">\n\t\t\t\t\t\t\t\t\t\t\t\t<figure class=\"wp-caption\">\n\t\t\t\t\t\t\t\t\t\t<img decoding=\"async\" width=\"800\" height=\"1200\" src=\"https:\/\/simonschoenhoff.de\/wp-content\/uploads\/2021\/04\/2020-08-27-Kloster-Einsiedeln-Zug-und-Luzern_2.jpg\" class=\"attachment-large size-large wp-image-911\" alt srcset=\"https:\/\/simonschoenhoff.de\/wp-content\/uploads\/2021\/04\/2020-08-27-Kloster-Einsiedeln-Zug-und-Luzern_2.jpg 1000w, https:\/\/simonschoenhoff.de\/wp-content\/uploads\/2021\/04\/2020-08-27-Kloster-Einsiedeln-Zug-und-Luzern_2-600x900.jpg 600w\" sizes=\"(max-width: 800px) 100vw, 800px\">\t\t\t\t\t\t\t\t\t\t\t<figcaption class=\"widget-image-caption wp-caption-text\">Zugersee |\n105 mm, ISO 100, f\/4, 1\/400&nbsp;Sek.<\/figcaption>\n\t\t\t\t\t\t\t\t\t\t<\/figure>\n\t\t\t\t\t\t\t\t\t<\/div>\n\t\t\t\t<\/div>\n\t\t\t\t<\/div>\n\t\t\t\t<\/div>\n\t\t\t\t<div class=\"elementor-element elementor-element-fa75554 elementor-widget elementor-widget-text-editor\" data-id=\"fa75554\" data-element_type=\"widget\" data-e-type=\"widget\" data-widget_type=\"text-editor.default\">\n\t\t\t\t<div class=\"elementor-widget-container\">\n\t\t\t\t\t\t\t\t\t<p>W\u00e4hrend unseren Tagen in der Schweiz, zog es uns in die Stadt Zug, ein sch\u00f6nes kleines St\u00e4dt\u00adchen am Zugersee. Vor allem seine tolle Lage l\u00e4ft ein zum Spazie\u00adren\u00adgehen am Zugersee und durch die vielen Gassen voll mit Gesch\u00e4ften und Lokalen zu schlen\u00addern. Ich w\u00fcrde fast sagen, dass das Ort ein kleiner foto\u00adgener Geheim\u00adtipp ist, der bisher noch auf viel zu wenigen Bildern in Erschei\u00adnung getreten ist.&nbsp;<\/p>\t\t\t\t\t\t\t\t<\/div>\n\t\t\t\t<\/div>\n\t\t\t\t<div class=\"elementor-element elementor-element-6965caf elementor-widget elementor-widget-text-editor\" data-id=\"6965caf\" data-element_type=\"widget\" data-e-type=\"widget\" data-widget_type=\"text-editor.default\">\n\t\t\t\t<div class=\"elementor-widget-container\">\n\t\t\t\t\t\t\t\t\t<p>Wie alle Orte, die wir bisher in der Schweiz ange\u00adtroffen haben, besticht auch Zug durch eine ange\u00adnehme Sauber\u00adkeit und sch\u00f6n ange\u00adlegten \u00f6ffent\u00adli\u00adchen Pl\u00e4tzen. Viele Sitz\u00adge\u00adle\u00adgen\u00adheiten, Park-\u00e4hnli\u00adchen Pl\u00e4tzen, sch\u00f6ne kleine G\u00e4ss\u00adchen\u2026 Man k\u00f6nnte sich noch viel mehr Zeit f\u00fcr diesen Ort nehmen und&nbsp; ihn genie\u00dfen, als wir das in diesen Tagen tun konnten.&nbsp;<\/p>\t\t\t\t\t\t\t\t<\/div>\n\t\t\t\t<\/div>\n\t\t\t\t<div class=\"elementor-element elementor-element-7287b1c elementor-widget elementor-widget-image\" data-id=\"7287b1c\" data-element_type=\"widget\" data-e-type=\"widget\" data-widget_type=\"image.default\">\n\t\t\t\t<div class=\"elementor-widget-container\">\n\t\t\t\t\t\t\t\t\t\t\t\t<figure class=\"wp-caption\">\n\t\t\t\t\t\t\t\t\t\t<img decoding=\"async\" width=\"1500\" height=\"1000\" src=\"https:\/\/simonschoenhoff.de\/wp-content\/uploads\/2021\/04\/2020-08-27-Kloster-Einsiedeln-Zug-und-Luzern_3.jpg\" class=\"attachment-1536x1536 size-1536x1536 wp-image-912\" alt srcset=\"https:\/\/simonschoenhoff.de\/wp-content\/uploads\/2021\/04\/2020-08-27-Kloster-Einsiedeln-Zug-und-Luzern_3.jpg 1500w, https:\/\/simonschoenhoff.de\/wp-content\/uploads\/2021\/04\/2020-08-27-Kloster-Einsiedeln-Zug-und-Luzern_3-1200x800.jpg 1200w, https:\/\/simonschoenhoff.de\/wp-content\/uploads\/2021\/04\/2020-08-27-Kloster-Einsiedeln-Zug-und-Luzern_3-300x200.jpg 300w, https:\/\/simonschoenhoff.de\/wp-content\/uploads\/2021\/04\/2020-08-27-Kloster-Einsiedeln-Zug-und-Luzern_3-1024x683.jpg 1024w, https:\/\/simonschoenhoff.de\/wp-content\/uploads\/2021\/04\/2020-08-27-Kloster-Einsiedeln-Zug-und-Luzern_3-768x512.jpg 768w, https:\/\/simonschoenhoff.de\/wp-content\/uploads\/2021\/04\/2020-08-27-Kloster-Einsiedeln-Zug-und-Luzern_3-500x333.jpg 500w, https:\/\/simonschoenhoff.de\/wp-content\/uploads\/2021\/04\/2020-08-27-Kloster-Einsiedeln-Zug-und-Luzern_3-800x533.jpg 800w, https:\/\/simonschoenhoff.de\/wp-content\/uploads\/2021\/04\/2020-08-27-Kloster-Einsiedeln-Zug-und-Luzern_3-1280x853.jpg 1280w\" sizes=\"(max-width: 1500px) 100vw, 1500px\">\t\t\t\t\t\t\t\t\t\t\t<figcaption class=\"widget-image-caption wp-caption-text\">H\u00e4userzug in Zug |\n46 mm, ISO 100, f4, 1\/640&nbsp;Sek.<\/figcaption>\n\t\t\t\t\t\t\t\t\t\t<\/figure>\n\t\t\t\t\t\t\t\t\t<\/div>\n\t\t\t\t<\/div>\n\t\t\t\t<div class=\"elementor-element elementor-element-255c067 elementor-widget elementor-widget-text-editor\" data-id=\"255c067\" data-element_type=\"widget\" data-e-type=\"widget\" data-widget_type=\"text-editor.default\">\n\t\t\t\t<div class=\"elementor-widget-container\">\n\t\t\t\t\t\t\t\t\t<p>Wir liefen einige Stra\u00dfen ab und suchten nach Sehens\u00adwertem, aber eigent\u00adlich ist das ganze Ort sehens\u00adwert. Da an diesem Tag aber eigent\u00adlich Luzern unser Reise\u00adziel war, fuhren wir nach einiger Zeit des Erkun\u00addens und der&nbsp; Besich\u00adti\u00adgung von Zug mit allen Ecken und Kanten, wieder weiter.<\/p>\t\t\t\t\t\t\t\t<\/div>\n\t\t\t\t<\/div>\n\t\t<div class=\"elementor-element elementor-element-e0135d6 e-con-full e-flex e-con e-child\" data-id=\"e0135d6\" data-element_type=\"container\" data-e-type=\"container\">\n\t\t<div class=\"elementor-element elementor-element-b1bd40e e-con-full e-flex e-con e-child\" data-id=\"b1bd40e\" data-element_type=\"container\" data-e-type=\"container\">\n\t\t\t\t<div class=\"elementor-element elementor-element-69467a7 elementor-widget elementor-widget-image\" data-id=\"69467a7\" data-element_type=\"widget\" data-e-type=\"widget\" data-widget_type=\"image.default\">\n\t\t\t\t<div class=\"elementor-widget-container\">\n\t\t\t\t\t\t\t\t\t\t\t\t<figure class=\"wp-caption\">\n\t\t\t\t\t\t\t\t\t\t<img loading=\"lazy\" decoding=\"async\" width=\"800\" height=\"533\" src=\"https:\/\/simonschoenhoff.de\/wp-content\/uploads\/2021\/04\/2020-08-27-Kloster-Einsiedeln-Zug-und-Luzern_4.jpg\" class=\"attachment-large size-large wp-image-913\" alt srcset=\"https:\/\/simonschoenhoff.de\/wp-content\/uploads\/2021\/04\/2020-08-27-Kloster-Einsiedeln-Zug-und-Luzern_4.jpg 1500w, https:\/\/simonschoenhoff.de\/wp-content\/uploads\/2021\/04\/2020-08-27-Kloster-Einsiedeln-Zug-und-Luzern_4-1200x800.jpg 1200w\" sizes=\"(max-width: 800px) 100vw, 800px\">\t\t\t\t\t\t\t\t\t\t\t<figcaption class=\"widget-image-caption wp-caption-text\">Stra\u00ad\u00dfenzug in Zug |\n105 mm, ISO 100, f\/4, 1\/400&nbsp;Sek.<\/figcaption>\n\t\t\t\t\t\t\t\t\t\t<\/figure>\n\t\t\t\t\t\t\t\t\t<\/div>\n\t\t\t\t<\/div>\n\t\t\t\t<\/div>\n\t\t<div class=\"elementor-element elementor-element-cdf0502 e-con-full e-flex e-con e-child\" data-id=\"cdf0502\" data-element_type=\"container\" data-e-type=\"container\">\n\t\t\t\t<div class=\"elementor-element elementor-element-2383f70 elementor-widget elementor-widget-image\" data-id=\"2383f70\" data-element_type=\"widget\" data-e-type=\"widget\" data-widget_type=\"image.default\">\n\t\t\t\t<div class=\"elementor-widget-container\">\n\t\t\t\t\t\t\t\t\t\t\t\t<figure class=\"wp-caption\">\n\t\t\t\t\t\t\t\t\t\t<img loading=\"lazy\" decoding=\"async\" width=\"683\" height=\"1024\" src=\"https:\/\/simonschoenhoff.de\/wp-content\/uploads\/2021\/04\/2020-08-27-Kloster-Einsiedeln-Zug-und-Luzern_5-683x1024.jpg\" class=\"attachment-large size-large wp-image-914\" alt srcset=\"https:\/\/simonschoenhoff.de\/wp-content\/uploads\/2021\/04\/2020-08-27-Kloster-Einsiedeln-Zug-und-Luzern_5-683x1024.jpg 683w, https:\/\/simonschoenhoff.de\/wp-content\/uploads\/2021\/04\/2020-08-27-Kloster-Einsiedeln-Zug-und-Luzern_5-600x900.jpg 600w, https:\/\/simonschoenhoff.de\/wp-content\/uploads\/2021\/04\/2020-08-27-Kloster-Einsiedeln-Zug-und-Luzern_5-200x300.jpg 200w, https:\/\/simonschoenhoff.de\/wp-content\/uploads\/2021\/04\/2020-08-27-Kloster-Einsiedeln-Zug-und-Luzern_5-768x1152.jpg 768w, https:\/\/simonschoenhoff.de\/wp-content\/uploads\/2021\/04\/2020-08-27-Kloster-Einsiedeln-Zug-und-Luzern_5-500x750.jpg 500w, https:\/\/simonschoenhoff.de\/wp-content\/uploads\/2021\/04\/2020-08-27-Kloster-Einsiedeln-Zug-und-Luzern_5-800x1200.jpg 800w, https:\/\/simonschoenhoff.de\/wp-content\/uploads\/2021\/04\/2020-08-27-Kloster-Einsiedeln-Zug-und-Luzern_5.jpg 1000w\" sizes=\"(max-width: 683px) 100vw, 683px\">\t\t\t\t\t\t\t\t\t\t\t<figcaption class=\"widget-image-caption wp-caption-text\">Zug |\n64 mm, ISO 100, f\/4, 1\/640&nbsp;Sek.<\/figcaption>\n\t\t\t\t\t\t\t\t\t\t<\/figure>\n\t\t\t\t\t\t\t\t\t<\/div>\n\t\t\t\t<\/div>\n\t\t\t\t<\/div>\n\t\t<div class=\"elementor-element elementor-element-ce89a24 e-con-full e-flex e-con e-child\" data-id=\"ce89a24\" data-element_type=\"container\" data-e-type=\"container\">\n\t\t\t\t<div class=\"elementor-element elementor-element-a4b8d49 elementor-widget elementor-widget-image\" data-id=\"a4b8d49\" data-element_type=\"widget\" data-e-type=\"widget\" data-widget_type=\"image.default\">\n\t\t\t\t<div class=\"elementor-widget-container\">\n\t\t\t\t\t\t\t\t\t\t\t\t<figure class=\"wp-caption\">\n\t\t\t\t\t\t\t\t\t\t<img loading=\"lazy\" decoding=\"async\" width=\"800\" height=\"1200\" src=\"https:\/\/simonschoenhoff.de\/wp-content\/uploads\/2021\/04\/2020-08-27-Kloster-Einsiedeln-Zug-und-Luzern_6.jpg\" class=\"attachment-large size-large wp-image-915\" alt srcset=\"https:\/\/simonschoenhoff.de\/wp-content\/uploads\/2021\/04\/2020-08-27-Kloster-Einsiedeln-Zug-und-Luzern_6.jpg 1000w, https:\/\/simonschoenhoff.de\/wp-content\/uploads\/2021\/04\/2020-08-27-Kloster-Einsiedeln-Zug-und-Luzern_6-600x900.jpg 600w\" sizes=\"(max-width: 800px) 100vw, 800px\">\t\t\t\t\t\t\t\t\t\t\t<figcaption class=\"widget-image-caption wp-caption-text\">Balkon-Blick auf den Zugersee |\n105 mm, ISO 100, f\/4, 1\/400&nbsp;Sek.<\/figcaption>\n\t\t\t\t\t\t\t\t\t\t<\/figure>\n\t\t\t\t\t\t\t\t\t<\/div>\n\t\t\t\t<\/div>\n\t\t\t\t<\/div>\n\t\t\t\t<\/div>\n\t\t\t\t<\/div>\n\t\t\t\t\t<\/div>\n\t\t\t\t<\/div>\n\t\t<div class=\"elementor-element elementor-element-2e35e48 e-flex e-con-boxed e-con e-parent\" data-id=\"2e35e48\" data-element_type=\"container\" data-e-type=\"container\">\n\t\t\t\t\t<div class=\"e-con-inner\">\n\t\t<div class=\"elementor-element elementor-element-a2e10c5 e-con-full e-flex e-con e-child\" data-id=\"a2e10c5\" data-element_type=\"container\" data-e-type=\"container\">\n\t\t\t\t<div class=\"elementor-element elementor-element-75da37f elementor-widget elementor-widget-heading\" data-id=\"75da37f\" data-element_type=\"widget\" data-e-type=\"widget\" data-widget_type=\"heading.default\">\n\t\t\t\t<div class=\"elementor-widget-container\">\n\t\t\t\t\t<h3 class=\"elementor-heading-title elementor-size-default\">Luzern<\/h3>\t\t\t\t<\/div>\n\t\t\t\t<\/div>\n\t\t\t\t<div class=\"elementor-element elementor-element-cd2cbe3 elementor-widget elementor-widget-image\" data-id=\"cd2cbe3\" data-element_type=\"widget\" data-e-type=\"widget\" data-widget_type=\"image.default\">\n\t\t\t\t<div class=\"elementor-widget-container\">\n\t\t\t\t\t\t\t\t\t\t\t\t<figure class=\"wp-caption\">\n\t\t\t\t\t\t\t\t\t\t<img loading=\"lazy\" decoding=\"async\" width=\"1500\" height=\"1000\" src=\"https:\/\/simonschoenhoff.de\/wp-content\/uploads\/2021\/04\/2020-08-27-Kloster-Einsiedeln-Zug-und-Luzern_8.jpg\" class=\"attachment-1536x1536 size-1536x1536 wp-image-917\" alt srcset=\"https:\/\/simonschoenhoff.de\/wp-content\/uploads\/2021\/04\/2020-08-27-Kloster-Einsiedeln-Zug-und-Luzern_8.jpg 1500w, https:\/\/simonschoenhoff.de\/wp-content\/uploads\/2021\/04\/2020-08-27-Kloster-Einsiedeln-Zug-und-Luzern_8-1200x800.jpg 1200w, https:\/\/simonschoenhoff.de\/wp-content\/uploads\/2021\/04\/2020-08-27-Kloster-Einsiedeln-Zug-und-Luzern_8-300x200.jpg 300w, https:\/\/simonschoenhoff.de\/wp-content\/uploads\/2021\/04\/2020-08-27-Kloster-Einsiedeln-Zug-und-Luzern_8-1024x683.jpg 1024w, https:\/\/simonschoenhoff.de\/wp-content\/uploads\/2021\/04\/2020-08-27-Kloster-Einsiedeln-Zug-und-Luzern_8-768x512.jpg 768w, https:\/\/simonschoenhoff.de\/wp-content\/uploads\/2021\/04\/2020-08-27-Kloster-Einsiedeln-Zug-und-Luzern_8-500x333.jpg 500w, https:\/\/simonschoenhoff.de\/wp-content\/uploads\/2021\/04\/2020-08-27-Kloster-Einsiedeln-Zug-und-Luzern_8-800x533.jpg 800w, https:\/\/simonschoenhoff.de\/wp-content\/uploads\/2021\/04\/2020-08-27-Kloster-Einsiedeln-Zug-und-Luzern_8-1280x853.jpg 1280w\" sizes=\"(max-width: 1500px) 100vw, 1500px\">\t\t\t\t\t\t\t\t\t\t\t<figcaption class=\"widget-image-caption wp-caption-text\">Zwil\u00adlings\u00adt\u00fcrme Luzern |\n48 mm, ISO 100, f\/4, 1\/500&nbsp;Sek.<\/figcaption>\n\t\t\t\t\t\t\t\t\t\t<\/figure>\n\t\t\t\t\t\t\t\t\t<\/div>\n\t\t\t\t<\/div>\n\t\t<div class=\"elementor-element elementor-element-e1d6d6b e-con-full e-flex e-con e-child\" data-id=\"e1d6d6b\" data-element_type=\"container\" data-e-type=\"container\">\n\t\t<div class=\"elementor-element elementor-element-d7def9f e-con-full e-flex e-con e-child\" data-id=\"d7def9f\" data-element_type=\"container\" data-e-type=\"container\">\n\t\t\t\t<div class=\"elementor-element elementor-element-2b90f23 elementor-widget elementor-widget-image\" data-id=\"2b90f23\" data-element_type=\"widget\" data-e-type=\"widget\" data-widget_type=\"image.default\">\n\t\t\t\t<div class=\"elementor-widget-container\">\n\t\t\t\t\t\t\t\t\t\t\t\t<figure class=\"wp-caption\">\n\t\t\t\t\t\t\t\t\t\t<img loading=\"lazy\" decoding=\"async\" width=\"800\" height=\"1200\" src=\"https:\/\/simonschoenhoff.de\/wp-content\/uploads\/2021\/04\/2020-08-27-Kloster-Einsiedeln-Zug-und-Luzern_7.jpg\" class=\"attachment-large size-large wp-image-916\" alt srcset=\"https:\/\/simonschoenhoff.de\/wp-content\/uploads\/2021\/04\/2020-08-27-Kloster-Einsiedeln-Zug-und-Luzern_7.jpg 1000w, https:\/\/simonschoenhoff.de\/wp-content\/uploads\/2021\/04\/2020-08-27-Kloster-Einsiedeln-Zug-und-Luzern_7-600x900.jpg 600w\" sizes=\"(max-width: 800px) 100vw, 800px\">\t\t\t\t\t\t\t\t\t\t\t<figcaption class=\"widget-image-caption wp-caption-text\">Hafen\u00adbe\u00adcken von Luzern |\n41 mm, ISO 100, f\/4, 1\/320&nbsp;Sek.<\/figcaption>\n\t\t\t\t\t\t\t\t\t\t<\/figure>\n\t\t\t\t\t\t\t\t\t<\/div>\n\t\t\t\t<\/div>\n\t\t\t\t<\/div>\n\t\t<div class=\"elementor-element elementor-element-86bb12f e-con-full e-flex e-con e-child\" data-id=\"86bb12f\" data-element_type=\"container\" data-e-type=\"container\">\n\t\t\t\t<div class=\"elementor-element elementor-element-4739ebd elementor-widget elementor-widget-text-editor\" data-id=\"4739ebd\" data-element_type=\"widget\" data-e-type=\"widget\" data-widget_type=\"text-editor.default\">\n\t\t\t\t<div class=\"elementor-widget-container\">\n\t\t\t\t\t\t\t\t\t<p>Wir errei\u00adchen Luzern am sch\u00f6nen Vier\u00adwald\u00adst\u00e4t\u00adtersee und nutzen das Park\u00adhaus unter\u00adhalb des Bahn\u00adhofs direkt am Hafen (wahr\u00adschein\u00adlich das teuerste, wie sich heraus\u00adstellte). Eins vorweg: Um Luzern in G\u00e4nze zu sehen, sollte man schon 1\u20132 Tage rechnen, viel\u00adleicht einen Ausflug zur Berg\u00adbahn des nahe gele\u00adgenen Berges Namens Pilatus mit ein planen und auch den Umkreis des Vier\u00adwald\u00adst\u00e4t\u00adter\u00adsees besu\u00adchen. Vieles das man hier tun k\u00f6nnte. Aber es hilft nichts, uns bleiben nur einige Stunden.<\/p>\t\t\t\t\t\t\t\t<\/div>\n\t\t\t\t<\/div>\n\t\t\t\t<div class=\"elementor-element elementor-element-f01b226 elementor-widget elementor-widget-text-editor\" data-id=\"f01b226\" data-element_type=\"widget\" data-e-type=\"widget\" data-widget_type=\"text-editor.default\">\n\t\t\t\t<div class=\"elementor-widget-container\">\n\t\t\t\t\t\t\t\t\t<p>Wenn man nur wenig Zeit hat in Luzern, sollte man auf jeden Fall die alte Holz\u00adbr\u00fccke, die Kapell\u00adbr\u00fccke, besu\u00adchen und viel\u00adleicht auch einmal \u00fcber sie gehen. Sie ist das Wahr\u00adzei\u00adchen und deshalb auch die touris\u00adti\u00adsche Sehens\u00adw\u00fcr\u00addig\u00adkeit der&nbsp;Stadt.&nbsp;<\/p>\t\t\t\t\t\t\t\t<\/div>\n\t\t\t\t<\/div>\n\t\t\t\t<div class=\"elementor-element elementor-element-c94656f elementor-widget elementor-widget-text-editor\" data-id=\"c94656f\" data-element_type=\"widget\" data-e-type=\"widget\" data-widget_type=\"text-editor.default\">\n\t\t\t\t<div class=\"elementor-widget-container\">\n\t\t\t\t\t\t\t\t\t<p>Die 1333 erbaute Holz\u00adbr\u00fccke fiel im Jahr 1993 einem Brand zum Opfer, der angeb\u00adlich durch eine wegge\u00adwor\u00adfene Ziga\u00adrette&nbsp; ausge\u00adl\u00f6st wurde. Viele der ber\u00fchmten Bilder im Innern der Br\u00fccke wurden durch den Brand zerst\u00f6rt, einige konnten gerettet werden, einige andere wiederum restau\u00adriert. Bereits 1994 wurde die Br\u00fccke nach dem Wieder\u00adaufbau wieder f\u00fcr Fu\u00dfg\u00e4nger freigegeben.&nbsp;<\/p>\t\t\t\t\t\t\t\t<\/div>\n\t\t\t\t<\/div>\n\t\t\t\t<\/div>\n\t\t\t\t<\/div>\n\t\t\t\t<div class=\"elementor-element elementor-element-8e841d6 elementor-widget elementor-widget-image\" data-id=\"8e841d6\" data-element_type=\"widget\" data-e-type=\"widget\" data-widget_type=\"image.default\">\n\t\t\t\t<div class=\"elementor-widget-container\">\n\t\t\t\t\t\t\t\t\t\t\t\t<figure class=\"wp-caption\">\n\t\t\t\t\t\t\t\t\t\t<img loading=\"lazy\" decoding=\"async\" width=\"1500\" height=\"1000\" src=\"https:\/\/simonschoenhoff.de\/wp-content\/uploads\/2021\/04\/2020-08-27-Kloster-Einsiedeln-Zug-und-Luzern_9.jpg\" class=\"attachment-1536x1536 size-1536x1536 wp-image-918\" alt srcset=\"https:\/\/simonschoenhoff.de\/wp-content\/uploads\/2021\/04\/2020-08-27-Kloster-Einsiedeln-Zug-und-Luzern_9.jpg 1500w, https:\/\/simonschoenhoff.de\/wp-content\/uploads\/2021\/04\/2020-08-27-Kloster-Einsiedeln-Zug-und-Luzern_9-1200x800.jpg 1200w\" sizes=\"(max-width: 1500px) 100vw, 1500px\">\t\t\t\t\t\t\t\t\t\t\t<figcaption class=\"widget-image-caption wp-caption-text\">Die Kapell\u00adbr\u00fccke, Luzern |\n24 mm, ISO 100, f\/16, 50 Sek., ND-Filter<\/figcaption>\n\t\t\t\t\t\t\t\t\t\t<\/figure>\n\t\t\t\t\t\t\t\t\t<\/div>\n\t\t\t\t<\/div>\n\t\t<div class=\"elementor-element elementor-element-4119ce0 e-con-full e-flex e-con e-child\" data-id=\"4119ce0\" data-element_type=\"container\" data-e-type=\"container\">\n\t\t<div class=\"elementor-element elementor-element-7a41316 e-con-full e-flex e-con e-child\" data-id=\"7a41316\" data-element_type=\"container\" data-e-type=\"container\">\n\t\t\t\t<div class=\"elementor-element elementor-element-1fc4124 elementor-widget elementor-widget-image\" data-id=\"1fc4124\" data-element_type=\"widget\" data-e-type=\"widget\" data-widget_type=\"image.default\">\n\t\t\t\t<div class=\"elementor-widget-container\">\n\t\t\t\t\t\t\t\t\t\t\t\t<figure class=\"wp-caption\">\n\t\t\t\t\t\t\t\t\t\t<img loading=\"lazy\" decoding=\"async\" width=\"683\" height=\"1024\" src=\"https:\/\/simonschoenhoff.de\/wp-content\/uploads\/2021\/04\/2020-08-27-Kloster-Einsiedeln-Zug-und-Luzern_13-683x1024.jpg\" class=\"attachment-large size-large wp-image-922\" alt srcset=\"https:\/\/simonschoenhoff.de\/wp-content\/uploads\/2021\/04\/2020-08-27-Kloster-Einsiedeln-Zug-und-Luzern_13-683x1024.jpg 683w, https:\/\/simonschoenhoff.de\/wp-content\/uploads\/2021\/04\/2020-08-27-Kloster-Einsiedeln-Zug-und-Luzern_13-600x900.jpg 600w, https:\/\/simonschoenhoff.de\/wp-content\/uploads\/2021\/04\/2020-08-27-Kloster-Einsiedeln-Zug-und-Luzern_13-200x300.jpg 200w, https:\/\/simonschoenhoff.de\/wp-content\/uploads\/2021\/04\/2020-08-27-Kloster-Einsiedeln-Zug-und-Luzern_13-768x1152.jpg 768w, https:\/\/simonschoenhoff.de\/wp-content\/uploads\/2021\/04\/2020-08-27-Kloster-Einsiedeln-Zug-und-Luzern_13-500x750.jpg 500w, https:\/\/simonschoenhoff.de\/wp-content\/uploads\/2021\/04\/2020-08-27-Kloster-Einsiedeln-Zug-und-Luzern_13-800x1200.jpg 800w, https:\/\/simonschoenhoff.de\/wp-content\/uploads\/2021\/04\/2020-08-27-Kloster-Einsiedeln-Zug-und-Luzern_13.jpg 1000w\" sizes=\"(max-width: 683px) 100vw, 683px\">\t\t\t\t\t\t\t\t\t\t\t<figcaption class=\"widget-image-caption wp-caption-text\">Turm der Kapellbr\u00fccke<\/figcaption>\n\t\t\t\t\t\t\t\t\t\t<\/figure>\n\t\t\t\t\t\t\t\t\t<\/div>\n\t\t\t\t<\/div>\n\t\t\t\t<\/div>\n\t\t<div class=\"elementor-element elementor-element-e8b29f1 e-con-full e-flex e-con e-child\" data-id=\"e8b29f1\" data-element_type=\"container\" data-e-type=\"container\">\n\t\t\t\t<div class=\"elementor-element elementor-element-1fd6afd elementor-widget elementor-widget-image\" data-id=\"1fd6afd\" data-element_type=\"widget\" data-e-type=\"widget\" data-widget_type=\"image.default\">\n\t\t\t\t<div class=\"elementor-widget-container\">\n\t\t\t\t\t\t\t\t\t\t\t\t<figure class=\"wp-caption\">\n\t\t\t\t\t\t\t\t\t\t<img loading=\"lazy\" decoding=\"async\" width=\"800\" height=\"1200\" src=\"https:\/\/simonschoenhoff.de\/wp-content\/uploads\/2021\/04\/2020-08-27-Kloster-Einsiedeln-Zug-und-Luzern_12.jpg\" class=\"attachment-large size-large wp-image-921\" alt srcset=\"https:\/\/simonschoenhoff.de\/wp-content\/uploads\/2021\/04\/2020-08-27-Kloster-Einsiedeln-Zug-und-Luzern_12.jpg 1000w, https:\/\/simonschoenhoff.de\/wp-content\/uploads\/2021\/04\/2020-08-27-Kloster-Einsiedeln-Zug-und-Luzern_12-600x900.jpg 600w\" sizes=\"(max-width: 800px) 100vw, 800px\">\t\t\t\t\t\t\t\t\t\t\t<figcaption class=\"widget-image-caption wp-caption-text\">Holz der Kapellbr\u00fccke<\/figcaption>\n\t\t\t\t\t\t\t\t\t\t<\/figure>\n\t\t\t\t\t\t\t\t\t<\/div>\n\t\t\t\t<\/div>\n\t\t\t\t<\/div>\n\t\t<div class=\"elementor-element elementor-element-959316c e-con-full e-flex e-con e-child\" data-id=\"959316c\" data-element_type=\"container\" data-e-type=\"container\">\n\t\t\t\t<div class=\"elementor-element elementor-element-0ae8191 elementor-widget elementor-widget-image\" data-id=\"0ae8191\" data-element_type=\"widget\" data-e-type=\"widget\" data-widget_type=\"image.default\">\n\t\t\t\t<div class=\"elementor-widget-container\">\n\t\t\t\t\t\t\t\t\t\t\t\t<figure class=\"wp-caption\">\n\t\t\t\t\t\t\t\t\t\t<img loading=\"lazy\" decoding=\"async\" width=\"683\" height=\"1024\" src=\"https:\/\/simonschoenhoff.de\/wp-content\/uploads\/2021\/04\/2020-08-27-Kloster-Einsiedeln-Zug-und-Luzern_11-683x1024.jpg\" class=\"attachment-large size-large wp-image-920\" alt srcset=\"https:\/\/simonschoenhoff.de\/wp-content\/uploads\/2021\/04\/2020-08-27-Kloster-Einsiedeln-Zug-und-Luzern_11-683x1024.jpg 683w, https:\/\/simonschoenhoff.de\/wp-content\/uploads\/2021\/04\/2020-08-27-Kloster-Einsiedeln-Zug-und-Luzern_11-600x900.jpg 600w, https:\/\/simonschoenhoff.de\/wp-content\/uploads\/2021\/04\/2020-08-27-Kloster-Einsiedeln-Zug-und-Luzern_11-200x300.jpg 200w, https:\/\/simonschoenhoff.de\/wp-content\/uploads\/2021\/04\/2020-08-27-Kloster-Einsiedeln-Zug-und-Luzern_11-768x1152.jpg 768w, https:\/\/simonschoenhoff.de\/wp-content\/uploads\/2021\/04\/2020-08-27-Kloster-Einsiedeln-Zug-und-Luzern_11-500x750.jpg 500w, https:\/\/simonschoenhoff.de\/wp-content\/uploads\/2021\/04\/2020-08-27-Kloster-Einsiedeln-Zug-und-Luzern_11-800x1200.jpg 800w, https:\/\/simonschoenhoff.de\/wp-content\/uploads\/2021\/04\/2020-08-27-Kloster-Einsiedeln-Zug-und-Luzern_11.jpg 1000w\" sizes=\"(max-width: 683px) 100vw, 683px\">\t\t\t\t\t\t\t\t\t\t\t<figcaption class=\"widget-image-caption wp-caption-text\">Blumen der Kapellbr\u00fccke<\/figcaption>\n\t\t\t\t\t\t\t\t\t\t<\/figure>\n\t\t\t\t\t\t\t\t\t<\/div>\n\t\t\t\t<\/div>\n\t\t\t\t<\/div>\n\t\t\t\t<\/div>\n\t\t\t\t<div class=\"elementor-element elementor-element-bb1343f elementor-widget elementor-widget-text-editor\" data-id=\"bb1343f\" data-element_type=\"widget\" data-e-type=\"widget\" data-widget_type=\"text-editor.default\">\n\t\t\t\t<div class=\"elementor-widget-container\">\n\t\t\t\t\t\t\t\t\t<p>L\u00e4uft man an der Kapell\u00adbr\u00fccke vorbei etwas weiter vom Hafen weg, so kommt man in den Bereich der Altstadt. Hier bietet&nbsp;Luzern neben vielen Loka\u00adli\u00adt\u00e4ten auch einige Shop\u00adping-Gele\u00adgen\u00adheiten, sowie viele weitere male\u00adri\u00adsche&nbsp;Ecken.&nbsp;<\/p>\t\t\t\t\t\t\t\t<\/div>\n\t\t\t\t<\/div>\n\t\t\t\t<div class=\"elementor-element elementor-element-45874be elementor-widget elementor-widget-text-editor\" data-id=\"45874be\" data-element_type=\"widget\" data-e-type=\"widget\" data-widget_type=\"text-editor.default\">\n\t\t\t\t<div class=\"elementor-widget-container\">\n\t\t\t\t\t\t\t\t\t<p>Eine weitere Sehens\u00adw\u00fcr\u00addig\u00adkeit stellt das L\u00f6wen\u00addenkmal dar \u2013 ein kunst\u00advoll in die Fels\u00adwand gehauener schla\u00adfender L\u00f6we. Er soll&nbsp;erin\u00adnert in der Alle\u00adgorie&nbsp;eines ster\u00adbenden L\u00f6wen an die am 10.&nbsp;August 1792 beim Tuile\u00adrien\u00adsturm in Paris gefal\u00adlene&nbsp;Schwei\u00adzer\u00adgar\u00addisten erinnern.&nbsp;<\/p>\t\t\t\t\t\t\t\t<\/div>\n\t\t\t\t<\/div>\n\t\t<div class=\"elementor-element elementor-element-a08b54b e-con-full e-flex e-con e-child\" data-id=\"a08b54b\" data-element_type=\"container\" data-e-type=\"container\">\n\t\t<div class=\"elementor-element elementor-element-1f71d3f e-con-full e-flex e-con e-child\" data-id=\"1f71d3f\" data-element_type=\"container\" data-e-type=\"container\">\n\t\t\t\t<div class=\"elementor-element elementor-element-693613a elementor-widget elementor-widget-image\" data-id=\"693613a\" data-element_type=\"widget\" data-e-type=\"widget\" data-widget_type=\"image.default\">\n\t\t\t\t<div class=\"elementor-widget-container\">\n\t\t\t\t\t\t\t\t\t\t\t\t<figure class=\"wp-caption\">\n\t\t\t\t\t\t\t\t\t\t<img loading=\"lazy\" decoding=\"async\" width=\"800\" height=\"1200\" src=\"https:\/\/simonschoenhoff.de\/wp-content\/uploads\/2021\/04\/2020-08-27-Kloster-Einsiedeln-Zug-und-Luzern_10.jpg\" class=\"attachment-large size-large wp-image-919\" alt srcset=\"https:\/\/simonschoenhoff.de\/wp-content\/uploads\/2021\/04\/2020-08-27-Kloster-Einsiedeln-Zug-und-Luzern_10.jpg 1000w, https:\/\/simonschoenhoff.de\/wp-content\/uploads\/2021\/04\/2020-08-27-Kloster-Einsiedeln-Zug-und-Luzern_10-600x900.jpg 600w\" sizes=\"(max-width: 800px) 100vw, 800px\">\t\t\t\t\t\t\t\t\t\t\t<figcaption class=\"widget-image-caption wp-caption-text\">Male\u00adri\u00adsches Luzern |\n51 mm, ISO 100, f\/4, 1\/800&nbsp;Sek.<\/figcaption>\n\t\t\t\t\t\t\t\t\t\t<\/figure>\n\t\t\t\t\t\t\t\t\t<\/div>\n\t\t\t\t<\/div>\n\t\t\t\t<\/div>\n\t\t<div class=\"elementor-element elementor-element-6e4e543 e-con-full e-flex e-con e-child\" data-id=\"6e4e543\" data-element_type=\"container\" data-e-type=\"container\">\n\t\t\t\t<div class=\"elementor-element elementor-element-399a647 elementor-widget elementor-widget-image\" data-id=\"399a647\" data-element_type=\"widget\" data-e-type=\"widget\" data-widget_type=\"image.default\">\n\t\t\t\t<div class=\"elementor-widget-container\">\n\t\t\t\t\t\t\t\t\t\t\t\t<figure class=\"wp-caption\">\n\t\t\t\t\t\t\t\t\t\t<img loading=\"lazy\" decoding=\"async\" width=\"800\" height=\"533\" src=\"https:\/\/simonschoenhoff.de\/wp-content\/uploads\/2021\/04\/2020-08-27-Kloster-Einsiedeln-Zug-und-Luzern_14.jpg\" class=\"attachment-large size-large wp-image-923\" alt srcset=\"https:\/\/simonschoenhoff.de\/wp-content\/uploads\/2021\/04\/2020-08-27-Kloster-Einsiedeln-Zug-und-Luzern_14.jpg 1500w, https:\/\/simonschoenhoff.de\/wp-content\/uploads\/2021\/04\/2020-08-27-Kloster-Einsiedeln-Zug-und-Luzern_14-1200x800.jpg 1200w\" sizes=\"(max-width: 800px) 100vw, 800px\">\t\t\t\t\t\t\t\t\t\t\t<figcaption class=\"widget-image-caption wp-caption-text\">L\u00f6wen\u00addenkmal, Luzern |\n48 mm, ISO 100, f\/4, 1\/250&nbsp;Sek.<\/figcaption>\n\t\t\t\t\t\t\t\t\t\t<\/figure>\n\t\t\t\t\t\t\t\t\t<\/div>\n\t\t\t\t<\/div>\n\t\t\t\t<\/div>\n\t\t\t\t<\/div>\n\t\t\t\t<div class=\"elementor-element elementor-element-78c3725 elementor-widget elementor-widget-text-editor\" data-id=\"78c3725\" data-element_type=\"widget\" data-e-type=\"widget\" data-widget_type=\"text-editor.default\">\n\t\t\t\t<div class=\"elementor-widget-container\">\n\t\t\t\t\t\t\t\t\t<p>ann ging es zur\u00fcck in Rich\u00adtung Auto, mit einem Blick \u00fcber den Vier\u00adwald\u00adst\u00e4t\u00adtersee ging es zur\u00fcck nach Lachen am Z\u00fcrichsee.&nbsp;<\/p>\t\t\t\t\t\t\t\t<\/div>\n\t\t\t\t<\/div>\n\t\t\t\t<div class=\"elementor-element elementor-element-dc0d753 elementor-widget elementor-widget-image\" data-id=\"dc0d753\" data-element_type=\"widget\" data-e-type=\"widget\" data-widget_type=\"image.default\">\n\t\t\t\t<div class=\"elementor-widget-container\">\n\t\t\t\t\t\t\t\t\t\t\t\t<figure class=\"wp-caption\">\n\t\t\t\t\t\t\t\t\t\t<img loading=\"lazy\" decoding=\"async\" width=\"1500\" height=\"1000\" src=\"https:\/\/simonschoenhoff.de\/wp-content\/uploads\/2021\/04\/2020-08-27-Kloster-Einsiedeln-Zug-und-Luzern_15.jpg\" class=\"attachment-1536x1536 size-1536x1536 wp-image-924\" alt srcset=\"https:\/\/simonschoenhoff.de\/wp-content\/uploads\/2021\/04\/2020-08-27-Kloster-Einsiedeln-Zug-und-Luzern_15.jpg 1500w, https:\/\/simonschoenhoff.de\/wp-content\/uploads\/2021\/04\/2020-08-27-Kloster-Einsiedeln-Zug-und-Luzern_15-1200x800.jpg 1200w\" sizes=\"(max-width: 1500px) 100vw, 1500px\">\t\t\t\t\t\t\t\t\t\t\t<figcaption class=\"widget-image-caption wp-caption-text\">Blick \u00fcber den Vier\u00adwald\u00adst\u00e4t\u00adtersee |\n59 mm, ISO 100, f\/4, 1\/320&nbsp;Sek.<\/figcaption>\n\t\t\t\t\t\t\t\t\t\t<\/figure>\n\t\t\t\t\t\t\t\t\t<\/div>\n\t\t\t\t<\/div>\n\t\t\t\t<\/div>\n\t\t\t\t\t<\/div>\n\t\t\t\t<\/div>\n\t\t<div class=\"elementor-element elementor-element-d6fcdce e-flex e-con-boxed e-con e-parent\" data-id=\"d6fcdce\" data-element_type=\"container\" data-e-type=\"container\">\n\t\t\t\t\t<div class=\"e-con-inner\">\n\t\t<div class=\"elementor-element elementor-element-c469599 e-con-full e-flex e-con e-child\" data-id=\"c469599\" data-element_type=\"container\" data-e-type=\"container\">\n\t\t\t\t<div class=\"elementor-element elementor-element-b438db4 elementor-widget elementor-widget-heading\" data-id=\"b438db4\" data-element_type=\"widget\" data-e-type=\"widget\" data-widget_type=\"heading.default\">\n\t\t\t\t<div class=\"elementor-widget-container\">\n\t\t\t\t\t<h3 class=\"elementor-heading-title elementor-size-default\">Z\u00fcrich<\/h3>\t\t\t\t<\/div>\n\t\t\t\t<\/div>\n\t\t\t\t<div class=\"elementor-element elementor-element-39f8b69 elementor-widget elementor-widget-image\" data-id=\"39f8b69\" data-element_type=\"widget\" data-e-type=\"widget\" data-widget_type=\"image.default\">\n\t\t\t\t<div class=\"elementor-widget-container\">\n\t\t\t\t\t\t\t\t\t\t\t\t<figure class=\"wp-caption\">\n\t\t\t\t\t\t\t\t\t\t<img loading=\"lazy\" decoding=\"async\" width=\"1500\" height=\"756\" src=\"https:\/\/simonschoenhoff.de\/wp-content\/uploads\/2021\/04\/2020-08-28-Zuerich_17.jpg\" class=\"attachment-1536x1536 size-1536x1536 wp-image-926\" alt srcset=\"https:\/\/simonschoenhoff.de\/wp-content\/uploads\/2021\/04\/2020-08-28-Zuerich_17.jpg 1500w, https:\/\/simonschoenhoff.de\/wp-content\/uploads\/2021\/04\/2020-08-28-Zuerich_17-1200x605.jpg 1200w, https:\/\/simonschoenhoff.de\/wp-content\/uploads\/2021\/04\/2020-08-28-Zuerich_17-300x151.jpg 300w, https:\/\/simonschoenhoff.de\/wp-content\/uploads\/2021\/04\/2020-08-28-Zuerich_17-1024x516.jpg 1024w, https:\/\/simonschoenhoff.de\/wp-content\/uploads\/2021\/04\/2020-08-28-Zuerich_17-768x387.jpg 768w, https:\/\/simonschoenhoff.de\/wp-content\/uploads\/2021\/04\/2020-08-28-Zuerich_17-500x252.jpg 500w, https:\/\/simonschoenhoff.de\/wp-content\/uploads\/2021\/04\/2020-08-28-Zuerich_17-800x403.jpg 800w, https:\/\/simonschoenhoff.de\/wp-content\/uploads\/2021\/04\/2020-08-28-Zuerich_17-1280x645.jpg 1280w\" sizes=\"(max-width: 1500px) 100vw, 1500px\">\t\t\t\t\t\t\t\t\t\t\t<figcaption class=\"widget-image-caption wp-caption-text\">Landes\u00admu\u00adseum in Z\u00fcrich (Panorama) |\n24 mm, ISO 100, f\/4, 1\/800&nbsp;Sek.<\/figcaption>\n\t\t\t\t\t\t\t\t\t\t<\/figure>\n\t\t\t\t\t\t\t\t\t<\/div>\n\t\t\t\t<\/div>\n\t\t\t\t<div class=\"elementor-element elementor-element-f438eaf elementor-widget elementor-widget-text-editor\" data-id=\"f438eaf\" data-element_type=\"widget\" data-e-type=\"widget\" data-widget_type=\"text-editor.default\">\n\t\t\t\t<div class=\"elementor-widget-container\">\n\t\t\t\t\t\t\t\t\t<p>Am letzten Tag unseres Schweiz-Aufent\u00adhaltes wollten wir Z\u00fcrich besu\u00adchen. Dort, in der N\u00e4he des Bahn\u00adhofes, von dem aus wir zu Fu\u00df auf der Altstadt-Seite einmal den Limmat hinab und auf der gegen\u00ad\u00fcber\u00adlie\u00adgenden Seite einmal hinauf ablaufen wollten, gab es ein etwas g\u00fcns\u00adti\u00adgeres Park\u00adhaus. Zuge\u00adge\u00adbe\u00adner\u00adma\u00dfen passte es von der Lage her auch gut zu unserem Plan, wie wir uns durch die Stadt arbeiten wollten.<\/p>\t\t\t\t\t\t\t\t<\/div>\n\t\t\t\t<\/div>\n\t\t<div class=\"elementor-element elementor-element-4884c50 e-con-full e-flex e-con e-child\" data-id=\"4884c50\" data-element_type=\"container\" data-e-type=\"container\">\n\t\t\t\t<div class=\"elementor-element elementor-element-fa1d162 elementor-widget elementor-widget-image\" data-id=\"fa1d162\" data-element_type=\"widget\" data-e-type=\"widget\" data-widget_type=\"image.default\">\n\t\t\t\t<div class=\"elementor-widget-container\">\n\t\t\t\t\t\t\t\t\t\t\t\t<figure class=\"wp-caption\">\n\t\t\t\t\t\t\t\t\t\t<img loading=\"lazy\" decoding=\"async\" width=\"800\" height=\"533\" src=\"https:\/\/simonschoenhoff.de\/wp-content\/uploads\/2021\/04\/2020-08-28-Zuerich_18.jpg\" class=\"attachment-large size-large wp-image-927\" alt srcset=\"https:\/\/simonschoenhoff.de\/wp-content\/uploads\/2021\/04\/2020-08-28-Zuerich_18.jpg 1500w, https:\/\/simonschoenhoff.de\/wp-content\/uploads\/2021\/04\/2020-08-28-Zuerich_18-1200x800.jpg 1200w\" sizes=\"(max-width: 800px) 100vw, 800px\">\t\t\t\t\t\t\t\t\t\t\t<figcaption class=\"widget-image-caption wp-caption-text\">Der Limmat, Z\u00fcrich |\n34 mm, ISO 100, f\/16, 20 Sek. ND-Filter<\/figcaption>\n\t\t\t\t\t\t\t\t\t\t<\/figure>\n\t\t\t\t\t\t\t\t\t<\/div>\n\t\t\t\t<\/div>\n\t\t\t\t<div class=\"elementor-element elementor-element-2062f76 elementor-widget elementor-widget-image\" data-id=\"2062f76\" data-element_type=\"widget\" data-e-type=\"widget\" data-widget_type=\"image.default\">\n\t\t\t\t<div class=\"elementor-widget-container\">\n\t\t\t\t\t\t\t\t\t\t\t\t<figure class=\"wp-caption\">\n\t\t\t\t\t\t\t\t\t\t<img loading=\"lazy\" decoding=\"async\" width=\"683\" height=\"1024\" src=\"https:\/\/simonschoenhoff.de\/wp-content\/uploads\/2021\/04\/2020-08-28-Zuerich_19-683x1024.jpg\" class=\"attachment-large size-large wp-image-928\" alt srcset=\"https:\/\/simonschoenhoff.de\/wp-content\/uploads\/2021\/04\/2020-08-28-Zuerich_19-683x1024.jpg 683w, https:\/\/simonschoenhoff.de\/wp-content\/uploads\/2021\/04\/2020-08-28-Zuerich_19-600x900.jpg 600w, https:\/\/simonschoenhoff.de\/wp-content\/uploads\/2021\/04\/2020-08-28-Zuerich_19-200x300.jpg 200w, https:\/\/simonschoenhoff.de\/wp-content\/uploads\/2021\/04\/2020-08-28-Zuerich_19-768x1152.jpg 768w, https:\/\/simonschoenhoff.de\/wp-content\/uploads\/2021\/04\/2020-08-28-Zuerich_19-500x750.jpg 500w, https:\/\/simonschoenhoff.de\/wp-content\/uploads\/2021\/04\/2020-08-28-Zuerich_19-800x1200.jpg 800w, https:\/\/simonschoenhoff.de\/wp-content\/uploads\/2021\/04\/2020-08-28-Zuerich_19.jpg 1000w\" sizes=\"(max-width: 683px) 100vw, 683px\">\t\t\t\t\t\t\t\t\t\t\t<figcaption class=\"widget-image-caption wp-caption-text\">Der M\u00fchle\u00adsteg |\n105 mm, ISO 100, f\/4, 1\/160&nbsp;Sek.&nbsp;<\/figcaption>\n\t\t\t\t\t\t\t\t\t\t<\/figure>\n\t\t\t\t\t\t\t\t\t<\/div>\n\t\t\t\t<\/div>\n\t\t\t\t<\/div>\n\t\t\t\t<div class=\"elementor-element elementor-element-c2b3391 elementor-widget elementor-widget-text-editor\" data-id=\"c2b3391\" data-element_type=\"widget\" data-e-type=\"widget\" data-widget_type=\"text-editor.default\">\n\t\t\t\t<div class=\"elementor-widget-container\">\n\t\t\t\t\t\t\t\t\t<p>Eigent\u00adlich bietet Z\u00fcrich an jeder Br\u00fccke einen sch\u00f6nen Blick auf die Stadt und ihre sch\u00f6nen H\u00e4user. Es empfiehlt sich also durchaus einen Blick \u00fcber den Limmat auf die andere Seite des Flusses, oder einmal einige Meter \u00fcber die Br\u00fccken zu gehen und sich umzuschauen.&nbsp;<\/p>\t\t\t\t\t\t\t\t<\/div>\n\t\t\t\t<\/div>\n\t\t\t\t<div class=\"elementor-element elementor-element-cb2d105 elementor-widget elementor-widget-text-editor\" data-id=\"cb2d105\" data-element_type=\"widget\" data-e-type=\"widget\" data-widget_type=\"text-editor.default\">\n\t\t\t\t<div class=\"elementor-widget-container\">\n\t\t\t\t\t\t\t\t\t<p>L\u00e4uft man auf der Seite der Altstadt, sollte man nicht nur am Ufer des Limmats entlang schlen\u00addern, sondern durch die vielen, beinahe unz\u00e4h\u00adligen G\u00e4ss\u00adchen gehen. Es wimmelt von Gesch\u00e4ften und Lokalen. Hinter jeder Ecke schlum\u00admern foto\u00adgene Motive. Deshalb gingen wir ohne gro\u00dfen Plan oder Reise\u00adf\u00fchrer kreuz und quer durch die Gassen und sahen allerlei sch\u00f6ne Geb\u00e4ude, Fassaden, Balkone, Klapp\u00adl\u00e4den oder Denkm\u00e4ler.&nbsp;<\/p>\t\t\t\t\t\t\t\t<\/div>\n\t\t\t\t<\/div>\n\t\t\t\t<div class=\"elementor-element elementor-element-0a23020 elementor-widget elementor-widget-image\" data-id=\"0a23020\" data-element_type=\"widget\" data-e-type=\"widget\" data-widget_type=\"image.default\">\n\t\t\t\t<div class=\"elementor-widget-container\">\n\t\t\t\t\t\t\t\t\t\t\t\t<figure class=\"wp-caption\">\n\t\t\t\t\t\t\t\t\t\t<img loading=\"lazy\" decoding=\"async\" width=\"1500\" height=\"1000\" src=\"https:\/\/simonschoenhoff.de\/wp-content\/uploads\/2021\/04\/2020-08-28-Zuerich_20.jpg\" class=\"attachment-1536x1536 size-1536x1536 wp-image-929\" alt srcset=\"https:\/\/simonschoenhoff.de\/wp-content\/uploads\/2021\/04\/2020-08-28-Zuerich_20.jpg 1500w, https:\/\/simonschoenhoff.de\/wp-content\/uploads\/2021\/04\/2020-08-28-Zuerich_20-1200x800.jpg 1200w\" sizes=\"(max-width: 1500px) 100vw, 1500px\">\t\t\t\t\t\t\t\t\t\t\t<figcaption class=\"widget-image-caption wp-caption-text\">Kirche Frau\u00adm\u00fcnster und St. Peter in Z\u00fcrich |\n49 mm, ISO 100, f\/4, 1\/320&nbsp;Sek.<\/figcaption>\n\t\t\t\t\t\t\t\t\t\t<\/figure>\n\t\t\t\t\t\t\t\t\t<\/div>\n\t\t\t\t<\/div>\n\t\t<div class=\"elementor-element elementor-element-cb0ee61 e-con-full e-flex e-con e-child\" data-id=\"cb0ee61\" data-element_type=\"container\" data-e-type=\"container\">\n\t\t<div class=\"elementor-element elementor-element-afcb8ed e-con-full e-flex e-con e-child\" data-id=\"afcb8ed\" data-element_type=\"container\" data-e-type=\"container\">\n\t\t\t\t<div class=\"elementor-element elementor-element-8cc195d elementor-widget elementor-widget-image\" data-id=\"8cc195d\" data-element_type=\"widget\" data-e-type=\"widget\" data-widget_type=\"image.default\">\n\t\t\t\t<div class=\"elementor-widget-container\">\n\t\t\t\t\t\t\t\t\t\t\t\t<figure class=\"wp-caption\">\n\t\t\t\t\t\t\t\t\t\t<img loading=\"lazy\" decoding=\"async\" width=\"683\" height=\"1024\" src=\"https:\/\/simonschoenhoff.de\/wp-content\/uploads\/2021\/04\/2020-08-28-Zuerich_21-683x1024.jpg\" class=\"attachment-large size-large wp-image-930\" alt srcset=\"https:\/\/simonschoenhoff.de\/wp-content\/uploads\/2021\/04\/2020-08-28-Zuerich_21-683x1024.jpg 683w, https:\/\/simonschoenhoff.de\/wp-content\/uploads\/2021\/04\/2020-08-28-Zuerich_21-600x900.jpg 600w, https:\/\/simonschoenhoff.de\/wp-content\/uploads\/2021\/04\/2020-08-28-Zuerich_21-200x300.jpg 200w, https:\/\/simonschoenhoff.de\/wp-content\/uploads\/2021\/04\/2020-08-28-Zuerich_21-768x1152.jpg 768w, https:\/\/simonschoenhoff.de\/wp-content\/uploads\/2021\/04\/2020-08-28-Zuerich_21-500x750.jpg 500w, https:\/\/simonschoenhoff.de\/wp-content\/uploads\/2021\/04\/2020-08-28-Zuerich_21-800x1200.jpg 800w, https:\/\/simonschoenhoff.de\/wp-content\/uploads\/2021\/04\/2020-08-28-Zuerich_21.jpg 1000w\" sizes=\"(max-width: 683px) 100vw, 683px\">\t\t\t\t\t\t\t\t\t\t\t<figcaption class=\"widget-image-caption wp-caption-text\">Balkon am K\u00f6nig\u00adstuhl |\n62 mm, ISO 100, f\/4, 1\/200&nbsp;Sek.<\/figcaption>\n\t\t\t\t\t\t\t\t\t\t<\/figure>\n\t\t\t\t\t\t\t\t\t<\/div>\n\t\t\t\t<\/div>\n\t\t\t\t<\/div>\n\t\t<div class=\"elementor-element elementor-element-c8f357d e-con-full e-flex e-con e-child\" data-id=\"c8f357d\" data-element_type=\"container\" data-e-type=\"container\">\n\t\t\t\t<div class=\"elementor-element elementor-element-afa653d elementor-widget elementor-widget-image\" data-id=\"afa653d\" data-element_type=\"widget\" data-e-type=\"widget\" data-widget_type=\"image.default\">\n\t\t\t\t<div class=\"elementor-widget-container\">\n\t\t\t\t\t\t\t\t\t\t\t\t<figure class=\"wp-caption\">\n\t\t\t\t\t\t\t\t\t\t<img loading=\"lazy\" decoding=\"async\" width=\"800\" height=\"1200\" src=\"https:\/\/simonschoenhoff.de\/wp-content\/uploads\/2021\/04\/2020-08-28-Zuerich_22.jpg\" class=\"attachment-large size-large wp-image-931\" alt srcset=\"https:\/\/simonschoenhoff.de\/wp-content\/uploads\/2021\/04\/2020-08-28-Zuerich_22.jpg 1000w, https:\/\/simonschoenhoff.de\/wp-content\/uploads\/2021\/04\/2020-08-28-Zuerich_22-600x900.jpg 600w\" sizes=\"(max-width: 800px) 100vw, 800px\">\t\t\t\t\t\t\t\t\t\t\t<figcaption class=\"widget-image-caption wp-caption-text\">Statue in Z\u00fcrich |\n81 mm, ISO 100, f\/4, 1\/160&nbsp;Sek.<\/figcaption>\n\t\t\t\t\t\t\t\t\t\t<\/figure>\n\t\t\t\t\t\t\t\t\t<\/div>\n\t\t\t\t<\/div>\n\t\t\t\t<\/div>\n\t\t\t\t<\/div>\n\t\t\t\t<div class=\"elementor-element elementor-element-ec0c331 elementor-widget elementor-widget-text-editor\" data-id=\"ec0c331\" data-element_type=\"widget\" data-e-type=\"widget\" data-widget_type=\"text-editor.default\">\n\t\t\t\t<div class=\"elementor-widget-container\">\n\t\t\t\t\t\t\t\t\t<p>In manchen Gassen fragt man sich, ob sie \u00fcber\u00adhaupt ein Ende nimmt, oder ob man irgend\u00adwann einfach vor einem Geb\u00e4ude steht und es nicht mehr weiter geht. Ein wirk\u00adlich toller Charme, den diese Altstadt verspr\u00fcht, die schon beinahe an italie\u00adni\u00adsche Gassen erinnern.&nbsp;<\/p>\t\t\t\t\t\t\t\t<\/div>\n\t\t\t\t<\/div>\n\t\t\t\t<div class=\"elementor-element elementor-element-a4413bc elementor-widget elementor-widget-text-editor\" data-id=\"a4413bc\" data-element_type=\"widget\" data-e-type=\"widget\" data-widget_type=\"text-editor.default\">\n\t\t\t\t<div class=\"elementor-widget-container\">\n\t\t\t\t\t\t\t\t\t<p>Schon alleine das hindurch\u00adspa\u00adzieren der Stra\u00dfen macht richtig Spa\u00df, denn es gibt einiges zu sehen, was ich so zuvor nicht von Z\u00fcrich erwartet h\u00e4tte. Da ich das erste mal hier bin, hatte ich mir bislang etwas anderes vorge\u00adstellt und ein anderes Bild von dieser Stadt im Kopf gehabt.&nbsp;<\/p>\t\t\t\t\t\t\t\t<\/div>\n\t\t\t\t<\/div>\n\t\t<div class=\"elementor-element elementor-element-7820c06 e-con-full e-flex e-con e-child\" data-id=\"7820c06\" data-element_type=\"container\" data-e-type=\"container\">\n\t\t<div class=\"elementor-element elementor-element-085bfba e-con-full e-flex e-con e-child\" data-id=\"085bfba\" data-element_type=\"container\" data-e-type=\"container\">\n\t\t\t\t<div class=\"elementor-element elementor-element-99a143d elementor-widget elementor-widget-image\" data-id=\"99a143d\" data-element_type=\"widget\" data-e-type=\"widget\" data-widget_type=\"image.default\">\n\t\t\t\t<div class=\"elementor-widget-container\">\n\t\t\t\t\t\t\t\t\t\t\t\t<figure class=\"wp-caption\">\n\t\t\t\t\t\t\t\t\t\t<img loading=\"lazy\" decoding=\"async\" width=\"800\" height=\"533\" src=\"https:\/\/simonschoenhoff.de\/wp-content\/uploads\/2021\/04\/2020-08-28-Zuerich_23.jpg\" class=\"attachment-large size-large wp-image-932\" alt srcset=\"https:\/\/simonschoenhoff.de\/wp-content\/uploads\/2021\/04\/2020-08-28-Zuerich_23.jpg 1500w, https:\/\/simonschoenhoff.de\/wp-content\/uploads\/2021\/04\/2020-08-28-Zuerich_23-1200x800.jpg 1200w\" sizes=\"(max-width: 800px) 100vw, 800px\">\t\t\t\t\t\t\t\t\t\t\t<figcaption class=\"widget-image-caption wp-caption-text\">Streets of Z\u00fcrich |\n105 mm, ISO 100, f\/4, 1\/200&nbsp;Sek.<\/figcaption>\n\t\t\t\t\t\t\t\t\t\t<\/figure>\n\t\t\t\t\t\t\t\t\t<\/div>\n\t\t\t\t<\/div>\n\t\t\t\t<\/div>\n\t\t<div class=\"elementor-element elementor-element-e039dee e-con-full e-flex e-con e-child\" data-id=\"e039dee\" data-element_type=\"container\" data-e-type=\"container\">\n\t\t\t\t<div class=\"elementor-element elementor-element-cbf2856 elementor-widget elementor-widget-image\" data-id=\"cbf2856\" data-element_type=\"widget\" data-e-type=\"widget\" data-widget_type=\"image.default\">\n\t\t\t\t<div class=\"elementor-widget-container\">\n\t\t\t\t\t\t\t\t\t\t\t\t<figure class=\"wp-caption\">\n\t\t\t\t\t\t\t\t\t\t<img loading=\"lazy\" decoding=\"async\" width=\"800\" height=\"1200\" src=\"https:\/\/simonschoenhoff.de\/wp-content\/uploads\/2021\/04\/2020-08-28-Zuerich_24.jpg\" class=\"attachment-large size-large wp-image-933\" alt srcset=\"https:\/\/simonschoenhoff.de\/wp-content\/uploads\/2021\/04\/2020-08-28-Zuerich_24.jpg 1000w, https:\/\/simonschoenhoff.de\/wp-content\/uploads\/2021\/04\/2020-08-28-Zuerich_24-600x900.jpg 600w\" sizes=\"(max-width: 800px) 100vw, 800px\">\t\t\t\t\t\t\t\t\t\t\t<figcaption class=\"widget-image-caption wp-caption-text\">\u201cLiving in Z\u00fcrich\u201d |\n61 mm, ISO 200, f\/4, 1\/80&nbsp;Sek.<\/figcaption>\n\t\t\t\t\t\t\t\t\t\t<\/figure>\n\t\t\t\t\t\t\t\t\t<\/div>\n\t\t\t\t<\/div>\n\t\t\t\t<\/div>\n\t\t\t\t<\/div>\n\t\t\t\t<div class=\"elementor-element elementor-element-2546401 elementor-widget elementor-widget-text-editor\" data-id=\"2546401\" data-element_type=\"widget\" data-e-type=\"widget\" data-widget_type=\"text-editor.default\">\n\t\t\t\t<div class=\"elementor-widget-container\">\n\t\t\t\t\t\t\t\t\t<p>Nach vielen Schritten und unz\u00e4h\u00adligen Abbie\u00adgungen und Gassen errei\u00adchen wir ganz von alleine das Gro\u00df\u00adm\u00fcnster. Die Fassaden und Fenster des Neben\u00adge\u00adb\u00e4udes hatten mir es gleich angetan, obwohl ich keine all zu gro\u00dfe Affi\u00adnit\u00e4t zu Archi\u00adtektur o.\u00e4.&nbsp;habe.&nbsp;<\/p>\t\t\t\t\t\t\t\t<\/div>\n\t\t\t\t<\/div>\n\t\t\t\t<div class=\"elementor-element elementor-element-d4099a7 elementor-widget elementor-widget-text-editor\" data-id=\"d4099a7\" data-element_type=\"widget\" data-e-type=\"widget\" data-widget_type=\"text-editor.default\">\n\t\t\t\t<div class=\"elementor-widget-container\">\n\t\t\t\t\t\t\t\t\t<p>Im Innern des Haupt\u00adge\u00adb\u00e4udes ist das Erstellen von Fotos nicht erlaubt, was ich nat\u00fcr\u00adlich respek\u00adtiere, aber auf jeden Fall kann man einen Blick hinein\u00adwerfen, was sich immer&nbsp;lohnt.&nbsp;<\/p>\t\t\t\t\t\t\t\t<\/div>\n\t\t\t\t<\/div>\n\t\t<div class=\"elementor-element elementor-element-747cc90 e-con-full e-flex e-con e-child\" data-id=\"747cc90\" data-element_type=\"container\" data-e-type=\"container\">\n\t\t<div class=\"elementor-element elementor-element-5b65cff e-con-full e-flex e-con e-child\" data-id=\"5b65cff\" data-element_type=\"container\" data-e-type=\"container\">\n\t\t\t\t<div class=\"elementor-element elementor-element-0e9a964 elementor-widget elementor-widget-image\" data-id=\"0e9a964\" data-element_type=\"widget\" data-e-type=\"widget\" data-widget_type=\"image.default\">\n\t\t\t\t<div class=\"elementor-widget-container\">\n\t\t\t\t\t\t\t\t\t\t\t\t<figure class=\"wp-caption\">\n\t\t\t\t\t\t\t\t\t\t<img loading=\"lazy\" decoding=\"async\" width=\"800\" height=\"1200\" src=\"https:\/\/simonschoenhoff.de\/wp-content\/uploads\/2021\/04\/2020-08-28-Zuerich_28.jpg\" class=\"attachment-large size-large wp-image-937\" alt srcset=\"https:\/\/simonschoenhoff.de\/wp-content\/uploads\/2021\/04\/2020-08-28-Zuerich_28.jpg 1000w, https:\/\/simonschoenhoff.de\/wp-content\/uploads\/2021\/04\/2020-08-28-Zuerich_28-600x900.jpg 600w\" sizes=\"(max-width: 800px) 100vw, 800px\">\t\t\t\t\t\t\t\t\t\t\t<figcaption class=\"widget-image-caption wp-caption-text\">Fassade des Neben\u00adge\u00adb\u00e4udes des Gro\u00df\u00adm\u00fcns\u00adters |\n105 mm, ISO 100, f\/4, 1\/320&nbsp;Sek.<\/figcaption>\n\t\t\t\t\t\t\t\t\t\t<\/figure>\n\t\t\t\t\t\t\t\t\t<\/div>\n\t\t\t\t<\/div>\n\t\t\t\t<\/div>\n\t\t<div class=\"elementor-element elementor-element-77b8384 e-con-full e-flex e-con e-child\" data-id=\"77b8384\" data-element_type=\"container\" data-e-type=\"container\">\n\t\t\t\t<div class=\"elementor-element elementor-element-c9743b6 elementor-widget elementor-widget-image\" data-id=\"c9743b6\" data-element_type=\"widget\" data-e-type=\"widget\" data-widget_type=\"image.default\">\n\t\t\t\t<div class=\"elementor-widget-container\">\n\t\t\t\t\t\t\t\t\t\t\t\t<figure class=\"wp-caption\">\n\t\t\t\t\t\t\t\t\t\t<img loading=\"lazy\" decoding=\"async\" width=\"800\" height=\"1200\" src=\"https:\/\/simonschoenhoff.de\/wp-content\/uploads\/2021\/04\/2020-08-28-Zuerich_25.jpg\" class=\"attachment-large size-large wp-image-934\" alt srcset=\"https:\/\/simonschoenhoff.de\/wp-content\/uploads\/2021\/04\/2020-08-28-Zuerich_25.jpg 1000w, https:\/\/simonschoenhoff.de\/wp-content\/uploads\/2021\/04\/2020-08-28-Zuerich_25-600x900.jpg 600w\" sizes=\"(max-width: 800px) 100vw, 800px\">\t\t\t\t\t\t\t\t\t\t\t<figcaption class=\"widget-image-caption wp-caption-text\">Vorbei am Gro\u00df\u00adm\u00fcnster\n82 mm, ISO 100, f\/4, 1\/320&nbsp;Sek.<\/figcaption>\n\t\t\t\t\t\t\t\t\t\t<\/figure>\n\t\t\t\t\t\t\t\t\t<\/div>\n\t\t\t\t<\/div>\n\t\t\t\t<\/div>\n\t\t<div class=\"elementor-element elementor-element-49eae5e e-con-full e-flex e-con e-child\" data-id=\"49eae5e\" data-element_type=\"container\" data-e-type=\"container\">\n\t\t\t\t<div class=\"elementor-element elementor-element-f7e1a6e elementor-widget elementor-widget-image\" data-id=\"f7e1a6e\" data-element_type=\"widget\" data-e-type=\"widget\" data-widget_type=\"image.default\">\n\t\t\t\t<div class=\"elementor-widget-container\">\n\t\t\t\t\t\t\t\t\t\t\t\t<figure class=\"wp-caption\">\n\t\t\t\t\t\t\t\t\t\t<img loading=\"lazy\" decoding=\"async\" width=\"683\" height=\"1024\" src=\"https:\/\/simonschoenhoff.de\/wp-content\/uploads\/2021\/04\/2020-08-28-Zuerich_26-683x1024.jpg\" class=\"attachment-large size-large wp-image-935\" alt srcset=\"https:\/\/simonschoenhoff.de\/wp-content\/uploads\/2021\/04\/2020-08-28-Zuerich_26-683x1024.jpg 683w, https:\/\/simonschoenhoff.de\/wp-content\/uploads\/2021\/04\/2020-08-28-Zuerich_26-600x900.jpg 600w, https:\/\/simonschoenhoff.de\/wp-content\/uploads\/2021\/04\/2020-08-28-Zuerich_26-200x300.jpg 200w, https:\/\/simonschoenhoff.de\/wp-content\/uploads\/2021\/04\/2020-08-28-Zuerich_26-768x1152.jpg 768w, https:\/\/simonschoenhoff.de\/wp-content\/uploads\/2021\/04\/2020-08-28-Zuerich_26-500x750.jpg 500w, https:\/\/simonschoenhoff.de\/wp-content\/uploads\/2021\/04\/2020-08-28-Zuerich_26-800x1200.jpg 800w, https:\/\/simonschoenhoff.de\/wp-content\/uploads\/2021\/04\/2020-08-28-Zuerich_26.jpg 1000w\" sizes=\"(max-width: 683px) 100vw, 683px\">\t\t\t\t\t\t\t\t\t\t\t<figcaption class=\"widget-image-caption wp-caption-text\">Neben\u00adge\u00adb\u00e4ude des Gro\u00df\u00adm\u00fcns\u00adters |\n82 mm, ISO 100, f\/4, 1\/320&nbsp;Sek.<\/figcaption>\n\t\t\t\t\t\t\t\t\t\t<\/figure>\n\t\t\t\t\t\t\t\t\t<\/div>\n\t\t\t\t<\/div>\n\t\t\t\t<\/div>\n\t\t<div class=\"elementor-element elementor-element-05b3a77 e-con-full e-flex e-con e-child\" data-id=\"05b3a77\" data-element_type=\"container\" data-e-type=\"container\">\n\t\t\t\t<div class=\"elementor-element elementor-element-5f73a35 elementor-widget elementor-widget-image\" data-id=\"5f73a35\" data-element_type=\"widget\" data-e-type=\"widget\" data-widget_type=\"image.default\">\n\t\t\t\t<div class=\"elementor-widget-container\">\n\t\t\t\t\t\t\t\t\t\t\t\t<figure class=\"wp-caption\">\n\t\t\t\t\t\t\t\t\t\t<img loading=\"lazy\" decoding=\"async\" width=\"800\" height=\"1200\" src=\"https:\/\/simonschoenhoff.de\/wp-content\/uploads\/2021\/04\/2020-08-28-Zuerich_27.jpg\" class=\"attachment-large size-large wp-image-936\" alt srcset=\"https:\/\/simonschoenhoff.de\/wp-content\/uploads\/2021\/04\/2020-08-28-Zuerich_27.jpg 1000w, https:\/\/simonschoenhoff.de\/wp-content\/uploads\/2021\/04\/2020-08-28-Zuerich_27-600x900.jpg 600w\" sizes=\"(max-width: 800px) 100vw, 800px\">\t\t\t\t\t\t\t\t\t\t\t<figcaption class=\"widget-image-caption wp-caption-text\">Spitz\u00adturm des Gro\u00df\u00adm\u00fcns\u00adters |\n82 mm, ISO 100, f\/4, 1\/2000 Sek.<\/figcaption>\n\t\t\t\t\t\t\t\t\t\t<\/figure>\n\t\t\t\t\t\t\t\t\t<\/div>\n\t\t\t\t<\/div>\n\t\t\t\t<\/div>\n\t\t\t\t<\/div>\n\t\t\t\t<div class=\"elementor-element elementor-element-cf5deb2 elementor-widget elementor-widget-text-editor\" data-id=\"cf5deb2\" data-element_type=\"widget\" data-e-type=\"widget\" data-widget_type=\"text-editor.default\">\n\t\t\t\t<div class=\"elementor-widget-container\">\n\t\t\t\t\t\t\t\t\t<p>Zur\u00fcck am Limmat zog das Wetter langsam zu. Heute Mittag soll es anschei\u00adnend noch kr\u00e4ftig st\u00fcrmen und Regnen, weshalb wir einfach jede Minute, die uns blieb, nutzten.&nbsp;<\/p>\t\t\t\t\t\t\t\t<\/div>\n\t\t\t\t<\/div>\n\t\t\t\t<div class=\"elementor-element elementor-element-7088f1c elementor-widget elementor-widget-text-editor\" data-id=\"7088f1c\" data-element_type=\"widget\" data-e-type=\"widget\" data-widget_type=\"text-editor.default\">\n\t\t\t\t<div class=\"elementor-widget-container\">\n\t\t\t\t\t\t\t\t\t<p>Ich foto\u00adgra\u00adfierte nochmal auf die gegen\u00ad\u00fcber\u00adlie\u00adgende Seite, nutzte daf\u00fcr auch einen ND-Filter, um das Wasser zu gl\u00e4tten und Autos und Fu\u00dfg\u00e4nger, ggf. zu elimi\u00adnieren. Eben\u00adfalls der Effekt in den vorbei\u00adzie\u00adhenden Wolken mag ich, an dieser Art von Bilder.&nbsp;<\/p>\t\t\t\t\t\t\t\t<\/div>\n\t\t\t\t<\/div>\n\t\t<div class=\"elementor-element elementor-element-41f1aff e-con-full e-flex e-con e-child\" data-id=\"41f1aff\" data-element_type=\"container\" data-e-type=\"container\">\n\t\t<div class=\"elementor-element elementor-element-071c0c6 e-con-full e-flex e-con e-child\" data-id=\"071c0c6\" data-element_type=\"container\" data-e-type=\"container\">\n\t\t\t\t<div class=\"elementor-element elementor-element-0db2589 elementor-widget elementor-widget-image\" data-id=\"0db2589\" data-element_type=\"widget\" data-e-type=\"widget\" data-widget_type=\"image.default\">\n\t\t\t\t<div class=\"elementor-widget-container\">\n\t\t\t\t\t\t\t\t\t\t\t\t<figure class=\"wp-caption\">\n\t\t\t\t\t\t\t\t\t\t<img loading=\"lazy\" decoding=\"async\" width=\"800\" height=\"533\" src=\"https:\/\/simonschoenhoff.de\/wp-content\/uploads\/2021\/04\/2020-08-28-Zuerich_29.jpg\" class=\"attachment-large size-large wp-image-938\" alt srcset=\"https:\/\/simonschoenhoff.de\/wp-content\/uploads\/2021\/04\/2020-08-28-Zuerich_29.jpg 1500w, https:\/\/simonschoenhoff.de\/wp-content\/uploads\/2021\/04\/2020-08-28-Zuerich_29-1200x800.jpg 1200w\" sizes=\"(max-width: 800px) 100vw, 800px\">\t\t\t\t\t\t\t\t\t\t\t<figcaption class=\"widget-image-caption wp-caption-text\">Kirche St. Peter und der Limmat |\n24 mm, ISO 100, f\/16, 20 Sek., ND-Filter<\/figcaption>\n\t\t\t\t\t\t\t\t\t\t<\/figure>\n\t\t\t\t\t\t\t\t\t<\/div>\n\t\t\t\t<\/div>\n\t\t\t\t<\/div>\n\t\t<div class=\"elementor-element elementor-element-d4e4a3b e-con-full e-flex e-con e-child\" data-id=\"d4e4a3b\" data-element_type=\"container\" data-e-type=\"container\">\n\t\t\t\t<div class=\"elementor-element elementor-element-8268c4b elementor-widget elementor-widget-image\" data-id=\"8268c4b\" data-element_type=\"widget\" data-e-type=\"widget\" data-widget_type=\"image.default\">\n\t\t\t\t<div class=\"elementor-widget-container\">\n\t\t\t\t\t\t\t\t\t\t\t\t<figure class=\"wp-caption\">\n\t\t\t\t\t\t\t\t\t\t<img loading=\"lazy\" decoding=\"async\" width=\"800\" height=\"534\" src=\"https:\/\/simonschoenhoff.de\/wp-content\/uploads\/2021\/04\/2020-08-28-Zuerich_30-1024x683.jpg\" class=\"attachment-large size-large wp-image-939\" alt srcset=\"https:\/\/simonschoenhoff.de\/wp-content\/uploads\/2021\/04\/2020-08-28-Zuerich_30-1024x683.jpg 1024w, https:\/\/simonschoenhoff.de\/wp-content\/uploads\/2021\/04\/2020-08-28-Zuerich_30-1200x800.jpg 1200w, https:\/\/simonschoenhoff.de\/wp-content\/uploads\/2021\/04\/2020-08-28-Zuerich_30-300x200.jpg 300w, https:\/\/simonschoenhoff.de\/wp-content\/uploads\/2021\/04\/2020-08-28-Zuerich_30-768x512.jpg 768w, https:\/\/simonschoenhoff.de\/wp-content\/uploads\/2021\/04\/2020-08-28-Zuerich_30-500x333.jpg 500w, https:\/\/simonschoenhoff.de\/wp-content\/uploads\/2021\/04\/2020-08-28-Zuerich_30-800x533.jpg 800w, https:\/\/simonschoenhoff.de\/wp-content\/uploads\/2021\/04\/2020-08-28-Zuerich_30-1280x853.jpg 1280w, https:\/\/simonschoenhoff.de\/wp-content\/uploads\/2021\/04\/2020-08-28-Zuerich_30.jpg 1500w\" sizes=\"(max-width: 800px) 100vw, 800px\">\t\t\t\t\t\t\t\t\t\t\t<figcaption class=\"widget-image-caption wp-caption-text\">M\u00fcns\u00adter\u00adbr\u00fccke und die Frau\u00adm\u00fcnster Kirche, Z\u00fcrich |\n24 mm, ISO 100, f\/16, 20&nbsp;Sek.<\/figcaption>\n\t\t\t\t\t\t\t\t\t\t<\/figure>\n\t\t\t\t\t\t\t\t\t<\/div>\n\t\t\t\t<\/div>\n\t\t\t\t<\/div>\n\t\t\t\t<\/div>\n\t\t\t\t<div class=\"elementor-element elementor-element-2929eef elementor-widget elementor-widget-text-editor\" data-id=\"2929eef\" data-element_type=\"widget\" data-e-type=\"widget\" data-widget_type=\"text-editor.default\">\n\t\t\t\t<div class=\"elementor-widget-container\">\n\t\t\t\t\t\t\t\t\t<p>L\u00e4uft man noch etwas weiter den Limmat hinab, kommt man bis zum Staats\u00adtheater. Dort an dem gro\u00dfen Platz gibt es den Ster\u00adnenim\u00adbiss. Wir haben diesen als nicht ganz so geheimen Geheim\u00adtipp empfohlen bekommen, da die Preise einiger Ma\u00dfen human sind und das dort gebo\u00adtene einfache Essen lecker ist. Also holten wir uns eine \u201ez\u00fcr\u2019cher Hot-Dog\u201c mit Sauer\u00adkraut, Senf und Brat\u00adwurst im Baguette und setzten uns zum Mittag\u00adessen an den Z\u00fcrichsee an der N\u00e4he des Staatstheaters.&nbsp;<\/p>\t\t\t\t\t\t\t\t<\/div>\n\t\t\t\t<\/div>\n\t\t\t\t<div class=\"elementor-element elementor-element-0584cb5 elementor-widget elementor-widget-image\" data-id=\"0584cb5\" data-element_type=\"widget\" data-e-type=\"widget\" data-widget_type=\"image.default\">\n\t\t\t\t<div class=\"elementor-widget-container\">\n\t\t\t\t\t\t\t\t\t\t\t\t<figure class=\"wp-caption\">\n\t\t\t\t\t\t\t\t\t\t<img loading=\"lazy\" decoding=\"async\" width=\"1500\" height=\"1000\" src=\"https:\/\/simonschoenhoff.de\/wp-content\/uploads\/2021\/04\/2020-08-28-Zuerich_31.jpg\" class=\"attachment-1536x1536 size-1536x1536 wp-image-940\" alt srcset=\"https:\/\/simonschoenhoff.de\/wp-content\/uploads\/2021\/04\/2020-08-28-Zuerich_31.jpg 1500w, https:\/\/simonschoenhoff.de\/wp-content\/uploads\/2021\/04\/2020-08-28-Zuerich_31-1200x800.jpg 1200w\" sizes=\"(max-width: 1500px) 100vw, 1500px\">\t\t\t\t\t\t\t\t\t\t\t<figcaption class=\"widget-image-caption wp-caption-text\">Staats\u00adtheater, Z\u00fcrich |\n53 mm, ISO 100, f\/6.3, 1\/320&nbsp;Sek.<\/figcaption>\n\t\t\t\t\t\t\t\t\t\t<\/figure>\n\t\t\t\t\t\t\t\t\t<\/div>\n\t\t\t\t<\/div>\n\t\t\t\t<div class=\"elementor-element elementor-element-d25ec1f elementor-widget elementor-widget-text-editor\" data-id=\"d25ec1f\" data-element_type=\"widget\" data-e-type=\"widget\" data-widget_type=\"text-editor.default\">\n\t\t\t\t<div class=\"elementor-widget-container\">\n\t\t\t\t\t\t\t\t\t<p>Auf dem R\u00fcckweg zum Bahnhof gingen wir die andere Seite des Limmats wieder hinauf. Dieses mal konnten wir also einen sch\u00f6nen Blick auf das Gro\u00df\u00adm\u00fcnster genie\u00dfen.<\/p>\t\t\t\t\t\t\t\t<\/div>\n\t\t\t\t<\/div>\n\t\t\t\t<div class=\"elementor-element elementor-element-16dae18 elementor-widget elementor-widget-image\" data-id=\"16dae18\" data-element_type=\"widget\" data-e-type=\"widget\" data-widget_type=\"image.default\">\n\t\t\t\t<div class=\"elementor-widget-container\">\n\t\t\t\t\t\t\t\t\t\t\t\t<figure class=\"wp-caption\">\n\t\t\t\t\t\t\t\t\t\t<img loading=\"lazy\" decoding=\"async\" width=\"1500\" height=\"676\" src=\"https:\/\/simonschoenhoff.de\/wp-content\/uploads\/2021\/04\/2020-08-28-Zuerich_32.jpg\" class=\"attachment-1536x1536 size-1536x1536 wp-image-941\" alt srcset=\"https:\/\/simonschoenhoff.de\/wp-content\/uploads\/2021\/04\/2020-08-28-Zuerich_32.jpg 1500w, https:\/\/simonschoenhoff.de\/wp-content\/uploads\/2021\/04\/2020-08-28-Zuerich_32-1200x541.jpg 1200w\" sizes=\"(max-width: 1500px) 100vw, 1500px\">\t\t\t\t\t\t\t\t\t\t\t<figcaption class=\"widget-image-caption wp-caption-text\">Gro\u00df\u00adm\u00fcnster und M\u00fcns\u00adter\u00adbr\u00fccke, Z\u00fcrich (Panorama) |\n24 mm, ISO 100, f\/16, 20 Sek., ND-Filter<\/figcaption>\n\t\t\t\t\t\t\t\t\t\t<\/figure>\n\t\t\t\t\t\t\t\t\t<\/div>\n\t\t\t\t<\/div>\n\t\t\t\t<div class=\"elementor-element elementor-element-b73e22e elementor-widget elementor-widget-text-editor\" data-id=\"b73e22e\" data-element_type=\"widget\" data-e-type=\"widget\" data-widget_type=\"text-editor.default\">\n\t\t\t\t<div class=\"elementor-widget-container\">\n\t\t\t\t\t\t\t\t\t<p>Auch auf dieses Seite des Limmats gibt es tolle H\u00e4user und bezau\u00adbernde Gassen zu sehen. Einen Blick ins Frau\u00adm\u00fcnster blieb uns leider verwehrt. F\u00fcr dieses Gottes\u00adhaus sollten wir Eintritt zahlen, f\u00fcr uns ist das im Falle einer Kirche ein no-go, da unserer Meinung Gottes\u00adh\u00e4user gene\u00adrell offen f\u00fcr Gl\u00e4u\u00adbige stehen sollten. \u00dcber die Gr\u00fcnde haben wir uns aller\u00addings nicht infor\u00admiert, wenn es denn gute daf\u00fcr gibt, da wir eh nur einen Tag in Z\u00fcrich verbrachten.&nbsp;<\/p>\t\t\t\t\t\t\t\t<\/div>\n\t\t\t\t<\/div>\n\t\t\t\t<div class=\"elementor-element elementor-element-1eff197 elementor-widget elementor-widget-text-editor\" data-id=\"1eff197\" data-element_type=\"widget\" data-e-type=\"widget\" data-widget_type=\"text-editor.default\">\n\t\t\t\t<div class=\"elementor-widget-container\">\n\t\t\t\t\t\t\t\t\t<p>Wir man\u00f6\u00advrierten uns in Rich\u00adtung Para\u00adde\u00adplatz. Uns wurde empfohlen dort bei Spr\u00fcngli eine&nbsp;der welt\u00adbesten hei\u00dfen Scho\u00adko\u00adlade zu trinken. 9,50CHF f\u00fcr die Version mit einem Schuss Espresso sind zwar sehr happig, aber dennoch genossen wir jeden Schluck.&nbsp;<\/p>\t\t\t\t\t\t\t\t<\/div>\n\t\t\t\t<\/div>\n\t\t<div class=\"elementor-element elementor-element-4592f9d e-con-full e-flex e-con e-child\" data-id=\"4592f9d\" data-element_type=\"container\" data-e-type=\"container\">\n\t\t<div class=\"elementor-element elementor-element-553a4e1 e-con-full e-flex e-con e-child\" data-id=\"553a4e1\" data-element_type=\"container\" data-e-type=\"container\">\n\t\t\t\t<div class=\"elementor-element elementor-element-4d6942b elementor-widget elementor-widget-image\" data-id=\"4d6942b\" data-element_type=\"widget\" data-e-type=\"widget\" data-widget_type=\"image.default\">\n\t\t\t\t<div class=\"elementor-widget-container\">\n\t\t\t\t\t\t\t\t\t\t\t\t<figure class=\"wp-caption\">\n\t\t\t\t\t\t\t\t\t\t<img loading=\"lazy\" decoding=\"async\" width=\"800\" height=\"533\" src=\"https:\/\/simonschoenhoff.de\/wp-content\/uploads\/2021\/04\/2020-08-28-Zuerich_33.jpg\" class=\"attachment-large size-large wp-image-942\" alt srcset=\"https:\/\/simonschoenhoff.de\/wp-content\/uploads\/2021\/04\/2020-08-28-Zuerich_33.jpg 1500w, https:\/\/simonschoenhoff.de\/wp-content\/uploads\/2021\/04\/2020-08-28-Zuerich_33-1200x800.jpg 1200w\" sizes=\"(max-width: 800px) 100vw, 800px\">\t\t\t\t\t\t\t\t\t\t\t<figcaption class=\"widget-image-caption wp-caption-text\">Geb\u00e4ude am M\u00fcns\u00adterhof |\n52 mm, ISO 100, f\/4, 1\/640&nbsp;Sek.<\/figcaption>\n\t\t\t\t\t\t\t\t\t\t<\/figure>\n\t\t\t\t\t\t\t\t\t<\/div>\n\t\t\t\t<\/div>\n\t\t\t\t<\/div>\n\t\t<div class=\"elementor-element elementor-element-d25ff19 e-con-full e-flex e-con e-child\" data-id=\"d25ff19\" data-element_type=\"container\" data-e-type=\"container\">\n\t\t\t\t<div class=\"elementor-element elementor-element-d380ee9 elementor-widget elementor-widget-image\" data-id=\"d380ee9\" data-element_type=\"widget\" data-e-type=\"widget\" data-widget_type=\"image.default\">\n\t\t\t\t<div class=\"elementor-widget-container\">\n\t\t\t\t\t\t\t\t\t\t\t\t<figure class=\"wp-caption\">\n\t\t\t\t\t\t\t\t\t\t<img loading=\"lazy\" decoding=\"async\" width=\"800\" height=\"1067\" src=\"https:\/\/simonschoenhoff.de\/wp-content\/uploads\/2021\/04\/2020-08-28-Zuerich_34.jpg\" class=\"attachment-large size-large wp-image-943\" alt srcset=\"https:\/\/simonschoenhoff.de\/wp-content\/uploads\/2021\/04\/2020-08-28-Zuerich_34.jpg 1125w, https:\/\/simonschoenhoff.de\/wp-content\/uploads\/2021\/04\/2020-08-28-Zuerich_34-600x800.jpg 600w\" sizes=\"(max-width: 800px) 100vw, 800px\">\t\t\t\t\t\t\t\t\t\t\t<figcaption class=\"widget-image-caption wp-caption-text\">Hei\u00dfe Scho\u00adko\u00adlade mit Espresso |\n46 mm, ISO 100, f\/4, 1\/160&nbsp;Sek.<\/figcaption>\n\t\t\t\t\t\t\t\t\t\t<\/figure>\n\t\t\t\t\t\t\t\t\t<\/div>\n\t\t\t\t<\/div>\n\t\t\t\t<\/div>\n\t\t\t\t<\/div>\n\t\t\t\t<div class=\"elementor-element elementor-element-7daccd7 elementor-widget elementor-widget-text-editor\" data-id=\"7daccd7\" data-element_type=\"widget\" data-e-type=\"widget\" data-widget_type=\"text-editor.default\">\n\t\t\t\t<div class=\"elementor-widget-container\">\n\t\t\t\t\t\t\t\t\t<p>Als es anfing stel\u00adlen\u00adweise leicht zu tr\u00f6p\u00adfeln gingen wir weiter mit unserer Taktik \u201ekreuz und quer durch Z\u00fcrich\u201c durch die Gassen.&nbsp;<\/p>\t\t\t\t\t\t\t\t<\/div>\n\t\t\t\t<\/div>\n\t\t\t\t<div class=\"elementor-element elementor-element-158689b elementor-widget elementor-widget-text-editor\" data-id=\"158689b\" data-element_type=\"widget\" data-e-type=\"widget\" data-widget_type=\"text-editor.default\">\n\t\t\t\t<div class=\"elementor-widget-container\">\n\t\t\t\t\t\t\t\t\t<p>Bekannt ist es ja schon lange, aber auch hier sieht man wieder, die Schweizer verste\u00adcken ihren Natio\u00adnal\u00adstolz nicht hinter der Haust\u00fcr.&nbsp;<\/p>\t\t\t\t\t\t\t\t<\/div>\n\t\t\t\t<\/div>\n\t\t<div class=\"elementor-element elementor-element-1a8e9ce e-con-full e-flex e-con e-child\" data-id=\"1a8e9ce\" data-element_type=\"container\" data-e-type=\"container\">\n\t\t<div class=\"elementor-element elementor-element-5d5cc8a e-con-full e-flex e-con e-child\" data-id=\"5d5cc8a\" data-element_type=\"container\" data-e-type=\"container\">\n\t\t\t\t<div class=\"elementor-element elementor-element-c6f5f70 elementor-widget elementor-widget-image\" data-id=\"c6f5f70\" data-element_type=\"widget\" data-e-type=\"widget\" data-widget_type=\"image.default\">\n\t\t\t\t<div class=\"elementor-widget-container\">\n\t\t\t\t\t\t\t\t\t\t\t\t<figure class=\"wp-caption\">\n\t\t\t\t\t\t\t\t\t\t<img loading=\"lazy\" decoding=\"async\" width=\"800\" height=\"534\" src=\"https:\/\/simonschoenhoff.de\/wp-content\/uploads\/2021\/04\/2020-08-28-Zuerich_35-1024x683.jpg\" class=\"attachment-large size-large wp-image-944\" alt srcset=\"https:\/\/simonschoenhoff.de\/wp-content\/uploads\/2021\/04\/2020-08-28-Zuerich_35-1024x683.jpg 1024w, https:\/\/simonschoenhoff.de\/wp-content\/uploads\/2021\/04\/2020-08-28-Zuerich_35-1200x800.jpg 1200w, https:\/\/simonschoenhoff.de\/wp-content\/uploads\/2021\/04\/2020-08-28-Zuerich_35-300x200.jpg 300w, https:\/\/simonschoenhoff.de\/wp-content\/uploads\/2021\/04\/2020-08-28-Zuerich_35-768x512.jpg 768w, https:\/\/simonschoenhoff.de\/wp-content\/uploads\/2021\/04\/2020-08-28-Zuerich_35-500x333.jpg 500w, https:\/\/simonschoenhoff.de\/wp-content\/uploads\/2021\/04\/2020-08-28-Zuerich_35-800x533.jpg 800w, https:\/\/simonschoenhoff.de\/wp-content\/uploads\/2021\/04\/2020-08-28-Zuerich_35-1280x853.jpg 1280w, https:\/\/simonschoenhoff.de\/wp-content\/uploads\/2021\/04\/2020-08-28-Zuerich_35.jpg 1500w\" sizes=\"(max-width: 800px) 100vw, 800px\">\t\t\t\t\t\t\t\t\t\t\t<figcaption class=\"widget-image-caption wp-caption-text\">Bunte Gassen in Z\u00fcrich |\n69 mm, ISO 100, f\/4, 1\/200&nbsp;Sek.<\/figcaption>\n\t\t\t\t\t\t\t\t\t\t<\/figure>\n\t\t\t\t\t\t\t\t\t<\/div>\n\t\t\t\t<\/div>\n\t\t\t\t<\/div>\n\t\t<div class=\"elementor-element elementor-element-d64b469 e-con-full e-flex e-con e-child\" data-id=\"d64b469\" data-element_type=\"container\" data-e-type=\"container\">\n\t\t\t\t<div class=\"elementor-element elementor-element-dafad99 elementor-widget elementor-widget-image\" data-id=\"dafad99\" data-element_type=\"widget\" data-e-type=\"widget\" data-widget_type=\"image.default\">\n\t\t\t\t<div class=\"elementor-widget-container\">\n\t\t\t\t\t\t\t\t\t\t\t\t<figure class=\"wp-caption\">\n\t\t\t\t\t\t\t\t\t\t<img loading=\"lazy\" decoding=\"async\" width=\"800\" height=\"1200\" src=\"https:\/\/simonschoenhoff.de\/wp-content\/uploads\/2021\/04\/2020-08-28-Zuerich_36.jpg\" class=\"attachment-large size-large wp-image-945\" alt srcset=\"https:\/\/simonschoenhoff.de\/wp-content\/uploads\/2021\/04\/2020-08-28-Zuerich_36.jpg 1000w, https:\/\/simonschoenhoff.de\/wp-content\/uploads\/2021\/04\/2020-08-28-Zuerich_36-600x900.jpg 600w\" sizes=\"(max-width: 800px) 100vw, 800px\">\t\t\t\t\t\t\t\t\t\t\t<figcaption class=\"widget-image-caption wp-caption-text\">Schweizer Natio\u00adnal\u00adstolz |\n63 mm, ISO 100, f\/4, 1\/200&nbsp;Sek.<\/figcaption>\n\t\t\t\t\t\t\t\t\t\t<\/figure>\n\t\t\t\t\t\t\t\t\t<\/div>\n\t\t\t\t<\/div>\n\t\t\t\t<\/div>\n\t\t\t\t<\/div>\n\t\t\t\t<div class=\"elementor-element elementor-element-5d460ea elementor-widget elementor-widget-text-editor\" data-id=\"5d460ea\" data-element_type=\"widget\" data-e-type=\"widget\" data-widget_type=\"text-editor.default\">\n\t\t\t\t<div class=\"elementor-widget-container\">\n\t\t\t\t\t\t\t\t\t<p>Einige Gassen sp\u00e4ter sahen wir eine anstei\u00adgende Stra\u00dfe. \u00dcber diese erreichten wir den Lindenhof. Zuerst k\u00f6nnte man meinen, dass es sich um ein Alters\u00adheim handeln w\u00fcrde, es war jedoch ein Hof auf dem viele Linden standen. Vorn ihm aus hat man einen tollen Blick auf den Limmat und das Gro\u00df\u00adm\u00fcnster. Es empfiehlt sich also die wenigen H\u00f6hen\u00admeter auf sich zu nehmen und einmal hier nach oben zu laufen.&nbsp;<\/p>\t\t\t\t\t\t\t\t<\/div>\n\t\t\t\t<\/div>\n\t\t\t\t<div class=\"elementor-element elementor-element-0fb01d1 elementor-widget elementor-widget-text-editor\" data-id=\"0fb01d1\" data-element_type=\"widget\" data-e-type=\"widget\" data-widget_type=\"text-editor.default\">\n\t\t\t\t<div class=\"elementor-widget-container\">\n\t\t\t\t\t\t\t\t\t<p>Wir stiegen wieder hinab und gingen am Ufer des Limmats entlang zur\u00fcck zum Haupt\u00adbahnhof. Die Wolken hingen schon deut\u00adlich tiefer und sobald wir im Auto sa\u00dfen regnete es auch schon los und wir machten uns auf den Weg zur\u00fcck nach Lachen.&nbsp;<\/p>\t\t\t\t\t\t\t\t<\/div>\n\t\t\t\t<\/div>\n\t\t<div class=\"elementor-element elementor-element-90c5958 e-con-full e-flex e-con e-child\" data-id=\"90c5958\" data-element_type=\"container\" data-e-type=\"container\">\n\t\t<div class=\"elementor-element elementor-element-4772d1b e-con-full e-flex e-con e-child\" data-id=\"4772d1b\" data-element_type=\"container\" data-e-type=\"container\">\n\t\t\t\t<div class=\"elementor-element elementor-element-0d00b3b elementor-widget elementor-widget-image\" data-id=\"0d00b3b\" data-element_type=\"widget\" data-e-type=\"widget\" data-widget_type=\"image.default\">\n\t\t\t\t<div class=\"elementor-widget-container\">\n\t\t\t\t\t\t\t\t\t\t\t\t<figure class=\"wp-caption\">\n\t\t\t\t\t\t\t\t\t\t<img loading=\"lazy\" decoding=\"async\" width=\"800\" height=\"1200\" src=\"https:\/\/simonschoenhoff.de\/wp-content\/uploads\/2021\/04\/2020-08-28-Zuerich_37.jpg\" class=\"attachment-large size-large wp-image-946\" alt srcset=\"https:\/\/simonschoenhoff.de\/wp-content\/uploads\/2021\/04\/2020-08-28-Zuerich_37.jpg 1000w, https:\/\/simonschoenhoff.de\/wp-content\/uploads\/2021\/04\/2020-08-28-Zuerich_37-600x900.jpg 600w\" sizes=\"(max-width: 800px) 100vw, 800px\">\t\t\t\t\t\t\t\t\t\t\t<figcaption class=\"widget-image-caption wp-caption-text\">Gro\u00df\u00adm\u00fcnster vom Lindenhof aus foto\u00adgra\u00adfiert |\n105 mm, ISO 100, f\/4, 1\/640&nbsp;Sek.<\/figcaption>\n\t\t\t\t\t\t\t\t\t\t<\/figure>\n\t\t\t\t\t\t\t\t\t<\/div>\n\t\t\t\t<\/div>\n\t\t\t\t<\/div>\n\t\t<div class=\"elementor-element elementor-element-7606d47 e-con-full e-flex e-con e-child\" data-id=\"7606d47\" data-element_type=\"container\" data-e-type=\"container\">\n\t\t\t\t<div class=\"elementor-element elementor-element-f61e9b1 elementor-widget elementor-widget-image\" data-id=\"f61e9b1\" data-element_type=\"widget\" data-e-type=\"widget\" data-widget_type=\"image.default\">\n\t\t\t\t<div class=\"elementor-widget-container\">\n\t\t\t\t\t\t\t\t\t\t\t\t<figure class=\"wp-caption\">\n\t\t\t\t\t\t\t\t\t\t<img loading=\"lazy\" decoding=\"async\" width=\"800\" height=\"534\" src=\"https:\/\/simonschoenhoff.de\/wp-content\/uploads\/2021\/04\/2020-08-28-Zuerich_16-1024x683.jpg\" class=\"attachment-large size-large wp-image-925\" alt srcset=\"https:\/\/simonschoenhoff.de\/wp-content\/uploads\/2021\/04\/2020-08-28-Zuerich_16-1024x683.jpg 1024w, https:\/\/simonschoenhoff.de\/wp-content\/uploads\/2021\/04\/2020-08-28-Zuerich_16-1200x800.jpg 1200w, https:\/\/simonschoenhoff.de\/wp-content\/uploads\/2021\/04\/2020-08-28-Zuerich_16-300x200.jpg 300w, https:\/\/simonschoenhoff.de\/wp-content\/uploads\/2021\/04\/2020-08-28-Zuerich_16-768x512.jpg 768w, https:\/\/simonschoenhoff.de\/wp-content\/uploads\/2021\/04\/2020-08-28-Zuerich_16-500x333.jpg 500w, https:\/\/simonschoenhoff.de\/wp-content\/uploads\/2021\/04\/2020-08-28-Zuerich_16-800x533.jpg 800w, https:\/\/simonschoenhoff.de\/wp-content\/uploads\/2021\/04\/2020-08-28-Zuerich_16-1280x853.jpg 1280w, https:\/\/simonschoenhoff.de\/wp-content\/uploads\/2021\/04\/2020-08-28-Zuerich_16.jpg 1500w\" sizes=\"(max-width: 800px) 100vw, 800px\">\t\t\t\t\t\t\t\t\t\t\t<figcaption class=\"widget-image-caption wp-caption-text\">Gro\u00df\u00adm\u00fcnster, M\u00fcnser\u00adbr\u00fccke, Z\u00fcrich |\n29 mm, ISO 100, f\/16, 20 Sek., ND-Filter<\/figcaption>\n\t\t\t\t\t\t\t\t\t\t<\/figure>\n\t\t\t\t\t\t\t\t\t<\/div>\n\t\t\t\t<\/div>\n\t\t\t\t<\/div>\n\t\t\t\t<\/div>\n\t\t\t\t<div class=\"elementor-element elementor-element-f47a5ae elementor-widget elementor-widget-text-editor\" data-id=\"f47a5ae\" data-element_type=\"widget\" data-e-type=\"widget\" data-widget_type=\"text-editor.default\">\n\t\t\t\t<div class=\"elementor-widget-container\">\n\t\t\t\t\t\t\t\t\t<p>Abschlie\u00ad\u00dfend kann man sagen, dass wir die Schweiz, auch au\u00dfer\u00adhalb ihrer Berge, auf jeden Fall zu sch\u00e4tzen gelernt haben, weshalb wir in den n\u00e4chsten Jahren sicher\u00adlich noch \u00f6fter in dieses sch\u00f6ne Land kommen werden.&nbsp;<\/p>\t\t\t\t\t\t\t\t<\/div>\n\t\t\t\t<\/div>\n\t\t\t\t<div class=\"elementor-element elementor-element-1a16e03 elementor-widget elementor-widget-text-editor\" data-id=\"1a16e03\" data-element_type=\"widget\" data-e-type=\"widget\" data-widget_type=\"text-editor.default\">\n\t\t\t\t<div class=\"elementor-widget-container\">\n\t\t\t\t\t\t\t\t\t<p>Foto\u00adgra\u00adfisch kam ich \u00fcber die Tage mit nur einer Kamera und einem Objektiv und musste nur sehr wenige Abstriche in Kauf nehmen, dass man manchmal eben doch nicht alles auf einmal mit 24 mm aufnehmen kann oder man doch noch einen ticken mehr herein\u00adzoomen m\u00f6chte. Aber wenn man wenig Gewicht und Ausr\u00fcs\u00adtung dabei haben m\u00f6chte, dann war die Kombi\u00adna\u00adtion aus Sony a7III und Sony FE 24\u2013105 F4 OSS perfekt.&nbsp;<\/p>\t\t\t\t\t\t\t\t<\/div>\n\t\t\t\t<\/div>\n\t\t\t\t<\/div>\n\t\t\t\t\t<\/div>\n\t\t\t\t<\/div>\n\t\t\t\t<\/div>","protected":false},"excerpt":{"rendered":"<p>Denkt man an die Schweiz denkt man auto\u00adma\u00adtisch an atem\u00adbe\u00adrau\u00adbende Berg\u00adland\u00adschaften und viele t\u00fcrkis\u00adfar\u00adbene Berg\u00adseen. Ausnahms\u00adweise ging es f\u00fcr einige tolle Fotos dieses mal nicht in die Berge, sondern in die St\u00e4dte Zug, Z\u00fcrich und Luzern\u2026<\/p>","protected":false},"author":1,"featured_media":8399,"comment_status":"closed","ping_status":"closed","sticky":false,"template":"","format":"standard","meta":{"wp_typography_post_enhancements_disabled":false,"footnotes":""},"categories":[4,7,52],"tags":[],"class_list":["post-1000","post","type-post","status-publish","format-standard","has-post-thumbnail","hentry","category-blog","category-foto-locations","category-schweiz"],"_links":{"self":[{"href":"https:\/\/simonschoenhoff.de\/en\/wp-json\/wp\/v2\/posts\/1000","targetHints":{"allow":["GET"]}}],"collection":[{"href":"https:\/\/simonschoenhoff.de\/en\/wp-json\/wp\/v2\/posts"}],"about":[{"href":"https:\/\/simonschoenhoff.de\/en\/wp-json\/wp\/v2\/types\/post"}],"author":[{"embeddable":true,"href":"https:\/\/simonschoenhoff.de\/en\/wp-json\/wp\/v2\/users\/1"}],"replies":[{"embeddable":true,"href":"https:\/\/simonschoenhoff.de\/en\/wp-json\/wp\/v2\/comments?post=1000"}],"version-history":[{"count":54,"href":"https:\/\/simonschoenhoff.de\/en\/wp-json\/wp\/v2\/posts\/1000\/revisions"}],"predecessor-version":[{"id":10101,"href":"https:\/\/simonschoenhoff.de\/en\/wp-json\/wp\/v2\/posts\/1000\/revisions\/10101"}],"wp:featuredmedia":[{"embeddable":true,"href":"https:\/\/simonschoenhoff.de\/en\/wp-json\/wp\/v2\/media\/8399"}],"wp:attachment":[{"href":"https:\/\/simonschoenhoff.de\/en\/wp-json\/wp\/v2\/media?parent=1000"}],"wp:term":[{"taxonomy":"category","embeddable":true,"href":"https:\/\/simonschoenhoff.de\/en\/wp-json\/wp\/v2\/categories?post=1000"},{"taxonomy":"post_tag","embeddable":true,"href":"https:\/\/simonschoenhoff.de\/en\/wp-json\/wp\/v2\/tags?post=1000"}],"curies":[{"name":"wp","href":"https:\/\/api.w.org\/{rel}","templated":true}]}}